{"id":3435,"date":"2013-06-05T15:36:50","date_gmt":"2013-06-05T13:36:50","guid":{"rendered":"http:\/\/www.robertosedda.it\/?p=3435"},"modified":"2013-06-05T20:36:26","modified_gmt":"2013-06-05T18:36:26","slug":"dimissioni","status":"publish","type":"post","link":"http:\/\/www.robertosedda.it\/?p=3435","title":{"rendered":"Dimissioni"},"content":{"rendered":"<p>Ho avvisato oggi i Coordinatori dei gruppi dei soci dell&#8217;Area Centro Italia di Banca Etica che mi dimetto, e ho convocato una riunione il prossimo 22 per discutere le dimissioni e eleggere il nuovo Referente dei soci per il Centro Italia.<\/p>\n<p>In un <em>blog<\/em> pubblico mi pare opportuno specificare che la mia fiducia nel progetto della Banca resta immutata, e che rimango del tutto dentro l&#8217;impresa comune. Lavorer\u00f2 di pi\u00f9 a livello locale, ecco tutto.<\/p>\n<p>Per\u00f2 mi dimetto. Le motivazioni, che sono essenzialmente di tipo politico e interne all&#8217;Area, le ho scritte ai soci. Scusate se non le pubblico sul <em>blog<\/em>, non c&#8217;\u00e8 niente di segreto, ma i soci hanno la precedenza, ovviamente.<\/p>\n","protected":false},"excerpt":{"rendered":"<p>Ho avvisato oggi i Coordinatori dei gruppi dei soci dell&#8217;Area Centro Italia di Banca Etica che mi dimetto, e ho<\/p>\n","protected":false},"author":1,"featured_media":0,"comment_status":"open","ping_status":"open","sticky":false,"template":"","format":"standard","meta":{"_mi_skip_tracking":false,"_monsterinsights_sitenote_active":false,"_monsterinsights_sitenote_note":"","_monsterinsights_sitenote_category":0,"jetpack_post_was_ever_published":false,"_jetpack_newsletter_access":"","jetpack_publicize_message":"","jetpack_is_tweetstorm":false,"jetpack_publicize_feature_enabled":true,"jetpack_social_post_already_shared":false,"jetpack_social_options":{"image_generator_settings":{"template":"highway","enabled":false}}},"categories":[72,52,55,17,16],"tags":[],"jetpack_publicize_connections":[],"jetpack_featured_media_url":"","jetpack_sharing_enabled":true,"jetpack_shortlink":"https:\/\/wp.me\/p4jV2T-Tp","jetpack_likes_enabled":true,"jetpack-related-posts":[{"id":3672,"url":"http:\/\/www.robertosedda.it\/?p=3672","url_meta":{"origin":3435,"position":0},"title":"Com&#8217;\u00e8 andata a finire quella storia delle dimissioni?","author":"Rufus","date":"24\/06\/2013","format":false,"excerpt":"Non so se ve ne ricordate. Ieri e avantieri c'\u00e8 stata la riunione del Coordinamento dei soci della Banca Etica del Centro Italia e, dopo una lunghissima discussione, molto intensa, i Coordinatori mi hanno chiesto di ritirare\u00a0 le dimissioni e io ho accettato. Della discussione sono molto contento e, non\u2026","rel":"","context":"In &quot;Banche e finanza&quot;","block_context":{"text":"Banche e finanza","link":"http:\/\/www.robertosedda.it\/?cat=72"},"img":{"alt_text":"","src":"","width":0,"height":0},"classes":[]},{"id":6560,"url":"http:\/\/www.robertosedda.it\/?p=6560","url_meta":{"origin":3435,"position":1},"title":"Elezione del Comitato Etico: un&#8217;opinione","author":"Rufus","date":"24\/02\/2014","format":false,"excerpt":"Alla prossima Assemblea di Banca popolare Etica sar\u00e0 rinnovato il nostro comitato etico, che ha esaurito il suo mandato triennale. Con gli altri Referenti dei soci delle cinque Aree in cui \u00e8 divisa la banca ho sottoscritto un documento per provare a indirizzare il dibattito elettorale nella direzione secondo noi\u2026","rel":"","context":"In &quot;Banche e finanza&quot;","block_context":{"text":"Banche e finanza","link":"http:\/\/www.robertosedda.it\/?cat=72"},"img":{"alt_text":"","src":"https:\/\/i0.wp.com\/www.robertosedda.it\/wp-content\/uploads\/2014\/02\/Banca-Etica-15-anni.jpg?fit=510%2C250&resize=350%2C200","width":350,"height":200},"classes":[]},{"id":16293,"url":"http:\/\/www.robertosedda.it\/?p=16293","url_meta":{"origin":3435,"position":2},"title":"Traghettatori sub-ottimali","author":"Rufus","date":"28\/02\/2019","format":false,"excerpt":"Ieri sono stato eletto Coordinatore del GIT dei soci di Banca Popolare Etica della Sardegna Meridionale. Lo racconto qui sul blog intanto perch\u00e9 \u00e8 il luogo deputato a raccontare i fatti miei e questo \u00e8 un fatto mio abbastanza importante, e poi anche per mettere le mani avanti. E qui\u2026","rel":"","context":"In &quot;Banche e finanza&quot;","block_context":{"text":"Banche e finanza","link":"http:\/\/www.robertosedda.it\/?cat=72"},"img":{"alt_text":"","src":"https:\/\/i0.wp.com\/www.robertosedda.it\/wp-content\/uploads\/2014\/05\/Banca-Etica-regionale.jpg?fit=1200%2C900&resize=350%2C200","width":350,"height":200,"srcset":"https:\/\/i0.wp.com\/www.robertosedda.it\/wp-content\/uploads\/2014\/05\/Banca-Etica-regionale.jpg?fit=1200%2C900&resize=350%2C200 1x, https:\/\/i0.wp.com\/www.robertosedda.it\/wp-content\/uploads\/2014\/05\/Banca-Etica-regionale.jpg?fit=1200%2C900&resize=700%2C400 2x, https:\/\/i0.wp.com\/www.robertosedda.it\/wp-content\/uploads\/2014\/05\/Banca-Etica-regionale.jpg?fit=1200%2C900&resize=1050%2C600 3x"},"classes":[]},{"id":11645,"url":"http:\/\/www.robertosedda.it\/?p=11645","url_meta":{"origin":3435,"position":3},"title":"Nunc est bibendum (iuxta modum)","author":"Rufus","date":"07\/03\/2016","format":false,"excerpt":"Negli scorsi tre giorni erano aperte le consultazioni on line per comporre una delle liste che concorreranno alla formazione del prossimo Consiglio d'Amministrazione di Banca Etica. Cio\u00e8, magari alla fine sar\u00e0 l'unica lista, ma siamo ancora in una fase intermedia del processo elettorale e per il momento questo era il\u2026","rel":"","context":"In &quot;Banche e finanza&quot;","block_context":{"text":"Banche e finanza","link":"http:\/\/www.robertosedda.it\/?cat=72"},"img":{"alt_text":"","src":"https:\/\/i0.wp.com\/www.robertosedda.it\/wp-content\/uploads\/2016\/03\/Camilla-e-Nicoletta-Twitter.png?fit=578%2C636&resize=350%2C200","width":350,"height":200},"classes":[]},{"id":10205,"url":"http:\/\/www.robertosedda.it\/?p=10205","url_meta":{"origin":3435,"position":4},"title":"Articoli dimenticati","author":"Rufus","date":"08\/05\/2015","format":false,"excerpt":"Mi sono accorto oggi che non avevo riportato sul\u00a0blog l'articolo che ho pubblicato sul supplemento diocesano di\u00a0Avvenire\u00a0del 19 aprile 2015, dedicato a Banca Etica. Lo riposto qui: \u00e8 un articolo brevissimo e anche piuttosto anonimo (me lo dico da solo...), nel senso che occorreva prima di tutto presentare la Banca\u2026","rel":"","context":"In &quot;Banche e finanza&quot;","block_context":{"text":"Banche e finanza","link":"http:\/\/www.robertosedda.it\/?cat=72"},"img":{"alt_text":"","src":"https:\/\/i0.wp.com\/www.robertosedda.it\/wp-content\/uploads\/2015\/05\/Avvenire-Cagliari-testata.jpg?fit=648%2C218&resize=350%2C200","width":350,"height":200},"classes":[]},{"id":11956,"url":"http:\/\/www.robertosedda.it\/?p=11956","url_meta":{"origin":3435,"position":5},"title":"Appello a un voto che non \u00e8 per me","author":"Rufus","date":"17\/05\/2016","format":false,"excerpt":"L'altro giorno ha suscitato panico l'idea, da me abilmente suggerita, che volessi candidarmi al Consiglio comunale.\u00a0Adesso passo direttamente all'appello al voto; ma \u00e8 per delle elezioni importanti, nelle quali per\u00f2\u00a0non sono candidato io (per fortuna di tutti). Per\u00f2 l'appello vale lo stesso e la lista, coi meccanismi partecipativi propri della\u2026","rel":"","context":"In &quot;Coordinate&quot;","block_context":{"text":"Coordinate","link":"http:\/\/www.robertosedda.it\/?cat=52"},"img":{"alt_text":"","src":"https:\/\/i0.wp.com\/www.robertosedda.it\/wp-content\/uploads\/2016\/05\/Dentico.jpg?fit=400%2C400&resize=350%2C200","width":350,"height":200},"classes":[]}],"_links":{"self":[{"href":"http:\/\/www.robertosedda.it\/index.php?rest_route=\/wp\/v2\/posts\/3435"}],"collection":[{"href":"http:\/\/www.robertosedda.it\/index.php?rest_route=\/wp\/v2\/posts"}],"about":[{"href":"http:\/\/www.robertosedda.it\/index.php?rest_route=\/wp\/v2\/types\/post"}],"author":[{"embeddable":true,"href":"http:\/\/www.robertosedda.it\/index.php?rest_route=\/wp\/v2\/users\/1"}],"replies":[{"embeddable":true,"href":"http:\/\/www.robertosedda.it\/index.php?rest_route=%2Fwp%2Fv2%2Fcomments&post=3435"}],"version-history":[{"count":4,"href":"http:\/\/www.robertosedda.it\/index.php?rest_route=\/wp\/v2\/posts\/3435\/revisions"}],"predecessor-version":[{"id":3438,"href":"http:\/\/www.robertosedda.it\/index.php?rest_route=\/wp\/v2\/posts\/3435\/revisions\/3438"}],"wp:attachment":[{"href":"http:\/\/www.robertosedda.it\/index.php?rest_route=%2Fwp%2Fv2%2Fmedia&parent=3435"}],"wp:term":[{"taxonomy":"category","embeddable":true,"href":"http:\/\/www.robertosedda.it\/index.php?rest_route=%2Fwp%2Fv2%2Fcategories&post=3435"},{"taxonomy":"post_tag","embeddable":true,"href":"http:\/\/www.robertosedda.it\/index.php?rest_route=%2Fwp%2Fv2%2Ftags&post=3435"}],"curies":[{"name":"wp","href":"https:\/\/api.w.org\/{rel}","templated":true}]}}