{"id":3424,"date":"2013-06-04T17:22:36","date_gmt":"2013-06-04T15:22:36","guid":{"rendered":"http:\/\/www.robertosedda.it\/?p=3424"},"modified":"2013-06-29T17:40:41","modified_gmt":"2013-06-29T15:40:41","slug":"i-gialli-di-cui-parlero-se-voi-me-li-consigliate","status":"publish","type":"post","link":"http:\/\/www.robertosedda.it\/?p=3424","title":{"rendered":"I gialli di cui parler\u00f2 (se voi me li consigliate)"},"content":{"rendered":"<p><a href=\"https:\/\/i0.wp.com\/www.robertosedda.it\/wp-content\/uploads\/2012\/11\/92_1334481194.jpg\"><img data-attachment-id=\"1521\" data-permalink=\"http:\/\/www.robertosedda.it\/?attachment_id=1521\" data-orig-file=\"https:\/\/i0.wp.com\/www.robertosedda.it\/wp-content\/uploads\/2012\/11\/92_1334481194.jpg?fit=447%2C335\" data-orig-size=\"447,335\" data-comments-opened=\"1\" data-image-meta=\"{&quot;aperture&quot;:&quot;0&quot;,&quot;credit&quot;:&quot;&quot;,&quot;camera&quot;:&quot;&quot;,&quot;caption&quot;:&quot;&quot;,&quot;created_timestamp&quot;:&quot;0&quot;,&quot;copyright&quot;:&quot;&quot;,&quot;focal_length&quot;:&quot;0&quot;,&quot;iso&quot;:&quot;0&quot;,&quot;shutter_speed&quot;:&quot;0&quot;,&quot;title&quot;:&quot;&quot;}\" data-image-title=\"92_1334481194\" data-image-description=\"\" data-image-caption=\"\" data-medium-file=\"https:\/\/i0.wp.com\/www.robertosedda.it\/wp-content\/uploads\/2012\/11\/92_1334481194.jpg?fit=300%2C224\" data-large-file=\"https:\/\/i0.wp.com\/www.robertosedda.it\/wp-content\/uploads\/2012\/11\/92_1334481194.jpg?fit=447%2C335\" decoding=\"async\" loading=\"lazy\" class=\"alignleft size-medium wp-image-1521\" alt=\"92_1334481194\" src=\"https:\/\/i0.wp.com\/www.robertosedda.it\/wp-content\/uploads\/2012\/11\/92_1334481194.jpg?resize=300%2C224\" width=\"300\" height=\"224\" srcset=\"https:\/\/i0.wp.com\/www.robertosedda.it\/wp-content\/uploads\/2012\/11\/92_1334481194.jpg?resize=300%2C224 300w, https:\/\/i0.wp.com\/www.robertosedda.it\/wp-content\/uploads\/2012\/11\/92_1334481194.jpg?resize=268%2C200 268w, https:\/\/i0.wp.com\/www.robertosedda.it\/wp-content\/uploads\/2012\/11\/92_1334481194.jpg?w=447 447w\" sizes=\"(max-width: 300px) 100vw, 300px\" data-recalc-dims=\"1\" \/><\/a>Mentre <em>Oggi parliamo di libri<\/em> del 2012\/2013 si avvia alla conclusione (per l&#8217;estate ci fermiamo) mi \u00e8 venuta voglia di dedicare un po&#8217; di tempo a progettare la prossima stagione, lavoro per il quale chiedo aiuto a voi, affezionati lettori.<\/p>\n<p>Dedicher\u00f2 sicuramente un ciclo di puntate ai gialli. Ho messo qui sotto una prima lista ipotetica di autori e personaggi di cui potrei parlare, scelti seguendo alcuni criteri base:<\/p>\n<ul>\n<li>devono essere libri reperibili in commercio con relativa facilit\u00e0, perch\u00e9 l&#8217;obiettivo principale della trasmissione \u00e8 comunque invogliare alla lettura<\/li>\n<li>devono essere autori che ho letto o con i quali mi sento a mio agio, perch\u00e9 ne devo parlare comunque in maniera personale, non accademica<\/li>\n<li>ho cercato di mettere temi, situazioni, generi e personaggi differenti che permettano di variare l&#8217;impostazione delle puntate e presentare diversi aspetti del genere<\/li>\n<\/ul>\n<p>Sono per il momento venticinque. Sicuramente ho dimenticato scrittori e personaggi importantissimi: aiutarmi a ricordarli, segnalandomeli nei commenti, \u00e8 un primo aiuto che chiedo.<\/p>\n<p>E poi va fatta una cernita, perch\u00e9 non potr\u00f2 fare pi\u00f9 di una quindicina di puntate: ci sono evidentemente dei doppioni e ci sono scelte di peso differente. Alcuni andranno per forza accorpati con altri autori o personaggi pi\u00f9 importanti, oppure eliminati del tutto. Anche in questo mi affido a voi: metto qui sotto l&#8217;elenco, votate quelli che secondo voi ci <em>devono<\/em> essere per forza (ho messo due preferenze possibili, cos\u00ec potete votare il giallo del cuore e anche un altro).<\/p>\n<p>Se nei commenti volete giustificare le vostre scelte (o discutere le mie) mi date ulteriori stimoli per preparare le puntate.<\/p>\n<div id=\"polls-3\" class=\"wp-polls\">\n\t<form id=\"polls_form_3\" class=\"wp-polls-form\" action=\"\/index.php\" method=\"post\">\n\t\t<p style=\"display: none;\"><input type=\"hidden\" id=\"poll_3_nonce\" name=\"wp-polls-nonce\" value=\"35ca55079b\" \/><\/p>\n\t\t<p style=\"display: none;\"><input type=\"hidden\" name=\"poll_id\" value=\"3\" \/><\/p>\n\t\t<p style=\"display: none;\"><input type=\"hidden\" id=\"poll_multiple_ans_3\" name=\"poll_multiple_ans_3\" value=\"2\" \/><\/p>\n\t\t<p style=\"text-align: center;\"><strong>A quale di questi investigatori dovrei dedicare una puntata della nuova serie di \"Oggi parliamo di libri\"? Potete votarne due, se dovete segnalare qualcuno che non \u00e8 in lista scrivetelo nei commenti<\/strong><\/p><div id=\"polls-3-ans\" class=\"wp-polls-ans\"><ul class=\"wp-polls-ul\">\n\t\t<li><input type=\"checkbox\" id=\"poll-answer-46\" name=\"poll_3\" value=\"46\" \/> <label for=\"poll-answer-46\">Carlotta Carlyle - Linda Barnes<\/label><\/li>\n\t\t<li><input type=\"checkbox\" id=\"poll-answer-35\" name=\"poll_3\" value=\"35\" \/> <label for=\"poll-answer-35\">Continental Op - Dashiell Hammett<\/label><\/li>\n\t\t<li><input type=\"checkbox\" id=\"poll-answer-26\" name=\"poll_3\" value=\"26\" \/> <label for=\"poll-answer-26\">Fratello Cadfael - Ellis Peters<\/label><\/li>\n\t\t<li><input type=\"checkbox\" id=\"poll-answer-41\" name=\"poll_3\" value=\"41\" \/> <label for=\"poll-answer-41\">Guglielmo di Baskerville - Umberto Eco<\/label><\/li>\n\t\t<li><input type=\"checkbox\" id=\"poll-answer-28\" name=\"poll_3\" value=\"28\" \/> <label for=\"poll-answer-28\">Harry Dresden - Jim Butcher<\/label><\/li>\n\t\t<li><input type=\"checkbox\" id=\"poll-answer-39\" name=\"poll_3\" value=\"39\" \/> <label for=\"poll-answer-39\">Hercule Poirot - Agatha Christie<\/label><\/li>\n\t\t<li><input type=\"checkbox\" id=\"poll-answer-22\" name=\"poll_3\" value=\"22\" \/> <label for=\"poll-answer-22\">Il commissario Maigret - Georges Simenon<\/label><\/li>\n\t\t<li><input type=\"checkbox\" id=\"poll-answer-37\" name=\"poll_3\" value=\"37\" \/> <label for=\"poll-answer-37\">Il commissario Montalbano - Andrea Camilleri<\/label><\/li>\n\t\t<li><input type=\"checkbox\" id=\"poll-answer-27\" name=\"poll_3\" value=\"27\" \/> <label for=\"poll-answer-27\">Joe Leaphorn &amp; Jim Chee - Tony Hillerman<\/label><\/li>\n\t\t<li><input type=\"checkbox\" id=\"poll-answer-29\" name=\"poll_3\" value=\"29\" \/> <label for=\"poll-answer-29\">Kay Scarpetta - Patricia Cornwell<\/label><\/li>\n\t\t<li><input type=\"checkbox\" id=\"poll-answer-25\" name=\"poll_3\" value=\"25\" \/> <label for=\"poll-answer-25\">Kinsey Millhone - Sue Grafton<\/label><\/li>\n\t\t<li><input type=\"checkbox\" id=\"poll-answer-23\" name=\"poll_3\" value=\"23\" \/> <label for=\"poll-answer-23\">Lord Darcy - Randall Garrett<\/label><\/li>\n\t\t<li><input type=\"checkbox\" id=\"poll-answer-34\" name=\"poll_3\" value=\"34\" \/> <label for=\"poll-answer-34\">Lucas Davenport - John Sandford<\/label><\/li>\n\t\t<li><input type=\"checkbox\" id=\"poll-answer-45\" name=\"poll_3\" value=\"45\" \/> <label for=\"poll-answer-45\">L'ispettore Pitt - Anne Perry<\/label><\/li>\n\t\t<li><input type=\"checkbox\" id=\"poll-answer-42\" name=\"poll_3\" value=\"42\" \/> <label for=\"poll-answer-42\">Martin Beck - Maj Sj\u00f6wall &amp; Per Wahl\u00f6\u00f6<\/label><\/li>\n\t\t<li><input type=\"checkbox\" id=\"poll-answer-24\" name=\"poll_3\" value=\"24\" \/> <label for=\"poll-answer-24\">Miss Marple - Agatha Christie<\/label><\/li>\n\t\t<li><input type=\"checkbox\" id=\"poll-answer-38\" name=\"poll_3\" value=\"38\" \/> <label for=\"poll-answer-38\">Nero Wolfe &amp; Archie Goodwin - Rex Stout<\/label><\/li>\n\t\t<li><input type=\"checkbox\" id=\"poll-answer-36\" name=\"poll_3\" value=\"36\" \/> <label for=\"poll-answer-36\">Pepe Carvalho -  Manuel V\u00e1zquez Montalb\u00e1n<\/label><\/li>\n\t\t<li><input type=\"checkbox\" id=\"poll-answer-44\" name=\"poll_3\" value=\"44\" \/> <label for=\"poll-answer-44\">Petra Delicado &amp; Fermin Garz\u00f3n - Alicia Gim\u00e9nez-Bartlett<\/label><\/li>\n\t\t<li><input type=\"checkbox\" id=\"poll-answer-31\" name=\"poll_3\" value=\"31\" \/> <label for=\"poll-answer-31\">Philip Marlowe - Raymond Chandler<\/label><\/li>\n\t\t<li><input type=\"checkbox\" id=\"poll-answer-30\" name=\"poll_3\" value=\"30\" \/> <label for=\"poll-answer-30\">Precious Ramotswe - Alexander McCall Smith<\/label><\/li>\n\t\t<li><input type=\"checkbox\" id=\"poll-answer-32\" name=\"poll_3\" value=\"32\" \/> <label for=\"poll-answer-32\">Sam Spade - Dashiell Hammett<\/label><\/li>\n\t\t<li><input type=\"checkbox\" id=\"poll-answer-33\" name=\"poll_3\" value=\"33\" \/> <label for=\"poll-answer-33\">Sebastiano Satta - Marcello Fois<\/label><\/li>\n\t\t<li><input type=\"checkbox\" id=\"poll-answer-40\" name=\"poll_3\" value=\"40\" \/> <label for=\"poll-answer-40\">Sherlock Holmes - Arthur Conan Doyle<\/label><\/li>\n\t\t<li><input type=\"checkbox\" id=\"poll-answer-43\" name=\"poll_3\" value=\"43\" \/> <label for=\"poll-answer-43\">Steve Carella e l'89\u00b0 Distretto - Ed McBain<\/label><\/li>\n\t\t<\/ul><p style=\"text-align: center;\"><input type=\"button\" name=\"vote\" value=\"   Vote   \" class=\"Buttons\" onclick=\"poll_vote(3);\" \/><\/p><p style=\"text-align: center;\"><a href=\"#ViewPollResults\" onclick=\"poll_result(3); return false;\" title=\"View Results Of This Poll\">View Results<\/a><\/p><\/div>\n\t<\/form>\n<\/div>\n<div id=\"polls-3-loading\" class=\"wp-polls-loading\"><img src=\"https:\/\/i0.wp.com\/www.robertosedda.it\/wp-content\/plugins\/wp-polls\/images\/loading.gif?resize=16%2C16\" width=\"16\" height=\"16\" alt=\"Loading ...\" title=\"Loading ...\" class=\"wp-polls-image\" data-recalc-dims=\"1\" \/>&nbsp;Loading ...<\/div>\n\n","protected":false},"excerpt":{"rendered":"<p>Mentre Oggi parliamo di libri del 2012\/2013 si avvia alla conclusione (per l&#8217;estate ci fermiamo) mi \u00e8 venuta voglia di<\/p>\n","protected":false},"author":1,"featured_media":1521,"comment_status":"open","ping_status":"open","sticky":false,"template":"","format":"standard","meta":{"_mi_skip_tracking":false,"_monsterinsights_sitenote_active":false,"_monsterinsights_sitenote_note":"","_monsterinsights_sitenote_category":0,"jetpack_post_was_ever_published":false,"_jetpack_newsletter_access":"","jetpack_publicize_message":"","jetpack_is_tweetstorm":false,"jetpack_publicize_feature_enabled":true,"jetpack_social_post_already_shared":false,"jetpack_social_options":{"image_generator_settings":{"template":"highway","enabled":false}}},"categories":[52,56,68,17,16],"tags":[],"jetpack_publicize_connections":[],"jetpack_featured_media_url":"https:\/\/i0.wp.com\/www.robertosedda.it\/wp-content\/uploads\/2012\/11\/92_1334481194.jpg?fit=447%2C335","jetpack_sharing_enabled":true,"jetpack_shortlink":"https:\/\/wp.me\/p4jV2T-Te","jetpack_likes_enabled":true,"jetpack-related-posts":[{"id":6519,"url":"http:\/\/www.robertosedda.it\/?p=6519","url_meta":{"origin":3424,"position":0},"title":"Bustianu e Marcello Fois","author":"Rufus","date":"20\/02\/2014","format":"video","excerpt":"Ho dedicato una puntata a Bustianu e ai gialli di ambientazione ottocentesca di Marcello Fois, Sempre caro, Sangue dal cielo e L'altro mondo con qualche esitazione e una sicurezza. La sicurezza era che il brano musicale scelto per l'intermezzo era uno dei migliori di tutte le puntate: Fin da quando\u2026","rel":"","context":"In &quot;Coordinate&quot;","block_context":{"text":"Coordinate","link":"http:\/\/www.robertosedda.it\/?cat=52"},"img":{"alt_text":"","src":"https:\/\/i0.wp.com\/img.youtube.com\/vi\/p6OI5M5DYWw\/0.jpg?resize=350%2C200","width":350,"height":200},"classes":[]},{"id":5438,"url":"http:\/\/www.robertosedda.it\/?p=5438","url_meta":{"origin":3424,"position":1},"title":"La puntata di &#8220;Oggi parliamo di libri&#8221; su Martin Beck","author":"Rufus","date":"15\/12\/2013","format":"video","excerpt":"Da Sherlock Holmes ai romanzi polizieschi della coppia Maj Sj\u00f6wall e Per Wahl\u00f6\u00f6 c'\u00e8 una certa distanza, ma ho deciso di non organizzare le puntate secondo un criterio cronologico o tematico, ma di procedere per suggestioni e contrapposizioni e, diciamolo, un po' come mi veniva (anche perch\u00e9 ho spostato pi\u00f9\u2026","rel":"","context":"In &quot;Coordinate&quot;","block_context":{"text":"Coordinate","link":"http:\/\/www.robertosedda.it\/?cat=52"},"img":{"alt_text":"","src":"https:\/\/i0.wp.com\/img.youtube.com\/vi\/lekpM7u1meM\/0.jpg?resize=350%2C200","width":350,"height":200},"classes":[]},{"id":5894,"url":"http:\/\/www.robertosedda.it\/?p=5894","url_meta":{"origin":3424,"position":2},"title":"Augusto De Angelis, il commissario De Vincenzi e il mettersi nei guai per scrivere gialli","author":"Rufus","date":"20\/01\/2014","format":"video","excerpt":"Ho deciso di fare una puntata sul commissario De Vincenzi principalmente perch\u00e9 da ragazzino avevo visto gli sceneggiati televisivi con Paolo Stoppa. Per prepararmi mi sono letto i due gialli di De Angelis che stavano a casa di mia mamma, La barchetta di cristallo e Delitto a Cinecitt\u00e0, e ho\u2026","rel":"","context":"In &quot;Le narrazioni&quot;","block_context":{"text":"Le narrazioni","link":"http:\/\/www.robertosedda.it\/?cat=56"},"img":{"alt_text":"","src":"https:\/\/i0.wp.com\/www.robertosedda.it\/wp-content\/uploads\/2014\/01\/La-barchetta-di-cristallo-De-Angelis.jpg?fit=214%2C313&resize=350%2C200","width":350,"height":200},"classes":[]},{"id":1551,"url":"http:\/\/www.robertosedda.it\/?p=1551","url_meta":{"origin":3424,"position":3},"title":"Radio Days","author":"Rufus","date":"04\/12\/2012","format":false,"excerpt":"Su gentile invito di don Giulio Madeddu e sotto l'ala protettiva e amichevole di Andrea Pala, dal 6 dicembre conduco (la parola, lo ammetto, mi fa impressione) una trasmissione radio, in cui parlo di libri fantasy e fantascientifici (per una prima serie di una dozzina di puntate:\u00a0in futuro parler\u00f2 anche\u2026","rel":"","context":"In &quot;Coordinate&quot;","block_context":{"text":"Coordinate","link":"http:\/\/www.robertosedda.it\/?cat=52"},"img":{"alt_text":"","src":"https:\/\/i0.wp.com\/www.robertosedda.it\/wp-content\/uploads\/2012\/12\/197882_4997567705416_1682811050_n.jpg?fit=750%2C865&resize=350%2C200","width":350,"height":200,"srcset":"https:\/\/i0.wp.com\/www.robertosedda.it\/wp-content\/uploads\/2012\/12\/197882_4997567705416_1682811050_n.jpg?fit=750%2C865&resize=350%2C200 1x, https:\/\/i0.wp.com\/www.robertosedda.it\/wp-content\/uploads\/2012\/12\/197882_4997567705416_1682811050_n.jpg?fit=750%2C865&resize=700%2C400 2x"},"classes":[]},{"id":5667,"url":"http:\/\/www.robertosedda.it\/?p=5667","url_meta":{"origin":3424,"position":4},"title":"Una coppia di detective navajo","author":"Rufus","date":"31\/12\/2013","format":"video","excerpt":"Ho voluto dedicare una puntata di Oggi parliamo di libri ai gialli in cui Tony Hillerman mette in scena le avventure degli agenti della Polizia Tribale Navajo prima di tutto perch\u00e9 mi piacciono molto: se avessi dovuto seguire rigidamente le regole che mi sono dato per le trasmissioni difficilmente questi\u2026","rel":"","context":"In &quot;Coordinate&quot;","block_context":{"text":"Coordinate","link":"http:\/\/www.robertosedda.it\/?cat=52"},"img":{"alt_text":"","src":"https:\/\/i0.wp.com\/www.robertosedda.it\/wp-content\/uploads\/2013\/12\/Skinwalkers-Leaphorn-and-Chee.jpg?fit=863%2C583&resize=350%2C200","width":350,"height":200,"srcset":"https:\/\/i0.wp.com\/www.robertosedda.it\/wp-content\/uploads\/2013\/12\/Skinwalkers-Leaphorn-and-Chee.jpg?fit=863%2C583&resize=350%2C200 1x, https:\/\/i0.wp.com\/www.robertosedda.it\/wp-content\/uploads\/2013\/12\/Skinwalkers-Leaphorn-and-Chee.jpg?fit=863%2C583&resize=700%2C400 2x"},"classes":[]},{"id":4594,"url":"http:\/\/www.robertosedda.it\/?p=4594","url_meta":{"origin":3424,"position":5},"title":"La musica che metter\u00f2, se me la consigliate","author":"Rufus","date":"10\/10\/2013","format":false,"excerpt":"Sono ripartite su Radio Kalaritana le trasmissioni di Oggi parliamo di libri. Ok, breve riassunto pubblicitario: vado in onda il gioved\u00ec alle 19,10 e in replica il venerd\u00ec alle 8,30 del mattino sui 97.5 FM (o in streaming). La trasmissione ha anche una sua pagina Facebook che dopo la pausa\u2026","rel":"","context":"In &quot;Coordinate&quot;","block_context":{"text":"Coordinate","link":"http:\/\/www.robertosedda.it\/?cat=52"},"img":{"alt_text":"","src":"https:\/\/i0.wp.com\/www.robertosedda.it\/wp-content\/uploads\/2013\/03\/535033_144686819023383_216259237_n.jpg?fit=960%2C960&resize=350%2C200","width":350,"height":200,"srcset":"https:\/\/i0.wp.com\/www.robertosedda.it\/wp-content\/uploads\/2013\/03\/535033_144686819023383_216259237_n.jpg?fit=960%2C960&resize=350%2C200 1x, https:\/\/i0.wp.com\/www.robertosedda.it\/wp-content\/uploads\/2013\/03\/535033_144686819023383_216259237_n.jpg?fit=960%2C960&resize=700%2C400 2x"},"classes":[]}],"_links":{"self":[{"href":"http:\/\/www.robertosedda.it\/index.php?rest_route=\/wp\/v2\/posts\/3424"}],"collection":[{"href":"http:\/\/www.robertosedda.it\/index.php?rest_route=\/wp\/v2\/posts"}],"about":[{"href":"http:\/\/www.robertosedda.it\/index.php?rest_route=\/wp\/v2\/types\/post"}],"author":[{"embeddable":true,"href":"http:\/\/www.robertosedda.it\/index.php?rest_route=\/wp\/v2\/users\/1"}],"replies":[{"embeddable":true,"href":"http:\/\/www.robertosedda.it\/index.php?rest_route=%2Fwp%2Fv2%2Fcomments&post=3424"}],"version-history":[{"count":10,"href":"http:\/\/www.robertosedda.it\/index.php?rest_route=\/wp\/v2\/posts\/3424\/revisions"}],"predecessor-version":[{"id":3756,"href":"http:\/\/www.robertosedda.it\/index.php?rest_route=\/wp\/v2\/posts\/3424\/revisions\/3756"}],"wp:featuredmedia":[{"embeddable":true,"href":"http:\/\/www.robertosedda.it\/index.php?rest_route=\/wp\/v2\/media\/1521"}],"wp:attachment":[{"href":"http:\/\/www.robertosedda.it\/index.php?rest_route=%2Fwp%2Fv2%2Fmedia&parent=3424"}],"wp:term":[{"taxonomy":"category","embeddable":true,"href":"http:\/\/www.robertosedda.it\/index.php?rest_route=%2Fwp%2Fv2%2Fcategories&post=3424"},{"taxonomy":"post_tag","embeddable":true,"href":"http:\/\/www.robertosedda.it\/index.php?rest_route=%2Fwp%2Fv2%2Ftags&post=3424"}],"curies":[{"name":"wp","href":"https:\/\/api.w.org\/{rel}","templated":true}]}}