{"id":3396,"date":"2013-06-03T18:25:47","date_gmt":"2013-06-03T16:25:47","guid":{"rendered":"http:\/\/www.robertosedda.it\/?p=3396"},"modified":"2013-06-06T18:37:22","modified_gmt":"2013-06-06T16:37:22","slug":"sulle-scarpe-del-papa-il-laicismo-e-la-cattiva-comunicazione-via-web-phew","status":"publish","type":"post","link":"http:\/\/www.robertosedda.it\/?p=3396","title":{"rendered":"Sulle scarpe del Papa, il laicismo, la cattiva comunicazione via web e le raccolte fondi (phew!!)"},"content":{"rendered":"<p>Ricevo oggi, tramite la lista di comunicazione del <a href=\"http:\/\/groups.yahoo.com\/group\/gruppolapira\/\"><em>La Pira<\/em><\/a> il seguente appello<\/p>\n<blockquote><p>In occasione della visita del Papa a Bonaria, come cattolici sardi facciamoci carico delle spese di organizzazione.<\/p>\n<p>Esortiamo gli organizzatori a raccogliere lo stile di sobriet\u00e0 che papa Francesco sta testimoniando quotidianamente!<\/p>\n<p>Chiediamo inoltre che, in linea col suo stile pastorale evangelico venga data al Papa l&#8217;opportunit\u00e0, se lo desidera, di incontrare in un luogo di recupero o nelle stesse carceri cittadine, i giovani che vivono particolari situazioni di sofferenza e disagio.<\/p><\/blockquote>\n<p>L&#8217;iniziativa nasce, se non capisco male, da una riflessione del gruppo di <em>Cresia<\/em>, \u00e8 sostenuta da una <a href=\"https:\/\/www.facebook.com\/pages\/Le-scarpe-del-Papa\/174736849358823\">pagina <em>Facebook<\/em><\/a> (che si chiama <em>Le scarpe del Papa<\/em> e sulla quale, come richiesto, ho cliccato subito <em>Mi piace<\/em>) e propone l&#8217;obiettivo, che nella pagina \u00e8 spiegato meglio che nella petizione, che il prossimo viaggio del Papa in Sardegna sia improntato a uno stile di sobriet\u00e0 e che passi prima di tutto da una compartecipazione popolare alle spese, con una sorta di colletta <em>ad hoc<\/em> fra i fedeli.<\/p>\n<p>Sobriet\u00e0, trasparenza nell&#8217;uso del denaro, compartecipazione sono valori che condivido, quindi come ho detto ho deciso di sostenere l&#8217;iniziativa.<\/p>\n<p>Con alcune precisazioni.<\/p>\n<p>Doverose.<\/p>\n<p>Per esempio.<\/p>\n<p>Che spero che non stiamo dicendo che le spese delle attivit\u00e0 religiose debbano essere sostenute <em>esclusivamente<\/em> dalle persone religiose interessate. Detto in altro modo: non \u00e8 che lo Stato non possa <em>mai<\/em> contribuire alle spese del viaggio, o di altri fatti religiosi, o del &#8220;religioso&#8221; come dimensione rilevante del vivere sociale e civile. Perch\u00e9 sostenere questo vuol dire sostenere di fatto l&#8217;irrilevanza sociale e civile del fatto religioso, relegato a questione privata che i singoli si gestiscono come vogliono, il che sarebbe un&#8217;adesione a un pensiero laicista che troverei strano fosse condiviso da donne e uomini di fede come i fratelli di <em>Cresia <\/em>e che da un punto di vista costituzionale era g\u00ec\u00e0 fuori moda quando era giovane Norberto Bobbio.<\/p>\n<p>Per esempio.<\/p>\n<p>Che lanciare una mozione impegnativa per la Chiesa sarda tramite una pagina <em>Facebook<\/em> appare un tantino ingenuo: e quelli che non usano <em>Facebook<\/em>, per esempio? Non oso pensare cosa direbbe il mio amico e sodale <a href=\"http:\/\/www.etandu.it\/\">Andrea Salidu<\/a>, <a title=\"\u201cStare\u201d in rete o \u201cessere\u201d in rete\" href=\"http:\/\/www.robertosedda.it\/?p=1540\">col quale talvolta andiamo in giro a insegnare a stare in rete<\/a>, o meglio, lo so: come me, \u00e8 disponibile a dare una mano agli organizzatori se vogliono dare un po&#8217; di peso maggiore alla campagna, mettere su un sito di riferimento, anche semplicissimo, pensare a delle strategie di comunicazione, cose cos\u00ec.<\/p>\n<p>Per esempio.<\/p>\n<p>Terzo, sarebbe molto interessante, e formativo, ragionare insieme sui <em>modi<\/em> di raccolta dei fondi (ovviamente, ehm, si pensa a un conto su <a href=\"http:\/\/www.bancaetica.com\">Banca Etica<\/a>, vero?), sul soggetto deputato alla raccolta, sul modo con cui ciascuno ci mette la faccia (le donazioni sono pubbliche? i promotori per quanto si tassano? da chi si accettano donazioni e da chi <em>non<\/em> si accettano?), sulla rendicontazione, sulla definizione degli obiettivi&#8230; sono tante cose, e ogni scelta \u00e8 una scelta di senso su cui meditare.<\/p>\n<p>Con queste specificazioni, lo dico pubblicamente, io ci sto. Chiamatemi.<\/p>\n","protected":false},"excerpt":{"rendered":"<p>Ricevo oggi, tramite la lista di comunicazione del La Pira il seguente appello In occasione della visita del Papa a<\/p>\n","protected":false},"author":1,"featured_media":0,"comment_status":"open","ping_status":"open","sticky":false,"template":"","format":"standard","meta":{"_mi_skip_tracking":false,"_monsterinsights_sitenote_active":false,"_monsterinsights_sitenote_note":"","_monsterinsights_sitenote_category":0,"jetpack_post_was_ever_published":false,"_jetpack_newsletter_access":"","jetpack_publicize_message":"","jetpack_is_tweetstorm":false,"jetpack_publicize_feature_enabled":true,"jetpack_social_post_already_shared":false,"jetpack_social_options":{"image_generator_settings":{"template":"highway","enabled":false}}},"categories":[52,54,17,62,16],"tags":[],"jetpack_publicize_connections":[],"jetpack_featured_media_url":"","jetpack_sharing_enabled":true,"jetpack_shortlink":"https:\/\/wp.me\/p4jV2T-SM","jetpack_likes_enabled":true,"jetpack-related-posts":[{"id":16871,"url":"http:\/\/www.robertosedda.it\/?p=16871","url_meta":{"origin":3396,"position":0},"title":"Bizzarri rotocalchi cattolici","author":"Rufus","date":"26\/06\/2019","format":false,"excerpt":"Per motivi che non mi sono del tutto chiari - token, cookie o un comune utilizzo di Wordpress - ogni volta che apro Chrome ricevo la segnalazione di un nuovo articolo pubblicato su Aleteia, che si autodefinisce una rete cattolica mondiale per condividere risorse sulla fede con quanti cercano la\u2026","rel":"","context":"In &quot;Coordinate&quot;","block_context":{"text":"Coordinate","link":"http:\/\/www.robertosedda.it\/?cat=52"},"img":{"alt_text":"","src":"https:\/\/i0.wp.com\/www.robertosedda.it\/wp-content\/uploads\/2019\/06\/Aleteia-3.png?fit=495%2C330&resize=350%2C200","width":350,"height":200},"classes":[]},{"id":4504,"url":"http:\/\/www.robertosedda.it\/?p=4504","url_meta":{"origin":3396,"position":1},"title":"La mia vita con il Papa &#8211; l&#8217;evento (1)","author":"Rufus","date":"25\/09\/2013","format":false,"excerpt":"Prima di tutto vi rassicuro: sono tornato a casa, per giunta senza problemi. Se non ho scritto negli scorsi due giorni non \u00e8 perch\u00e9 vagavo alla ricerca di una varco nelle transenne ma perch\u00e9 si sono accumulate un po' di cose familiari\u00a0di altro genere. A proposito, per quelli che lo\u2026","rel":"","context":"In &quot;Coordinate&quot;","block_context":{"text":"Coordinate","link":"http:\/\/www.robertosedda.it\/?cat=52"},"img":{"alt_text":"","src":"https:\/\/i0.wp.com\/www.robertosedda.it\/wp-content\/uploads\/2013\/09\/Papa-Francesco-Cagliari-foto-gruppo.jpg?fit=960%2C720&resize=350%2C200","width":350,"height":200,"srcset":"https:\/\/i0.wp.com\/www.robertosedda.it\/wp-content\/uploads\/2013\/09\/Papa-Francesco-Cagliari-foto-gruppo.jpg?fit=960%2C720&resize=350%2C200 1x, https:\/\/i0.wp.com\/www.robertosedda.it\/wp-content\/uploads\/2013\/09\/Papa-Francesco-Cagliari-foto-gruppo.jpg?fit=960%2C720&resize=700%2C400 2x"},"classes":[]},{"id":4528,"url":"http:\/\/www.robertosedda.it\/?p=4528","url_meta":{"origin":3396,"position":2},"title":"La mia vita con il Papa &#8211; L&#8217;evento (2)","author":"Rufus","date":"09\/10\/2013","format":false,"excerpt":"\u00c8 ormai passato un po' di tempo\u00a0e qualcuno mi ha fatto notare che non ho finito di raccontare del Papa, quindi posto questo articolo che per qualche giorno \u00e8 rimasto in bozza. L'incontro coi lavoratori in Largo Carlo Felice Ci eravamo lasciati col gruppo \"La Pira\" in attesa del Papa\u2026","rel":"","context":"In &quot;Coordinate&quot;","block_context":{"text":"Coordinate","link":"http:\/\/www.robertosedda.it\/?cat=52"},"img":{"alt_text":"","src":"https:\/\/i0.wp.com\/www.robertosedda.it\/wp-content\/uploads\/2013\/10\/2013-09-22-15.32.14.jpg?fit=1200%2C900&resize=350%2C200","width":350,"height":200,"srcset":"https:\/\/i0.wp.com\/www.robertosedda.it\/wp-content\/uploads\/2013\/10\/2013-09-22-15.32.14.jpg?fit=1200%2C900&resize=350%2C200 1x, https:\/\/i0.wp.com\/www.robertosedda.it\/wp-content\/uploads\/2013\/10\/2013-09-22-15.32.14.jpg?fit=1200%2C900&resize=700%2C400 2x, https:\/\/i0.wp.com\/www.robertosedda.it\/wp-content\/uploads\/2013\/10\/2013-09-22-15.32.14.jpg?fit=1200%2C900&resize=1050%2C600 3x"},"classes":[]},{"id":7217,"url":"http:\/\/www.robertosedda.it\/?p=7217","url_meta":{"origin":3396,"position":3},"title":"Ho esplorato DeoSpace, social network cattolico","author":"Rufus","date":"28\/04\/2014","format":false,"excerpt":"Mentre cercavo una versione digitale del decreto\u00a0Inter Mirifica\u00a0del Concilio Vaticano II mi sono imbattuto in una serie di agenzie di stampa di fine marzo che annunciavano l'inaugurazione di un social network\u00a0 cattolico, di nome DeoSpace. Incuriosito ho seguito il\u00a0link e mi sono iscritto, vagabondandoci un po' dentro.\u00a0\u00c8 stata una sperimentazione\u2026","rel":"","context":"In &quot;Coordinate&quot;","block_context":{"text":"Coordinate","link":"http:\/\/www.robertosedda.it\/?cat=52"},"img":{"alt_text":"","src":"https:\/\/i0.wp.com\/www.robertosedda.it\/wp-content\/uploads\/2014\/04\/DeoSpace-3.jpg?fit=964%2C654&resize=350%2C200","width":350,"height":200,"srcset":"https:\/\/i0.wp.com\/www.robertosedda.it\/wp-content\/uploads\/2014\/04\/DeoSpace-3.jpg?fit=964%2C654&resize=350%2C200 1x, https:\/\/i0.wp.com\/www.robertosedda.it\/wp-content\/uploads\/2014\/04\/DeoSpace-3.jpg?fit=964%2C654&resize=700%2C400 2x"},"classes":[]},{"id":11134,"url":"http:\/\/www.robertosedda.it\/?p=11134","url_meta":{"origin":3396,"position":4},"title":"Cose da nulla che si dimenticano, tipo la vita eterna","author":"Rufus","date":"06\/11\/2015","format":false,"excerpt":"Ieri mentre uscivo di casa e andavo al lavoro mi \u00e8 venuto un pensiero, suggerito da qualche cronaca recente riguardante corvi e cornacchie che si aggirano intorno a San Pietro. Il pensiero era: \u00abMa questi, alla vita eterna, non ci credono?\u00bb. Dove questi erano le figure delle quali\u00a0di volta in\u2026","rel":"","context":"In &quot;Coordinate&quot;","block_context":{"text":"Coordinate","link":"http:\/\/www.robertosedda.it\/?cat=52"},"img":{"alt_text":"","src":"https:\/\/i0.wp.com\/www.robertosedda.it\/wp-content\/uploads\/2015\/11\/Maest\u00e0-di-Duccio.jpg?fit=1041%2C1000&resize=350%2C200","width":350,"height":200,"srcset":"https:\/\/i0.wp.com\/www.robertosedda.it\/wp-content\/uploads\/2015\/11\/Maest\u00e0-di-Duccio.jpg?fit=1041%2C1000&resize=350%2C200 1x, https:\/\/i0.wp.com\/www.robertosedda.it\/wp-content\/uploads\/2015\/11\/Maest\u00e0-di-Duccio.jpg?fit=1041%2C1000&resize=700%2C400 2x"},"classes":[]},{"id":2205,"url":"http:\/\/www.robertosedda.it\/?p=2205","url_meta":{"origin":3396,"position":5},"title":"Ok, ne parlo anch&#8217;io","author":"Rufus","date":"12\/02\/2013","format":false,"excerpt":"Non \u00e8 proprio un obbligo, e anzi a voler per forza dire la propria opinione si corre il rischio di essere un po' pomposi, ma insomma: questo \u00e8\u00a0il blog di un cattolico, quindi parlare di Harry Potter (come pensavo di fare oggi) mentre ovunque si discute delle dimissioni di Benedetto\u2026","rel":"","context":"In &quot;Coordinate&quot;","block_context":{"text":"Coordinate","link":"http:\/\/www.robertosedda.it\/?cat=52"},"img":{"alt_text":"","src":"https:\/\/i0.wp.com\/www.robertosedda.it\/wp-content\/uploads\/2019\/04\/Ratzinger-5.jpg?fit=512%2C430&resize=350%2C200","width":350,"height":200},"classes":[]}],"_links":{"self":[{"href":"http:\/\/www.robertosedda.it\/index.php?rest_route=\/wp\/v2\/posts\/3396"}],"collection":[{"href":"http:\/\/www.robertosedda.it\/index.php?rest_route=\/wp\/v2\/posts"}],"about":[{"href":"http:\/\/www.robertosedda.it\/index.php?rest_route=\/wp\/v2\/types\/post"}],"author":[{"embeddable":true,"href":"http:\/\/www.robertosedda.it\/index.php?rest_route=\/wp\/v2\/users\/1"}],"replies":[{"embeddable":true,"href":"http:\/\/www.robertosedda.it\/index.php?rest_route=%2Fwp%2Fv2%2Fcomments&post=3396"}],"version-history":[{"count":12,"href":"http:\/\/www.robertosedda.it\/index.php?rest_route=\/wp\/v2\/posts\/3396\/revisions"}],"predecessor-version":[{"id":3459,"href":"http:\/\/www.robertosedda.it\/index.php?rest_route=\/wp\/v2\/posts\/3396\/revisions\/3459"}],"wp:attachment":[{"href":"http:\/\/www.robertosedda.it\/index.php?rest_route=%2Fwp%2Fv2%2Fmedia&parent=3396"}],"wp:term":[{"taxonomy":"category","embeddable":true,"href":"http:\/\/www.robertosedda.it\/index.php?rest_route=%2Fwp%2Fv2%2Fcategories&post=3396"},{"taxonomy":"post_tag","embeddable":true,"href":"http:\/\/www.robertosedda.it\/index.php?rest_route=%2Fwp%2Fv2%2Ftags&post=3396"}],"curies":[{"name":"wp","href":"https:\/\/api.w.org\/{rel}","templated":true}]}}