{"id":3375,"date":"2013-06-02T15:18:05","date_gmt":"2013-06-02T13:18:05","guid":{"rendered":"http:\/\/www.robertosedda.it\/?p=3375"},"modified":"2014-02-08T16:02:41","modified_gmt":"2014-02-08T15:02:41","slug":"belle-facce-ecumeniche","status":"publish","type":"post","link":"http:\/\/www.robertosedda.it\/?p=3375","title":{"rendered":"Belle facce ecumeniche"},"content":{"rendered":"<p>Sabato 1\u00b0 giugno, alla <em>Comunit\u00e0 &#8220;La collina&#8221;<\/em> di Serdiana ho partecipato, con gli altri amici del <a href=\"http:\/\/groups.yahoo.com\/group\/gruppolapira\/\">gruppo &#8220;La Pira&#8221;<\/a>, a un incontro ecumenico promosso dal <em>GEL<\/em>, il gruppo ecumenico di lavoro.<\/p>\n<p>L&#8217;obiettivo era quello di darsi un momento di confronto diverso da quelli puramente organizzativi finalizzati a preparare questa o quella settimana di preghiera per l&#8217;unit\u00e0 dei cristiani o altra iniziativa ecumenica: poi in realt\u00e0 la partecipazione \u00e8 stata un po&#8217; pi\u00f9 allargata e l&#8217;iniziativa \u00e8 diventata simile ad altri confronti e studi biblici vissuti in altri momenti: andando via pensabvo che per lavorare sul gruppo, sulla sua identit\u00e0, sulle sue dinamiche interne (in una parola, lavorare sul gruppo stesso) servirebbe forse uno sforzo formativo pi\u00f9 consapevole, ma si tratta evidentemente di un gruppo legato a identit\u00e0 confessionali molteplici e cammini di questo genere non vengono mai spontanei.<\/p>\n<p>Ci\u00f2 non toglie comunque che la serata sia stata piacevole: l&#8217;abbiamo conclusa con la cena insieme alla comunit\u00e0 che ci ospitava: ed \u00e8 in questo momento che ho fatto un po&#8217; di ritratti, di belle facce ecumeniche.<\/p>\n<p class=\"jetpack-slideshow-noscript robots-nocontent\">Questo slideshow richiede JavaScript.<\/p><div id=\"gallery-3375-1-slideshow\" class=\"jetpack-slideshow-window jetpack-slideshow jetpack-slideshow-black\" data-trans=\"fade\" data-autostart=\"1\" data-gallery=\"[{&quot;src&quot;:&quot;https:\\\/\\\/i0.wp.com\\\/www.robertosedda.it\\\/wp-content\\\/uploads\\\/2013\\\/06\\\/2013-06-01-20.52.04.jpg?fit=2048%2C1536&quot;,&quot;id&quot;:&quot;3376&quot;,&quot;title&quot;:&quot;2013-06-01 20.52.04&quot;,&quot;alt&quot;:&quot;&quot;,&quot;caption&quot;:&quot;&quot;,&quot;itemprop&quot;:&quot;image&quot;},{&quot;src&quot;:&quot;https:\\\/\\\/i0.wp.com\\\/www.robertosedda.it\\\/wp-content\\\/uploads\\\/2013\\\/06\\\/2013-06-01-20.52.23.jpg?fit=2048%2C1536&quot;,&quot;id&quot;:&quot;3377&quot;,&quot;title&quot;:&quot;2013-06-01 20.52.23&quot;,&quot;alt&quot;:&quot;&quot;,&quot;caption&quot;:&quot;&quot;,&quot;itemprop&quot;:&quot;image&quot;},{&quot;src&quot;:&quot;https:\\\/\\\/i0.wp.com\\\/www.robertosedda.it\\\/wp-content\\\/uploads\\\/2013\\\/06\\\/2013-06-01-20.54.26.jpg?fit=2048%2C1536&quot;,&quot;id&quot;:&quot;3378&quot;,&quot;title&quot;:&quot;2013-06-01 20.54.26&quot;,&quot;alt&quot;:&quot;&quot;,&quot;caption&quot;:&quot;&quot;,&quot;itemprop&quot;:&quot;image&quot;},{&quot;src&quot;:&quot;https:\\\/\\\/i0.wp.com\\\/www.robertosedda.it\\\/wp-content\\\/uploads\\\/2013\\\/06\\\/2013-06-01-20.54.37.jpg?fit=2048%2C1536&quot;,&quot;id&quot;:&quot;3379&quot;,&quot;title&quot;:&quot;2013-06-01 20.54.37&quot;,&quot;alt&quot;:&quot;&quot;,&quot;caption&quot;:&quot;&quot;,&quot;itemprop&quot;:&quot;image&quot;},{&quot;src&quot;:&quot;https:\\\/\\\/i0.wp.com\\\/www.robertosedda.it\\\/wp-content\\\/uploads\\\/2013\\\/06\\\/2013-06-01-20.55.31.jpg?fit=2048%2C1536&quot;,&quot;id&quot;:&quot;3380&quot;,&quot;title&quot;:&quot;2013-06-01 20.55.31&quot;,&quot;alt&quot;:&quot;&quot;,&quot;caption&quot;:&quot;&quot;,&quot;itemprop&quot;:&quot;image&quot;},{&quot;src&quot;:&quot;https:\\\/\\\/i0.wp.com\\\/www.robertosedda.it\\\/wp-content\\\/uploads\\\/2013\\\/06\\\/2013-06-01-20.55.57.jpg?fit=2048%2C1536&quot;,&quot;id&quot;:&quot;3381&quot;,&quot;title&quot;:&quot;2013-06-01 20.55.57&quot;,&quot;alt&quot;:&quot;&quot;,&quot;caption&quot;:&quot;&quot;,&quot;itemprop&quot;:&quot;image&quot;},{&quot;src&quot;:&quot;https:\\\/\\\/i0.wp.com\\\/www.robertosedda.it\\\/wp-content\\\/uploads\\\/2013\\\/06\\\/2013-06-01-20.56.10.jpg?fit=2048%2C1536&quot;,&quot;id&quot;:&quot;3382&quot;,&quot;title&quot;:&quot;2013-06-01 20.56.10&quot;,&quot;alt&quot;:&quot;&quot;,&quot;caption&quot;:&quot;&quot;,&quot;itemprop&quot;:&quot;image&quot;},{&quot;src&quot;:&quot;https:\\\/\\\/i0.wp.com\\\/www.robertosedda.it\\\/wp-content\\\/uploads\\\/2013\\\/06\\\/2013-06-01-20.56.30.jpg?fit=2048%2C1536&quot;,&quot;id&quot;:&quot;3383&quot;,&quot;title&quot;:&quot;2013-06-01 20.56.30&quot;,&quot;alt&quot;:&quot;&quot;,&quot;caption&quot;:&quot;&quot;,&quot;itemprop&quot;:&quot;image&quot;},{&quot;src&quot;:&quot;https:\\\/\\\/i0.wp.com\\\/www.robertosedda.it\\\/wp-content\\\/uploads\\\/2013\\\/06\\\/2013-06-01-20.57.00.jpg?fit=2048%2C1536&quot;,&quot;id&quot;:&quot;3384&quot;,&quot;title&quot;:&quot;2013-06-01 20.57.00&quot;,&quot;alt&quot;:&quot;&quot;,&quot;caption&quot;:&quot;&quot;,&quot;itemprop&quot;:&quot;image&quot;},{&quot;src&quot;:&quot;https:\\\/\\\/i0.wp.com\\\/www.robertosedda.it\\\/wp-content\\\/uploads\\\/2013\\\/06\\\/2013-06-01-20.57.22.jpg?fit=2048%2C1536&quot;,&quot;id&quot;:&quot;3385&quot;,&quot;title&quot;:&quot;2013-06-01 20.57.22&quot;,&quot;alt&quot;:&quot;&quot;,&quot;caption&quot;:&quot;&quot;,&quot;itemprop&quot;:&quot;image&quot;},{&quot;src&quot;:&quot;https:\\\/\\\/i0.wp.com\\\/www.robertosedda.it\\\/wp-content\\\/uploads\\\/2013\\\/06\\\/2013-06-01-20.57.42.jpg?fit=2048%2C1536&quot;,&quot;id&quot;:&quot;3386&quot;,&quot;title&quot;:&quot;2013-06-01 20.57.42&quot;,&quot;alt&quot;:&quot;&quot;,&quot;caption&quot;:&quot;&quot;,&quot;itemprop&quot;:&quot;image&quot;},{&quot;src&quot;:&quot;https:\\\/\\\/i0.wp.com\\\/www.robertosedda.it\\\/wp-content\\\/uploads\\\/2013\\\/06\\\/2013-06-01-21.40.28.jpg?fit=2048%2C1536&quot;,&quot;id&quot;:&quot;3387&quot;,&quot;title&quot;:&quot;2013-06-01 21.40.28&quot;,&quot;alt&quot;:&quot;&quot;,&quot;caption&quot;:&quot;&quot;,&quot;itemprop&quot;:&quot;image&quot;},{&quot;src&quot;:&quot;https:\\\/\\\/i0.wp.com\\\/www.robertosedda.it\\\/wp-content\\\/uploads\\\/2013\\\/06\\\/2013-06-01-21.40.55.jpg?fit=2048%2C1536&quot;,&quot;id&quot;:&quot;3388&quot;,&quot;title&quot;:&quot;2013-06-01 21.40.55&quot;,&quot;alt&quot;:&quot;&quot;,&quot;caption&quot;:&quot;&quot;,&quot;itemprop&quot;:&quot;image&quot;},{&quot;src&quot;:&quot;https:\\\/\\\/i0.wp.com\\\/www.robertosedda.it\\\/wp-content\\\/uploads\\\/2013\\\/06\\\/2013-06-01-21.41.05.jpg?fit=2048%2C1536&quot;,&quot;id&quot;:&quot;3389&quot;,&quot;title&quot;:&quot;2013-06-01 21.41.05&quot;,&quot;alt&quot;:&quot;&quot;,&quot;caption&quot;:&quot;&quot;,&quot;itemprop&quot;:&quot;image&quot;}]\" itemscope itemtype=\"https:\/\/schema.org\/ImageGallery\"><\/div>\n<p>&nbsp;<\/p>\n","protected":false},"excerpt":{"rendered":"<p>Sabato 1\u00b0 giugno, alla Comunit\u00e0 &#8220;La collina&#8221; di Serdiana ho partecipato, con gli altri amici del gruppo &#8220;La Pira&#8221;, a<\/p>\n","protected":false},"author":1,"featured_media":0,"comment_status":"open","ping_status":"open","sticky":false,"template":"","format":"gallery","meta":{"_mi_skip_tracking":false,"_monsterinsights_sitenote_active":false,"_monsterinsights_sitenote_note":"","_monsterinsights_sitenote_category":0,"jetpack_post_was_ever_published":false,"_jetpack_newsletter_access":"","jetpack_publicize_message":"","jetpack_is_tweetstorm":false,"jetpack_publicize_feature_enabled":true,"jetpack_social_post_already_shared":false,"jetpack_social_options":{"image_generator_settings":{"template":"highway","enabled":false}}},"categories":[52,49,54,62,12],"tags":[],"jetpack_publicize_connections":[],"jetpack_featured_media_url":"","jetpack_sharing_enabled":true,"jetpack_shortlink":"https:\/\/wp.me\/p4jV2T-Sr","jetpack_likes_enabled":true,"jetpack-related-posts":[{"id":4958,"url":"http:\/\/www.robertosedda.it\/?p=4958","url_meta":{"origin":3375,"position":0},"title":"Gente che dovrebbe partecipare a Scirarindi","author":"Rufus","date":"07\/11\/2013","format":false,"excerpt":"I prossimi 30 novembre e 1 dicembre ci sar\u00e0 a Cagliari\u00a0la terza edizione del festival di Scirarindi, la pi\u00f9 importante rassegna, fiera, momento culturale sulla sostenibilit\u00e0 (e sul benessere olistico) che ci sia in Sardegna, con migliaia di ingressi e centinaia di espositori. Forse prima dell'estate il tentativo di esportare\u2026","rel":"","context":"In &quot;Coordinate&quot;","block_context":{"text":"Coordinate","link":"http:\/\/www.robertosedda.it\/?cat=52"},"img":{"alt_text":"","src":"https:\/\/i0.wp.com\/www.robertosedda.it\/wp-content\/uploads\/2013\/11\/LOCANDINAweb_2013_preview.jpg?fit=320%2C454&resize=350%2C200","width":350,"height":200},"classes":[]},{"id":8492,"url":"http:\/\/www.robertosedda.it\/?p=8492","url_meta":{"origin":3375,"position":1},"title":"Venite a pregare per la pace in Terra Santa?","author":"Rufus","date":"24\/09\/2014","format":false,"excerpt":"Cagliari, venerd\u00ec 26 settembre, ore 20.00, Chiesa di San Lorenzo, viale Buoncammino Come avevo\u00a0scritto\u00a0nel momento pi\u00f9 acuto della guerra di Gaza ho proposto al gruppo \"La Pira\" di farci carico di organizzare anche a Cagliari il momento di preghiera proposto dal\u00a0Forum ecumenico Palestina Israele -\u00a0espressione del Consiglio Mondiale delle Chiese\u2026","rel":"","context":"In &quot;Coordinate&quot;","block_context":{"text":"Coordinate","link":"http:\/\/www.robertosedda.it\/?cat=52"},"img":{"alt_text":"","src":"","width":0,"height":0},"classes":[]},{"id":9407,"url":"http:\/\/www.robertosedda.it\/?p=9407","url_meta":{"origin":3375,"position":2},"title":"L&#8217;ecumenismo in citt\u00e0 nel segno dell&#8217;incontro","author":"Rufus","date":"19\/01\/2015","format":false,"excerpt":"Ieri l'inserto mensile di\u00a0Avvenire dedicato alla diocesi di Cagliari aveva un'intera pagina dedicata all'Ottavario di Preghiera per l'Unit\u00e0 dei Cristiani che conteneva anche un mio articolo. Si tratta di un testo davvero breve e tutto sommato poco importante, ma considerato il fatto che non mi era mai capitato di essere\u2026","rel":"","context":"In &quot;Coordinate&quot;","block_context":{"text":"Coordinate","link":"http:\/\/www.robertosedda.it\/?cat=52"},"img":{"alt_text":"","src":"https:\/\/i0.wp.com\/www.robertosedda.it\/wp-content\/uploads\/2015\/01\/Settimana-di-preghiera-unit\u00e0-cristiani.jpg?fit=826%2C314&resize=350%2C200","width":350,"height":200,"srcset":"https:\/\/i0.wp.com\/www.robertosedda.it\/wp-content\/uploads\/2015\/01\/Settimana-di-preghiera-unit\u00e0-cristiani.jpg?fit=826%2C314&resize=350%2C200 1x, https:\/\/i0.wp.com\/www.robertosedda.it\/wp-content\/uploads\/2015\/01\/Settimana-di-preghiera-unit\u00e0-cristiani.jpg?fit=826%2C314&resize=700%2C400 2x"},"classes":[]},{"id":12644,"url":"http:\/\/www.robertosedda.it\/?p=12644","url_meta":{"origin":3375,"position":3},"title":"Dio fuori della camera da letto","author":"Rufus","date":"12\/10\/2016","format":false,"excerpt":"Sul numero di Mosaico di pace di questo mese c'\u00e8 un mio articolo che presenta Fedi e finanza, un progetto congiunto fra la rivista, Banca Etica e molte alte persone.\u00a0Non mi dilungo, perch\u00e9 l'articolo spiega tutto: ma a Cagliari mi piacerebbe proporre un'esperienza locale del progetto, quindi ne riparleremo di\u2026","rel":"","context":"In &quot;Coordinate&quot;","block_context":{"text":"Coordinate","link":"http:\/\/www.robertosedda.it\/?cat=52"},"img":{"alt_text":"","src":"https:\/\/i0.wp.com\/www.robertosedda.it\/wp-content\/uploads\/2016\/10\/Mosaico-di-pace.jpg?fit=632%2C726&resize=350%2C200","width":350,"height":200},"classes":[]},{"id":13595,"url":"http:\/\/www.robertosedda.it\/?p=13595","url_meta":{"origin":3375,"position":4},"title":"Leggete Il Sismografo","author":"Rufus","date":"21\/04\/2017","format":false,"excerpt":"Su suggerimento di Nicoletta Dentico seguo ormai da diverso tempo Il Sismografo, un sito di notizie ecclesiali sia elaborate in proprio che riprese da diversi altri centri di informazione, in italiano, inglese, francese, spagnolo e portoghese. Non trovo particolarmente utile Il Sismografo per le notizie o la formazione specificamente ecclesiale,\u2026","rel":"","context":"In &quot;Coordinate&quot;","block_context":{"text":"Coordinate","link":"http:\/\/www.robertosedda.it\/?cat=52"},"img":{"alt_text":"","src":"","width":0,"height":0},"classes":[]},{"id":587,"url":"http:\/\/www.robertosedda.it\/?p=587","url_meta":{"origin":3375,"position":5},"title":"Per la pace","author":"Rufus","date":"22\/08\/2012","format":false,"excerpt":"Mentre oggi si celebra\u00a0la Giornata\u00a0Internazionale per la Pace indetta dall\u2019ONU, i giovani di AC si preparano per l\u2019incontro di Assisi del 24 settembre \u2013 in contemporanea con altri quattromila giovani che poco lontano, a Bastia Umbra, il 23 e il 24 animeranno un Meeting per la Pace. Nella citt\u00e0 umbra\u2026","rel":"","context":"In &quot;Coordinate&quot;","block_context":{"text":"Coordinate","link":"http:\/\/www.robertosedda.it\/?cat=52"},"img":{"alt_text":"","src":"","width":0,"height":0},"classes":[]}],"_links":{"self":[{"href":"http:\/\/www.robertosedda.it\/index.php?rest_route=\/wp\/v2\/posts\/3375"}],"collection":[{"href":"http:\/\/www.robertosedda.it\/index.php?rest_route=\/wp\/v2\/posts"}],"about":[{"href":"http:\/\/www.robertosedda.it\/index.php?rest_route=\/wp\/v2\/types\/post"}],"author":[{"embeddable":true,"href":"http:\/\/www.robertosedda.it\/index.php?rest_route=\/wp\/v2\/users\/1"}],"replies":[{"embeddable":true,"href":"http:\/\/www.robertosedda.it\/index.php?rest_route=%2Fwp%2Fv2%2Fcomments&post=3375"}],"version-history":[{"count":4,"href":"http:\/\/www.robertosedda.it\/index.php?rest_route=\/wp\/v2\/posts\/3375\/revisions"}],"predecessor-version":[{"id":6305,"href":"http:\/\/www.robertosedda.it\/index.php?rest_route=\/wp\/v2\/posts\/3375\/revisions\/6305"}],"wp:attachment":[{"href":"http:\/\/www.robertosedda.it\/index.php?rest_route=%2Fwp%2Fv2%2Fmedia&parent=3375"}],"wp:term":[{"taxonomy":"category","embeddable":true,"href":"http:\/\/www.robertosedda.it\/index.php?rest_route=%2Fwp%2Fv2%2Fcategories&post=3375"},{"taxonomy":"post_tag","embeddable":true,"href":"http:\/\/www.robertosedda.it\/index.php?rest_route=%2Fwp%2Fv2%2Ftags&post=3375"}],"curies":[{"name":"wp","href":"https:\/\/api.w.org\/{rel}","templated":true}]}}