{"id":3334,"date":"2013-05-30T11:42:43","date_gmt":"2013-05-30T09:42:43","guid":{"rendered":"http:\/\/www.robertosedda.it\/?p=3334"},"modified":"2013-06-01T13:26:01","modified_gmt":"2013-06-01T11:26:01","slug":"elon-musk-mark-zuckerberg-e-la-politica-di-washington","status":"publish","type":"post","link":"http:\/\/www.robertosedda.it\/?p=3334","title":{"rendered":"Elon Musk, Mark Zuckerberg e la politica di Washington"},"content":{"rendered":"<p><a href=\"http:\/\/www.robertosedda.it\/?attachment_id=3339\" rel=\"attachment wp-att-3339\"><img data-attachment-id=\"3339\" data-permalink=\"http:\/\/www.robertosedda.it\/?attachment_id=3339\" data-orig-file=\"https:\/\/i0.wp.com\/www.robertosedda.it\/wp-content\/uploads\/2013\/05\/Elon-Musk.jpg?fit=575%2C270\" data-orig-size=\"575,270\" data-comments-opened=\"1\" data-image-meta=\"{&quot;aperture&quot;:&quot;0&quot;,&quot;credit&quot;:&quot;&quot;,&quot;camera&quot;:&quot;&quot;,&quot;caption&quot;:&quot;&quot;,&quot;created_timestamp&quot;:&quot;0&quot;,&quot;copyright&quot;:&quot;&quot;,&quot;focal_length&quot;:&quot;0&quot;,&quot;iso&quot;:&quot;0&quot;,&quot;shutter_speed&quot;:&quot;0&quot;,&quot;title&quot;:&quot;&quot;}\" data-image-title=\"Elon-Musk\" data-image-description=\"\" data-image-caption=\"\" data-medium-file=\"https:\/\/i0.wp.com\/www.robertosedda.it\/wp-content\/uploads\/2013\/05\/Elon-Musk.jpg?fit=300%2C140\" data-large-file=\"https:\/\/i0.wp.com\/www.robertosedda.it\/wp-content\/uploads\/2013\/05\/Elon-Musk.jpg?fit=510%2C239\" decoding=\"async\" loading=\"lazy\" class=\"alignleft size-medium wp-image-3339\" alt=\"Elon-Musk\" src=\"https:\/\/i0.wp.com\/www.robertosedda.it\/wp-content\/uploads\/2013\/05\/Elon-Musk.jpg?resize=300%2C140\" width=\"300\" height=\"140\" srcset=\"https:\/\/i0.wp.com\/www.robertosedda.it\/wp-content\/uploads\/2013\/05\/Elon-Musk.jpg?resize=300%2C140 300w, https:\/\/i0.wp.com\/www.robertosedda.it\/wp-content\/uploads\/2013\/05\/Elon-Musk.jpg?w=575 575w\" sizes=\"(max-width: 300px) 100vw, 300px\" data-recalc-dims=\"1\" \/><\/a>Ho l&#8217;impressione che non molti in Italia abbiano mai sentito parlare di <a href=\"http:\/\/it.wikipedia.org\/wiki\/Elon_Musk\">Elon Musk<\/a>, eppure \u00e8 una figura interessante: co-fondatore di <em>PayPal<\/em>, poi presidente e amministratore delegato di aziende che producono cose che\u00a0(forse) cambieranno la nostra vita, ha messo il suo nome sul primo successore commerciale dello <em>Space Shuttle<\/em>, sulla prima auto elettrica competitiva&#8230; Ha solo quarantadue anni, \u00e8 miliardario, \u00e8 bello e il regista di <em>Iron Man<\/em> pensava a lui girando il film.\u00a0Ed \u00e8\u00a0anche ambientalista e di sinistra. Praticamente perfetto.<\/p>\n<p><a href=\"http:\/\/it.wikipedia.org\/wiki\/Mark_Zuckerberg\">Mark Zuckerberg<\/a><a href=\"http:\/\/it.wikipedia.org\/wiki\/Mark_Zuckerberg\">,<\/a> invece, fondatore di <em>Facebook<\/em>, \u00e8 molto pi\u00f9 noto. Come Bill Gates. Questi tre, insieme con molti altri giovani miliardari e tecnocrati della Silicon Valley dal cuore<em>liberal<\/em> e ambientalista (forse) &#8211;\u00a0Marissa Mayer di <em>Yahoo!<\/em>, Eric Schmidt<em> <\/em>di <em>Google<\/em>, Ron Conway e Jophn Doerr\u00a0(la lista di societ\u00e0 da\u00a0loro co-fondate o finanziate \u00e8 pi\u00f9 lunga della Carlo Felice a\u00a0 Ferragosto), Reid Hoffman di <em>LinkedIn<\/em>, Drew Houston di <em>DropBox<\/em> e parecchi altri &#8211; pochi mesi fa hanno fondato <a href=\"http:\/\/www.fwd.us\/landing?splash=1\"><em>FWD.us<\/em><\/a> (che in italiano sarebbe sia <em>facci proseguire<\/em> che <em>manda avanti gli USA<\/em>). Lo scopo? Promuovere una legislazione pi\u00f9 aperta in tema di immigrazione.<\/p>\n<p>Cio\u00e8: voglio andare a vivere in America, terra di opportunit\u00e0 e solidariet\u00e0, in cui i miliardari hanno il cuore verde e socialmente responsabile. Altro che Benetton. Addio, Berlusconi. Addio, Marchionne. Ah, ma Marchionne non sta anche lui in America? Alt. Fermi tutti.<\/p>\n<p><a href=\"http:\/\/www.robertosedda.it\/?attachment_id=3349\" rel=\"attachment wp-att-3349\"><img data-attachment-id=\"3349\" data-permalink=\"http:\/\/www.robertosedda.it\/?attachment_id=3349\" data-orig-file=\"https:\/\/i0.wp.com\/www.robertosedda.it\/wp-content\/uploads\/2013\/05\/FwdUsHomepage.jpg?fit=1210%2C897\" data-orig-size=\"1210,897\" data-comments-opened=\"1\" data-image-meta=\"{&quot;aperture&quot;:&quot;0&quot;,&quot;credit&quot;:&quot;9&quot;,&quot;camera&quot;:&quot;&quot;,&quot;caption&quot;:&quot;&quot;,&quot;created_timestamp&quot;:&quot;1365675420&quot;,&quot;copyright&quot;:&quot;&quot;,&quot;focal_length&quot;:&quot;0&quot;,&quot;iso&quot;:&quot;0&quot;,&quot;shutter_speed&quot;:&quot;0&quot;,&quot;title&quot;:&quot;&quot;}\" data-image-title=\"FwdUsHomepage\" data-image-description=\"\" data-image-caption=\"\" data-medium-file=\"https:\/\/i0.wp.com\/www.robertosedda.it\/wp-content\/uploads\/2013\/05\/FwdUsHomepage.jpg?fit=300%2C222\" data-large-file=\"https:\/\/i0.wp.com\/www.robertosedda.it\/wp-content\/uploads\/2013\/05\/FwdUsHomepage.jpg?fit=510%2C378\" decoding=\"async\" loading=\"lazy\" class=\"aligncenter size-large wp-image-3349\" alt=\"FwdUsHomepage\" src=\"https:\/\/i0.wp.com\/www.robertosedda.it\/wp-content\/uploads\/2013\/05\/FwdUsHomepage.jpg?resize=700%2C518\" width=\"700\" height=\"518\" srcset=\"https:\/\/i0.wp.com\/www.robertosedda.it\/wp-content\/uploads\/2013\/05\/FwdUsHomepage.jpg?resize=1024%2C759 1024w, https:\/\/i0.wp.com\/www.robertosedda.it\/wp-content\/uploads\/2013\/05\/FwdUsHomepage.jpg?resize=300%2C222 300w, https:\/\/i0.wp.com\/www.robertosedda.it\/wp-content\/uploads\/2013\/05\/FwdUsHomepage.jpg?resize=700%2C518 700w, https:\/\/i0.wp.com\/www.robertosedda.it\/wp-content\/uploads\/2013\/05\/FwdUsHomepage.jpg?w=1210 1210w\" sizes=\"(max-width: 700px) 100vw, 700px\" data-recalc-dims=\"1\" \/><\/a>Infatti: perch\u00e9 a guardar bene tutta l&#8217;apertura politica in tema di immigrazione di <em>FWD.us<\/em> consiste nella richiesta di emissione di pi\u00f9 visti d&#8217;ingresso <em>temporanei<\/em> per personale tecnico altamente specializzato (i cosiddetti visti H1B) e\u00a0per le categorie\u00a0di lavoratori\u00a0intellettuali catalogati <em>STEM<\/em> &#8211; <em>science, technology, engineering, mathematics\u00a0<\/em>&#8211; cio\u00e8 per personale che trover\u00e0 lavoro, tra l&#8217;altro, indovinate dove? Certo, nella Silicon Valley, nelle stesse aziende dei generosi benefattori.<\/p>\n<p>Ok, qui per\u00f2 siamo ancora nel campo delle opinioni. Meglio\u00a0alcuni miliardari furbi, attenti alla realt\u00e0 delle cose e disposti a pagare principescamente un informatico bengalese che non quel deputato del Kansas che ha invitato a dare la caccia agli immigranti illegali con gli elicotteri e a sparargli come se fossero cinghiali. In un paese in cui un deputato dice cose del genere, forse anche quelle proposte da <em>FWD.us<\/em> sono grandi riforme.<\/p>\n<p>Forse. Ma questa non \u00e8 tutta la storia. Perch\u00e9 <em>FWD.us<\/em> ha scelto un approccio <em>bipartisan<\/em>, che in pratica vuol dire che ha assunto maneggioni di Washington con solidi agganci dappertutto: un ex consigliere di Clinton\u00a0insieme con\u00a0uno che ha fatto la campagna elettorale di Ryan, e cos\u00ec via.<\/p>\n<p>Come ha dichiarato un altro dei finanziatori di <em>FWD.us<\/em>, Jim Breyer:<\/p>\n<blockquote><p>\u00abLe nostre decisioni in materia di\u00a0promozione sono prese da una squadra molto abile di agenti politici che sanno che per far adottare riforme importanti sono necessarie tattiche diverse e innovative\u00bb<\/p><\/blockquote>\n<p>Le tattiche innovative di questi abili artigiani si traducono in una sola: soldi ai politici. Quindi si \u00e8 deciso di non fare una campagna di comunicazione specifica sui temi dell&#8217;immigrazione, ma piuttosto di finanziare pubblicit\u00e0 a favore di alcuni politici, democratici e repubblicani, particolarmente\u00a0a favore di una riforma dell&#8217;immigrazione. L&#8217;idea sarebbe che rendendoli individualmente pi\u00f9 forti e popolari anche le loro proposte avrebbero avuto pi\u00f9 forza e popolarit\u00e0. Gli <em>spot<\/em> per\u00f2 non riguardano, a questo punto, solo le posizioni del senatore o deputato in materia sociale, ma tutto lo spettro delle sue attivit\u00e0.<\/p>\n<p>\u00c8 cos\u00ec che i miliardari dal cuore verde, sostenibile e solidale hanno speso ceninaia di migliaia di dollari\u00a0affinch\u00e9 fosse lodato\u00a0un senatore\u00a0perch\u00e9 vuole trivellare il parco nazionale dell&#8217;Alaska, o quell&#8217;altro che sostiene un oleodotto che spacca in due l&#8217;America (Graham, il senatore in questione, \u00e8 un repubblicano interessante, consiglio su di lui <a href=\"http:\/\/online.wsj.com\/article\/SB10001424127887323864304578316162381248872.html\">un articolo del <em>Wall Street Journal<\/em><\/a>).<\/p>\n<p>Non male, no? In realt\u00e0 grazie alle leggi americane che permettono ai finanziatori di enti senza fine di lucro di rimanere anonimi, anche quando questi enti sono sostanzialmente dei gruppi di pressione politica (c&#8217;\u00e8 <a href=\"http:\/\/www.propublica.org\/article\/six-facts-lost-in-irs-scandal\">un articolo in materia<\/a> che vorrei tradurre, ma chi legge l&#8217;inglese se lo pu\u00f2 vedere subito) non si sa esattamente chi ci sia dentro\u00a0<em>FWD.us<\/em>, per\u00f2 alcuni nomi sono stati dati in pasto alla stampa nella fase di lancio dell&#8217;iniziativa, Musk fra questi. Alcuni hanno minimizzato, altri si sono congratulati con se stessi per il fatto che a Washington \u00e8 tutto uno schifo e per fortuna c&#8217;\u00e8 chi fa il lavoro sporco per loro, e cos\u00ec via. Di Zuckerberg non ho trovato commenti.<\/p>\n<p><a href=\"http:\/\/www.robertosedda.it\/?attachment_id=3342\" rel=\"attachment wp-att-3342\"><img data-attachment-id=\"3342\" data-permalink=\"http:\/\/www.robertosedda.it\/?attachment_id=3342\" data-orig-file=\"https:\/\/i0.wp.com\/www.robertosedda.it\/wp-content\/uploads\/2013\/05\/tesla-ceo-elon-musk-628.jpg?fit=628%2C473\" data-orig-size=\"628,473\" data-comments-opened=\"1\" data-image-meta=\"{&quot;aperture&quot;:&quot;0&quot;,&quot;credit&quot;:&quot;&quot;,&quot;camera&quot;:&quot;&quot;,&quot;caption&quot;:&quot;&quot;,&quot;created_timestamp&quot;:&quot;0&quot;,&quot;copyright&quot;:&quot;&quot;,&quot;focal_length&quot;:&quot;0&quot;,&quot;iso&quot;:&quot;0&quot;,&quot;shutter_speed&quot;:&quot;0&quot;,&quot;title&quot;:&quot;&quot;}\" data-image-title=\"tesla-ceo-elon-musk-628\" data-image-description=\"\" data-image-caption=\"\" data-medium-file=\"https:\/\/i0.wp.com\/www.robertosedda.it\/wp-content\/uploads\/2013\/05\/tesla-ceo-elon-musk-628.jpg?fit=300%2C225\" data-large-file=\"https:\/\/i0.wp.com\/www.robertosedda.it\/wp-content\/uploads\/2013\/05\/tesla-ceo-elon-musk-628.jpg?fit=510%2C384\" decoding=\"async\" loading=\"lazy\" class=\"alignright size-medium wp-image-3342\" alt=\"tesla-ceo-elon-musk-628\" src=\"https:\/\/i0.wp.com\/www.robertosedda.it\/wp-content\/uploads\/2013\/05\/tesla-ceo-elon-musk-628.jpg?resize=300%2C225\" width=\"300\" height=\"225\" srcset=\"https:\/\/i0.wp.com\/www.robertosedda.it\/wp-content\/uploads\/2013\/05\/tesla-ceo-elon-musk-628.jpg?resize=300%2C225 300w, https:\/\/i0.wp.com\/www.robertosedda.it\/wp-content\/uploads\/2013\/05\/tesla-ceo-elon-musk-628.jpg?resize=268%2C200 268w, https:\/\/i0.wp.com\/www.robertosedda.it\/wp-content\/uploads\/2013\/05\/tesla-ceo-elon-musk-628.jpg?w=628 628w\" sizes=\"(max-width: 300px) 100vw, 300px\" data-recalc-dims=\"1\" \/><\/a>La reazione di Musk <a href=\"http:\/\/www.reuters.com\/article\/2013\/05\/10\/net-us-usa-immigration-technology-idUSBRE94910K20130510\">\u00e8 stata raccontata dalla <em>Reuters<\/em><\/a>: ha lasciato pubblicamente <em>FWD.us<\/em>. E a <a href=\"http:\/\/allthingsd.com\/20130529\/elon-musk-talks-about-his-falling-out-with-the-zuckerpac\/\"><em>All Things Digital<\/em><\/a> ha dichiarato:<\/p>\n<blockquote><p>\u00abPenso che dovremmo provare a far succedere le cose perch\u00e9 sono giuste. Non dovremmo cedere alla politica. Se ci abbandoniamo ai compromessi, avremo il sistema politico che ci meritiamo\u00bb.<\/p><\/blockquote>\n<p>Elon, sei il mio idolo.<\/p>\n","protected":false},"excerpt":{"rendered":"<p>Ho l&#8217;impressione che non molti in Italia abbiano mai sentito parlare di Elon Musk, eppure \u00e8 una figura interessante: co-fondatore<\/p>\n","protected":false},"author":1,"featured_media":3339,"comment_status":"open","ping_status":"open","sticky":false,"template":"","format":"standard","meta":{"_mi_skip_tracking":false,"_monsterinsights_sitenote_active":false,"_monsterinsights_sitenote_note":"","_monsterinsights_sitenote_category":0,"jetpack_post_was_ever_published":false,"_jetpack_newsletter_access":"","jetpack_publicize_message":"","jetpack_is_tweetstorm":false,"jetpack_publicize_feature_enabled":true,"jetpack_social_post_already_shared":false,"jetpack_social_options":{"image_generator_settings":{"template":"highway","enabled":false}}},"categories":[52,55,77,17,16],"tags":[],"jetpack_publicize_connections":[],"jetpack_featured_media_url":"https:\/\/i0.wp.com\/www.robertosedda.it\/wp-content\/uploads\/2013\/05\/Elon-Musk.jpg?fit=575%2C270","jetpack_sharing_enabled":true,"jetpack_shortlink":"https:\/\/wp.me\/p4jV2T-RM","jetpack_likes_enabled":true,"jetpack-related-posts":[{"id":10004,"url":"http:\/\/www.robertosedda.it\/?p=10004","url_meta":{"origin":3334,"position":0},"title":"Sopravvivere su Facebook","author":"Rufus","date":"21\/04\/2015","format":false,"excerpt":"Complice il raduno dei Delitala (a breve le foto) mia sorella Iole si \u00e8 finalmente iscritta su\u00a0Facebook. Zuckerberg, \u00e8 l'inizio della fine. Comunque quando l'ho scoperto il fratello maggiore che \u00e8 in me ha pensato: \u00abBisogna che le spieghi come funziona\u00a0Facebook\u00bb. E intendevo: chi seguire e chi no, come non\u2026","rel":"","context":"In &quot;Coordinate&quot;","block_context":{"text":"Coordinate","link":"http:\/\/www.robertosedda.it\/?cat=52"},"img":{"alt_text":"","src":"https:\/\/i0.wp.com\/www.robertosedda.it\/wp-content\/uploads\/2015\/04\/11150191_1386297198363344_2526490747846397730_n.jpg?fit=924%2C925&resize=350%2C200","width":350,"height":200,"srcset":"https:\/\/i0.wp.com\/www.robertosedda.it\/wp-content\/uploads\/2015\/04\/11150191_1386297198363344_2526490747846397730_n.jpg?fit=924%2C925&resize=350%2C200 1x, https:\/\/i0.wp.com\/www.robertosedda.it\/wp-content\/uploads\/2015\/04\/11150191_1386297198363344_2526490747846397730_n.jpg?fit=924%2C925&resize=700%2C400 2x"},"classes":[]},{"id":5126,"url":"http:\/\/www.robertosedda.it\/?p=5126","url_meta":{"origin":3334,"position":1},"title":"Mamma, \u00e8 successo un casino","author":"Rufus","date":"27\/11\/2013","format":false,"excerpt":"Questa storia inizia con una madre che riceve da una figlia la telefonata che tutti i genitori temono: \u00abMamma, \u00e8 successo un casino\u00bb. O forse inizia quando Pamela e Tommy hanno girato il loro famoso filmino privato, e qualcuno l'ha messo in linea. O forse inizia quando qualcuno ha guardato\u2026","rel":"","context":"In &quot;Coordinate&quot;","block_context":{"text":"Coordinate","link":"http:\/\/www.robertosedda.it\/?cat=52"},"img":{"alt_text":"","src":"https:\/\/i0.wp.com\/www.robertosedda.it\/wp-content\/uploads\/2013\/11\/Charlotte-Laws.jpg?fit=480%2C600&resize=350%2C200","width":350,"height":200},"classes":[]},{"id":13059,"url":"http:\/\/www.robertosedda.it\/?p=13059","url_meta":{"origin":3334,"position":2},"title":"L&#8217;ottimista e il pessimista","author":"Rufus","date":"09\/01\/2017","format":false,"excerpt":"Una delle letture pi\u00f9 stimolanti che potete fare in questo momento \u00e8 l'annuale dibattito fra Bruce Sterling e Jon Lebkowsky sullo \"stato del mondo\" 2017, ospitato da The Well. Lo so che lo consiglio ogni anno, ma quest'anno lo trovo particolarmente interessante e ho deciso di mettermi di buzzo buono\u2026","rel":"","context":"In &quot;Coordinate&quot;","block_context":{"text":"Coordinate","link":"http:\/\/www.robertosedda.it\/?cat=52"},"img":{"alt_text":"","src":"https:\/\/i0.wp.com\/www.robertosedda.it\/wp-content\/uploads\/2017\/01\/Bruce-Sterling.jpg?fit=1000%2C667&resize=350%2C200","width":350,"height":200,"srcset":"https:\/\/i0.wp.com\/www.robertosedda.it\/wp-content\/uploads\/2017\/01\/Bruce-Sterling.jpg?fit=1000%2C667&resize=350%2C200 1x, https:\/\/i0.wp.com\/www.robertosedda.it\/wp-content\/uploads\/2017\/01\/Bruce-Sterling.jpg?fit=1000%2C667&resize=700%2C400 2x"},"classes":[]},{"id":20070,"url":"http:\/\/www.robertosedda.it\/?p=20070","url_meta":{"origin":3334,"position":3},"title":"Discutere con i cretini","author":"Rufus","date":"22\/06\/2023","format":false,"excerpt":"Premessa: in questo articolo, per proteggere gli innocenti (cio\u00e8 me) dalla riprovazione dei polemisti di professione, non ci si riferir\u00e0 a situazioni reali ma, per prudenza, a cugini inesistenti che discutono di paperi e topi. Primo stadio Libro dei Proverbi, 26,4 Riflettevo, in questi giorni, che \u00e8 diffusa la battuta\u2026","rel":"","context":"In &quot;Coordinate&quot;","block_context":{"text":"Coordinate","link":"http:\/\/www.robertosedda.it\/?cat=52"},"img":{"alt_text":"","src":"https:\/\/i0.wp.com\/www.robertosedda.it\/wp-content\/uploads\/2023\/06\/Hogtez.png?fit=894%2C493&resize=350%2C200","width":350,"height":200,"srcset":"https:\/\/i0.wp.com\/www.robertosedda.it\/wp-content\/uploads\/2023\/06\/Hogtez.png?fit=894%2C493&resize=350%2C200 1x, https:\/\/i0.wp.com\/www.robertosedda.it\/wp-content\/uploads\/2023\/06\/Hogtez.png?fit=894%2C493&resize=700%2C400 2x"},"classes":[]},{"id":3922,"url":"http:\/\/www.robertosedda.it\/?p=3922","url_meta":{"origin":3334,"position":4},"title":"Il monello","author":"Rufus","date":"09\/07\/2013","format":"video","excerpt":"Ho messo oggi in linea la venticinquesima puntata di Oggi parliamo di libri, quella dedicata all'Huckleberry Finn di Mark Twain: dopo la conclusione delle puntate e la pausa estiva mi sono un po' rilassato e ho tardato a mettere su YouTube le ultime. http:\/\/www.youtube.com\/watch?v=Nno7I6lj_oY A proposito delle cose che ho\u2026","rel":"","context":"In &quot;Cappe e spade&quot;","block_context":{"text":"Cappe e spade","link":"http:\/\/www.robertosedda.it\/?cat=70"},"img":{"alt_text":"","src":"https:\/\/i0.wp.com\/www.robertosedda.it\/wp-content\/uploads\/2013\/07\/Huck-Finn.png?fit=768%2C454&resize=350%2C200","width":350,"height":200,"srcset":"https:\/\/i0.wp.com\/www.robertosedda.it\/wp-content\/uploads\/2013\/07\/Huck-Finn.png?fit=768%2C454&resize=350%2C200 1x, https:\/\/i0.wp.com\/www.robertosedda.it\/wp-content\/uploads\/2013\/07\/Huck-Finn.png?fit=768%2C454&resize=700%2C400 2x"},"classes":[]},{"id":7540,"url":"http:\/\/www.robertosedda.it\/?p=7540","url_meta":{"origin":3334,"position":5},"title":"Figo, figo, figo in maniera imbarazzante","author":"Rufus","date":"28\/05\/2014","format":false,"excerpt":"Quello che segue \u00e8 il secondo dei tre articoli che, come ho raccontato ieri, ho trovato su\u00a0The Atlantic e che ho deciso di tradurre, tre articoli che, sebbene trattino di argomenti differenti, mi sono sembrati collegati da un filo rosso comune, tre differenti visioni di un certo tipo di correttezza\u2026","rel":"","context":"In &quot;Coordinate&quot;","block_context":{"text":"Coordinate","link":"http:\/\/www.robertosedda.it\/?cat=52"},"img":{"alt_text":"","src":"https:\/\/i0.wp.com\/www.robertosedda.it\/wp-content\/uploads\/2014\/05\/james-dean.jpg?fit=570%2C430&resize=350%2C200","width":350,"height":200},"classes":[]}],"_links":{"self":[{"href":"http:\/\/www.robertosedda.it\/index.php?rest_route=\/wp\/v2\/posts\/3334"}],"collection":[{"href":"http:\/\/www.robertosedda.it\/index.php?rest_route=\/wp\/v2\/posts"}],"about":[{"href":"http:\/\/www.robertosedda.it\/index.php?rest_route=\/wp\/v2\/types\/post"}],"author":[{"embeddable":true,"href":"http:\/\/www.robertosedda.it\/index.php?rest_route=\/wp\/v2\/users\/1"}],"replies":[{"embeddable":true,"href":"http:\/\/www.robertosedda.it\/index.php?rest_route=%2Fwp%2Fv2%2Fcomments&post=3334"}],"version-history":[{"count":16,"href":"http:\/\/www.robertosedda.it\/index.php?rest_route=\/wp\/v2\/posts\/3334\/revisions"}],"predecessor-version":[{"id":3372,"href":"http:\/\/www.robertosedda.it\/index.php?rest_route=\/wp\/v2\/posts\/3334\/revisions\/3372"}],"wp:featuredmedia":[{"embeddable":true,"href":"http:\/\/www.robertosedda.it\/index.php?rest_route=\/wp\/v2\/media\/3339"}],"wp:attachment":[{"href":"http:\/\/www.robertosedda.it\/index.php?rest_route=%2Fwp%2Fv2%2Fmedia&parent=3334"}],"wp:term":[{"taxonomy":"category","embeddable":true,"href":"http:\/\/www.robertosedda.it\/index.php?rest_route=%2Fwp%2Fv2%2Fcategories&post=3334"},{"taxonomy":"post_tag","embeddable":true,"href":"http:\/\/www.robertosedda.it\/index.php?rest_route=%2Fwp%2Fv2%2Ftags&post=3334"}],"curies":[{"name":"wp","href":"https:\/\/api.w.org\/{rel}","templated":true}]}}