{"id":3179,"date":"2013-05-20T10:11:16","date_gmt":"2013-05-20T08:11:16","guid":{"rendered":"http:\/\/www.robertosedda.it\/?p=3179"},"modified":"2014-02-08T15:58:40","modified_gmt":"2014-02-08T14:58:40","slug":"proverbi-e-cantautori-allassemblea-di-banca-etica-e-altro","status":"publish","type":"post","link":"http:\/\/www.robertosedda.it\/?p=3179","title":{"rendered":"Proverbi e cantautori all&#8217;Assemblea di Banca Etica (e altro&#8230;)"},"content":{"rendered":"<p>Questo fine settimana sono stato a Firenze, insieme a un altro migliaio di persone, per l&#8217;<a href=\"http:\/\/www.bancaetica.it\/\/blog\/assemblea-dei-soci-banca-etica-approvato-bilancio-ed-eletto-nuovo-consiglio-amministrazione\">Assemblea di Banca Etica<\/a>. Fra tutti gli intervenuti c&#8217;era anche una folta delegazione spagnola: l&#8217;Assemblea sanciva l&#8217;ingresso della &#8220;quinta area&#8221;, l&#8217;area spagnola dopo le quattro italiane, nella compagine sociale.<\/p>\n<p>Il venerd\u00ec notte ci siamo visti con gli spagnoli in un locale di Firenze, per un aperitivo che per noi cagliaritani e gli altri italiani \u00e8 diventato anche la cena, mentre a mezzanotte gli spagnoli erano belli arzilli e pronti a continuare.<\/p>\n<p>A un certo punto, chiacchierando con due coppie simpatiche provenienti da Valladolid, gli ho fatto notare che in spagnolo &#8220;grano&#8221; si dice <em>trigo<\/em> e in sardo invece <em>trigu<\/em> (<a title=\"Quella volta in Argentina\" href=\"http:\/\/www.robertosedda.it\/?p=2536\">come faceva Iaccarino in Argentina<\/a>, funziona sempre). Gli ho anche raccontato che da noi al matrimonio si augura <em>salude e trigu<\/em>, salute e ricchezza.<\/p>\n<p>In cambio loro, seguendo il filo\u00a0del ragionamento sulla ricchezza,\u00a0mi hanno spiegato che per avere grano, cio\u00e8 essere prosperi, secondo un proverbio spagnolo serve <em>agua, sol y guerra in Sebastopol<\/em>, perch\u00e9 durante la guerra di Crimea le esportazioni di grano ucraino erano evidentemente bloccate e questo ha fatto la fortuna di altre zone cerearicole europee, come Valladolid. Un proverbio molto ficcante, che mi ha anche fatto pensare come sia strano che invece la guerra di Crimea non abbia lasciato molta impressione nella memoria storica sarda: eppure il Campidano era anch&#8217;esso zona cerearicola e <a href=\"http:\/\/www.sardegnadigitallibrary.it\/index.php?xsl=626&amp;id=2953\">diversi sardi furono mandati dal Piemonte a combatterla, quella guerra<\/a>.<\/p>\n<p>Ma divago: eravamo gi\u00e0 piuttosto divertiti quando, non ricordo come, la signora spagnola ci ha citato Jos\u00e9 Antonio Labordeta, un importante cantautore spagnolo di cui non avevo mai sentito parlare. Importante, mi ha spiegato. Le sue canzoni, di protesta e di lotta,\u00a0chiudono sempre le manifestazioni.<\/p>\n<p>\u00abDe la derecha o de la izquierda?\u00bb, chiedo nel mio spagnolo zoppicante (Lope de Vega deve essersi sentito piuttosto inquieto, quella sera). In Spagna solo la sinistra fa mai manifestazioni in piazza, mi rispondono sorridendo. E voi cosa cantate alle manifestazioni, chiedono, <em>Bandiera rossa<\/em>?<\/p>\n<p>Mi trovo un po&#8217; in imbarazzo a spiegare che le scelte recenti del PD non vanno propriamente in quella direzione. Temo gi\u00e0 di dovermi addentrare in zoologie ragionate di tacchini e giaguari quando mia moglie mi soccorre: \u00abAlle manifestazioni cantiamo <em>Bella ciao<\/em>, no?\u00bb. \u00abAh gi\u00e0, <em>Bella ciao<\/em>, <em>conosces<\/em>?\u00bb (Garcia Lorca si unisce a Lope nello scuotere la testa).<\/p>\n<p>Per dir la verit\u00e0, si, la conoscevano. Su una terrazza di Firenze, fra lo stupore generale di un affollato locale della <em>movida<\/em> fiorentina, e con l&#8217;appprovazione della delegazione spagnola, due cagliaritani e due vallisoletanos si sono cantati tutta <em>Bella ciao<\/em> nelle rispettive lingue (<em>y si yo caigo en la guerrillaaaaaa&#8230;<\/em>): \u00e8 stato molto divertente!<\/p>\n<h3>Una nota personale<\/h3>\n<p>Ugo Biggeri \u00e8 stato rieletto al CdA della Banca col 90% dei voti, l&#8217;Assemblea \u00e8 stata bella e ci siamo scrollati di dosso, spero, un po&#8217; della <a title=\"Sotto attacco\" href=\"http:\/\/www.robertosedda.it\/?p=3077\">tensione causata dalle lettere anonime<\/a>\u00a0e annessi e connessi. Poi domani si ricomincia, naturalmente, e non sono mai rose e fiori, ma intanto una cosa \u00e8 andata.<\/p>\n<p>A parte questo, per\u00f2, non sono per niente contento del risultato delle elezioni, tanto che sto pensando di dimettermi dall&#8217;incarico di Referente dei soci dell&#8217;Area Centro (solo da quello,\u00a0eh, la Banca nel suo complesso non c&#8217;entra niente). Ma questa \u00e8 una cosa che casomai succeder\u00e0 pi\u00f9 avanti e, come suol dirsi, \u00e8 un&#8217;altra storia e sar\u00e0 raccontata un&#8217;altra volta; nel frattempo vi lascio con Labordeta, la scoperta dell&#8217;altra sera.<\/p>\n<div class=\"jetpack-video-wrapper\"><span class=\"embed-youtube\" style=\"text-align:center; display: block;\"><iframe class=\"youtube-player\" width=\"800\" height=\"450\" src=\"https:\/\/www.youtube.com\/embed\/RN3KZ35mTo8?version=3&#038;rel=1&#038;showsearch=0&#038;showinfo=1&#038;iv_load_policy=1&#038;fs=1&#038;hl=it-IT&#038;autohide=2&#038;wmode=transparent\" allowfullscreen=\"true\" style=\"border:0;\" sandbox=\"allow-scripts allow-same-origin allow-popups allow-presentation\"><\/iframe><\/span><\/div>\n","protected":false},"excerpt":{"rendered":"<p>Questo fine settimana sono stato a Firenze, insieme a un altro migliaio di persone, per l&#8217;Assemblea di Banca Etica. Fra<\/p>\n","protected":false},"author":1,"featured_media":0,"comment_status":"open","ping_status":"open","sticky":false,"template":"","format":"video","meta":{"_mi_skip_tracking":false,"_monsterinsights_sitenote_active":false,"_monsterinsights_sitenote_note":"","_monsterinsights_sitenote_category":0,"jetpack_post_was_ever_published":false,"_jetpack_newsletter_access":"","jetpack_publicize_message":"","jetpack_is_tweetstorm":false,"jetpack_publicize_feature_enabled":true,"jetpack_social_post_already_shared":false,"jetpack_social_options":{"image_generator_settings":{"template":"highway","enabled":false}}},"categories":[52,56,17,61,16],"tags":[],"jetpack_publicize_connections":[],"jetpack_featured_media_url":"","jetpack_sharing_enabled":true,"jetpack_shortlink":"https:\/\/wp.me\/p4jV2T-Ph","jetpack_likes_enabled":true,"jetpack-related-posts":[{"id":11956,"url":"http:\/\/www.robertosedda.it\/?p=11956","url_meta":{"origin":3179,"position":0},"title":"Appello a un voto che non \u00e8 per me","author":"Rufus","date":"17\/05\/2016","format":false,"excerpt":"L'altro giorno ha suscitato panico l'idea, da me abilmente suggerita, che volessi candidarmi al Consiglio comunale.\u00a0Adesso passo direttamente all'appello al voto; ma \u00e8 per delle elezioni importanti, nelle quali per\u00f2\u00a0non sono candidato io (per fortuna di tutti). Per\u00f2 l'appello vale lo stesso e la lista, coi meccanismi partecipativi propri della\u2026","rel":"","context":"In &quot;Coordinate&quot;","block_context":{"text":"Coordinate","link":"http:\/\/www.robertosedda.it\/?cat=52"},"img":{"alt_text":"","src":"https:\/\/i0.wp.com\/www.robertosedda.it\/wp-content\/uploads\/2016\/05\/Dentico.jpg?fit=400%2C400&resize=350%2C200","width":350,"height":200},"classes":[]},{"id":6856,"url":"http:\/\/www.robertosedda.it\/?p=6856","url_meta":{"origin":3179,"position":1},"title":"Un&#8217;ardente pazienza","author":"Rufus","date":"31\/03\/2014","format":false,"excerpt":"Questo scorso fine settimana sono stato a Barcellona per l'Assemblea di FIARE, i soci spagnoli di Banca Etica. Della visita alla citt\u00e0, l'unico posto che ho visto sinora dove un cagliaritano potrebbe sentirsi a casa, e della stessa assemblea parler\u00f2 magari un'altra volta. Oggi vi dir\u00f2 che sono rimasto molto\u2026","rel":"","context":"In &quot;Coordinate&quot;","block_context":{"text":"Coordinate","link":"http:\/\/www.robertosedda.it\/?cat=52"},"img":{"alt_text":"","src":"https:\/\/i0.wp.com\/www.robertosedda.it\/wp-content\/uploads\/2014\/03\/Assemblea-FIARE.jpeg?fit=1200%2C900&resize=350%2C200","width":350,"height":200,"srcset":"https:\/\/i0.wp.com\/www.robertosedda.it\/wp-content\/uploads\/2014\/03\/Assemblea-FIARE.jpeg?fit=1200%2C900&resize=350%2C200 1x, https:\/\/i0.wp.com\/www.robertosedda.it\/wp-content\/uploads\/2014\/03\/Assemblea-FIARE.jpeg?fit=1200%2C900&resize=700%2C400 2x, https:\/\/i0.wp.com\/www.robertosedda.it\/wp-content\/uploads\/2014\/03\/Assemblea-FIARE.jpeg?fit=1200%2C900&resize=1050%2C600 3x"},"classes":[]},{"id":6603,"url":"http:\/\/www.robertosedda.it\/?p=6603","url_meta":{"origin":3179,"position":2},"title":"Un breve e bizzarro avviso terminologico","author":"Rufus","date":"28\/02\/2014","format":false,"excerpt":"Una delle cose che mi piace moltissimo dei soci spagnoli di Banca Etica \u00e8 che usano con grandissima facilit\u00e0 una parola che in italiano ha conosciuto una sfortuna crescente: compa\u00f1ero, compagno, e che evidentemente da loro ha resistito meglio alle avversit\u00e0 della storia. E quindi ho deciso che se lo\u2026","rel":"","context":"In &quot;Coordinate&quot;","block_context":{"text":"Coordinate","link":"http:\/\/www.robertosedda.it\/?cat=52"},"img":{"alt_text":"","src":"https:\/\/i0.wp.com\/www.robertosedda.it\/wp-content\/uploads\/2014\/02\/Roberto-Sedda.jpg?fit=477%2C720&resize=350%2C200","width":350,"height":200},"classes":[]},{"id":10205,"url":"http:\/\/www.robertosedda.it\/?p=10205","url_meta":{"origin":3179,"position":3},"title":"Articoli dimenticati","author":"Rufus","date":"08\/05\/2015","format":false,"excerpt":"Mi sono accorto oggi che non avevo riportato sul\u00a0blog l'articolo che ho pubblicato sul supplemento diocesano di\u00a0Avvenire\u00a0del 19 aprile 2015, dedicato a Banca Etica. Lo riposto qui: \u00e8 un articolo brevissimo e anche piuttosto anonimo (me lo dico da solo...), nel senso che occorreva prima di tutto presentare la Banca\u2026","rel":"","context":"In &quot;Banche e finanza&quot;","block_context":{"text":"Banche e finanza","link":"http:\/\/www.robertosedda.it\/?cat=72"},"img":{"alt_text":"","src":"https:\/\/i0.wp.com\/www.robertosedda.it\/wp-content\/uploads\/2015\/05\/Avvenire-Cagliari-testata.jpg?fit=648%2C218&resize=350%2C200","width":350,"height":200},"classes":[]},{"id":20488,"url":"http:\/\/www.robertosedda.it\/?p=20488","url_meta":{"origin":3179,"position":4},"title":"La parentesi spagnola","author":"Rufus","date":"09\/05\/2024","format":false,"excerpt":"L'anno scorso il gruppo dei soci della Sardegna meridionale di Banca Popolare Etica ha fatto un gemellaggio coi soci andalusi, e fra le altre cose siamo andati alcuni giorni a Granada. Abbiamo incontrato realt\u00e0 dell'economa sociale locale (alcune straordinarie), abbiamo fatto un po' di turismo - l'Alhambra \u00e8 uno dei\u2026","rel":"","context":"In &quot;Coordinate&quot;","block_context":{"text":"Coordinate","link":"http:\/\/www.robertosedda.it\/?cat=52"},"img":{"alt_text":"","src":"https:\/\/i0.wp.com\/www.robertosedda.it\/wp-content\/uploads\/2024\/05\/Granada-feria-scaled.jpg?fit=1200%2C900&resize=350%2C200","width":350,"height":200,"srcset":"https:\/\/i0.wp.com\/www.robertosedda.it\/wp-content\/uploads\/2024\/05\/Granada-feria-scaled.jpg?fit=1200%2C900&resize=350%2C200 1x, https:\/\/i0.wp.com\/www.robertosedda.it\/wp-content\/uploads\/2024\/05\/Granada-feria-scaled.jpg?fit=1200%2C900&resize=700%2C400 2x, https:\/\/i0.wp.com\/www.robertosedda.it\/wp-content\/uploads\/2024\/05\/Granada-feria-scaled.jpg?fit=1200%2C900&resize=1050%2C600 3x"},"classes":[]},{"id":11224,"url":"http:\/\/www.robertosedda.it\/?p=11224","url_meta":{"origin":3179,"position":5},"title":"Di assemblee, regolamenti elettorali e teoria dei giochi","author":"Rufus","date":"26\/11\/2015","format":false,"excerpt":"Domani presto prendo l'aereo per poter essere, sabato, all'Assemblea straordinaria di Banca Etica a Padova. Approveremo una serie di modifiche statutarie e il nuovo regolamento per l'elezione del Consiglio di Amministrazione della Banca e io ci devo essere perch\u00e9, in un certo senso, \u00e8 tutta colpa mia. Cio\u00e8, non esageriamo.\u2026","rel":"","context":"In &quot;Coordinate&quot;","block_context":{"text":"Coordinate","link":"http:\/\/www.robertosedda.it\/?cat=52"},"img":{"alt_text":"","src":"https:\/\/i0.wp.com\/www.robertosedda.it\/wp-content\/uploads\/2015\/11\/assemblea.jpg?fit=925%2C250&resize=350%2C200","width":350,"height":200,"srcset":"https:\/\/i0.wp.com\/www.robertosedda.it\/wp-content\/uploads\/2015\/11\/assemblea.jpg?fit=925%2C250&resize=350%2C200 1x, https:\/\/i0.wp.com\/www.robertosedda.it\/wp-content\/uploads\/2015\/11\/assemblea.jpg?fit=925%2C250&resize=700%2C400 2x"},"classes":[]}],"_links":{"self":[{"href":"http:\/\/www.robertosedda.it\/index.php?rest_route=\/wp\/v2\/posts\/3179"}],"collection":[{"href":"http:\/\/www.robertosedda.it\/index.php?rest_route=\/wp\/v2\/posts"}],"about":[{"href":"http:\/\/www.robertosedda.it\/index.php?rest_route=\/wp\/v2\/types\/post"}],"author":[{"embeddable":true,"href":"http:\/\/www.robertosedda.it\/index.php?rest_route=\/wp\/v2\/users\/1"}],"replies":[{"embeddable":true,"href":"http:\/\/www.robertosedda.it\/index.php?rest_route=%2Fwp%2Fv2%2Fcomments&post=3179"}],"version-history":[{"count":7,"href":"http:\/\/www.robertosedda.it\/index.php?rest_route=\/wp\/v2\/posts\/3179\/revisions"}],"predecessor-version":[{"id":6299,"href":"http:\/\/www.robertosedda.it\/index.php?rest_route=\/wp\/v2\/posts\/3179\/revisions\/6299"}],"wp:attachment":[{"href":"http:\/\/www.robertosedda.it\/index.php?rest_route=%2Fwp%2Fv2%2Fmedia&parent=3179"}],"wp:term":[{"taxonomy":"category","embeddable":true,"href":"http:\/\/www.robertosedda.it\/index.php?rest_route=%2Fwp%2Fv2%2Fcategories&post=3179"},{"taxonomy":"post_tag","embeddable":true,"href":"http:\/\/www.robertosedda.it\/index.php?rest_route=%2Fwp%2Fv2%2Ftags&post=3179"}],"curies":[{"name":"wp","href":"https:\/\/api.w.org\/{rel}","templated":true}]}}