{"id":3152,"date":"2013-05-16T16:12:50","date_gmt":"2013-05-16T14:12:50","guid":{"rendered":"http:\/\/www.robertosedda.it\/?p=3152"},"modified":"2015-03-19T13:12:34","modified_gmt":"2015-03-19T12:12:34","slug":"gli-eroi-della-legione","status":"publish","type":"post","link":"http:\/\/www.robertosedda.it\/?p=3152","title":{"rendered":"Gli eroi della Legione"},"content":{"rendered":"<p><a href=\"https:\/\/i0.wp.com\/www.robertosedda.it\/wp-content\/uploads\/2013\/05\/Qui-la-Legione1.jpg\"><img data-attachment-id=\"3156\" data-permalink=\"http:\/\/www.robertosedda.it\/?attachment_id=3156\" data-orig-file=\"https:\/\/i0.wp.com\/www.robertosedda.it\/wp-content\/uploads\/2013\/05\/Qui-la-Legione1.jpg?fit=549%2C800\" data-orig-size=\"549,800\" data-comments-opened=\"1\" data-image-meta=\"{&quot;aperture&quot;:&quot;0&quot;,&quot;credit&quot;:&quot;&quot;,&quot;camera&quot;:&quot;&quot;,&quot;caption&quot;:&quot;&quot;,&quot;created_timestamp&quot;:&quot;0&quot;,&quot;copyright&quot;:&quot;&quot;,&quot;focal_length&quot;:&quot;0&quot;,&quot;iso&quot;:&quot;0&quot;,&quot;shutter_speed&quot;:&quot;0&quot;,&quot;title&quot;:&quot;&quot;}\" data-image-title=\"Qui la Legione\" data-image-description=\"\" data-image-caption=\"\" data-medium-file=\"https:\/\/i0.wp.com\/www.robertosedda.it\/wp-content\/uploads\/2013\/05\/Qui-la-Legione1.jpg?fit=205%2C300\" data-large-file=\"https:\/\/i0.wp.com\/www.robertosedda.it\/wp-content\/uploads\/2013\/05\/Qui-la-Legione1.jpg?fit=510%2C743\" decoding=\"async\" loading=\"lazy\" class=\"alignleft size-medium wp-image-3156\" src=\"https:\/\/i0.wp.com\/www.robertosedda.it\/wp-content\/uploads\/2013\/05\/Qui-la-Legione1.jpg?resize=205%2C300\" alt=\"Qui la Legione\" width=\"205\" height=\"300\" srcset=\"https:\/\/i0.wp.com\/www.robertosedda.it\/wp-content\/uploads\/2013\/05\/Qui-la-Legione1.jpg?resize=205%2C300 205w, https:\/\/i0.wp.com\/www.robertosedda.it\/wp-content\/uploads\/2013\/05\/Qui-la-Legione1.jpg?w=549 549w\" sizes=\"(max-width: 205px) 100vw, 205px\" data-recalc-dims=\"1\" \/><\/a>Il 2 maggio ho chiuso la serie di puntate dedicate alle avventure ambientate nelle grande epopee coloniali ottocentesche parlando di fumetti, con una trasmissione quasi del tutto occupata da <em>Qui la Legione<\/em> di Wood e Garcia Duran.<\/p>\n<p>So benissimo che \u00e8 una serie che gronda retorica (anche)\u00a0militaresca, ma \u00e8 indubitabilmente un gran fumetto (un <em>grandissimo<\/em> fumetto)\u00a0in cui Wood gioca benissimo la carta della coralit\u00e0, strappa con facilit\u00e0 emozioni e tratteggia da par suo dei bei personaggi (rimango comunque convinto che il punto di forza di <em>Qui la Legione<\/em> sia nella coralit\u00e0 di personaggi e situazioni).<\/p>\n<p>E poi diciamolo: se uno \u00e8 interessato ai fumetti per due giganti come Wood e Garcia Duran deve passare per forza, e <em>Qui la Legione<\/em> \u00e8 certamente uno dei loro lavori pi\u00f9 rappresentativi (Wood torner\u00e0 varie altre volte sul tema, l&#8217;ultima col battaglione spagnolo dei legionari di <em>Joan<\/em>).<\/p>\n<div class=\"jetpack-video-wrapper\"><span class=\"embed-youtube\" style=\"text-align:center; display: block;\"><iframe class=\"youtube-player\" width=\"800\" height=\"450\" src=\"https:\/\/www.youtube.com\/embed\/kuSO54s9cgA?version=3&#038;rel=1&#038;showsearch=0&#038;showinfo=1&#038;iv_load_policy=1&#038;fs=1&#038;hl=it-IT&#038;autohide=2&#038;wmode=transparent\" allowfullscreen=\"true\" style=\"border:0;\" sandbox=\"allow-scripts allow-same-origin allow-popups allow-presentation\"><\/iframe><\/span><\/div>\n<p><a href=\"https:\/\/i0.wp.com\/www.robertosedda.it\/wp-content\/uploads\/2013\/05\/Qui-la-legione-Wood-Garcia-Duran.jpg\"><img data-attachment-id=\"3161\" data-permalink=\"http:\/\/www.robertosedda.it\/?attachment_id=3161\" data-orig-file=\"https:\/\/i0.wp.com\/www.robertosedda.it\/wp-content\/uploads\/2013\/05\/Qui-la-legione-Wood-Garcia-Duran.jpg?fit=1444%2C2043\" data-orig-size=\"1444,2043\" data-comments-opened=\"1\" data-image-meta=\"{&quot;aperture&quot;:&quot;0&quot;,&quot;credit&quot;:&quot;&quot;,&quot;camera&quot;:&quot;&quot;,&quot;caption&quot;:&quot;&quot;,&quot;created_timestamp&quot;:&quot;0&quot;,&quot;copyright&quot;:&quot;&quot;,&quot;focal_length&quot;:&quot;0&quot;,&quot;iso&quot;:&quot;0&quot;,&quot;shutter_speed&quot;:&quot;0&quot;,&quot;title&quot;:&quot;&quot;}\" data-image-title=\"Qui la legione Wood Garcia Duran\" data-image-description=\"\" data-image-caption=\"\" data-medium-file=\"https:\/\/i0.wp.com\/www.robertosedda.it\/wp-content\/uploads\/2013\/05\/Qui-la-legione-Wood-Garcia-Duran.jpg?fit=212%2C300\" data-large-file=\"https:\/\/i0.wp.com\/www.robertosedda.it\/wp-content\/uploads\/2013\/05\/Qui-la-legione-Wood-Garcia-Duran.jpg?fit=510%2C722\" decoding=\"async\" loading=\"lazy\" class=\"alignright size-medium wp-image-3161\" src=\"https:\/\/i0.wp.com\/www.robertosedda.it\/wp-content\/uploads\/2013\/05\/Qui-la-legione-Wood-Garcia-Duran.jpg?resize=212%2C300\" alt=\"Qui la legione Wood Garcia Duran\" width=\"212\" height=\"300\" srcset=\"https:\/\/i0.wp.com\/www.robertosedda.it\/wp-content\/uploads\/2013\/05\/Qui-la-legione-Wood-Garcia-Duran.jpg?resize=212%2C300 212w, https:\/\/i0.wp.com\/www.robertosedda.it\/wp-content\/uploads\/2013\/05\/Qui-la-legione-Wood-Garcia-Duran.jpg?resize=723%2C1024 723w, https:\/\/i0.wp.com\/www.robertosedda.it\/wp-content\/uploads\/2013\/05\/Qui-la-legione-Wood-Garcia-Duran.jpg?resize=700%2C990 700w, https:\/\/i0.wp.com\/www.robertosedda.it\/wp-content\/uploads\/2013\/05\/Qui-la-legione-Wood-Garcia-Duran.jpg?w=1444 1444w\" sizes=\"(max-width: 212px) 100vw, 212px\" data-recalc-dims=\"1\" \/><\/a>Sulla puntata in s\u00e9 e sul tema della Legione non credo di avere molto altro da dire, se non che forse avrei dovuto dare pi\u00f9 spazio al fascino tutto particolare esercitato dalla Legione, un fascino ambiguo che porta questo corpo a comparire in un numero impressionante di romanzi e situazioni avventurose, come ho detto in trasmissione, spesso per\u00f2 coi legionari nel ruolo degli antagonisti degli eroi di turno. Peraltro, questo costruire le dimensioni avventurose con degli ingredienti ricorrenti (la Legione come le citt\u00e0 sepolte o i cannibali o i mari del Sud o i cacciatori bianchi) \u00e8 un segnale che il genere \u00e8 andato costruendo un proprio canone: non necessariamente un elemento positivo, che ci d\u00e0 Corto Maltese (e infatti riprender\u00f2 il tema nella puntata a lui dedicata) ma anche Wilbur Smith.<\/p>\n<h3>Gli altri libri di cui ho parlato<\/h3>\n<p><a href=\"https:\/\/i0.wp.com\/www.robertosedda.it\/wp-content\/uploads\/2013\/05\/Fusco-Legione-straniera.jpg\"><img data-attachment-id=\"3162\" data-permalink=\"http:\/\/www.robertosedda.it\/?attachment_id=3162\" data-orig-file=\"https:\/\/i0.wp.com\/www.robertosedda.it\/wp-content\/uploads\/2013\/05\/Fusco-Legione-straniera.jpg?fit=364%2C508\" data-orig-size=\"364,508\" data-comments-opened=\"1\" data-image-meta=\"{&quot;aperture&quot;:&quot;0&quot;,&quot;credit&quot;:&quot;&quot;,&quot;camera&quot;:&quot;&quot;,&quot;caption&quot;:&quot;&quot;,&quot;created_timestamp&quot;:&quot;0&quot;,&quot;copyright&quot;:&quot;&quot;,&quot;focal_length&quot;:&quot;0&quot;,&quot;iso&quot;:&quot;0&quot;,&quot;shutter_speed&quot;:&quot;0&quot;,&quot;title&quot;:&quot;&quot;}\" data-image-title=\"Fusco Legione straniera\" data-image-description=\"\" data-image-caption=\"\" data-medium-file=\"https:\/\/i0.wp.com\/www.robertosedda.it\/wp-content\/uploads\/2013\/05\/Fusco-Legione-straniera.jpg?fit=214%2C300\" data-large-file=\"https:\/\/i0.wp.com\/www.robertosedda.it\/wp-content\/uploads\/2013\/05\/Fusco-Legione-straniera.jpg?fit=364%2C508\" decoding=\"async\" loading=\"lazy\" class=\"size-medium wp-image-3162 alignleft\" src=\"https:\/\/i0.wp.com\/www.robertosedda.it\/wp-content\/uploads\/2013\/05\/Fusco-Legione-straniera.jpg?resize=214%2C300\" alt=\"Fusco Legione straniera\" width=\"214\" height=\"300\" srcset=\"https:\/\/i0.wp.com\/www.robertosedda.it\/wp-content\/uploads\/2013\/05\/Fusco-Legione-straniera.jpg?resize=214%2C300 214w, https:\/\/i0.wp.com\/www.robertosedda.it\/wp-content\/uploads\/2013\/05\/Fusco-Legione-straniera.jpg?w=364 364w\" sizes=\"(max-width: 214px) 100vw, 214px\" data-recalc-dims=\"1\" \/><\/a>Fra gli altri libri di cui ho parlato in coda come consigli ulteriori rispetto all&#8217;argomento principale ce ne sono due che avrebbero meritato sicuramente maggior spazio. Uno \u00e8 <a href=\"http:\/\/www.sellerio.it\/it\/catalogo\/Legione-Straniera\/Fusco\/886\"><em>La Legione straniera<\/em><\/a>\u00a0di Giancarlo Fusco, pubblicato da Sellerio. Fusco \u00e8 un personaggio avventuroso gi\u00e0 di per s\u00e9 (a me piacque moltissimo <a href=\"http:\/\/www.inmondadori.it\/Duri-a-Marsiglia-Gian-Carlo-Fusco\/eai978880617544\/\"><em>Duri a Marsiglia<\/em><\/a>) ma consiglio questo suo libro anche perch\u00e9 non ho trovato che dal punto di vista storico-giornalistico sia poi stato\u00a0pubblicato sulla Legione moltissimo, in italiano, e qui mi pare si vada abbastanza sul sicuro.<\/p>\n<p><a href=\"https:\/\/i0.wp.com\/www.robertosedda.it\/wp-content\/uploads\/2013\/05\/Saint-Exup\u00e9ry-terra-degli-uomini.jpg\"><img data-attachment-id=\"3163\" data-permalink=\"http:\/\/www.robertosedda.it\/?attachment_id=3163\" data-orig-file=\"https:\/\/i0.wp.com\/www.robertosedda.it\/wp-content\/uploads\/2013\/05\/Saint-Exup\u00e9ry-terra-degli-uomini.jpg?fit=200%2C305\" data-orig-size=\"200,305\" data-comments-opened=\"1\" data-image-meta=\"{&quot;aperture&quot;:&quot;0&quot;,&quot;credit&quot;:&quot;&quot;,&quot;camera&quot;:&quot;&quot;,&quot;caption&quot;:&quot;&quot;,&quot;created_timestamp&quot;:&quot;0&quot;,&quot;copyright&quot;:&quot;&quot;,&quot;focal_length&quot;:&quot;0&quot;,&quot;iso&quot;:&quot;0&quot;,&quot;shutter_speed&quot;:&quot;0&quot;,&quot;title&quot;:&quot;&quot;}\" data-image-title=\"Saint-Exup\u00e9ry terra degli uomini\" data-image-description=\"\" data-image-caption=\"\" data-medium-file=\"https:\/\/i0.wp.com\/www.robertosedda.it\/wp-content\/uploads\/2013\/05\/Saint-Exup\u00e9ry-terra-degli-uomini.jpg?fit=196%2C300\" data-large-file=\"https:\/\/i0.wp.com\/www.robertosedda.it\/wp-content\/uploads\/2013\/05\/Saint-Exup\u00e9ry-terra-degli-uomini.jpg?fit=200%2C305\" decoding=\"async\" loading=\"lazy\" class=\"size-medium wp-image-3163 alignright\" src=\"https:\/\/i0.wp.com\/www.robertosedda.it\/wp-content\/uploads\/2013\/05\/Saint-Exup\u00e9ry-terra-degli-uomini.jpg?resize=196%2C300\" alt=\"Saint-Exup\u00e9ry terra degli uomini\" width=\"196\" height=\"300\" srcset=\"https:\/\/i0.wp.com\/www.robertosedda.it\/wp-content\/uploads\/2013\/05\/Saint-Exup\u00e9ry-terra-degli-uomini.jpg?resize=196%2C300 196w, https:\/\/i0.wp.com\/www.robertosedda.it\/wp-content\/uploads\/2013\/05\/Saint-Exup\u00e9ry-terra-degli-uomini.jpg?w=200 200w\" sizes=\"(max-width: 196px) 100vw, 196px\" data-recalc-dims=\"1\" \/><\/a>L&#8217;altro libro, che <em>davvero<\/em> non credo vi poteste aspettare come consiglio in una puntata dedicata alla Legione straniera, \u00e8 <em>Terra degli uomini<\/em> di Antoine de Saint-Exup\u00e9ry: ma \u00e8\u00a0un libro con belle pagine sul Sahara, e un gran bel libro d&#8217;avventura, oltretutto, quindi direi che ci sta.<\/p>\n<p>Il terzo libro di cui ho parlato, invece, \u00e8 un po&#8217; meno consigliato, sebbene sia apparentemente molto pi\u00f9 in tema, ed \u00e8 <em>Beau Geste <\/em>(anche noto come <em>Un dramma nel Sahara<\/em>), di P.C. Wren. \u00c8 interessante come testimonianza quasi-contemporanea e come elemento fondativo del mito della Legione, ma a parte questo io lo trovo un tantino datato, e quindi ho deciso di non dedicargli la puntata, come avevo pensato inizialmente, e di consigliarlo un po&#8217; sottovoce: ma se siete amanti dei drammoni vittoriani ci troverete ci\u00f2 che fa per voi.<\/p>\n<p>Durante la trasmissione abbiamo trasmesso <em>Camera con vista sul deserto<\/em> di Ligabue. Leggo che alcuni la ritengono al pi\u00f9 bella canzone del Liga (io non lo credo) ma la scelta \u00e8 stata tutto sommato abbastanza casuale, per l&#8217;assonanza del titolo con il tema della puntata: il problema \u00e8 che non mi era venuto in mente nient&#8217;altro.<\/p>\n<div class=\"jetpack-video-wrapper\"><span class=\"embed-youtube\" style=\"text-align:center; display: block;\"><iframe class=\"youtube-player\" width=\"800\" height=\"450\" src=\"https:\/\/www.youtube.com\/embed\/nF4_rT85fx4?version=3&#038;rel=1&#038;showsearch=0&#038;showinfo=1&#038;iv_load_policy=1&#038;fs=1&#038;hl=it-IT&#038;autohide=2&#038;wmode=transparent\" allowfullscreen=\"true\" style=\"border:0;\" sandbox=\"allow-scripts allow-same-origin allow-popups allow-presentation\"><\/iframe><\/span><\/div>\n","protected":false},"excerpt":{"rendered":"<p>Il 2 maggio ho chiuso la serie di puntate dedicate alle avventure ambientate nelle grande epopee coloniali ottocentesche parlando di<\/p>\n","protected":false},"author":1,"featured_media":0,"comment_status":"open","ping_status":"open","sticky":false,"template":"","format":"video","meta":{"_mi_skip_tracking":false,"_monsterinsights_sitenote_active":false,"_monsterinsights_sitenote_note":"","_monsterinsights_sitenote_category":0,"jetpack_post_was_ever_published":false,"_jetpack_newsletter_access":"","jetpack_publicize_message":"","jetpack_is_tweetstorm":false,"jetpack_publicize_feature_enabled":true,"jetpack_social_post_already_shared":false,"jetpack_social_options":{"image_generator_settings":{"template":"highway","enabled":false}}},"categories":[70,52,20,56,12],"tags":[],"jetpack_publicize_connections":[],"jetpack_featured_media_url":"","jetpack_sharing_enabled":true,"jetpack_shortlink":"https:\/\/wp.me\/p4jV2T-OQ","jetpack_likes_enabled":true,"jetpack-related-posts":[{"id":4084,"url":"http:\/\/www.robertosedda.it\/?p=4084","url_meta":{"origin":3152,"position":0},"title":"Gli altri suggerimenti per giocare di ruolo","author":"Rufus","date":"23\/07\/2013","format":false,"excerpt":"Questo \u00e8 il secondo articolo della serie, apparso nei primi numeri di Kaos. Nuovi suggerimenti per giocare di ruolo A costo di contraddirmi devo dire che in realt\u00e0 non\u00a0\u00e8 necessario fare tutta la trafila descritta nell'altro articolo: qualche passo pu\u00f2 essere saltato creando personaggi che si ispirino direttamente a libri,\u2026","rel":"","context":"In &quot;Coordinate&quot;","block_context":{"text":"Coordinate","link":"http:\/\/www.robertosedda.it\/?cat=52"},"img":{"alt_text":"","src":"","width":0,"height":0},"classes":[]},{"id":2219,"url":"http:\/\/www.robertosedda.it\/?p=2219","url_meta":{"origin":3152,"position":1},"title":"Davvero","author":"Rufus","date":"15\/02\/2013","format":false,"excerpt":"Ho conosciuto il progetto di Davvero a Lucca, anche se un po' en passant, come credo di avere gi\u00e0 raccontato. Arrivati adesso al terzo numero credo che si possa provare a tracciare un bilancio: naturalmente, considerato che io sto seguendo l'edizione in edicola mentre on line il fumetto \u00e8 andato\u2026","rel":"","context":"In &quot;Coordinate&quot;","block_context":{"text":"Coordinate","link":"http:\/\/www.robertosedda.it\/?cat=52"},"img":{"alt_text":"","src":"https:\/\/i0.wp.com\/www.robertosedda.it\/wp-content\/uploads\/2013\/02\/davvero-di-paola-barbato-edizioni-star-comics-L-Popq4s.jpeg?fit=368%2C556&resize=350%2C200","width":350,"height":200},"classes":[]},{"id":8500,"url":"http:\/\/www.robertosedda.it\/?p=8500","url_meta":{"origin":3152,"position":2},"title":"Dieci fumetti da leggere almeno una volta nella vita","author":"Rufus","date":"30\/09\/2014","format":false,"excerpt":"Il mio amico Giovanni Piredda, copiando un'idea di un altro comune amico, Graziano Montanini, mi ha inserito in quella che lui ritiene la catena definitiva, nella quale mi tocca di indicare dieci fumetti \"che\u00a0si dovrebbe provare a leggere\". Per essere una catena (in realt\u00e0 finta, fintissima, perch\u00e9 non va avanti\u2026","rel":"","context":"In &quot;Coordinate&quot;","block_context":{"text":"Coordinate","link":"http:\/\/www.robertosedda.it\/?cat=52"},"img":{"alt_text":"","src":"https:\/\/i0.wp.com\/www.robertosedda.it\/wp-content\/uploads\/2014\/09\/Corto-Maltese-comodo.jpg?fit=625%2C309&resize=350%2C200","width":350,"height":200},"classes":[]},{"id":10650,"url":"http:\/\/www.robertosedda.it\/?p=10650","url_meta":{"origin":3152,"position":3},"title":"Buone abitudini fumettistiche (e segnalazioni)","author":"Rufus","date":"20\/08\/2015","format":false,"excerpt":"Dopo pi\u00f9 o meno un anno di interruzione (o forse pi\u00f9) ho ripreso a comprare Skorpio e Lanciostory, un'abitudine di lettura che mi ha accompagnato fin dalla giovinezza e che sicuramente ha avuto un gran peso nel formare il mio gusto in termini di fumetti e di racconti di avventura\u2026","rel":"","context":"In &quot;Cappe e spade&quot;","block_context":{"text":"Cappe e spade","link":"http:\/\/www.robertosedda.it\/?cat=70"},"img":{"alt_text":"","src":"https:\/\/i0.wp.com\/www.robertosedda.it\/wp-content\/uploads\/2015\/08\/Nestor-Burma.gif?fit=368%2C475&resize=350%2C200","width":350,"height":200},"classes":[]},{"id":1033,"url":"http:\/\/www.robertosedda.it\/?p=1033","url_meta":{"origin":3152,"position":4},"title":"La leggenda di Shangai Devil","author":"Rufus","date":"14\/10\/2012","format":false,"excerpt":"Dopo aver finito il tredicesimo numero di Shangai Devil, Sette diavoli, riflettevo che questa serie sarebbe piaciuta al vecchio David Gemmell, i cui romanzi finivano tutti per arrivare ad un assedio disperato in cui pochi eroi affrontavano forze soverchianti. Dalle Termopili a Davy Crockett ad Alamo si tratta di un\u2026","rel":"","context":"In &quot;Cappe e spade&quot;","block_context":{"text":"Cappe e spade","link":"http:\/\/www.robertosedda.it\/?cat=70"},"img":{"alt_text":"","src":"https:\/\/i0.wp.com\/www.robertosedda.it\/wp-content\/uploads\/2012\/10\/98_1318261248.jpg?fit=447%2C379&resize=350%2C200","width":350,"height":200},"classes":[]},{"id":2853,"url":"http:\/\/www.robertosedda.it\/?p=2853","url_meta":{"origin":3152,"position":5},"title":"Una puntata conclusiva","author":"Rufus","date":"12\/04\/2013","format":"video","excerpt":"Ho messo oggi on line la puntata di Oggi parliamo di libri che concludeva il ciclo dedicatato a fantasy e fantascienza. Durante\u00a0le trasmissioni\u00a0ho presentato, nell'ordine: Lo Hobbit, L'eternauta, Il gioco di Ender, il ciclo di Conan il Barbaro, il ciclo di Harry Potter, La mano sinistra delle tenebre, i libri\u2026","rel":"","context":"In &quot;Coordinate&quot;","block_context":{"text":"Coordinate","link":"http:\/\/www.robertosedda.it\/?cat=52"},"img":{"alt_text":"","src":"https:\/\/i0.wp.com\/www.robertosedda.it\/wp-content\/uploads\/2013\/04\/Fine-fantasy.jpg?fit=1009%2C691&resize=350%2C200","width":350,"height":200,"srcset":"https:\/\/i0.wp.com\/www.robertosedda.it\/wp-content\/uploads\/2013\/04\/Fine-fantasy.jpg?fit=1009%2C691&resize=350%2C200 1x, https:\/\/i0.wp.com\/www.robertosedda.it\/wp-content\/uploads\/2013\/04\/Fine-fantasy.jpg?fit=1009%2C691&resize=700%2C400 2x"},"classes":[]}],"_links":{"self":[{"href":"http:\/\/www.robertosedda.it\/index.php?rest_route=\/wp\/v2\/posts\/3152"}],"collection":[{"href":"http:\/\/www.robertosedda.it\/index.php?rest_route=\/wp\/v2\/posts"}],"about":[{"href":"http:\/\/www.robertosedda.it\/index.php?rest_route=\/wp\/v2\/types\/post"}],"author":[{"embeddable":true,"href":"http:\/\/www.robertosedda.it\/index.php?rest_route=\/wp\/v2\/users\/1"}],"replies":[{"embeddable":true,"href":"http:\/\/www.robertosedda.it\/index.php?rest_route=%2Fwp%2Fv2%2Fcomments&post=3152"}],"version-history":[{"count":14,"href":"http:\/\/www.robertosedda.it\/index.php?rest_route=\/wp\/v2\/posts\/3152\/revisions"}],"predecessor-version":[{"id":9807,"href":"http:\/\/www.robertosedda.it\/index.php?rest_route=\/wp\/v2\/posts\/3152\/revisions\/9807"}],"wp:attachment":[{"href":"http:\/\/www.robertosedda.it\/index.php?rest_route=%2Fwp%2Fv2%2Fmedia&parent=3152"}],"wp:term":[{"taxonomy":"category","embeddable":true,"href":"http:\/\/www.robertosedda.it\/index.php?rest_route=%2Fwp%2Fv2%2Fcategories&post=3152"},{"taxonomy":"post_tag","embeddable":true,"href":"http:\/\/www.robertosedda.it\/index.php?rest_route=%2Fwp%2Fv2%2Ftags&post=3152"}],"curies":[{"name":"wp","href":"https:\/\/api.w.org\/{rel}","templated":true}]}}