{"id":3102,"date":"2013-05-14T17:47:34","date_gmt":"2013-05-14T15:47:34","guid":{"rendered":"http:\/\/www.robertosedda.it\/?p=3102"},"modified":"2013-05-14T18:57:39","modified_gmt":"2013-05-14T16:57:39","slug":"monumenti-aperti-e-le-mura-che-non-parlano","status":"publish","type":"post","link":"http:\/\/www.robertosedda.it\/?p=3102","title":{"rendered":"Monumenti aperti e le mura che non parlano"},"content":{"rendered":"<p>Sabato 11 e domenica 12 maggio i cagliaritani hanno potuto godere di <a href=\"http:\/\/www.monumentiaperti.com\/it\/comune\/341\/Cagliari.html\"><em>Monumenti Aperti<\/em><\/a>. In decine di migliaia si sono accuratamente messi in fila per visitare chiese e siti archeologici altrimenti chiusi per tutto l&#8217;anno. Una grande festa civile, una operazione culturale intelligente, una bella occasione per riprendersi la citt\u00e0 o per farla conoscere meglio ai turisti. Il tutto grazie alla collaborazione di centinaia di volontari, molti dei quali giovani o giovanissimi studenti delle scuole cittadine, entusiasti, partecipi e&#8230; ecco, magari si esita ad aggiungere l&#8217;aggettivo &#8220;preparati&#8221;.<\/p>\n<p>Perch\u00e9, messo sull&#8217;avviso da un paio di sciocchezze sentite qui e l\u00e0, ho provato ad approfondire e un po&#8217; di problemi, per testimonianza diretta di chi ha fatto il giro dei siti, emergono. Imprecisioni\u00a0e incomprensioni, anche gravi,\u00a0non sono mancate, e a monte mi viene riferito di casi in cui i testi forniti perch\u00e9 le giovani guide si potessero preparare erano al limite della presentabilit\u00e0, di ricerche abborracciate, di ragazzi preparati all&#8217;ultimo minuto da professori riluttanti o assenti.<\/p>\n<p>Intendiamoci: non sto dicendo che <em>Monumenti Aperti<\/em> \u00e8 <em>tutta<\/em> cos\u00ec. So che ci sono anche gruppi che hanno lavorato molto bene, dopo essersi preparati duramente, come gli studenti del <a href=\"https:\/\/www.facebook.com\/#!\/groups\/laboratoriobeniculturali\/\"><em>Laboratorio di comunicazione dei beni culturali<\/em><\/a> dell&#8217;Universit\u00e0 di Cagliari (mi fa piacere fargli i complimenti, perch\u00e9 sono amici dei <a href=\"http:\/\/www.fabbricastorie.it\"><em>Fabbricastorie<\/em><\/a>). E non voglio nemmeno sminuire la fatica e l&#8217;impegno profusi dai ragazzi, o scaricare colpe che magari sono dei professori (diranno magari i docenti che dipende dall&#8217;organizzazione o dalla superficialit\u00e0 dei ragazzi, ma io non faccio processi e non ho, per fortuna, il compito di stabilire le colpe). N\u00e9 trascuro l&#8217;importanza del fatto che una manifestazione cos\u00ec apra finalmente porte solitamente chiuse e permetta di fruire di luoghi altrimenti irraggiungibili.<\/p>\n<p>Il punto per\u00f2 \u00e8: fruire come? Come dice mia moglie, di solito le mura non parlano da sole. Fruire di un luogo, impadronirsene, farlo proprio, incorporarlo nella propria cultura \u00e8 un atto con una forte dimensione cognitiva, e richiede contenuti. Sarebbe sperabile che questi contenuti siano esatti, se si vuol fare una buona operazione culturale, cio\u00e8 promuovere consapevolezza della propria storia, dell&#8217;identit\u00e0 della citt\u00e0. Ricordo che un tempo per visitare Barumini o gli altri importanti nuraghi ci si doveva rivolgere a un simpatico cicerone locale il quale aveva, diciamo, una visione molto personale dell&#8217;epoca nuragica e del sito archeologico: giustamente a un certo punto le comunit\u00e0 hanno sentito il bisogno di una fruizione diversa del monumento e il simpatico e pittoresco cicerone \u00e8 stato sostituito da cooperative di laureati in Lettere che lavorano con la consulenza di archeologi specializzati. Chi ha visitato quei siti allora\u00a0e oggi coglie la differenza, e sa che adesso e meglio. I ragazzi delle scuole possono fare tenerezza, possono contribuire energie preziose, per\u00f2 l&#8217;obiettivo non \u00e8 far lavorare loro: l&#8217;obiettivo \u00e8 che i visitatori possano fruire pienamente dei monumenti.<\/p>\n<p>Credo che <em>Monumenti Aperti<\/em> a questo ambisca, cio\u00e8 a proporre una manifestazione <em>qualitativamente<\/em> di eccellenza (che non vuol dire iperspecializzata, o accademica), e non solo quantitativamente importante nel numero di siti, visitatori e Comuni coinvolti. Negli ultimi anni i segnali di una certa rilassatezza nella qualit\u00e0 della visita di alcuni luoghi sono cresciuti (fino a quest&#8217;anno, in cui <em>tanti<\/em> amici con cui ho parlato hanno ammesso che un problema c&#8217;\u00e8) di pari passo con i risultati, innegabili: aprire Tuvixeddu, come si fa dall&#8217;anno scorso, non \u00e8 certo un risultato trascurabile. Ma se la memoria dei luoghi non \u00e8 preservata e trasmessa per bene, i luoghi stessi alla lunga sono depauperati e diventa pi\u00f9 facile violarli: e proprio Tuvixeddu ricorda che le violazioni, gi\u00e0 cos\u00ec, non mancano.<\/p>\n<p>Segnalo in qualche modo il tema anche agli amici indipendentisti, o a chi riflette sulle cose di Sardegna: trovo curioso che mentre, giustamente, ci\u00a0si preoccupa di smontare miti di stampo coloniale raccontati da <em>altri<\/em> sulla Sardegna, il mare, le cartoline, i solitari pastori, i sardi chiusi ma ospitali, il porcetto arrostito sottoterra, ci si preoccupi relativamente poco della qualit\u00e0 culturale del discorso che i sardi fanno su se stessi in occasioni come queste. Naturalmente se si mira a discorsi onesti e veritieri: se l&#8217;obiettivo \u00e8 dimostrare che in antichit\u00e0 gli <em>shardana<\/em> hanno colonizzato le Indie \u00e8 chiaramente un altro paio di maniche.<\/p>\n<p>Un tema andrebbe segnalato anche alla comunit\u00e0 cristiana: lo scorso fine settimana sono state aperte molte chiese, in molti casi importantissime per la storia cristiana della Sardegna, come San Saturno che \u00e8 una sorta di chiesa madre per tutta l&#8217;isola. In molti casi queste chiese &#8211; e altri luoghi ugualmente rilevanti da un punto di vista cristiano &#8211; non sono stati aperti a cura della comunit\u00e0 cristiana, che dovrebbe sentirsene la prima responsabile, ma sono state affidate ad altri. Il risultato \u00e8 che, complice anche l&#8217;impreparazione di cui sopra, \u00e8 potuto capitare di sentirsi dire che il cristogramma costatiniano \u00e8 un antichissimo simbolo satanista, o sentir descrivere la Chiesa &#8211; nei suoi luoghi! &#8211; come la solita congrega oscurantista e censoria dedita all&#8217;inquisizione.\u00a0 \u00c8 chiaro che non si\u00a0pu\u00f2 fare\u00a0un ufficio diocesano apposta per seguire <em>Monumenti Aperti<\/em>, ma una riflessione trasversale fra chi lavora per il Progetto culturale, per la liturgia, gli edifici di culto, i beni culturali potrebbe aprire prospettive di lavoro interessanti.<\/p>\n","protected":false},"excerpt":{"rendered":"<p>Sabato 11 e domenica 12 maggio i cagliaritani hanno potuto godere di Monumenti Aperti. In decine di migliaia si sono<\/p>\n","protected":false},"author":1,"featured_media":0,"comment_status":"open","ping_status":"open","sticky":false,"template":"","format":"standard","meta":{"_mi_skip_tracking":false,"_monsterinsights_sitenote_active":false,"_monsterinsights_sitenote_note":"","_monsterinsights_sitenote_category":0,"jetpack_post_was_ever_published":false,"_jetpack_newsletter_access":"","jetpack_publicize_message":"","jetpack_is_tweetstorm":false,"jetpack_publicize_feature_enabled":true,"jetpack_social_post_already_shared":false,"jetpack_social_options":{"image_generator_settings":{"template":"highway","enabled":false}}},"categories":[52,55,77,17,16],"tags":[],"jetpack_publicize_connections":[],"jetpack_featured_media_url":"","jetpack_sharing_enabled":true,"jetpack_shortlink":"https:\/\/wp.me\/p4jV2T-O2","jetpack_likes_enabled":true,"jetpack-related-posts":[{"id":15093,"url":"http:\/\/www.robertosedda.it\/?p=15093","url_meta":{"origin":3102,"position":0},"title":"Esemplare","author":"Rufus","date":"27\/04\/2018","format":false,"excerpt":"Mi mandano da Orgosolo la foto del monumento ai Caduti. Questo: Il monumento \u00e8 del 2011 ma evidentemente nelle varie occasioni nelle quali nel frattempo sono passato per il paese non l'ho mai visto, e quindi sono stato preso completamente di sorpresa. Sto ancora cercando di riprendermi, diciamo. Devo dire\u2026","rel":"","context":"In &quot;Coordinate&quot;","block_context":{"text":"Coordinate","link":"http:\/\/www.robertosedda.it\/?cat=52"},"img":{"alt_text":"","src":"https:\/\/i0.wp.com\/www.robertosedda.it\/wp-content\/uploads\/2018\/04\/Orgosolo-caduti.jpg?fit=899%2C896&resize=350%2C200","width":350,"height":200,"srcset":"https:\/\/i0.wp.com\/www.robertosedda.it\/wp-content\/uploads\/2018\/04\/Orgosolo-caduti.jpg?fit=899%2C896&resize=350%2C200 1x, https:\/\/i0.wp.com\/www.robertosedda.it\/wp-content\/uploads\/2018\/04\/Orgosolo-caduti.jpg?fit=899%2C896&resize=700%2C400 2x"},"classes":[]},{"id":2677,"url":"http:\/\/www.robertosedda.it\/?p=2677","url_meta":{"origin":3102,"position":1},"title":"Nel blu dipinto di blu","author":"Rufus","date":"27\/03\/2013","format":false,"excerpt":"La statua contro il femminicidio di Ancona Ad Ancona \u00e8 stato inaugurato, per la prima volta in Europa,\u00a0un monumento contro il femminicidio. Si potrebbe discutere su cosa voglia dire fare un monumento contro, ma non stiamo a sottilizzare. C'\u00e8 ben altro. Il monumento \u00e8 questo: La statua \u00e8 in bronzo:\u2026","rel":"","context":"In &quot;Coordinate&quot;","block_context":{"text":"Coordinate","link":"http:\/\/www.robertosedda.it\/?cat=52"},"img":{"alt_text":"","src":"https:\/\/i0.wp.com\/www.robertosedda.it\/wp-content\/uploads\/2013\/03\/743459-Violenza_donne.jpg?fit=680%2C380&resize=350%2C200","width":350,"height":200},"classes":[]},{"id":10417,"url":"http:\/\/www.robertosedda.it\/?p=10417","url_meta":{"origin":3102,"position":2},"title":"Il ventaglio di letture","author":"Rufus","date":"21\/08\/2015","format":false,"excerpt":"In principio fu il\u00a0blogroll. Quando ho aperto questo sito tutti gli altri\u00a0blog avevano una colonna, a destra, con i\u00a0link che rimandavano ad altri\u00a0blog\u00a0o a altri siti stimati e consigliati, e quindi l'ho fatto anch'io. D'altra parte l'alternativa era occupare la colonna di destra con il gran variet\u00e0, come fanno ancora\u2026","rel":"","context":"In &quot;Coordinate&quot;","block_context":{"text":"Coordinate","link":"http:\/\/www.robertosedda.it\/?cat=52"},"img":{"alt_text":"","src":"https:\/\/i0.wp.com\/www.robertosedda.it\/wp-content\/uploads\/2015\/08\/Modella-marocchina-Corriere.jpg?fit=672%2C448&resize=350%2C200","width":350,"height":200},"classes":[]},{"id":2696,"url":"http:\/\/www.robertosedda.it\/?p=2696","url_meta":{"origin":3102,"position":3},"title":"La pi\u00f9 piccola delle citt\u00e0 di Giuda","author":"Rufus","date":"28\/03\/2013","format":false,"excerpt":"Premessa biblica a discorsi di ben altro tipo Nel Vangelo di Matteo Erode si informa, dopo la visita dei Magi, circa il luogo della nascita di Ges\u00f9. Gli viene risposto (Mt 2,5b-6a) \u00abA Betlemme di Giudea, perch\u00e9 cos\u00ec \u00e8 scritto per mezzo del profeta: E tu, Betlemme, terra di Giuda,\u2026","rel":"","context":"In &quot;Coordinate&quot;","block_context":{"text":"Coordinate","link":"http:\/\/www.robertosedda.it\/?cat=52"},"img":{"alt_text":"","src":"https:\/\/i0.wp.com\/www.robertosedda.it\/wp-content\/uploads\/2013\/03\/NEEVAxLOLLOVE.jpg?fit=1200%2C1200&resize=350%2C200","width":350,"height":200,"srcset":"https:\/\/i0.wp.com\/www.robertosedda.it\/wp-content\/uploads\/2013\/03\/NEEVAxLOLLOVE.jpg?fit=1200%2C1200&resize=350%2C200 1x, https:\/\/i0.wp.com\/www.robertosedda.it\/wp-content\/uploads\/2013\/03\/NEEVAxLOLLOVE.jpg?fit=1200%2C1200&resize=700%2C400 2x, https:\/\/i0.wp.com\/www.robertosedda.it\/wp-content\/uploads\/2013\/03\/NEEVAxLOLLOVE.jpg?fit=1200%2C1200&resize=1050%2C600 3x"},"classes":[]},{"id":13389,"url":"http:\/\/www.robertosedda.it\/?p=13389","url_meta":{"origin":3102,"position":4},"title":"I cento siti pi\u00f9 visitati al mondo","author":"Rufus","date":"13\/03\/2017","format":false,"excerpt":"Trovo su\u00a0Visual Capitalist\u00a0(che lo riprende da un sito terzo) una interessante raffigurazione grafica di quali sono i siti pi\u00f9 visitati al mondo. Ci sono molte cose interessanti: per esempio i siti sono codificati per colore sulla base del servizio che offrono e sono collegati da linee quando appartengono alla stessa\u2026","rel":"","context":"In &quot;Coordinate&quot;","block_context":{"text":"Coordinate","link":"http:\/\/www.robertosedda.it\/?cat=52"},"img":{"alt_text":"","src":"https:\/\/i0.wp.com\/www.robertosedda.it\/wp-content\/uploads\/2017\/03\/100-siti-pi\u00f9-frequentati.jpg?fit=1070%2C964&resize=350%2C200","width":350,"height":200,"srcset":"https:\/\/i0.wp.com\/www.robertosedda.it\/wp-content\/uploads\/2017\/03\/100-siti-pi\u00f9-frequentati.jpg?fit=1070%2C964&resize=350%2C200 1x, https:\/\/i0.wp.com\/www.robertosedda.it\/wp-content\/uploads\/2017\/03\/100-siti-pi\u00f9-frequentati.jpg?fit=1070%2C964&resize=700%2C400 2x, https:\/\/i0.wp.com\/www.robertosedda.it\/wp-content\/uploads\/2017\/03\/100-siti-pi\u00f9-frequentati.jpg?fit=1070%2C964&resize=1050%2C600 3x"},"classes":[]},{"id":18240,"url":"http:\/\/www.robertosedda.it\/?p=18240","url_meta":{"origin":3102,"position":5},"title":"Cucine esotiche con polemica politica finale","author":"Rufus","date":"04\/08\/2020","format":false,"excerpt":"Ci sono cose incomprensibili nel cuore di Cagliari. Come questo avviso di prossima apertura: No, la cosa incomprensibile non \u00e8 l'ortografia (che pure...). No, \u00e8 l'idea che si possano attrarre i futuri clienti con quel richiamo ai sapori di una... comunque. Come se quella sola frase evocasse in tutti noi\u2026","rel":"","context":"In &quot;Antropologia&quot;","block_context":{"text":"Antropologia","link":"http:\/\/www.robertosedda.it\/?cat=97"},"img":{"alt_text":"","src":"https:\/\/i0.wp.com\/www.robertosedda.it\/wp-content\/uploads\/2020\/08\/Trattoria-bielorussa.jpg?fit=1200%2C900&resize=350%2C200","width":350,"height":200,"srcset":"https:\/\/i0.wp.com\/www.robertosedda.it\/wp-content\/uploads\/2020\/08\/Trattoria-bielorussa.jpg?fit=1200%2C900&resize=350%2C200 1x, https:\/\/i0.wp.com\/www.robertosedda.it\/wp-content\/uploads\/2020\/08\/Trattoria-bielorussa.jpg?fit=1200%2C900&resize=700%2C400 2x, https:\/\/i0.wp.com\/www.robertosedda.it\/wp-content\/uploads\/2020\/08\/Trattoria-bielorussa.jpg?fit=1200%2C900&resize=1050%2C600 3x"},"classes":[]}],"_links":{"self":[{"href":"http:\/\/www.robertosedda.it\/index.php?rest_route=\/wp\/v2\/posts\/3102"}],"collection":[{"href":"http:\/\/www.robertosedda.it\/index.php?rest_route=\/wp\/v2\/posts"}],"about":[{"href":"http:\/\/www.robertosedda.it\/index.php?rest_route=\/wp\/v2\/types\/post"}],"author":[{"embeddable":true,"href":"http:\/\/www.robertosedda.it\/index.php?rest_route=\/wp\/v2\/users\/1"}],"replies":[{"embeddable":true,"href":"http:\/\/www.robertosedda.it\/index.php?rest_route=%2Fwp%2Fv2%2Fcomments&post=3102"}],"version-history":[{"count":5,"href":"http:\/\/www.robertosedda.it\/index.php?rest_route=\/wp\/v2\/posts\/3102\/revisions"}],"predecessor-version":[{"id":3106,"href":"http:\/\/www.robertosedda.it\/index.php?rest_route=\/wp\/v2\/posts\/3102\/revisions\/3106"}],"wp:attachment":[{"href":"http:\/\/www.robertosedda.it\/index.php?rest_route=%2Fwp%2Fv2%2Fmedia&parent=3102"}],"wp:term":[{"taxonomy":"category","embeddable":true,"href":"http:\/\/www.robertosedda.it\/index.php?rest_route=%2Fwp%2Fv2%2Fcategories&post=3102"},{"taxonomy":"post_tag","embeddable":true,"href":"http:\/\/www.robertosedda.it\/index.php?rest_route=%2Fwp%2Fv2%2Ftags&post=3102"}],"curies":[{"name":"wp","href":"https:\/\/api.w.org\/{rel}","templated":true}]}}