{"id":2982,"date":"2013-04-24T17:26:41","date_gmt":"2013-04-24T15:26:41","guid":{"rendered":"http:\/\/www.robertosedda.it\/?p=2982"},"modified":"2024-05-09T12:49:16","modified_gmt":"2024-05-09T10:49:16","slug":"se-non-sapete-chi-sono-gli-one-direction-non-leggete-neppure","status":"publish","type":"post","link":"http:\/\/www.robertosedda.it\/?p=2982","title":{"rendered":"Se non sapete chi sono gli One Direction, non leggete neppure"},"content":{"rendered":"<p>Oggi un <em>post<\/em> breve solo per segnalare che nello spazio di pochissimi giorni ho visto spuntare qui e l\u00e0 pi\u00f9 di un articolo che, partendo dalla presenza <em>online<\/em> dei vari gruppi di <em>fan<\/em> degli <em>One Direction<\/em>, Justin Bieber eccetera, indaga su strategie di presenza sulla rete, meccaniche cooperative su <em>Twitter<\/em>, utilizzo dei cantanti come <em>brand<\/em> e parecchie altre cose ancora.<\/p>\n<p>Un po&#8217; \u00e8 enfasi su fenomeni che chiss\u00e0 se dureranno, un po&#8217; \u00e8 (ottima) capacit\u00e0 di astrarre contenuti da fenomenologie casuali: secondo me vale comunque la pena di darci un&#8217;occhiata.<\/p>\n<p>Un punto di partenza, soprattutto se non sapete di\u00a0chi sto parlando (il che vuol dire che non avete figli adolescenti e probabilmente vivete in una torre d&#8217;avorio) \u00e8 <a href=\"http:\/\/marketingarena.it\/2012\/11\/14\/justin-bieber-one-direction-e-lutilizzo-strategico-di-twitter\/\">un articolo su <em>Marketing Arena<\/em><\/a>, che d\u00e0 le basi, <a href=\"http:\/\/www.ninjamarketing.it\/2013\/01\/17\/belieber-e-directioner-le-nuove-tribu-digitali-nate-su-twitter\/\">mentre\u00a0un lavoro un po&#8217; pi\u00f9 approfondito sta su <em>Ninja Marketing<\/em><\/a>.<\/p>\n<p>Sono due articoli seri, poi con una ricerchina sui <em>Google<\/em>\u00a0sulla rete (e sui giornali cartacei) trovate tutto un <em>hype<\/em> che mette insieme nel calderone trib\u00f9 giovanili, <em>cyberbullismo,<\/em> anni &#8217;80, ignoranza crassa su cosa siano i <em>social<\/em>\u00a0e, naturalmente, <a href=\"http:\/\/www.liberoquotidiano.it\/news\/personaggi\/1215407\/Salvate-le-adolescenti-da-Bieber-e-gli-One-Direction--e-dalla-Parodi-.html\">i polemisti di professione che vanno controcorrente per vedere l&#8217;effetto che fa<\/a>. C&#8217;\u00e8 anche l&#8217;<em>hype<\/em> <a href=\"http:\/\/loredanalipperini.blog.kataweb.it\/lipperatura\/2013\/04\/04\/il-rito-dellinnocenza\/#comments\">semi-involontario<\/a>: per quanto colti e preparati non \u00e8 facile &#8220;entrare&#8221; su un tema come questo, se non si \u00e8 nativi digitali e\/o non si ha una piena comprensione della vita in una <em>community<\/em> sulla rete. Per\u00f2, anche facendo la tara alle costruzioni giornalistiche, \u00e8 evidente che il fenomeno c&#8217;\u00e8 e che qualcosa in termini di riflessione se ne pu\u00f2 trarre, a patto di non pretendere di affrontarlo direttamente: meglio gli scarti mentali laterali.<\/p>\n<p>Per esempio ho letto un articolo di Giulia Blasi, <a href=\"http:\/\/www.giuliablasi.it\/cose-che-il-pd-potrebbe-imparare-dalle-directioners\/\"><em>Cose che il PD potrebbe imparare dalle<\/em> Directioners<\/a>: a prima vista \u00e8 un altro articolo <em>standard<\/em> di presentazione del fenomeno, in realt\u00e0 apprezzo l&#8217;operazione di usare lo spunto per provare a parlare d&#8217;altro (non andrebbe dimenticato che la comunicazione <em>on line<\/em> del PD \u00e8 affidata a <a href=\"http:\/\/trecentospartani.com\/\"><em>Trecento spartani<\/em><\/a>. Cos\u00ec, tanto per ricordarlo).<\/p>\n<p>Ma il salto laterale migliore mi pare quello di Gianluca Diegoli, il quale, invece di guardare il dito (le trib\u00f9) si \u00e8 messo a guardare la luna: cio\u00e8 l&#8217;idolo\/cantante, la casa discografica, ci\u00f2 che vendono e come lo fanno. Ne \u00e8 venuto fuori <a href=\"http:\/\/www.minimarketing.it\/2013\/04\/cose-di-marketing-che-impari-comprando-biglietti-di-concerti-per-teenager.html\">un articolo molto interessante<\/a>, che consiglio vivamente.<\/p>\n","protected":false},"excerpt":{"rendered":"<p>Oggi un post breve solo per segnalare che nello spazio di pochissimi giorni ho visto spuntare qui e l\u00e0 pi\u00f9<\/p>\n","protected":false},"author":1,"featured_media":0,"comment_status":"open","ping_status":"open","sticky":false,"template":"","format":"standard","meta":{"_mi_skip_tracking":false,"_monsterinsights_sitenote_active":false,"_monsterinsights_sitenote_note":"","_monsterinsights_sitenote_category":0,"jetpack_post_was_ever_published":false,"_jetpack_newsletter_access":"","jetpack_publicize_message":"","jetpack_is_tweetstorm":false,"jetpack_publicize_feature_enabled":true,"jetpack_social_post_already_shared":false,"jetpack_social_options":{"image_generator_settings":{"template":"highway","enabled":false}}},"categories":[52,64,55,17,16],"tags":[],"jetpack_publicize_connections":[],"jetpack_featured_media_url":"","jetpack_sharing_enabled":true,"jetpack_shortlink":"https:\/\/wp.me\/p4jV2T-M6","jetpack_likes_enabled":true,"jetpack-related-posts":[{"id":8414,"url":"http:\/\/www.robertosedda.it\/?p=8414","url_meta":{"origin":2982,"position":0},"title":"I consigli del venerd\u00ec &#8211; 2","author":"Rufus","date":"15\/09\/2014","format":false,"excerpt":"Seconda puntata della rassegna settimanale delle mie letture, pagine visitate e link condivisi. In fondo trovate un po' di cose goderecce, ma prima ancora uno sguardo sui massimi sistemi e i problemi del mondo. E l'economia? Bene (?!), grazie Su\u00a0nonconimieisoldi\u00a0Andrea Baranes ha scritto un articolo che sostanzialmente argomenta che siamo\u2026","rel":"","context":"In &quot;Coordinate&quot;","block_context":{"text":"Coordinate","link":"http:\/\/www.robertosedda.it\/?cat=52"},"img":{"alt_text":"","src":"https:\/\/i0.wp.com\/www.robertosedda.it\/wp-content\/uploads\/2014\/09\/Zerocalcare-litigi-web.jpg?fit=692%2C526&resize=350%2C200","width":350,"height":200},"classes":[]},{"id":6332,"url":"http:\/\/www.robertosedda.it\/?p=6332","url_meta":{"origin":2982,"position":1},"title":"Una buona campagna sociale","author":"Rufus","date":"10\/02\/2014","format":"video","excerpt":"Mentre mi documentavo per un prossimo articolo sulle ONG internazionali e il rapporto talvolta conflittuale coi loro testimonial ho visto un video di Greenpeace che non avevo mai visto (si riferisce a una campagna attiva dal 2012) e che propongo perch\u00e9 lo trovo efficace e anche perch\u00e9 ha a che\u2026","rel":"","context":"In &quot;Coordinate&quot;","block_context":{"text":"Coordinate","link":"http:\/\/www.robertosedda.it\/?cat=52"},"img":{"alt_text":"","src":"https:\/\/i0.wp.com\/img.youtube.com\/vi\/XxFWo4sCzCs\/0.jpg?resize=350%2C200","width":350,"height":200},"classes":[]},{"id":13450,"url":"http:\/\/www.robertosedda.it\/?p=13450","url_meta":{"origin":2982,"position":2},"title":"La fabbrica delle bugie","author":"Rufus","date":"22\/03\/2017","format":false,"excerpt":"Sapete che mi piace Brecht. Stamattina riflettevo sui\u00a0social e un po' di cose collegate (compreso l'ignobile starnazzo legato\u00a0ai confronti fra donne dell'Est e italiane e\u00a0altri clamorosi casi di fragorosi tonfi dal pero a scoppio ritardato) e mi sono ricordato del vecchio Bertolt: Hollywood Ogni mattina, per guadagnarmi da vivere, vado\u2026","rel":"","context":"In &quot;Coordinate&quot;","block_context":{"text":"Coordinate","link":"http:\/\/www.robertosedda.it\/?cat=52"},"img":{"alt_text":"","src":"https:\/\/i0.wp.com\/www.robertosedda.it\/wp-content\/uploads\/2015\/09\/Brecht.jpg?fit=405%2C350&resize=350%2C200","width":350,"height":200},"classes":[]},{"id":10162,"url":"http:\/\/www.robertosedda.it\/?p=10162","url_meta":{"origin":2982,"position":3},"title":"#ioleggoperch\u00e9 ultimo posto dove ritirare le copie","author":"Rufus","date":"02\/05\/2015","format":false,"excerpt":"Sapete che ho sparso copie gratuite di due romanzi in vari posti della citt\u00e0 e ogni giorno sto pubblicando degli indizi su dove trovarle? Se non lo sapete leggete qui. Oggi segnalo dove trovare le ultime copie di Warrior Cats. Potremmo dire cos\u00ec: Ci sono molte gelaterie a Cagliari. Ma\u2026","rel":"","context":"In &quot;Coordinate&quot;","block_context":{"text":"Coordinate","link":"http:\/\/www.robertosedda.it\/?cat=52"},"img":{"alt_text":"","src":"https:\/\/i0.wp.com\/www.robertosedda.it\/wp-content\/uploads\/2015\/04\/Warrior-Cats.jpg?fit=259%2C390&resize=350%2C200","width":350,"height":200},"classes":[]},{"id":8305,"url":"http:\/\/www.robertosedda.it\/?p=8305","url_meta":{"origin":2982,"position":4},"title":"Il micetto di casa","author":"Rufus","date":"03\/09\/2014","format":false,"excerpt":"Mi capita, di questi tempi, di visitare un sacco di farmacie. Non \u00e8 di solito un'incombenza allegra, anche se scopro che i farmacisti sono, in s\u00e9, un'eterogenea brigata di tizi con tutta una gamma di\u00a0tic e di particolarit\u00e0. E poi un po' mi perdo nel rutilante mondo delle creme per\u2026","rel":"","context":"In &quot;Coordinate&quot;","block_context":{"text":"Coordinate","link":"http:\/\/www.robertosedda.it\/?cat=52"},"img":{"alt_text":"","src":"https:\/\/i0.wp.com\/www.robertosedda.it\/wp-content\/uploads\/2014\/09\/INTIMIDIRE.jpg?fit=960%2C720&resize=350%2C200","width":350,"height":200,"srcset":"https:\/\/i0.wp.com\/www.robertosedda.it\/wp-content\/uploads\/2014\/09\/INTIMIDIRE.jpg?fit=960%2C720&resize=350%2C200 1x, https:\/\/i0.wp.com\/www.robertosedda.it\/wp-content\/uploads\/2014\/09\/INTIMIDIRE.jpg?fit=960%2C720&resize=700%2C400 2x"},"classes":[]},{"id":12481,"url":"http:\/\/www.robertosedda.it\/?p=12481","url_meta":{"origin":2982,"position":5},"title":"Periodo di foto, questo","author":"Rufus","date":"09\/09\/2016","format":false,"excerpt":"Come sapete, il 23 inauguriamo ufficialmente la nuova sede della banchiera ambulante di Banca Etica a Cagliari. Ieri, come parte del percorso preparatorio, abbiamo avuto un piccolo momento conviviale alla Bottega dell'associazione Oscar Romero: un apertivo, la conoscenza di un cliente della Banca, una breve presentazione del programma della festa\u2026","rel":"","context":"In &quot;Banche e finanza&quot;","block_context":{"text":"Banche e finanza","link":"http:\/\/www.robertosedda.it\/?cat=72"},"img":{"alt_text":"","src":"https:\/\/i0.wp.com\/www.robertosedda.it\/wp-content\/uploads\/2016\/09\/ALIM4483.jpg?fit=1200%2C900&resize=350%2C200","width":350,"height":200,"srcset":"https:\/\/i0.wp.com\/www.robertosedda.it\/wp-content\/uploads\/2016\/09\/ALIM4483.jpg?fit=1200%2C900&resize=350%2C200 1x, https:\/\/i0.wp.com\/www.robertosedda.it\/wp-content\/uploads\/2016\/09\/ALIM4483.jpg?fit=1200%2C900&resize=700%2C400 2x, https:\/\/i0.wp.com\/www.robertosedda.it\/wp-content\/uploads\/2016\/09\/ALIM4483.jpg?fit=1200%2C900&resize=1050%2C600 3x"},"classes":[]}],"_links":{"self":[{"href":"http:\/\/www.robertosedda.it\/index.php?rest_route=\/wp\/v2\/posts\/2982"}],"collection":[{"href":"http:\/\/www.robertosedda.it\/index.php?rest_route=\/wp\/v2\/posts"}],"about":[{"href":"http:\/\/www.robertosedda.it\/index.php?rest_route=\/wp\/v2\/types\/post"}],"author":[{"embeddable":true,"href":"http:\/\/www.robertosedda.it\/index.php?rest_route=\/wp\/v2\/users\/1"}],"replies":[{"embeddable":true,"href":"http:\/\/www.robertosedda.it\/index.php?rest_route=%2Fwp%2Fv2%2Fcomments&post=2982"}],"version-history":[{"count":4,"href":"http:\/\/www.robertosedda.it\/index.php?rest_route=\/wp\/v2\/posts\/2982\/revisions"}],"predecessor-version":[{"id":20479,"href":"http:\/\/www.robertosedda.it\/index.php?rest_route=\/wp\/v2\/posts\/2982\/revisions\/20479"}],"wp:attachment":[{"href":"http:\/\/www.robertosedda.it\/index.php?rest_route=%2Fwp%2Fv2%2Fmedia&parent=2982"}],"wp:term":[{"taxonomy":"category","embeddable":true,"href":"http:\/\/www.robertosedda.it\/index.php?rest_route=%2Fwp%2Fv2%2Fcategories&post=2982"},{"taxonomy":"post_tag","embeddable":true,"href":"http:\/\/www.robertosedda.it\/index.php?rest_route=%2Fwp%2Fv2%2Ftags&post=2982"}],"curies":[{"name":"wp","href":"https:\/\/api.w.org\/{rel}","templated":true}]}}