{"id":2900,"date":"2013-04-18T16:43:57","date_gmt":"2013-04-18T14:43:57","guid":{"rendered":"http:\/\/www.robertosedda.it\/?p=2900"},"modified":"2024-04-24T12:21:06","modified_gmt":"2024-04-24T10:21:06","slug":"divagazioni-sul-presidente-della-repubblica-1","status":"publish","type":"post","link":"http:\/\/www.robertosedda.it\/?p=2900","title":{"rendered":"Divagazioni sul Presidente della Repubblica &#8211; 1"},"content":{"rendered":"<p>Stavo ieri per pubblicare alcuni elementi di perplessit\u00e0 sulla candidatura di Milena Gabanelli al Quirinale, poi un po&#8217; di telefonate di lungo corso e l&#8217;esigenza di preparare la cena mi hanno\u00a0allontanato dalla tastiera: visto che le ho pensate le scrivo comunque, anche se nel frattempo c&#8217;\u00e8 stata la rinuncia alla candidatura (espressa in <a href=\"http:\/\/www.internazionale.it\/news\/italia\/2013\/04\/17\/la-rinuncia-di-milena-gabanelli\/\">termini molto nobili<\/a>, peraltro) .<\/p>\n<p>In realt\u00e0 non sono tanto perplessit\u00e0 sulla persona della Gabanelli, che stimo, quanto una certa insofferenza su <em>Report<\/em> e sul modo di fare giornalismo che la trasmissione rappresenta.<\/p>\n<p>Sono cose che vanno oltre la Gabanelli stessa, dato che immagino che <em>Report<\/em> sia frutto dello sforzo collettivo di una redazione allargata e di una serie di altre figure professionali (autori, produttori&#8230;): ma sono rilevanti sulla candidatura <em>personale<\/em> della Gabanelli perch\u00e9 lo stile di giornalismo di <em>Report<\/em> \u00e8 esattamente quello che l&#8217;opinione pubblica percepisce e che l&#8217;ha portata a vincere le <em>Quirinarie<\/em> del Movimento 5 Stelle.<\/p>\n<p>E in realt\u00e0 sono osservazioni che in parte vanno anche oltre lo stile giornalistico <em>effettivo<\/em> di <em>Report<\/em> stesso, in quanto hanno a che fare appunto con la <em>percezione<\/em> del pubblico piuttosto che con la <em>qualit\u00e0<\/em> del servizio offerto, che mi pare buono, per quanto ne posso capire. Oddio: <a href=\"http:\/\/www.ilfattoquotidiano.it\/2012\/11\/03\/di-pietro-ecco-perche-case-del-leader-e-famiglia-dellidv-sono-10-e-non-56\/402290\/\">scivoloni come quello sulle case di Di Pietro<\/a>\u00a0sollevano qualche dubbio, perch\u00e9 non si sa se catalogarli\u00a0fra gli attacchi alle spalle volontari o nella semplice sciatteria giornalistica; e dubbi ulteriori sono suscitati negli esperti-esperti quando la trasmissione affronta argomenti sui quali il giornalista che fa il servizio \u00e8 un non-cos\u00ec-esperto: sono citati casi simili <a href=\"http:\/\/daily.wired.it\/news\/politica\/2013\/04\/16\/gabanelli-rete-social-network-2738596.html\">a proposito della rete<\/a>\u00a0e dei <a href=\"http:\/\/www.ilfattoquotidiano.it\/2012\/05\/02\/dice-report\/215103\/\">servizi a sfondo scientifico<\/a>: per\u00f2, <a href=\"http:\/\/blog.wired.it\/ifiona\/2011\/04\/11\/milena-mia-adorata-1.html\">come dice Matteo Bordone a proposito del servizio sui &#8220;pericoli del <em>web<\/em>&#8220;<\/a>, il problema non \u00e8 parlare di una qualit\u00e0 <em>assoluta<\/em> ma di valutare <em>Report<\/em> in rapporto alla concorrenza e alle condizioni produttive, e allora non c&#8217;\u00e8 partita:<\/p>\n<blockquote><p>Certo, Report, come tutte le cose del mondo reale, non \u00e8 perfetto. Capita che certi servizi funzionino meno di altri, ci mancherebbe altro. Nessuno di noi \u00e8 sempre allo stesso livello, e pochissimi raggiungeranno mai la qualit\u00e0 e la rilevanza del suo programma, men che meno passando per la coriacea difesa della propria identit\u00e0 sulla groppa di un mastodonte infingardo come la RAI.<\/p><\/blockquote>\n<p>No, i miei dubbi non sono di questo tipo, ma proprio sulla colonizzazione dell&#8217;immaginario che lo stile\u00a0di <em>Report<\/em> comporta.<\/p>\n<h3>Altri mondi possibili e il colonialismo della mente<\/h3>\n<p>La prima cosa che ha cominciato a darmi fastidio di <em>Report<\/em> sono state le <em>goodnews<\/em>, quel servizio conclusivo dedicato a storie positive ed esemplari. Raramente si tratta di storie individuali (stile: <em>trova portafogli con un milione di euro e lo restituisce<\/em>), normalmente sono prassi sociali collettive: dai GAS al <em>guerrilla gardening<\/em>, dalle varie banche etiche in giro per il mondo al commercio equo, dalle cooperative sui\u00a0beni sequestrati alla mafia al microcredito, dal negozio biologico <em>esemplare<\/em> all&#8217;<em>esemplare<\/em> pratica di salvataggio dei cani abbandonati.<\/p>\n<p><em>Esemplare<\/em>: gi\u00e0. Ma esemplare di che? Ho l&#8217;impressione che in realt\u00e0 l&#8217;assunto su cui sono costruite le <em>goodnews<\/em> (che secondo una logica, peraltro\u00a0meritoria, dovrebbero controbilanciare tutto il marciume che il resto della puntata porta alla luce) \u00e8 che si tratta di &#8220;fari nella notte&#8221;: di esempi di comportamenti virtuosi che dimostrano che un altro mondo \u00e8 possibile.<\/p>\n<p><em>Otro mondo es posible<\/em>, come dicono ai <em>Forum sociali<\/em>. Ma un altro mondo \u00e8 possibile nella misura in cui ci sono chiamate all&#8217;azione e movimenti collettivi che si organizzano, non nella misura in cui si affidano a realizzazioni mitologiche (leggendarie) palingenesi che saranno realizzate&#8230; da altri &#8211; ed \u00e8 questo il messaggio che passa via <em>Report<\/em>. Il tema delle <em>good news<\/em> \u00e8: il mondo \u00e8 (ontologicamente) tutto uno schifo, per fortuna ci sono questi qui (che stanno sempre lontani da me, oltre lo schermo) che fanno cose esemplari e cos\u00ec ci scaricano la coscienza. Ma se il mondo \u00e8 ontologicamente uno schifo rester\u00e0 cos\u00ec sempre e per sempre, e le <em>good news<\/em> rimarranno soltanto delle leggende che parlano di terre promesse che non vedremo mai, belle storie che vale la pena di raccontarsi attorno al fuoco (fari nella notte, appunto) prima di riprendere un viaggio nell&#8217;oscurit\u00e0.<\/p>\n<p>Dice Latouche che chi ha la testa a forma di martello vede tutti i problemi come chiodi: chi ha la testa a forma di mondo che \u00e8 uno schifo vedr\u00e0 il mondo come uno schifo tranne pochi casi incredibili ed esemplari che comunque riguardano altri. L&#8217;immaginario dello spettatore \u00e8 colonizzato in questo modo.<\/p>\n<p>Mi direte: non \u00e8 un problema del giornalista che racconta la storia, o di <em>Report<\/em>, se il pubblico confida in questa maniera miracolistica in storie esemplari (un discorso analogo si potrebbe fare per l&#8217;impegno sociale via <em>clic<\/em>, per le petizioni <em>online<\/em> sostitutive dell&#8217;impegno politico e sociale): \u00e8 un problema del pubblico.<\/p>\n<p>A me pare che sia un problema del pubblico e <em>anche<\/em> di <em>Report<\/em>, del ricevente del messaggio ma anche del mittente. Perch\u00e9 il problema, a ben vedere, non riguarda solo le <em>good news<\/em>, ma tutto il programma, con la sua struttura tutta volta alla &#8220;inchiesta&#8221;, cio\u00e8 a far saltare fuori, appunto, il marciume annidato nel mondo che \u00e8 tutto uno schifo.<\/p>\n<p>Non mi va bene neanche questo, non riconosco meriti nel giornalismo d&#8217;inchiesta, sono proprio incontentabile? Un po&#8217; s\u00ec, e anche, temo, insopportabilmente sentenzioso.<\/p>\n<p>Per molto tempo anche io ho pensato a <em>Report<\/em> come a un\u00a0crociato della verit\u00e0 in lotta contro gli orchetti del malcostume.<\/p>\n<p>Per\u00f2 da un po&#8217; di tempo non mi basta pi\u00f9: e penso che ci sarebbe bisogno di un altro tipo di giornalismo, che non si dimensioni esclusivamente in rapporto ad <em>altro<\/em> (il malcostume, la casta, la cattiva politica, le banche, le multinazionali&#8230;) ma che, questa volta s\u00ec, in <em>positivo<\/em>, dia una linea culturale di alternativa, faccia una informazione che aiuti ad aggregare ed ad agire. Perch\u00e9 se oggi riusciamo a renderci conto che per tanti anni l&#8217;antiberlusconismo \u00e8 stato un comodo alibi per tante figure mediocri e in definitiva ha aiutato Berlusconi stesso, incanalandosi esattamente <em>dentro<\/em> lo stesso schema culturale senza proporne uno diverso, allo stesso modo penso oggi che <em>Report<\/em> o <em>Il fatto quotidiano<\/em> siano strutturalmente dentro lo stesso discorso culturale che combattono, in un rapporto di codipendenza: pu\u00f2 esserci <em>Report<\/em>, dopotutto, solo se c&#8217;\u00e8 corruzione; se non ci fosse la casta, Travaglio di che scriverebbe?<\/p>\n<p>\u00c8 per questo che trovo insufficiente il meccanismo di candidatura della Gabanelli. Certo che rispetto agli altri partiti \u00e8 stato un miracolo di trasparenza e di partecipazione, ma \u00e8 ancora dentro lo schema dell&#8217;antipolitica, non del cambiamento della politica (o pi\u00f9 esattamente, delle istituzioni): la ricerca di un castigamatti inappuntabile che metta a posto tutti; ma \u00e8 una soluzione di ripiego, posto che l&#8217;obiettivo non dovrebbe essere avere un Presidente della Repubblica che \u00abgli faccia vedere\u00bb, ma una classe politica all&#8217;altezza delle necessit\u00e0 del Paese.<\/p>\n","protected":false},"excerpt":{"rendered":"<p>Stavo ieri per pubblicare alcuni elementi di perplessit\u00e0 sulla candidatura di Milena Gabanelli al Quirinale, poi un po&#8217; di telefonate<\/p>\n","protected":false},"author":1,"featured_media":0,"comment_status":"open","ping_status":"open","sticky":false,"template":"","format":"standard","meta":{"_mi_skip_tracking":false,"_monsterinsights_sitenote_active":false,"_monsterinsights_sitenote_note":"","_monsterinsights_sitenote_category":0,"jetpack_post_was_ever_published":false,"_jetpack_newsletter_access":"","jetpack_publicize_message":"","jetpack_is_tweetstorm":false,"jetpack_publicize_feature_enabled":true,"jetpack_social_post_already_shared":false,"jetpack_social_options":{"image_generator_settings":{"template":"highway","enabled":false}}},"categories":[52,17,59,16],"tags":[],"jetpack_publicize_connections":[],"jetpack_featured_media_url":"","jetpack_sharing_enabled":true,"jetpack_shortlink":"https:\/\/wp.me\/p4jV2T-KM","jetpack_likes_enabled":true,"jetpack-related-posts":[{"id":20504,"url":"http:\/\/www.robertosedda.it\/?p=20504","url_meta":{"origin":2900,"position":0},"title":"Di candidature","author":"Rufus","date":"11\/06\/2024","format":false,"excerpt":"Sui selfie possiamo migliorare La settimana scorsa ho accettato la proposta di alcune compagne e compagni della CGIL di candidarmi al Senato Accademico dell'Universit\u00e0 di Cagliari. Siccome il blog, come sapete, serve soprattutto a me per conservare le cose che scrivo e tenere conto delle cose che faccio, pubblico qui\u2026","rel":"","context":"In &quot;Coordinate&quot;","block_context":{"text":"Coordinate","link":"http:\/\/www.robertosedda.it\/?cat=52"},"img":{"alt_text":"","src":"https:\/\/i0.wp.com\/www.robertosedda.it\/wp-content\/uploads\/2024\/06\/IMG_20201123_132353-scaled.jpg?fit=1200%2C900&resize=350%2C200","width":350,"height":200,"srcset":"https:\/\/i0.wp.com\/www.robertosedda.it\/wp-content\/uploads\/2024\/06\/IMG_20201123_132353-scaled.jpg?fit=1200%2C900&resize=350%2C200 1x, https:\/\/i0.wp.com\/www.robertosedda.it\/wp-content\/uploads\/2024\/06\/IMG_20201123_132353-scaled.jpg?fit=1200%2C900&resize=700%2C400 2x, https:\/\/i0.wp.com\/www.robertosedda.it\/wp-content\/uploads\/2024\/06\/IMG_20201123_132353-scaled.jpg?fit=1200%2C900&resize=1050%2C600 3x"},"classes":[]},{"id":17039,"url":"http:\/\/www.robertosedda.it\/?p=17039","url_meta":{"origin":2900,"position":1},"title":"Manca ancora un po&#8217; a Minority Report","author":"Rufus","date":"22\/08\/2019","format":false,"excerpt":"Ho letto con interesse, l'altro giorno, un articolo di Business Insider sul software costruito da un ispettore di polizia di Napoli che serve a prevedere statisticamente dove avverr\u00e0 un crimine (furti, rapine, scippi) e quindi a prevenirlo. A quanto riferisce il suo autore, funziona. Vedo che il software \u00e8 noto\u2026","rel":"","context":"In &quot;Coordinate&quot;","block_context":{"text":"Coordinate","link":"http:\/\/www.robertosedda.it\/?cat=52"},"img":{"alt_text":"","src":"https:\/\/i0.wp.com\/www.robertosedda.it\/wp-content\/uploads\/2019\/08\/Predpol.jpg?fit=688%2C324&resize=350%2C200","width":350,"height":200},"classes":[]},{"id":6560,"url":"http:\/\/www.robertosedda.it\/?p=6560","url_meta":{"origin":2900,"position":2},"title":"Elezione del Comitato Etico: un&#8217;opinione","author":"Rufus","date":"24\/02\/2014","format":false,"excerpt":"Alla prossima Assemblea di Banca popolare Etica sar\u00e0 rinnovato il nostro comitato etico, che ha esaurito il suo mandato triennale. Con gli altri Referenti dei soci delle cinque Aree in cui \u00e8 divisa la banca ho sottoscritto un documento per provare a indirizzare il dibattito elettorale nella direzione secondo noi\u2026","rel":"","context":"In &quot;Banche e finanza&quot;","block_context":{"text":"Banche e finanza","link":"http:\/\/www.robertosedda.it\/?cat=72"},"img":{"alt_text":"","src":"https:\/\/i0.wp.com\/www.robertosedda.it\/wp-content\/uploads\/2014\/02\/Banca-Etica-15-anni.jpg?fit=510%2C250&resize=350%2C200","width":350,"height":200},"classes":[]},{"id":14607,"url":"http:\/\/www.robertosedda.it\/?p=14607","url_meta":{"origin":2900,"position":3},"title":"REBLOG: Opportunit\u00e0 per startupper","author":"Rufus","date":"30\/01\/2018","format":false,"excerpt":"Vedo sulla posta interna dell'Universit\u00e0 questo bando e lo riporto per segnalarlo a chi ha fatto la\u00a0Jam e magari ha una idea nel cassetto. Online il bando della seconda edizione del progetto EOS Sono\u00a0aperte le candidature\u00a0per la seconda edizione del\u00a0progetto EOS \u2013\u00a0Emerging Organizationship,\u00a0promosso dal\u00a0CREA UniCa\u00a0dell\u2019Universit\u00e0 degli Studi di Cagliari\u00a0nell\u2019ambito dell\u2019Avviso\u2026","rel":"","context":"In &quot;Segnalazioni&quot;","block_context":{"text":"Segnalazioni","link":"http:\/\/www.robertosedda.it\/?cat=95"},"img":{"alt_text":"","src":"","width":0,"height":0},"classes":[]},{"id":3978,"url":"http:\/\/www.robertosedda.it\/?p=3978","url_meta":{"origin":2900,"position":4},"title":"Ancora al Festival delle Terre","author":"Rufus","date":"15\/07\/2013","format":"video","excerpt":"Dopo un'assenza dovuta alla partecipazione a una grigliata di famiglia ieri sono tornato al Festival delle Terre. In programma c'erano un reading dei Mama Sabot su Quirra e due cortometraggi. Sul reading, che era di fatto propedeutico alla prima proiezione, passo. Non l'ho trovato efficacissimo - temo che la scrittura\u2026","rel":"","context":"In &quot;Coordinate&quot;","block_context":{"text":"Coordinate","link":"http:\/\/www.robertosedda.it\/?cat=52"},"img":{"alt_text":"","src":"https:\/\/i0.wp.com\/www.robertosedda.it\/wp-content\/uploads\/2013\/07\/Materia-oscura.png?fit=998%2C513&resize=350%2C200","width":350,"height":200,"srcset":"https:\/\/i0.wp.com\/www.robertosedda.it\/wp-content\/uploads\/2013\/07\/Materia-oscura.png?fit=998%2C513&resize=350%2C200 1x, https:\/\/i0.wp.com\/www.robertosedda.it\/wp-content\/uploads\/2013\/07\/Materia-oscura.png?fit=998%2C513&resize=700%2C400 2x"},"classes":[]},{"id":11858,"url":"http:\/\/www.robertosedda.it\/?p=11858","url_meta":{"origin":2900,"position":5},"title":"La perplessit\u00e0 del cuore","author":"Rufus","date":"20\/04\/2016","format":false,"excerpt":"Varr\u00e0 davvero\u00a0la pena di parlare (e soprattutto di leggere) di Vittorio Alfieri e del\u00a0Saul? Un'opera fuori del nostro tempo, probabilmente, eppure con un taglio inaspettatamente moderno. http:\/\/www.radiokalaritana.it\/audio\/LIB-S04E23-Vittorio_Alfieri_Saul-20160303.mp3 Saul - Vittorio Alfieri Metto in linea oggi la puntata di\u00a0Oggi parliamo di libri\u00a0dedicata al\u00a0Saul di Vittorio Alfieri, che\u00a0prosegue il quartetto di trasmissioni\u2026","rel":"","context":"In &quot;Coordinate&quot;","block_context":{"text":"Coordinate","link":"http:\/\/www.robertosedda.it\/?cat=52"},"img":{"alt_text":"","src":"https:\/\/i0.wp.com\/www.robertosedda.it\/wp-content\/uploads\/2016\/04\/Vittorio-Alfieri.jpg?fit=1024%2C768&resize=350%2C200","width":350,"height":200,"srcset":"https:\/\/i0.wp.com\/www.robertosedda.it\/wp-content\/uploads\/2016\/04\/Vittorio-Alfieri.jpg?fit=1024%2C768&resize=350%2C200 1x, https:\/\/i0.wp.com\/www.robertosedda.it\/wp-content\/uploads\/2016\/04\/Vittorio-Alfieri.jpg?fit=1024%2C768&resize=700%2C400 2x"},"classes":[]}],"_links":{"self":[{"href":"http:\/\/www.robertosedda.it\/index.php?rest_route=\/wp\/v2\/posts\/2900"}],"collection":[{"href":"http:\/\/www.robertosedda.it\/index.php?rest_route=\/wp\/v2\/posts"}],"about":[{"href":"http:\/\/www.robertosedda.it\/index.php?rest_route=\/wp\/v2\/types\/post"}],"author":[{"embeddable":true,"href":"http:\/\/www.robertosedda.it\/index.php?rest_route=\/wp\/v2\/users\/1"}],"replies":[{"embeddable":true,"href":"http:\/\/www.robertosedda.it\/index.php?rest_route=%2Fwp%2Fv2%2Fcomments&post=2900"}],"version-history":[{"count":8,"href":"http:\/\/www.robertosedda.it\/index.php?rest_route=\/wp\/v2\/posts\/2900\/revisions"}],"predecessor-version":[{"id":18492,"href":"http:\/\/www.robertosedda.it\/index.php?rest_route=\/wp\/v2\/posts\/2900\/revisions\/18492"}],"wp:attachment":[{"href":"http:\/\/www.robertosedda.it\/index.php?rest_route=%2Fwp%2Fv2%2Fmedia&parent=2900"}],"wp:term":[{"taxonomy":"category","embeddable":true,"href":"http:\/\/www.robertosedda.it\/index.php?rest_route=%2Fwp%2Fv2%2Fcategories&post=2900"},{"taxonomy":"post_tag","embeddable":true,"href":"http:\/\/www.robertosedda.it\/index.php?rest_route=%2Fwp%2Fv2%2Ftags&post=2900"}],"curies":[{"name":"wp","href":"https:\/\/api.w.org\/{rel}","templated":true}]}}