{"id":2880,"date":"2013-04-16T11:29:33","date_gmt":"2013-04-16T09:29:33","guid":{"rendered":"http:\/\/www.robertosedda.it\/?p=2880"},"modified":"2013-04-16T15:43:12","modified_gmt":"2013-04-16T13:43:12","slug":"tre-conversazioni-flash","status":"publish","type":"post","link":"http:\/\/www.robertosedda.it\/?p=2880","title":{"rendered":"Tre conversazioni flash"},"content":{"rendered":"<h3>\u00abEhia!!\u00bb<\/h3>\n<p>Salgo sul 31 e noto un ragazzino seduto.<\/p>\n<p>Ha una mohicana appiattita sulla cima della testa, una carnagione scurissima, un&#8217;aria complessiva da ragazzino di quartieri popolari.<\/p>\n<p>Se lo noto \u00e8 perch\u00e9 in spregio alle leggi della fisica riesce nell&#8217;impresa di apparire comodamente sdraiato sui sedili degli autobus del CTM, che come \u00e8 noto non hanno propriamente gli schienali reclinabili. \u00c8 bassottino, ma si snoda fino al sedile di fronte. Tiene\u00a0la mano destra\u00a0in tasca, volta a esplorare chiss\u00e0 quali insondabili profondit\u00e0, e la sinistra artiglia la coscia della fidanzata, seduta dal lato del finestrino. Pi\u00f9 per possesso che a fini esplorativi.<\/p>\n<p>Lo noto anche perch\u00e9 sta gridando: \u00abEhiaaa! Ehiaaa!\u00bb. Quando grida si contorce come un&#8217;anguilla che faccia <em>breakdance<\/em>, con un movimento convulsivo che parte dai piedi e arriva alla testa.<\/p>\n<p>Capisco che le esclamazioni sono riferite a un tizio, che i due ragazzi evidentemente conoscono, che sta salendo su una <em>Smart<\/em> insieme con una ragazza.<\/p>\n<p>Peccato mortale. Lei ha i soldi. \u00c8 carina. E ha una <em>Smart<\/em>. Borghese (<em>come si dir\u00e0 <\/em>paninara <em>nel gergo di oggi?<\/em>, mi chiedo).<\/p>\n<p>Alla fine della tirata la ragazza lo guarda gelida: \u00abMa guarda che io se non uscivo con te col <em>&#8211; <\/em><em>beep &#8211;<\/em> che non uscivo con uno solo perch\u00e9 aveva i soldi, che credi?\u00bb.<\/p>\n<p>Lui la guarda per un attimo, poi riprende le contorsioni: \u00abEhiaaaa! Ehiaaaa!\u00bb.<\/p>\n<h3>Tolkien (o un altro professore di lingue altogermaniche) sarebbe stato orgoglioso<\/h3>\n<p>Altro autobus, il <em>BLQ<\/em> che dall&#8217;aereoporto di Bologna porta alla stazione. L&#8217;autobus \u00e8 pieno.<\/p>\n<p>Davanti a me una coppia di ragazzi giovani. Dapprima penso che, come altri, siano a Bologna per qualche concerto, poi capisco che lei si sta trasferendo e lui l&#8217;accompagna per aiutarla ad installarsi.<\/p>\n<p>L&#8217;atteggiamento di lui \u00e8, non c&#8217;\u00e8 altra parola, paternalistico. Non parla con lei, parla di s\u00e9. Spiega: \u00abVedi, ti ho preso l&#8217;albergo in questa zona perch\u00e9 qui, vedi, hai tutto a disposizione a due passi\u00bb, io qui, io l\u00e0.<\/p>\n<p>Il momento migliore \u00e8 quando lei, passando, vede un <em>pub<\/em> e timidamente dice: \u00abVedi, vedi, dovremmo venire qui una sera\u00bb.<\/p>\n<p>Lui non la sta ascoltando, \u00e8 perso dietro le sue scoperte: \u00abCara, ti ricordi che Gianfranco diceva che lui studia giurispudenza e molti che la studiano imparano il <strong>tedesco<\/strong> perch\u00e9 in tedesco ci sono delle espressioni molto adatte per il diritto? Delle parole, dei giri del discorso particolarmente appropriate per il linguaggio giuridico?\u00bb.<\/p>\n<p>Lei impotente indica il <em>pub<\/em> che si allontana.<\/p>\n<p>Lui prosegue imperterrito: \u00abE guarda qui\u00bb, indica un cartello di avviso ai viaggiatori, lo legge ad alta voce: <em>si avvisano i signori viaggiatori che chi sar\u00e0 trovato a viaggiare sprovvisto di titolo di viaggio sar\u00e0 sottoposto alla sanzione amministrativa di \u20ac 200, ridotta a \u20ac 140 in caso di immediato pagamento<\/em>.<\/p>\n<p>\u00abE guarda adesso la traduzione in <strong>inglese<\/strong>: <em>passengers without ticket will be fined. Fine is \u20ac 200\u00a0(\u20ac 140 in case of immediate payment)<\/em>\u00bb.<\/p>\n<p>\u00ab<em>Fined<\/em>\u00bb. Assapora la\u00a0parola. \u00ab<em>Fined<\/em>. Molto adatto\u00bb.<\/p>\n<h3>Altre disquisizioni linguistiche<\/h3>\n<p>Esco dall&#8217;ufficio per un caff\u00e9. Al chiosco ci sono due studenti che discutono di un esame di sociologia.<\/p>\n<p>Lei gli consiglia di iscriversi al sito del\u00a0Mulino. Ci sono molte domande e risposte pronte, ci si pu\u00f2 esercitare. Lui scuote la testa.<\/p>\n<p>\u00abNon \u00e8 cos\u00ec, c&#8217;\u00e8 poco da esercitarsi. Il professore ti interroga col libro davanti, lo apre e lo vuole tutto. <em>Tutto<\/em>. Lo devi sapere. E poi devi stare attento ai nomi. Se gli dici <em>Uebber<\/em> si arrabbia\u00bb.<\/p>\n<p>Lei: \u00abAh, perch\u00e9, non si dice <em>uebber<\/em>?\u00bb.<\/p>\n<p>\u00abNo, Weber si dice <em>veber<\/em>. E lo vuole proprio cos\u00ec, se no\u00a0quasi ti sbatte fuori. Capisci adesso: ci sono sociologi francesi&#8230; svizzeri&#8230; giapponesi!!&#8230; \u00e8 un esame che richiede una preparazione esagerata. Ma-ni-a-ca-le\u00bb.<\/p>\n","protected":false},"excerpt":{"rendered":"<p>\u00abEhia!!\u00bb Salgo sul 31 e noto un ragazzino seduto. Ha una mohicana appiattita sulla cima della testa, una carnagione scurissima,<\/p>\n","protected":false},"author":1,"featured_media":0,"comment_status":"open","ping_status":"open","sticky":false,"template":"","format":"standard","meta":{"_mi_skip_tracking":false,"_monsterinsights_sitenote_active":false,"_monsterinsights_sitenote_note":"","_monsterinsights_sitenote_category":0,"jetpack_post_was_ever_published":false,"_jetpack_newsletter_access":"","jetpack_publicize_message":"","jetpack_is_tweetstorm":false,"jetpack_publicize_feature_enabled":true,"jetpack_social_post_already_shared":false,"jetpack_social_options":{"image_generator_settings":{"template":"highway","enabled":false}}},"categories":[52,56,18,61,16],"tags":[],"jetpack_publicize_connections":[],"jetpack_featured_media_url":"","jetpack_sharing_enabled":true,"jetpack_shortlink":"https:\/\/wp.me\/p4jV2T-Ks","jetpack_likes_enabled":true,"jetpack-related-posts":[{"id":8267,"url":"http:\/\/www.robertosedda.it\/?p=8267","url_meta":{"origin":2880,"position":0},"title":"Fenomenologia della distribuzione dei posti a sedere: l&#8217;Avvoltoio del CTM","author":"Rufus","date":"28\/08\/2014","format":false,"excerpt":"Oggi sull'autobus ho incontrato l'Avvoltoio. Ma andiamo con ordine. Le persone che sull'autobus desiderano sedersi e trovano i posti occupati tendono a comportarsi in maniera diversa. A un estremo ci sono quelli che sopportano, e restano in piedi. O quelli giovani, che non hanno diritto. O quelli\u00a0della mia et\u00e0,\u00a0che se\u2026","rel":"","context":"In &quot;Coordinate&quot;","block_context":{"text":"Coordinate","link":"http:\/\/www.robertosedda.it\/?cat=52"},"img":{"alt_text":"","src":"https:\/\/i0.wp.com\/www.robertosedda.it\/wp-content\/uploads\/2014\/08\/Avvoltoio.jpg?fit=252%2C333&resize=350%2C200","width":350,"height":200},"classes":[]},{"id":4051,"url":"http:\/\/www.robertosedda.it\/?p=4051","url_meta":{"origin":2880,"position":1},"title":"Educazione sentimentale sulla linea 30","author":"Rufus","date":"18\/07\/2013","format":false,"excerpt":"Ieri sull'autobus si siedono dietro di me quattro ragazzini, massimo diciassette anni, due maschi e due femmine. Li chiameremo lo Svelto, la Ragazza , l'Amica e il Mediatore. Sono ragazzini un po' grezzi, un po' da quartiere popolare, e parlano a voce alta in modo tale che tutto il pullman\u2026","rel":"","context":"In &quot;Coordinate&quot;","block_context":{"text":"Coordinate","link":"http:\/\/www.robertosedda.it\/?cat=52"},"img":{"alt_text":"","src":"https:\/\/i0.wp.com\/www.robertosedda.it\/wp-content\/uploads\/2019\/04\/Bus-CTM.jpg?fit=1200%2C674&resize=350%2C200","width":350,"height":200,"srcset":"https:\/\/i0.wp.com\/www.robertosedda.it\/wp-content\/uploads\/2019\/04\/Bus-CTM.jpg?fit=1200%2C674&resize=350%2C200 1x, https:\/\/i0.wp.com\/www.robertosedda.it\/wp-content\/uploads\/2019\/04\/Bus-CTM.jpg?fit=1200%2C674&resize=700%2C400 2x, https:\/\/i0.wp.com\/www.robertosedda.it\/wp-content\/uploads\/2019\/04\/Bus-CTM.jpg?fit=1200%2C674&resize=1050%2C600 3x"},"classes":[]},{"id":14093,"url":"http:\/\/www.robertosedda.it\/?p=14093","url_meta":{"origin":2880,"position":2},"title":"Il destino del bravo ragazzo","author":"Rufus","date":"29\/08\/2017","format":"video","excerpt":"Incontro talvolta sull'8 una coppia di ragazzi sui diciotto anni. Lei \u00e8 piccoletta, carina e piuttosto peperuta: non bella, ma fisicamente molto aggressiva, anche nel vestire. Lui \u00e8 grassottello, pacioso, con la barbetta. Vestito da ragazzino perbene. Mi ricorda un orsacchiotto. Un po' soggetto, magari, ma sorridente. Quando li incontro\u2026","rel":"","context":"In &quot;Coordinate&quot;","block_context":{"text":"Coordinate","link":"http:\/\/www.robertosedda.it\/?cat=52"},"img":{"alt_text":"","src":"https:\/\/i0.wp.com\/www.robertosedda.it\/wp-content\/uploads\/2019\/04\/Bus-CTM.jpg?fit=1200%2C674&resize=350%2C200","width":350,"height":200,"srcset":"https:\/\/i0.wp.com\/www.robertosedda.it\/wp-content\/uploads\/2019\/04\/Bus-CTM.jpg?fit=1200%2C674&resize=350%2C200 1x, https:\/\/i0.wp.com\/www.robertosedda.it\/wp-content\/uploads\/2019\/04\/Bus-CTM.jpg?fit=1200%2C674&resize=700%2C400 2x, https:\/\/i0.wp.com\/www.robertosedda.it\/wp-content\/uploads\/2019\/04\/Bus-CTM.jpg?fit=1200%2C674&resize=1050%2C600 3x"},"classes":[]},{"id":11702,"url":"http:\/\/www.robertosedda.it\/?p=11702","url_meta":{"origin":2880,"position":3},"title":"Fare i propri errori","author":"Rufus","date":"18\/03\/2016","format":false,"excerpt":"Sono su un autobus della linea 8 e dietro di me, proprio sul fondo, sono sedute due ragazzine: avranno al massimo quattordici anni, quindi vuol dire che si sentono estremamente mature. Infatti una fa all'altra: \u00ab... e capito, siamo adolescenti, \u00e8 anche normale\u00bb. \u00abEh si, cio\u00e8 non siamo pi\u00f9 bambine\u00bb.\u2026","rel":"","context":"In &quot;Coordinate&quot;","block_context":{"text":"Coordinate","link":"http:\/\/www.robertosedda.it\/?cat=52"},"img":{"alt_text":"","src":"https:\/\/i0.wp.com\/www.robertosedda.it\/wp-content\/uploads\/2016\/03\/Due-ragazze.jpg?fit=354%2C500&resize=350%2C200","width":350,"height":200},"classes":[]},{"id":15056,"url":"http:\/\/www.robertosedda.it\/?p=15056","url_meta":{"origin":2880,"position":4},"title":"Facile moralismo","author":"Rufus","date":"23\/04\/2018","format":false,"excerpt":"Stamattina mi sono visto passare il\u00a06 sotto il naso, per una volta che ero riuscito a uscire di casa puntuale. Per fortuna un attimo dopo passa il\u00a031, scarica l'abituale orda di ragazzini diretti alle scuole della zona e prosegue, con a bordo un'altra orda di altri ragazzini, sei immigrati africani,\u2026","rel":"","context":"In &quot;Coordinate&quot;","block_context":{"text":"Coordinate","link":"http:\/\/www.robertosedda.it\/?cat=52"},"img":{"alt_text":"","src":"https:\/\/i0.wp.com\/www.robertosedda.it\/wp-content\/uploads\/2018\/04\/189095_1008070813927_9322_n.jpg?fit=604%2C453&resize=350%2C200","width":350,"height":200},"classes":[]},{"id":16720,"url":"http:\/\/www.robertosedda.it\/?p=16720","url_meta":{"origin":2880,"position":5},"title":"Banchetti di nozze","author":"Rufus","date":"22\/05\/2019","format":false,"excerpt":"L'altra sera, di ritorno dall'Assemblea di Banca Etica ci siamo trovati in tre, io, Bonaria e l'Inossidabile, su un aereo che tornava a tarda notte da Milano. A bordo, a parte noi e poche altre persone normali, squadre sportive, squadre sportive ovunque, a perdita d'occhio: ragazzine che giocano a calcio,\u2026","rel":"","context":"In &quot;Coordinate&quot;","block_context":{"text":"Coordinate","link":"http:\/\/www.robertosedda.it\/?cat=52"},"img":{"alt_text":"","src":"https:\/\/i0.wp.com\/www.robertosedda.it\/wp-content\/uploads\/2019\/05\/Austen-Weddng.jpg?fit=480%2C720&resize=350%2C200","width":350,"height":200},"classes":[]}],"_links":{"self":[{"href":"http:\/\/www.robertosedda.it\/index.php?rest_route=\/wp\/v2\/posts\/2880"}],"collection":[{"href":"http:\/\/www.robertosedda.it\/index.php?rest_route=\/wp\/v2\/posts"}],"about":[{"href":"http:\/\/www.robertosedda.it\/index.php?rest_route=\/wp\/v2\/types\/post"}],"author":[{"embeddable":true,"href":"http:\/\/www.robertosedda.it\/index.php?rest_route=\/wp\/v2\/users\/1"}],"replies":[{"embeddable":true,"href":"http:\/\/www.robertosedda.it\/index.php?rest_route=%2Fwp%2Fv2%2Fcomments&post=2880"}],"version-history":[{"count":7,"href":"http:\/\/www.robertosedda.it\/index.php?rest_route=\/wp\/v2\/posts\/2880\/revisions"}],"predecessor-version":[{"id":2887,"href":"http:\/\/www.robertosedda.it\/index.php?rest_route=\/wp\/v2\/posts\/2880\/revisions\/2887"}],"wp:attachment":[{"href":"http:\/\/www.robertosedda.it\/index.php?rest_route=%2Fwp%2Fv2%2Fmedia&parent=2880"}],"wp:term":[{"taxonomy":"category","embeddable":true,"href":"http:\/\/www.robertosedda.it\/index.php?rest_route=%2Fwp%2Fv2%2Fcategories&post=2880"},{"taxonomy":"post_tag","embeddable":true,"href":"http:\/\/www.robertosedda.it\/index.php?rest_route=%2Fwp%2Fv2%2Ftags&post=2880"}],"curies":[{"name":"wp","href":"https:\/\/api.w.org\/{rel}","templated":true}]}}