{"id":2850,"date":"2013-04-11T15:19:07","date_gmt":"2013-04-11T13:19:07","guid":{"rendered":"http:\/\/www.robertosedda.it\/?p=2850"},"modified":"2014-04-17T18:04:47","modified_gmt":"2014-04-17T16:04:47","slug":"praticamente-fantasy","status":"publish","type":"post","link":"http:\/\/www.robertosedda.it\/?p=2850","title":{"rendered":"Praticamente fantasy"},"content":{"rendered":"<p>Esco per prendere un panino in pausa pranzo e fuori trovo un gruppetto di studenti, in uscita da un esame, che fa capannello e si\u00a0scambia storielle universitarie.<\/p>\n<p>Man mano i racconti si appuntano su una professoressa in particolare, forse la stessa dell&#8217;esame. Effettivamente un po&#8217; bizzarra.<\/p>\n<p>Uno racconta di un amico, Michele. Una volta \u00e8 andato a lezione con un maglione a collo alto e la professoressa gli ha detto: \u00abMa lei come mai si \u00e8 messo quel maglione? Vuole provocare?\u00bb.<\/p>\n<p>Michele, dice l&#8217;amico, \u00e8 caduto dalle nuvole: appena arrivato, l&#8217;aula affollata, trova posto solo in\u00a0prima fila e la professoressa lo apostrofa pure in quel modo.<\/p>\n<p>\u00abSi, ma perch\u00e9 diceva che era un provocazione?\u00bb, fa un altro ragazzo.<\/p>\n<p>\u00abAh, boh! Gli ha tirato fuori tutta una cosa che quel maglione se lo mettevano certi, ai tempi dei comunisti e dei fascisti, tutta una storia, non lo so, di questo tipo di maglioni\u00bb.<\/p>\n<p>Gli amici sembrano aspettare qualcosa di pi\u00f9: che storie di comunisiti e fascisti? E chi se lo metteva, questo maglione?<\/p>\n<p>\u00abEh boh, non ho capito: erano storie, robe vecchie, ma vecchie. Ci mancava solo che arrivavano anche Sauron e i Nazgul in queste storie, ci mancava solo\u00bb.<\/p>\n","protected":false},"excerpt":{"rendered":"<p>Esco per prendere un panino in pausa pranzo e fuori trovo un gruppetto di studenti, in uscita da un esame,<\/p>\n","protected":false},"author":1,"featured_media":0,"comment_status":"open","ping_status":"open","sticky":false,"template":"","format":"standard","meta":{"_mi_skip_tracking":false,"_monsterinsights_sitenote_active":false,"_monsterinsights_sitenote_note":"","_monsterinsights_sitenote_category":0,"jetpack_post_was_ever_published":false,"_jetpack_newsletter_access":"","jetpack_publicize_message":"","jetpack_is_tweetstorm":false,"jetpack_publicize_feature_enabled":true,"jetpack_social_post_already_shared":false,"jetpack_social_options":{"image_generator_settings":{"template":"highway","enabled":false}}},"categories":[52,56,82,18,16],"tags":[],"jetpack_publicize_connections":[],"jetpack_featured_media_url":"","jetpack_sharing_enabled":true,"jetpack_shortlink":"https:\/\/wp.me\/p4jV2T-JY","jetpack_likes_enabled":true,"jetpack-related-posts":[{"id":12968,"url":"http:\/\/www.robertosedda.it\/?p=12968","url_meta":{"origin":2850,"position":0},"title":"Please, insert Rufus","author":"Rufus","date":"20\/12\/2016","format":false,"excerpt":"Sabato i\u00a0Fabbricastorie hanno passato uno scoglio non da poco nel percorso verso la\u00a0Global Game Jam, organizzando e gestendo senza troppe pecche il seminario\u00a0Please, insert story, una delle tappe intermedie principali verso la\u00a0Jam. Una delle cose belle era che nel pubblico c'\u00e8 stato esattamente quel\u00a0mix\u00a0di personalit\u00e0 e figure che ci auguravamo:\u2026","rel":"","context":"In &quot;Coordinate&quot;","block_context":{"text":"Coordinate","link":"http:\/\/www.robertosedda.it\/?cat=52"},"img":{"alt_text":"","src":"https:\/\/i0.wp.com\/www.robertosedda.it\/wp-content\/uploads\/2016\/12\/Saluti.jpg?fit=469%2C473&resize=350%2C200","width":350,"height":200},"classes":[]},{"id":20121,"url":"http:\/\/www.robertosedda.it\/?p=20121","url_meta":{"origin":2850,"position":1},"title":"Poesia abbacinante","author":"Rufus","date":"11\/05\/2023","format":false,"excerpt":"In gita scolastica Ieri il Subcomandante Marcos, a un certo punto, esprimeva la preoccupazione che la stoltezza insediata in cattedra inducesse la Legale Buona a perdere interesse per la materia preferita - ma malissimo insegnata - e io mi sono fatto un appunto mentale di raccontare alle giovani generazioni qualcosa\u2026","rel":"","context":"In &quot;Coordinate&quot;","block_context":{"text":"Coordinate","link":"http:\/\/www.robertosedda.it\/?cat=52"},"img":{"alt_text":"","src":"https:\/\/i0.wp.com\/www.robertosedda.it\/wp-content\/uploads\/2014\/05\/Gita-scolastica.jpg?fit=1200%2C899&resize=350%2C200","width":350,"height":200,"srcset":"https:\/\/i0.wp.com\/www.robertosedda.it\/wp-content\/uploads\/2014\/05\/Gita-scolastica.jpg?fit=1200%2C899&resize=350%2C200 1x, https:\/\/i0.wp.com\/www.robertosedda.it\/wp-content\/uploads\/2014\/05\/Gita-scolastica.jpg?fit=1200%2C899&resize=700%2C400 2x, https:\/\/i0.wp.com\/www.robertosedda.it\/wp-content\/uploads\/2014\/05\/Gita-scolastica.jpg?fit=1200%2C899&resize=1050%2C600 3x"},"classes":[]},{"id":3953,"url":"http:\/\/www.robertosedda.it\/?p=3953","url_meta":{"origin":2850,"position":2},"title":"Festival delle Terre (di festival &#8211; 2)","author":"Rufus","date":"13\/07\/2013","format":"video","excerpt":"Sono stato ieri all'inaugurazione del Festival delle Terre, a Villa Muscas. Il tema di quest'anno \u00e8 Chi decide cosa c'\u00e8 nel tuo piatto?, anche se la selezione dei cortometraggi mi pare comprenda titoli che hanno sempre a che fare in qualche modo con la sostenibilit\u00e0 ma esplorano il tema in\u2026","rel":"","context":"In &quot;Coordinate&quot;","block_context":{"text":"Coordinate","link":"http:\/\/www.robertosedda.it\/?cat=52"},"img":{"alt_text":"","src":"https:\/\/i0.wp.com\/www.robertosedda.it\/wp-content\/uploads\/2013\/07\/logo_fest_terre1.png?fit=422%2C200&resize=350%2C200","width":350,"height":200},"classes":[]},{"id":18506,"url":"http:\/\/www.robertosedda.it\/?p=18506","url_meta":{"origin":2850,"position":3},"title":"Occhi di lince in casa Sedda-Loi","author":"Rufus","date":"27\/04\/2021","format":false,"excerpt":"L'altro giorno stavamo guardando una puntata di Via dei Matti n. 0 (per l'esattezza quella del 12 aprile) quando Maria Bonaria ha detto: \u00abBollani ha perso un bottone\u00bb. Io mi sono girato a guardarla, un filino sorpreso, diciamo, e lei ha ripetuto: \u00abHa perso un bottone. Dalla manica della giacca.\u2026","rel":"","context":"In &quot;Coordinate&quot;","block_context":{"text":"Coordinate","link":"http:\/\/www.robertosedda.it\/?cat=52"},"img":{"alt_text":"","src":"https:\/\/i0.wp.com\/www.robertosedda.it\/wp-content\/uploads\/2021\/04\/Bollani-uno.png?fit=1200%2C569&resize=350%2C200","width":350,"height":200,"srcset":"https:\/\/i0.wp.com\/www.robertosedda.it\/wp-content\/uploads\/2021\/04\/Bollani-uno.png?fit=1200%2C569&resize=350%2C200 1x, https:\/\/i0.wp.com\/www.robertosedda.it\/wp-content\/uploads\/2021\/04\/Bollani-uno.png?fit=1200%2C569&resize=700%2C400 2x, https:\/\/i0.wp.com\/www.robertosedda.it\/wp-content\/uploads\/2021\/04\/Bollani-uno.png?fit=1200%2C569&resize=1050%2C600 3x"},"classes":[]},{"id":2574,"url":"http:\/\/www.robertosedda.it\/?p=2574","url_meta":{"origin":2850,"position":4},"title":"Amori contrastati","author":"Rufus","date":"16\/03\/2013","format":false,"excerpt":"Trovo oggi sul New York Times una storia bellissima e molto cyberpunk, che potrebbe\u00a0 tranquillamente essere un film hitchcockiano. Allora, la storia \u00e8 questa: il signore qui a destra si chiama Paul Frampton ed \u00e8 un fisico teorico che insegna nell'Universit\u00e0 della Carolina del Nord. Su Google scholar trovo una\u2026","rel":"","context":"In &quot;Coordinate&quot;","block_context":{"text":"Coordinate","link":"http:\/\/www.robertosedda.it\/?cat=52"},"img":{"alt_text":"","src":"https:\/\/i0.wp.com\/www.robertosedda.it\/wp-content\/uploads\/2013\/03\/Denise-Milani-denise-milani-23490234-1714-2560.jpg?fit=803%2C1200&resize=350%2C200","width":350,"height":200,"srcset":"https:\/\/i0.wp.com\/www.robertosedda.it\/wp-content\/uploads\/2013\/03\/Denise-Milani-denise-milani-23490234-1714-2560.jpg?fit=803%2C1200&resize=350%2C200 1x, https:\/\/i0.wp.com\/www.robertosedda.it\/wp-content\/uploads\/2013\/03\/Denise-Milani-denise-milani-23490234-1714-2560.jpg?fit=803%2C1200&resize=700%2C400 2x"},"classes":[]},{"id":9026,"url":"http:\/\/www.robertosedda.it\/?p=9026","url_meta":{"origin":2850,"position":5},"title":"Una vecchia polemica sul femminismo","author":"Rufus","date":"09\/12\/2014","format":false,"excerpt":"Francesca Madrigali mi ha segnalato oggi, col consueto garbo, che la prossima puntata della sua ottima trasmissione su\u00a0Radio X sar\u00e0 dedicata ai temi del femminismo. Una parte dei contenuti sono esplicitati nell'articolo preparatorio che, come al solito, Francesca ha pubblicato sul suo\u00a0blog. A me la La versione di Madry\u00a0piace, come\u2026","rel":"","context":"In &quot;Coordinate&quot;","block_context":{"text":"Coordinate","link":"http:\/\/www.robertosedda.it\/?cat=52"},"img":{"alt_text":"","src":"https:\/\/i0.wp.com\/www.robertosedda.it\/wp-content\/uploads\/2014\/12\/Francesca-Madrigali-femminismo.jpg?fit=499%2C535&resize=350%2C200","width":350,"height":200},"classes":[]}],"_links":{"self":[{"href":"http:\/\/www.robertosedda.it\/index.php?rest_route=\/wp\/v2\/posts\/2850"}],"collection":[{"href":"http:\/\/www.robertosedda.it\/index.php?rest_route=\/wp\/v2\/posts"}],"about":[{"href":"http:\/\/www.robertosedda.it\/index.php?rest_route=\/wp\/v2\/types\/post"}],"author":[{"embeddable":true,"href":"http:\/\/www.robertosedda.it\/index.php?rest_route=\/wp\/v2\/users\/1"}],"replies":[{"embeddable":true,"href":"http:\/\/www.robertosedda.it\/index.php?rest_route=%2Fwp%2Fv2%2Fcomments&post=2850"}],"version-history":[{"count":5,"href":"http:\/\/www.robertosedda.it\/index.php?rest_route=\/wp\/v2\/posts\/2850\/revisions"}],"predecessor-version":[{"id":7008,"href":"http:\/\/www.robertosedda.it\/index.php?rest_route=\/wp\/v2\/posts\/2850\/revisions\/7008"}],"wp:attachment":[{"href":"http:\/\/www.robertosedda.it\/index.php?rest_route=%2Fwp%2Fv2%2Fmedia&parent=2850"}],"wp:term":[{"taxonomy":"category","embeddable":true,"href":"http:\/\/www.robertosedda.it\/index.php?rest_route=%2Fwp%2Fv2%2Fcategories&post=2850"},{"taxonomy":"post_tag","embeddable":true,"href":"http:\/\/www.robertosedda.it\/index.php?rest_route=%2Fwp%2Fv2%2Ftags&post=2850"}],"curies":[{"name":"wp","href":"https:\/\/api.w.org\/{rel}","templated":true}]}}