{"id":2805,"date":"2013-04-08T19:21:10","date_gmt":"2013-04-08T17:21:10","guid":{"rendered":"http:\/\/www.robertosedda.it\/?p=2805"},"modified":"2022-04-12T09:40:27","modified_gmt":"2022-04-12T07:40:27","slug":"ancora-vivi","status":"publish","type":"post","link":"http:\/\/www.robertosedda.it\/?p=2805","title":{"rendered":"Ancora vivi?"},"content":{"rendered":"<h2><em>Wikipedia<\/em> contro&nbsp;i servizi segreti francesi<\/h2>\n<p><em>Wikipedia<\/em>, si sa, sceglie sempre l&#8217;<em>understatement<\/em>. Della controversia che l&#8217;ha opposta ai <a href=\"http:\/\/www.police-nationale.interieur.gouv.fr\/Organisation\/Direction-Centrale-du-Renseignement-Interieur\">servizi segreti francesi<\/a>, nella <a href=\"http:\/\/fr.wikipedia.org\/wiki\/Direction_centrale_du_Renseignement_int%C3%A9rieur\">pagina dedicata a questi ultimi<\/a> scrive:<\/p>\n<blockquote><p>Le 4 avril 2013, plusieurs fonctionnaires de la DCRI convoquent un administrateur b\u00e9n\u00e9vole de Wikip\u00e9dia et, le mena\u00e7ant d&#8217;une garde \u00e0 vue et de poursuites judiciaires, le forcent \u00e0 supprimer l&#8217;article sur la <a title=\"Station hertzienne militaire de Pierre-sur-Haute\" href=\"\/wiki\/Station_hertzienne_militaire_de_Pierre-sur-Haute\">station hertzienne militaire de Pierre-sur-Haute<\/a> pr\u00e9sent depuis plusieurs ann\u00e9es sur l&#8217;encyclop\u00e9die en ligne arguant du fait qu&#8217;il contiendrait des informations classifi\u00e9es. L&#8217;op\u00e9ration est m\u00e9diatis\u00e9e et aboutit au r\u00e9sultat inverse \u00e0 celui souhait\u00e9<sup id=\"cite_ref-48\">.<\/sup><\/p><\/blockquote>\n<p>Trovo fantastica l&#8217;espressione: <em>l&#8217;operazione&nbsp;si&nbsp;impone all&#8217;attenzione dei mezzi di comunicazione e giunge a un risultato opposto a quello cercato <\/em>per descrivere quello che invece \u00e8 un fiasco comunicativo impressionante (nonch\u00e9 un insieme di abusi, comportamenti dotati di una base legale discutibile e parecchio altro).<\/p>\n<p>La storia, in breve, \u00e8 questa: su <em>Wikipedia<\/em> francese \u00e8 presente dal 2009 una <a href=\"http:\/\/fr.wikipedia.org\/wiki\/Station_hertzienne_militaire_de_Pierre-sur-Haute\">pagina dedicata a una installazione militare che \u00e8 una stazione radio e (forse) anche altro<\/a>. Pochi mesi fa i servizi contattano <em>Wikipedia<\/em> per chiedere la rimozione della pagina, sulla base del fatto che contiene informazioni riservate legate alla sicurezza nazionale. I responsabili di <em>Wikipedia<\/em> reagiscono secondo le proprie regole (chi ha avuto a che fare con la comunit\u00e0 sa che l\u00ec le regole sono tutto) e chiedono una dichiarazione ufficiale per rimuovere la pagina: altrimenti chiunque potrebbe ottenere la cancellazione di informazioni sgradite.<\/p>\n<p>Gi\u00e0 a questo punto la questione \u00e8 evidentemente gestita male: perch\u00e9 se si tratta di una base segreta, non si pu\u00f2 dichiararlo ufficialmente, ma \u00e8 a questo punto che i funzionari incaricati danno il meglio di s\u00e9. Convocano un <em>editor<\/em> di <em>Wikipedia<\/em>, uno noto perch\u00e9 aveva prestato la sua faccia alle abituali raccolte fondi dell&#8217;organizzazione, ma che non aveva <em>nulla<\/em> a che fare con la pagina incriminata, come se fosse il referente nazionale dei <em>wikipediani<\/em>, e lo obbligano, dietro minaccia di arresto, a usare le sue chiavi di accesso per cancellare la pagina.<\/p>\n<p>Prescindiamo dal fatto che la cosa sembra pi\u00f9 consona a un regime di polizia che alla culla della democrazia europea. Risultato? La pagina viene rimessa in linea in poche ore da altri operatori (e in ogni caso \u00e8 sempre stata disponibile, attraverso la <em>cache<\/em> di <em>Google<\/em> e di altri motori di ricerca), <em>Wikipedia<\/em> grida alla censura e alla violenza e, siccome prendersela con <em>Wikipedia<\/em> \u00e8, nella sensibilit\u00e0 della rete, come prendersela con Madre Teresa, la notizia fa il giro del mondo come fuoco nella paglia; quindi <em>tutti<\/em> vanno a vedersi la pagina incriminata, che da voce semisconosciuta diventa una delle pi\u00f9 cliccate al mondo, generando <em>esattamente <\/em>tutta quella attenzione che si voleva evitare. Una <em>debacle<\/em>: che se viene&nbsp;sommata ai risultati di comunicazione &#8211; diciamo: poliziotti <em>non solo<\/em> autoritari ma <em>anche<\/em> cos\u00ec ignoranti della rete da apparire ridicoli &#8211; diventa un disastro impressionante.<\/p>\n<h3>L&#8217;ultima vittoria?<\/h3>\n<p>Giustamente <a href=\"http:\/\/mazzetta.wordpress.com\/2013\/04\/08\/il-disastro-dei-servizi-segreti-francesi-contro-wikipedia\/\">i commentatori si sono concentrati sull&#8217;incredibile leggerezza dei funzionari incaricati del caso<\/a>, i quali palesemente nel 2013 non solo non sapevano&nbsp;cosa fosse realmente <em>Wikipedia<\/em>, ma non erano neanche in grado di procurarsi uno straccio di consulente che glielo spiegasse.<\/p>\n<p>Quello che a me sembra interessante rilevare \u00e8 che, in questo caso come in molti altri recenti, <em>Wikipedia<\/em> ha ormai raggiunto un grado di visibilit\u00e0 tale che chi ha interesse a manipolare o gestire la realt\u00e0 <em>deve<\/em> farci i conti: ma nel caso del DCRI come in altri ancora non si sa bene come fare. Mi chiedo fino a quando durer\u00e0: paradossalmente fiaschi come questi sono, per i censori e i manipolatori occasioni di apprendimento e <em>avvicinano<\/em> il controllo della rete da parte dei poteri forti, se la comunit\u00e0 della libera circolazione delle informazioni non misurer\u00e0 le proprie forze con attenzione in vista di altri attacchi molto pi\u00f9 biechi futuri.<\/p>\n","protected":false},"excerpt":{"rendered":"<p>Wikipedia contro&nbsp;i servizi segreti francesi Wikipedia, si sa, sceglie sempre l&#8217;understatement. Della controversia che l&#8217;ha opposta ai servizi segreti francesi,<\/p>\n","protected":false},"author":1,"featured_media":19481,"comment_status":"open","ping_status":"open","sticky":false,"template":"","format":"standard","meta":{"_mi_skip_tracking":false,"_monsterinsights_sitenote_active":false,"_monsterinsights_sitenote_note":"","_monsterinsights_sitenote_category":0,"jetpack_post_was_ever_published":false,"_jetpack_newsletter_access":"","jetpack_publicize_message":"","jetpack_is_tweetstorm":false,"jetpack_publicize_feature_enabled":true,"jetpack_social_post_already_shared":false,"jetpack_social_options":{"image_generator_settings":{"template":"highway","enabled":false}}},"categories":[52,64,55,19],"tags":[],"jetpack_publicize_connections":[],"jetpack_featured_media_url":"https:\/\/i0.wp.com\/www.robertosedda.it\/wp-content\/uploads\/2013\/04\/1200px-Wikipedia-logo-v2-it.svg.png?fit=1200%2C1378","jetpack_sharing_enabled":true,"jetpack_shortlink":"https:\/\/wp.me\/p4jV2T-Jf","jetpack_likes_enabled":true,"jetpack-related-posts":[{"id":3466,"url":"http:\/\/www.robertosedda.it\/?p=3466","url_meta":{"origin":2805,"position":0},"title":"Congegni matematici","author":"Rufus","date":"07\/06\/2013","format":"video","excerpt":"Il giro del mondo in ottanta giorni in linea Ho caricato ieri su Youtube la puntata di Oggi parliamo di libri dedicata al Giro del mondo in ottanta giorni. In un ciclo sui romanzi d'avventura non si poteva non parlare di Verne, e il problema era casomai quello di scegliere\u2026","rel":"","context":"In &quot;Cappe e spade&quot;","block_context":{"text":"Cappe e spade","link":"http:\/\/www.robertosedda.it\/?cat=70"},"img":{"alt_text":"","src":"https:\/\/i0.wp.com\/www.robertosedda.it\/wp-content\/uploads\/2013\/06\/SIL7-30-01.jpg?fit=450%2C621&resize=350%2C200","width":350,"height":200},"classes":[]},{"id":2408,"url":"http:\/\/www.robertosedda.it\/?p=2408","url_meta":{"origin":2805,"position":1},"title":"I figli del capitano Grant","author":"Rufus","date":"05\/03\/2013","format":false,"excerpt":"In un articolo di qualche mese fa avevo raccontato di avere iniziato I figli del capitano Grant (di Jules Verne). Di solito leggo velocemente, invece in questo caso il tempo di lettura si \u00e8 rivelato straordinariamente lungo. E faticoso. Mi sono ripromesso nel 2013 di leggere tutto Verne. O almeno\u2026","rel":"","context":"In &quot;Cappe e spade&quot;","block_context":{"text":"Cappe e spade","link":"http:\/\/www.robertosedda.it\/?cat=70"},"img":{"alt_text":"","src":"https:\/\/i0.wp.com\/www.robertosedda.it\/wp-content\/uploads\/2013\/03\/capitano-grant.jpg?fit=408%2C600&resize=350%2C200","width":350,"height":200},"classes":[]},{"id":1581,"url":"http:\/\/www.robertosedda.it\/?p=1581","url_meta":{"origin":2805,"position":2},"title":"Poesie, radio e Paolo Maccioni","author":"Rufus","date":"06\/12\/2012","format":false,"excerpt":"Visto che sono in fase di avvicinamento alla\u00a0messa in onda\u00a0di Oggi parliamo di libri mi \u00e8 venuto in mente di rispolverare la mia unica esperienza precedente in radio, un'ospitata su Cono Sur, il programma sulla Latinoamerica di Paolo Maccioni (sulla Radiopress dei bei tempi). Ho ritrovato la data: il 19\u2026","rel":"","context":"In &quot;Coordinate&quot;","block_context":{"text":"Coordinate","link":"http:\/\/www.robertosedda.it\/?cat=52"},"img":{"alt_text":"","src":"","width":0,"height":0},"classes":[]},{"id":10243,"url":"http:\/\/www.robertosedda.it\/?p=10243","url_meta":{"origin":2805,"position":3},"title":"Giustizia per Gino D&#8217;Achille","author":"Rufus","date":"22\/05\/2015","format":false,"excerpt":"Ok, ditemi il nome di un illustratore\u00a0fantasy dell'epoca eroica. Mmmm, Frazetta? L'illustratore principe delle copertine dei libri di Conan? Una buona scelta, naturalmente. Apprezzerete, fra l'altro, che non vi ho messo una donnina delle solite. Oppure Boris Vallejo, un altro che \u00e8 comparso sulle copertine di met\u00e0 dei libri\u00a0fantasy\u00a0del mondo.\u2026","rel":"","context":"In &quot;Coordinate&quot;","block_context":{"text":"Coordinate","link":"http:\/\/www.robertosedda.it\/?cat=52"},"img":{"alt_text":"","src":"https:\/\/i0.wp.com\/www.robertosedda.it\/wp-content\/uploads\/2015\/05\/Gino-DAchille.jpg?fit=591%2C411&resize=350%2C200","width":350,"height":200},"classes":[]},{"id":1865,"url":"http:\/\/www.robertosedda.it\/?p=1865","url_meta":{"origin":2805,"position":4},"title":"Vi manca l&#8217;idea per un gioco di ruolo? Ecco&#8230;","author":"Rufus","date":"18\/01\/2013","format":false,"excerpt":"In questo periodo ho pi\u00f9 cose da scrivere che tempo a disposizione. E mi sono anche accorto che sebbene la scritta Giochi campeggi sul men\u00f9 principale, sebbene mi dichiari orgogliosamente un giocatore, sinora non ho parlato quasi mai di giochi. L'articolo che state per leggere nasce da queste due osservazioni.\u00a0Mi\u2026","rel":"","context":"In &quot;Cappe e spade&quot;","block_context":{"text":"Cappe e spade","link":"http:\/\/www.robertosedda.it\/?cat=70"},"img":{"alt_text":"","src":"https:\/\/i0.wp.com\/www.robertosedda.it\/wp-content\/uploads\/2013\/01\/voynich.jpg?fit=411%2C300&resize=350%2C200","width":350,"height":200},"classes":[]},{"id":11638,"url":"http:\/\/www.robertosedda.it\/?p=11638","url_meta":{"origin":2805,"position":5},"title":"Tutte le battaglie della storia","author":"Rufus","date":"08\/03\/2016","format":false,"excerpt":"Sapete che mi piacciono le infografiche e le mappe: seguendo questa passione ho trovato sul sito della BBC\u00a0la\u00a0notizia del progetto di una societ\u00e0 olandese che prova a\u00a0geolocalizzare tutte le battaglie delle quali riesce a trovare documentazione e a riportarle su un'unica mappa. Il progetto \u00e8 interessante (la mappa \u00e8 passata\u2026","rel":"","context":"In &quot;Coordinate&quot;","block_context":{"text":"Coordinate","link":"http:\/\/www.robertosedda.it\/?cat=52"},"img":{"alt_text":"","src":"https:\/\/i0.wp.com\/www.robertosedda.it\/wp-content\/uploads\/2016\/03\/Tutte-le-battaglie-del-mondo.jpg?fit=1200%2C644&resize=350%2C200","width":350,"height":200,"srcset":"https:\/\/i0.wp.com\/www.robertosedda.it\/wp-content\/uploads\/2016\/03\/Tutte-le-battaglie-del-mondo.jpg?fit=1200%2C644&resize=350%2C200 1x, https:\/\/i0.wp.com\/www.robertosedda.it\/wp-content\/uploads\/2016\/03\/Tutte-le-battaglie-del-mondo.jpg?fit=1200%2C644&resize=700%2C400 2x, https:\/\/i0.wp.com\/www.robertosedda.it\/wp-content\/uploads\/2016\/03\/Tutte-le-battaglie-del-mondo.jpg?fit=1200%2C644&resize=1050%2C600 3x"},"classes":[]}],"_links":{"self":[{"href":"http:\/\/www.robertosedda.it\/index.php?rest_route=\/wp\/v2\/posts\/2805"}],"collection":[{"href":"http:\/\/www.robertosedda.it\/index.php?rest_route=\/wp\/v2\/posts"}],"about":[{"href":"http:\/\/www.robertosedda.it\/index.php?rest_route=\/wp\/v2\/types\/post"}],"author":[{"embeddable":true,"href":"http:\/\/www.robertosedda.it\/index.php?rest_route=\/wp\/v2\/users\/1"}],"replies":[{"embeddable":true,"href":"http:\/\/www.robertosedda.it\/index.php?rest_route=%2Fwp%2Fv2%2Fcomments&post=2805"}],"version-history":[{"count":8,"href":"http:\/\/www.robertosedda.it\/index.php?rest_route=\/wp\/v2\/posts\/2805\/revisions"}],"predecessor-version":[{"id":19482,"href":"http:\/\/www.robertosedda.it\/index.php?rest_route=\/wp\/v2\/posts\/2805\/revisions\/19482"}],"wp:featuredmedia":[{"embeddable":true,"href":"http:\/\/www.robertosedda.it\/index.php?rest_route=\/wp\/v2\/media\/19481"}],"wp:attachment":[{"href":"http:\/\/www.robertosedda.it\/index.php?rest_route=%2Fwp%2Fv2%2Fmedia&parent=2805"}],"wp:term":[{"taxonomy":"category","embeddable":true,"href":"http:\/\/www.robertosedda.it\/index.php?rest_route=%2Fwp%2Fv2%2Fcategories&post=2805"},{"taxonomy":"post_tag","embeddable":true,"href":"http:\/\/www.robertosedda.it\/index.php?rest_route=%2Fwp%2Fv2%2Ftags&post=2805"}],"curies":[{"name":"wp","href":"https:\/\/api.w.org\/{rel}","templated":true}]}}