{"id":2787,"date":"2013-04-03T18:40:53","date_gmt":"2013-04-03T16:40:53","guid":{"rendered":"http:\/\/www.robertosedda.it\/?p=2787"},"modified":"2013-04-04T08:48:00","modified_gmt":"2013-04-04T06:48:00","slug":"tessere-altre-economie","status":"publish","type":"post","link":"http:\/\/www.robertosedda.it\/?p=2787","title":{"rendered":"Tessere altre economie"},"content":{"rendered":"<p>Domani, 4 aprile 2013,\u00a0alle ore 16 sar\u00f2 al Liceo Siotto per parlare a un corso di aggiornamento di insegnanti, come se fossi una persona seria.<\/p>\n<p>Il tema che mi hanno assegnato (a dir la verit\u00e0 il titolo l&#8217;ho suggerito io, ehm) \u00e8: <em>Tessere altre economie<\/em>.<\/p>\n<p>Un po&#8217; il titolo \u00e8 venuto fuori perch\u00e9 con me ci sar\u00e0 Rosa Spanu che presenta l&#8217;esperienza di <em>Artimanos<\/em>, un&#8217;associazione di artigiani (e quindi una <em>rete<\/em> di altra economia dove c&#8217;\u00e8 gente che tesse tessuti in senso proprio ma anche metaforico, questo \u00e8 un po&#8217; il ragionamento). Rosa per\u00f2\u00a0\u00e8 ceramista: in questo senso usando la metafora della <em>tessitura <\/em>facciamo un piccolo salto logico, ma la ceramica \u00e8 comunque un buon allenamento per la cura delle reti locali, come\u00a0suggerisce\u00a0la Bibbia (Sap 15,7):<\/p>\n<blockquote><p>Cos\u00ec il vasaio seduto al suo lavoro<br \/>\ngira con i piedi la ruota,<br \/>\n\u00e8 sempre in ansia per il suo lavoro;<br \/>\ntutti i suoi gesti sono calcolati.<\/p><\/blockquote>\n<p>Da parte mia non sono ancora ben sicuro di quello che voglio dire.<\/p>\n<p>O meglio: un po&#8217; lo so e un po&#8217; devo decidere, e naturalmente \u00e8 chiaro che partir\u00f2 da <a href=\"http:\/\/www.bancaetica.com\">Banca Etica<\/a> e dalla finanza.<\/p>\n<p>Comunque, di solito i testi delle relazioni si pubblicano <em>dopo<\/em>, ma io ho pensato di pubblicare la scaletta del mio intervento come la sto pensando, cos\u00ec magari vi invoglio a partecipare: l&#8217;incontro, infatti, \u00e8 pubblico.<\/p>\n<p>E entro domani siete in tempo a dire: \u00abParla d&#8217;altro!\u00bb.<\/p>\n<h3>Quel che vorrei dire<\/h3>\n<ol>\n<li><em>Tessere altre economie<\/em>: altre da che? Due parole su piramidi finanziarie e altre catastrofi<\/li>\n<li><em>&#8220;altre economie&#8221;<\/em>: perch\u00e9 al plurale?\n<ol>\n<li>con una piccola rassegna di gente che, caparbiamente, tenta di salvare il mondo (o almeno se stessa)<\/li>\n<\/ol>\n<\/li>\n<li>E quindi viene alla mente don Milani: \u00abHo imparato che il problema degli altri \u00e8 uguale al mio. Sortirne insieme \u00e8 la politica, sortirne da soli \u00e8 l\u2019avarizia\u00bb\n<ol>\n<li>con una piccola sottolineatura di quella battuta: \u00ab\u00e8 la politica\u00bb, e l&#8217;osservazione che don Milani non ha detto: \u00ab\u00e8 l&#8217;etica\u00bb<\/li>\n<\/ol>\n<\/li>\n<li>Sei cose (belle e brutte) che succedono quando si prova a tessere altre economie, e perch\u00e9 (metto solo un verbo come segnaposto, poi domani spiego &#8211; e magari cambier\u00f2 la sequenza con cui ne parler\u00f2):\n<ol>\n<li>faticare<\/li>\n<li>dividere<\/li>\n<li>riconoscere<\/li>\n<li>farsi rappresentare<\/li>\n<li>farsi abbindolare<\/li>\n<li>guadagnare<\/li>\n<\/ol>\n<\/li>\n<\/ol>\n<p>Spero di avervi incuriosito. Per chi vuole ci\u00a0vediamo domani.<\/p>\n","protected":false},"excerpt":{"rendered":"<p>Domani, 4 aprile 2013,\u00a0alle ore 16 sar\u00f2 al Liceo Siotto per parlare a un corso di aggiornamento di insegnanti, come<\/p>\n","protected":false},"author":1,"featured_media":0,"comment_status":"open","ping_status":"open","sticky":false,"template":"","format":"standard","meta":{"_mi_skip_tracking":false,"_monsterinsights_sitenote_active":false,"_monsterinsights_sitenote_note":"","_monsterinsights_sitenote_category":0,"jetpack_post_was_ever_published":false,"_jetpack_newsletter_access":"","jetpack_publicize_message":"","jetpack_is_tweetstorm":false,"jetpack_publicize_feature_enabled":true,"jetpack_social_post_already_shared":false,"jetpack_social_options":{"image_generator_settings":{"template":"highway","enabled":false}}},"categories":[52,55,77,17,16],"tags":[],"jetpack_publicize_connections":[],"jetpack_featured_media_url":"","jetpack_sharing_enabled":true,"jetpack_shortlink":"https:\/\/wp.me\/p4jV2T-IX","jetpack_likes_enabled":true,"jetpack-related-posts":[{"id":15691,"url":"http:\/\/www.robertosedda.it\/?p=15691","url_meta":{"origin":2787,"position":0},"title":"Se dieci anni vi sembran pochi","author":"Rufus","date":"27\/09\/2018","format":false,"excerpt":"Mi ha fatto molta impressione, l'altro giorno, invitare un amico, studente universitario, all'incontro delle Scuole popolari di economia che si terr\u00e0 a Cagliari domani e dopo e rendermi conto che per la maggior parte della sua vita sociale cosciente, da adulto, ha convissuto con la crisi, che conta ormai dieci\u2026","rel":"","context":"In &quot;Banche e finanza&quot;","block_context":{"text":"Banche e finanza","link":"http:\/\/www.robertosedda.it\/?cat=72"},"img":{"alt_text":"","src":"https:\/\/i0.wp.com\/www.robertosedda.it\/wp-content\/uploads\/2018\/09\/SPE-Cagliari-web.jpg?fit=996%2C547&resize=350%2C200","width":350,"height":200,"srcset":"https:\/\/i0.wp.com\/www.robertosedda.it\/wp-content\/uploads\/2018\/09\/SPE-Cagliari-web.jpg?fit=996%2C547&resize=350%2C200 1x, https:\/\/i0.wp.com\/www.robertosedda.it\/wp-content\/uploads\/2018\/09\/SPE-Cagliari-web.jpg?fit=996%2C547&resize=700%2C400 2x"},"classes":[]},{"id":3312,"url":"http:\/\/www.robertosedda.it\/?p=3312","url_meta":{"origin":2787,"position":1},"title":"Quel che ho raccontato a Bologna","author":"Rufus","date":"31\/05\/2013","format":false,"excerpt":"Mi \u00e8 arrivata avantieri una mail che mi ha fatto molto piacere e che, nel ringraziare tanti che hanno collaborato a Terra Equa, tra l'altro dice: Grazie a tutti quelli che hanno partecipato alla tavola rotonda di sabato 25 [...]... a Roberto Sedda (Sardegna) per aver ricordato che le reti\u2026","rel":"","context":"In &quot;Banche e finanza&quot;","block_context":{"text":"Banche e finanza","link":"http:\/\/www.robertosedda.it\/?cat=72"},"img":{"alt_text":"","src":"https:\/\/i0.wp.com\/www.robertosedda.it\/wp-content\/uploads\/2013\/05\/2013-05-25-11.10.44.jpg?fit=640%2C480&resize=350%2C200","width":350,"height":200},"classes":[]},{"id":11801,"url":"http:\/\/www.robertosedda.it\/?p=11801","url_meta":{"origin":2787,"position":2},"title":"Quel che ho raccontato sulla finanza etica","author":"Rufus","date":"12\/04\/2016","format":false,"excerpt":"Venerd\u00ec scorso con il compagno Stefano Sanna sono andato a\u00a0fare una lezione sulla finanza etica ai ragazzi del secondo anno della scuola di partecipazione politica del Movimento politico per l'unit\u00e0\u00a0di Cagliari.\u00a0 Naturalmente con un esordio come questo \u00e8 finita che ho citato Brecht. Non era solo perch\u00e9 io in tutte\u2026","rel":"","context":"In &quot;Banche e finanza&quot;","block_context":{"text":"Banche e finanza","link":"http:\/\/www.robertosedda.it\/?cat=72"},"img":{"alt_text":"","src":"https:\/\/i0.wp.com\/www.robertosedda.it\/wp-content\/uploads\/2016\/04\/Diapositiva10.jpg?fit=960%2C720&resize=350%2C200","width":350,"height":200,"srcset":"https:\/\/i0.wp.com\/www.robertosedda.it\/wp-content\/uploads\/2016\/04\/Diapositiva10.jpg?fit=960%2C720&resize=350%2C200 1x, https:\/\/i0.wp.com\/www.robertosedda.it\/wp-content\/uploads\/2016\/04\/Diapositiva10.jpg?fit=960%2C720&resize=700%2C400 2x"},"classes":[]},{"id":14292,"url":"http:\/\/www.robertosedda.it\/?p=14292","url_meta":{"origin":2787,"position":3},"title":"Diari di gioco 1: rispetto tardivo","author":"Rufus","date":"14\/11\/2017","format":false,"excerpt":"Lavoro da diversi anni a un gioco... ... cio\u00e8,\u00a0non ci lavoro davvero. Ho questa idea\u00a0 per un gioco da tavolo e come per una ventina di altri progetti dopo avere steso il progetto di base l'ho lasciato l\u00ec, a dormire in una cartella del PC, salvo avere ogni tanto delle\u2026","rel":"","context":"In &quot;Coordinate&quot;","block_context":{"text":"Coordinate","link":"http:\/\/www.robertosedda.it\/?cat=52"},"img":{"alt_text":"","src":"https:\/\/i0.wp.com\/www.robertosedda.it\/wp-content\/uploads\/2017\/11\/lluminati.jpg?fit=1200%2C630&resize=350%2C200","width":350,"height":200,"srcset":"https:\/\/i0.wp.com\/www.robertosedda.it\/wp-content\/uploads\/2017\/11\/lluminati.jpg?fit=1200%2C630&resize=350%2C200 1x, https:\/\/i0.wp.com\/www.robertosedda.it\/wp-content\/uploads\/2017\/11\/lluminati.jpg?fit=1200%2C630&resize=700%2C400 2x, https:\/\/i0.wp.com\/www.robertosedda.it\/wp-content\/uploads\/2017\/11\/lluminati.jpg?fit=1200%2C630&resize=1050%2C600 3x"},"classes":[]},{"id":11827,"url":"http:\/\/www.robertosedda.it\/?p=11827","url_meta":{"origin":2787,"position":4},"title":"Il referendum, in pillole","author":"Rufus","date":"14\/04\/2016","format":false,"excerpt":"La questione \u00e8: concessioni in deroga alla norma\u00a0a tempo indeterminato s\u00ec, concessioni in deroga alla norma\u00a0a tempo indeterminato no. di Jessica Concas Orbene, penso che sia arrivato il momento di esprimere la mia opinione sul Referendum del prossimo 17 aprile. Ho letto cose inquietanti e francamente stupefacenti: persone che sostengono\u2026","rel":"","context":"In &quot;Coordinate&quot;","block_context":{"text":"Coordinate","link":"http:\/\/www.robertosedda.it\/?cat=52"},"img":{"alt_text":"","src":"https:\/\/i0.wp.com\/www.robertosedda.it\/wp-content\/uploads\/2016\/04\/Oil-leaks.jpg?fit=750%2C480&resize=350%2C200","width":350,"height":200,"srcset":"https:\/\/i0.wp.com\/www.robertosedda.it\/wp-content\/uploads\/2016\/04\/Oil-leaks.jpg?fit=750%2C480&resize=350%2C200 1x, https:\/\/i0.wp.com\/www.robertosedda.it\/wp-content\/uploads\/2016\/04\/Oil-leaks.jpg?fit=750%2C480&resize=700%2C400 2x"},"classes":[]},{"id":13088,"url":"http:\/\/www.robertosedda.it\/?p=13088","url_meta":{"origin":2787,"position":5},"title":"E nessuno chiudeva la porta","author":"Rufus","date":"16\/01\/2017","format":false,"excerpt":"Questo pomeriggio, come sempre dopo pranzo, a casa era accesa la radio e ascoltavamo Radio3, per la precisione Fahrenheit. Si parlava del rapporto Oxfam diffuso oggi, l'articolo di inquadramento della loro campagna Un'economia umana per il 99%, dove il 99% sarebbero le persone normali e l'1% quella minoranza di super-ricchi\u2026","rel":"","context":"In &quot;Coordinate&quot;","block_context":{"text":"Coordinate","link":"http:\/\/www.robertosedda.it\/?cat=52"},"img":{"alt_text":"","src":"https:\/\/i0.wp.com\/www.robertosedda.it\/wp-content\/uploads\/2017\/01\/Oxfam.jpg?fit=457%2C457&resize=350%2C200","width":350,"height":200},"classes":[]}],"_links":{"self":[{"href":"http:\/\/www.robertosedda.it\/index.php?rest_route=\/wp\/v2\/posts\/2787"}],"collection":[{"href":"http:\/\/www.robertosedda.it\/index.php?rest_route=\/wp\/v2\/posts"}],"about":[{"href":"http:\/\/www.robertosedda.it\/index.php?rest_route=\/wp\/v2\/types\/post"}],"author":[{"embeddable":true,"href":"http:\/\/www.robertosedda.it\/index.php?rest_route=\/wp\/v2\/users\/1"}],"replies":[{"embeddable":true,"href":"http:\/\/www.robertosedda.it\/index.php?rest_route=%2Fwp%2Fv2%2Fcomments&post=2787"}],"version-history":[{"count":2,"href":"http:\/\/www.robertosedda.it\/index.php?rest_route=\/wp\/v2\/posts\/2787\/revisions"}],"predecessor-version":[{"id":2789,"href":"http:\/\/www.robertosedda.it\/index.php?rest_route=\/wp\/v2\/posts\/2787\/revisions\/2789"}],"wp:attachment":[{"href":"http:\/\/www.robertosedda.it\/index.php?rest_route=%2Fwp%2Fv2%2Fmedia&parent=2787"}],"wp:term":[{"taxonomy":"category","embeddable":true,"href":"http:\/\/www.robertosedda.it\/index.php?rest_route=%2Fwp%2Fv2%2Fcategories&post=2787"},{"taxonomy":"post_tag","embeddable":true,"href":"http:\/\/www.robertosedda.it\/index.php?rest_route=%2Fwp%2Fv2%2Ftags&post=2787"}],"curies":[{"name":"wp","href":"https:\/\/api.w.org\/{rel}","templated":true}]}}