{"id":2785,"date":"2013-04-03T17:26:24","date_gmt":"2013-04-03T15:26:24","guid":{"rendered":"http:\/\/www.robertosedda.it\/?p=2785"},"modified":"2014-04-17T18:00:35","modified_gmt":"2014-04-17T16:00:35","slug":"sospesi-e-degli-imprevisti-nessi-fra-brecht-la-catastrofe-e-cristo-vincitore-della-morte","status":"publish","type":"post","link":"http:\/\/www.robertosedda.it\/?p=2785","title":{"rendered":"Sospesi (e degli imprevisti nessi fra Brecht, la catastrofe e Cristo vincitore della morte)"},"content":{"rendered":"<p>Mi sono ricordato che non ho fatto gli auguri di Pasqua. Cos\u00ec vi racconto una cosa.<\/p>\n<p>Il giorno di Pasqua, dopo avere molto mangiato, siamo usciti a fare una passeggiata digestiva, io, Maria Bonaria, mia sorella e mia nipote Agnese.<\/p>\n<p>C&#8217;era un sole magnifico. Abbiamo accompagnato mio suocero, il mitico Pino, per un pezzo di strada verso casa sua. Poi siamo andati a Su Siccu, a vedere la barche, perpetuando un rito familiare: anche a me da bambino mi portavano al molo, e ancora adesso se devo <em>sbentiare<\/em>\u00a0vado a vedere il mare.<\/p>\n<p>Abbiamo spiegato ad Agnese il concetto di &#8220;\u00e0ncora&#8221;,\u00a0il fatto che le barche hanno dei nomi, e perch\u00e9 il palo delle vele si chiama &#8220;albero&#8221;. Abbiamo scoperto che le cozze si attaccano alle gomene delle ancore e che c&#8217;erano un sacco di pesci: ma tanti, addirittura un piccolo banco di acciughine.<\/p>\n<p>C&#8217;era molta pace.<\/p>\n<p>Per contrasto pensavo alla storia dei saggi nominati da Napolitano (una porcheria da vecchia politica che veramente ti farebbe passare all&#8217;antipolitica). Mi \u00e8 venuto un presagio di disastro imminente, per non parlare del fatto che non \u00e8 che nel mondo le cose vadano poi cos\u00ec bene a prescindere.<\/p>\n<p>Il contrasto mi ha fatto\u00a0tornare in mente l&#8217;amato Brecht, in un paio di versi che non avevo mai veramente capito:<\/p>\n<blockquote>\n<h2 style=\"text-align: left;\" align=\"center\"><strong>L\u2019Imbianchino parla di grandi tempi avvenire.<\/strong><\/h2>\n<p style=\"text-align: left;\" align=\"center\">Le foreste crescono ancora.<br \/>\nI campi sono fertili ancora.<br \/>\nLe citt\u00e0 ci sono ancora.<br \/>\nGli uomini respirano ancora.<\/p>\n<\/blockquote>\n<p>La descrizione perfetta di un attimo fissato nel tempo prima della catastrofe?<\/p>\n<p>Non so. Cio\u00e8: si. O forse no.<\/p>\n<p><em>Le citt\u00e0 ci sono ancora<\/em>. \u00c8 lo stesso Brecht a formulare una profezia generale sulle nostre citt\u00e0 (nella ballata <em>Del povero B.B.<\/em>, che peraltro merita di essere letta tutta), e in questo caso prescinde da Hitler (l&#8217;imbianchino):<\/p>\n<blockquote><p>Siamo vissuti noi, volubile schiatta,<br \/>\nin case che credemmo indistruttibili.<br \/>\n(Cos\u00ec abbiamo costruito gli edifici dell&#8217;isola di Manhattan.<br \/>\ne\u00a0le antenne sottili che attraversano l&#8217;Oceano ).<\/p>\n<p>Di queste citt\u00e0 non rimarr\u00e0 che il vento che le attraversa.<br \/>\nSiamo esseri effimeri.<br \/>\nE dopo di noi ci sar\u00e0: nulla degno di nota.<\/p><\/blockquote>\n<p style=\"text-align: left;\" align=\"center\">Questo \u00e8, diciamo, il lato disperante. Gli\u00a0alberi respirano <em>ancora<\/em>, i campi crescono <em>ancora<\/em>, ma di queste citt\u00e0 che ci sono <em>ancora<\/em> rester\u00e0 solo il vento che <em>ora<\/em> le attraversa.<\/p>\n<p style=\"text-align: left;\" align=\"center\">Domenica c&#8217;era un maestralino da niente, che diciamo faceva una bella sponda con la memoria che\u00a0richiamava alla mente i versi.<\/p>\n<p style=\"text-align: left;\" align=\"center\">Che fare?<\/p>\n<p style=\"text-align: left;\" align=\"center\">Oltretutto era Pasqua, vittoria della vita e della speranza.<\/p>\n<p style=\"text-align: left;\" align=\"center\">Per continuare il ragionamento insieme\u00a0con Brecht, mi sono ricordato dell&#8217;albicocco.<\/p>\n<blockquote>\n<h2 style=\"text-align: left;\" align=\"center\">Domenica di Pasqua (primavera 1938)\u200e<\/h2>\n<p>Oggi, domenica di Pasqua, presto<br \/>\nun&#8217;improvvisa tempesta di neve<br \/>\nsi \u00e8 abbattuta sull&#8217;isola.<br \/>\nTra i cespugli verdeggianti c&#8217;era neve. Il mio ragazzo<br \/>\nmi ha portato verso un piccolo albicocco attaccato alla casa<br \/>\nstrappandomi ad un verso in cui puntavo il dito contro coloro<br \/>\nche preparavano una guerra che<br \/>\npu\u00f2 cancellare<br \/>\nil continente, quest&#8217;isola, il mio popolo,<br \/>\nla mia famiglia e me stesso. In silenzio<br \/>\nabbiamo messo un sacco<br \/>\nsopra all&#8217;albero tremante di freddo.<\/p><\/blockquote>\n<p>Con calma, ho fatto notare alla bambina un cavaliere d&#8217;Italia che andava a pesca. Purtroppo per\u00f2 non si \u00e8 tuffato: sarebe stato bellissimo.<\/p>\n<p>Buona Pasqua (fino alla fine dell&#8217;Ottava penso di essere in tempo).<\/p>\n","protected":false},"excerpt":{"rendered":"<p>Mi sono ricordato che non ho fatto gli auguri di Pasqua. Cos\u00ec vi racconto una cosa. Il giorno di Pasqua,<\/p>\n","protected":false},"author":1,"featured_media":0,"comment_status":"open","ping_status":"open","sticky":false,"template":"","format":"standard","meta":{"_mi_skip_tracking":false,"_monsterinsights_sitenote_active":false,"_monsterinsights_sitenote_note":"","_monsterinsights_sitenote_category":0,"jetpack_post_was_ever_published":false,"_jetpack_newsletter_access":"","jetpack_publicize_message":"","jetpack_is_tweetstorm":false,"jetpack_publicize_feature_enabled":true,"jetpack_social_post_already_shared":false,"jetpack_social_options":{"image_generator_settings":{"template":"highway","enabled":false}}},"categories":[52,56,82,18,16],"tags":[],"jetpack_publicize_connections":[],"jetpack_featured_media_url":"","jetpack_sharing_enabled":true,"jetpack_shortlink":"https:\/\/wp.me\/p4jV2T-IV","jetpack_likes_enabled":true,"jetpack-related-posts":[{"id":11919,"url":"http:\/\/www.robertosedda.it\/?p=11919","url_meta":{"origin":2785,"position":0},"title":"Agnese e la bellissima maga Crystal","author":"Rufus","date":"09\/05\/2016","format":false,"excerpt":"(avviso: un po' di miele nel seguito; e un po' d'introduzione all'arte dell'illustrazione fantasy) L'altro giorno per questioni di giochi di ruolo cercavo\u00a0un disegno dell'episodio del\u00a0Silmarillion nel quale Finrod Felagund affronta Sauron nella sua torre e trovavo solo roba tutto sommato insoddisfacente, per non parlare del fatto che spesso l'episodio\u2026","rel":"","context":"In &quot;Coordinate&quot;","block_context":{"text":"Coordinate","link":"http:\/\/www.robertosedda.it\/?cat=52"},"img":{"alt_text":"","src":"https:\/\/i0.wp.com\/www.robertosedda.it\/wp-content\/uploads\/2016\/05\/Ladra-maga.jpg?fit=640%2C620&resize=350%2C200","width":350,"height":200},"classes":[]},{"id":9975,"url":"http:\/\/www.robertosedda.it\/?p=9975","url_meta":{"origin":2785,"position":1},"title":"Incontru a nuove pagine di vita","author":"Rufus","date":"15\/04\/2015","format":false,"excerpt":"Non ero mai stato al rito de S'incontru anche se naturalmente sapevo che in molti paesi della Sardegna \u00e8 una parte importante dei riti di Pasqua. Avevo visto delle foto conservate nella casa di Orani (la Pasqua del 1961, credo) e ne avevo sentito parlare, ma non c'ero mai stato,\u2026","rel":"","context":"In &quot;Coordinate&quot;","block_context":{"text":"Coordinate","link":"http:\/\/www.robertosedda.it\/?cat=52"},"img":{"alt_text":"","src":"https:\/\/i0.wp.com\/www.robertosedda.it\/wp-content\/uploads\/2015\/04\/Raganella.jpg?fit=768%2C1024&resize=350%2C200","width":350,"height":200,"srcset":"https:\/\/i0.wp.com\/www.robertosedda.it\/wp-content\/uploads\/2015\/04\/Raganella.jpg?fit=768%2C1024&resize=350%2C200 1x, https:\/\/i0.wp.com\/www.robertosedda.it\/wp-content\/uploads\/2015\/04\/Raganella.jpg?fit=768%2C1024&resize=700%2C400 2x"},"classes":[]},{"id":13904,"url":"http:\/\/www.robertosedda.it\/?p=13904","url_meta":{"origin":2785,"position":2},"title":"Avventure, avventure&#8230; per bambine","author":"Rufus","date":"04\/07\/2017","format":false,"excerpt":"L'altro giorno ero al mare, beatamente seduto sotto l'ombrellone con\u00a0Skorpio e Lanciostory\u00a0e mia nipote Agnese mi ha chiesto: \u00abChe leggi, zio?\u00bb. Stavo leggendo in quel momento\u00a0Aria, e ho risposto: \u00abLa storia di una ragazza che ha nella sua memoria i ricordi di un grande bardo dell'antichit\u00e0 e che con questi\u2026","rel":"","context":"In &quot;Cappe e spade&quot;","block_context":{"text":"Cappe e spade","link":"http:\/\/www.robertosedda.it\/?cat=70"},"img":{"alt_text":"","src":"https:\/\/i0.wp.com\/www.robertosedda.it\/wp-content\/uploads\/2017\/07\/Lanciostory.jpg?fit=497%2C709&resize=350%2C200","width":350,"height":200},"classes":[]},{"id":16619,"url":"http:\/\/www.robertosedda.it\/?p=16619","url_meta":{"origin":2785,"position":3},"title":"Entrare nel sepolcro","author":"Rufus","date":"26\/04\/2019","format":false,"excerpt":"La settimana scorsa il gruppo La Pira si \u00e8 preparato alla Pasqua con una lectio divina sul brano del Vangelo di Giovanni che viene letto nella Messa del giorno di Pasqua (la notte, invece, si legge il brano della Resurrezione tratto da quello dei sinottici che corrisponde al ciclo liturgico\u2026","rel":"","context":"In &quot;Coordinate&quot;","block_context":{"text":"Coordinate","link":"http:\/\/www.robertosedda.it\/?cat=52"},"img":{"alt_text":"","src":"https:\/\/i0.wp.com\/www.robertosedda.it\/wp-content\/uploads\/2019\/04\/sepolcro-vuoto-2.jpg?fit=1200%2C645&resize=350%2C200","width":350,"height":200,"srcset":"https:\/\/i0.wp.com\/www.robertosedda.it\/wp-content\/uploads\/2019\/04\/sepolcro-vuoto-2.jpg?fit=1200%2C645&resize=350%2C200 1x, https:\/\/i0.wp.com\/www.robertosedda.it\/wp-content\/uploads\/2019\/04\/sepolcro-vuoto-2.jpg?fit=1200%2C645&resize=700%2C400 2x, https:\/\/i0.wp.com\/www.robertosedda.it\/wp-content\/uploads\/2019\/04\/sepolcro-vuoto-2.jpg?fit=1200%2C645&resize=1050%2C600 3x"},"classes":[]},{"id":17362,"url":"http:\/\/www.robertosedda.it\/?p=17362","url_meta":{"origin":2785,"position":4},"title":"Bene mortu","author":"Rufus","date":"26\/09\/2019","format":false,"excerpt":"In paese una volta avvisarono il tale che era stato ucciso uno, che era suo rivale. E lui, imperturbabile, rispose: \u00abBene mortu, bene mortu!\u00bb. E precis\u00f2: \u00abFio po l'occhider deo, una de custas dies\u00bb. Lo stavo per uccidere io, uno di questi giorni. Poi, come a compensare, aggiunse: \u00abComunque sono\u2026","rel":"","context":"In &quot;Biografie&quot;","block_context":{"text":"Biografie","link":"http:\/\/www.robertosedda.it\/?cat=83"},"img":{"alt_text":"","src":"https:\/\/i0.wp.com\/www.robertosedda.it\/wp-content\/uploads\/2019\/09\/Banditi-a-Orgosolo-2.jpg?fit=640%2C480&resize=350%2C200","width":350,"height":200},"classes":[]},{"id":15707,"url":"http:\/\/www.robertosedda.it\/?p=15707","url_meta":{"origin":2785,"position":5},"title":"Vagabonda nel gelo","author":"Rufus","date":"03\/10\/2018","format":"video","excerpt":"Senza tetto n\u00e9 legge (Agn\u00e8s Varda, Francia 1985) Ho recuperato l'altro giorno, a trent'anni dall'uscita, Senza tetto n\u00e9 legge di Agn\u00e8s Varda, grazie al ciclo di film sulla disobbedienza che \u00e8 a attualmente in programmazione al Laboratorio28. Costruito come un lungo flashback, risolto apparentemente come un documentario, con l'alternarsi delle\u2026","rel":"","context":"In &quot;Coordinate&quot;","block_context":{"text":"Coordinate","link":"http:\/\/www.robertosedda.it\/?cat=52"},"img":{"alt_text":"","src":"https:\/\/i0.wp.com\/www.robertosedda.it\/wp-content\/uploads\/2018\/10\/Senza-tetto-n\u00e9-legge.jpg?fit=458%2C655&resize=350%2C200","width":350,"height":200},"classes":[]}],"_links":{"self":[{"href":"http:\/\/www.robertosedda.it\/index.php?rest_route=\/wp\/v2\/posts\/2785"}],"collection":[{"href":"http:\/\/www.robertosedda.it\/index.php?rest_route=\/wp\/v2\/posts"}],"about":[{"href":"http:\/\/www.robertosedda.it\/index.php?rest_route=\/wp\/v2\/types\/post"}],"author":[{"embeddable":true,"href":"http:\/\/www.robertosedda.it\/index.php?rest_route=\/wp\/v2\/users\/1"}],"replies":[{"embeddable":true,"href":"http:\/\/www.robertosedda.it\/index.php?rest_route=%2Fwp%2Fv2%2Fcomments&post=2785"}],"version-history":[{"count":6,"href":"http:\/\/www.robertosedda.it\/index.php?rest_route=\/wp\/v2\/posts\/2785\/revisions"}],"predecessor-version":[{"id":7003,"href":"http:\/\/www.robertosedda.it\/index.php?rest_route=\/wp\/v2\/posts\/2785\/revisions\/7003"}],"wp:attachment":[{"href":"http:\/\/www.robertosedda.it\/index.php?rest_route=%2Fwp%2Fv2%2Fmedia&parent=2785"}],"wp:term":[{"taxonomy":"category","embeddable":true,"href":"http:\/\/www.robertosedda.it\/index.php?rest_route=%2Fwp%2Fv2%2Fcategories&post=2785"},{"taxonomy":"post_tag","embeddable":true,"href":"http:\/\/www.robertosedda.it\/index.php?rest_route=%2Fwp%2Fv2%2Ftags&post=2785"}],"curies":[{"name":"wp","href":"https:\/\/api.w.org\/{rel}","templated":true}]}}