{"id":2593,"date":"2013-03-18T18:06:46","date_gmt":"2013-03-18T17:06:46","guid":{"rendered":"http:\/\/www.robertosedda.it\/?p=2593"},"modified":"2013-04-03T13:23:43","modified_gmt":"2013-04-03T11:23:43","slug":"ceffoni-comunicazione-e-rosi-bindi","status":"publish","type":"post","link":"http:\/\/www.robertosedda.it\/?p=2593","title":{"rendered":"Ceffoni, comunicazione e Rosi Bindi"},"content":{"rendered":"<h2>Della povera Rosi Bindi<\/h2>\n<p><a title=\"Quella volta in Argentina\" href=\"http:\/\/www.robertosedda.it\/?p=2536\">Raccontando dell&#8217;Argentina mi sono espresso con una certa freddezza su Rosi Bindi<\/a>.<\/p>\n<p style=\"text-align: left;\">Ohim\u00e9, detto fatto. Spero che il mio articolo non mi associ alla proterva altezzosit\u00e0 di <a href=\"http:\/\/www.facebook.com\/pages\/Gessica-Rostellato-Deputata-alla-Camera-M5S\/500872119935548?ref=ts&amp;fref=ts\">Gessica Rostellato<\/a>, deputata 5 Stelle (<em>nomen omen<\/em>). Ma lascio la parola al soggetto in questione, cos\u00ec come si \u00e8 espressa sul suo profilo <em>Facebook<\/em>:<a href=\"https:\/\/i0.wp.com\/www.robertosedda.it\/wp-content\/uploads\/2013\/03\/gessica-rostellato.jpg\"><img data-attachment-id=\"2599\" data-permalink=\"http:\/\/www.robertosedda.it\/?attachment_id=2599\" data-orig-file=\"https:\/\/i0.wp.com\/www.robertosedda.it\/wp-content\/uploads\/2013\/03\/gessica-rostellato.jpg?fit=816%2C238\" data-orig-size=\"816,238\" data-comments-opened=\"1\" data-image-meta=\"{&quot;aperture&quot;:&quot;0&quot;,&quot;credit&quot;:&quot;&quot;,&quot;camera&quot;:&quot;&quot;,&quot;caption&quot;:&quot;&quot;,&quot;created_timestamp&quot;:&quot;0&quot;,&quot;copyright&quot;:&quot;&quot;,&quot;focal_length&quot;:&quot;0&quot;,&quot;iso&quot;:&quot;0&quot;,&quot;shutter_speed&quot;:&quot;0&quot;,&quot;title&quot;:&quot;&quot;}\" data-image-title=\"gessica rostellato\" data-image-description=\"\" data-image-caption=\"\" data-medium-file=\"https:\/\/i0.wp.com\/www.robertosedda.it\/wp-content\/uploads\/2013\/03\/gessica-rostellato.jpg?fit=300%2C87\" data-large-file=\"https:\/\/i0.wp.com\/www.robertosedda.it\/wp-content\/uploads\/2013\/03\/gessica-rostellato.jpg?fit=510%2C149\" decoding=\"async\" loading=\"lazy\" class=\" wp-image-2599 aligncenter\" alt=\"gessica rostellato\" src=\"https:\/\/i0.wp.com\/www.robertosedda.it\/wp-content\/uploads\/2013\/03\/gessica-rostellato.jpg?resize=800%2C233\" width=\"800\" height=\"233\" srcset=\"https:\/\/i0.wp.com\/www.robertosedda.it\/wp-content\/uploads\/2013\/03\/gessica-rostellato.jpg?w=816 816w, https:\/\/i0.wp.com\/www.robertosedda.it\/wp-content\/uploads\/2013\/03\/gessica-rostellato.jpg?resize=300%2C87 300w, https:\/\/i0.wp.com\/www.robertosedda.it\/wp-content\/uploads\/2013\/03\/gessica-rostellato.jpg?resize=700%2C204 700w\" sizes=\"(max-width: 800px) 100vw, 800px\" data-recalc-dims=\"1\" \/><\/a>Il profilo della Rostellato \u00e8 stato (giustamente) sommerso da commenti negativi, tanto che si \u00e8 scusata:<\/p>\n<p style=\"text-align: left;\"><a href=\"https:\/\/i0.wp.com\/www.robertosedda.it\/wp-content\/uploads\/2013\/03\/gessica-rostellato-bindi-2.jpg\"><img data-attachment-id=\"2600\" data-permalink=\"http:\/\/www.robertosedda.it\/?attachment_id=2600\" data-orig-file=\"https:\/\/i0.wp.com\/www.robertosedda.it\/wp-content\/uploads\/2013\/03\/gessica-rostellato-bindi-2.jpg?fit=393%2C177\" data-orig-size=\"393,177\" data-comments-opened=\"1\" data-image-meta=\"{&quot;aperture&quot;:&quot;0&quot;,&quot;credit&quot;:&quot;&quot;,&quot;camera&quot;:&quot;&quot;,&quot;caption&quot;:&quot;&quot;,&quot;created_timestamp&quot;:&quot;0&quot;,&quot;copyright&quot;:&quot;&quot;,&quot;focal_length&quot;:&quot;0&quot;,&quot;iso&quot;:&quot;0&quot;,&quot;shutter_speed&quot;:&quot;0&quot;,&quot;title&quot;:&quot;&quot;}\" data-image-title=\"gessica rostellato bindi 2\" data-image-description=\"\" data-image-caption=\"\" data-medium-file=\"https:\/\/i0.wp.com\/www.robertosedda.it\/wp-content\/uploads\/2013\/03\/gessica-rostellato-bindi-2.jpg?fit=300%2C135\" data-large-file=\"https:\/\/i0.wp.com\/www.robertosedda.it\/wp-content\/uploads\/2013\/03\/gessica-rostellato-bindi-2.jpg?fit=393%2C177\" decoding=\"async\" loading=\"lazy\" class=\"aligncenter size-full wp-image-2600\" alt=\"gessica rostellato bindi 2\" src=\"https:\/\/i0.wp.com\/www.robertosedda.it\/wp-content\/uploads\/2013\/03\/gessica-rostellato-bindi-2.jpg?resize=393%2C177\" width=\"393\" height=\"177\" srcset=\"https:\/\/i0.wp.com\/www.robertosedda.it\/wp-content\/uploads\/2013\/03\/gessica-rostellato-bindi-2.jpg?w=393 393w, https:\/\/i0.wp.com\/www.robertosedda.it\/wp-content\/uploads\/2013\/03\/gessica-rostellato-bindi-2.jpg?resize=300%2C135 300w\" sizes=\"(max-width: 393px) 100vw, 393px\" data-recalc-dims=\"1\" \/><\/a>A casa mia questa \u00e8 una pezza peggore del buco, perch\u00e9 smaschera definitivamente il quadro concettuale che utilizza la Rostellato, che apparentemente &#8220;legge&#8221; il Parlamento con gli stessi strumenti che le diciassettenni della mia parrocchia utilizzano per gestire i rapporti reciproci. Con la differenza che le diciassettenni della parrocchia sono&#8230; diciassettenni, e oltretutto persone gradevoli da frequentare.<\/p>\n<p style=\"text-align: left;\">Per\u00f2 non \u00e8 questo di cui voglio parlare: piuttosto sono stupito di come una persona complessivamente onesta e sobria come Rosi Bindi, con un passato di radicamento sociale, si ritrovi ora a rappresentare <em>par excellence<\/em> il politico appartenente alla casta, con un processo di etichettatura analogo a quello di D&#8217;Alema (che per\u00f2 ci ha messo un ventennio, collaborando oltretutto attivamente a dar ragione ai suoi critici) o, per altri aspetti, della <a href=\"http:\/\/mazzetta.wordpress.com\/2012\/06\/29\/la-senatrice-binetti-smentisce\/\">Binetti<\/a>. Certamente, come per la Binetti, la Bindi paga l&#8217;essere cattolica, ma il problema non mi pare riguardi le sue caratteristiche personali, piuttosto la potenza (efficacia) del sistema comunicativo utilizzato per attaccarla.<\/p>\n<h2 style=\"text-align: left;\">Dieci lezioni di comunicazione politica da parte di Beppe Grillo&#8230;<\/h2>\n<p style=\"text-align: left;\">Sull&#8217;argomento il PD cittadino ha promosso un interessante seminario pubblico, al quale mi \u00e8 molto dispiaciuto non aver potuto partecipare perch\u00e9 avevo l&#8217;influenza.<\/p>\n<p style=\"text-align: left;\"><a href=\"http:\/\/matteoleciscoccoortu.wordpress.com\/\">Matteo Lecis Cocco-Ortu<\/a> ha comunque messo in linea <a href=\"http:\/\/matteoleciscoccoortu.wordpress.com\/2013\/03\/14\/direzione-cittadina-lunedi-altro-che-rimpasti-al-pd-diamo-una-sveglia11\/\">i materiali del seminario<\/a>, a cui consiglio di dare un&#8217;occhiata. In particolare ho trovato <em>veramente<\/em> interessante l&#8217;analisi di <a href=\"http:\/\/about.me\/dinoamenduni\">Dino Amenduni<\/a><\/p>\n<object style=\"margin:0px\" width=\"425\" height=\"355\"><param name=\"movie\" value=\"http:\/\/static.slidesharecdn.com\/swf\/ssplayer2.swf?doc=id=16814076&amp;doc=sveglia-130227143130-phpapp01\" \/><param name=\"allowFullScreen\" value=\"true\"\/><param name=\"allowScriptAccess\" value=\"always\"\/><param name=\"wmode\" value=\"transparent\" \/><embed src=\"http:\/\/static.slidesharecdn.com\/swf\/ssplayer2.swf?doc=id=16814076&amp;doc=sveglia-130227143130-phpapp01\" type=\"application\/x-shockwave-flash\" allowscriptaccess=\"always\" allowfullscreen=\"true\" width=\"425\" height=\"355\" wmode=\"transparent\"><\/embed><\/object>\n<p>di cui consiglio di seguire sia il canale <a href=\"http:\/\/www.slideshare.net\/doonie\"><em>Slideshare<\/em><\/a> che il <a href=\"http:\/\/dinoamenduni.com\/\"><em>blog<\/em><\/a>.<\/p>\n<h2>Chi di spada ferisce&#8230;<\/h2>\n<p>Amenduni fa un&#8217;analisi dal suo punto di vista, che \u00e8 quello del consulente della comunicazione politica, ed \u00e8 apprezzabile che faccia delle azioni di Grillo\/Casaleggio una lettura <em>politica<\/em>, perch\u00e9 di letture moralistiche o emotive ce n&#8217;\u00e8 fin troppe.<\/p>\n<p>Io per\u00f2, che sono un cittadino comune e ragiono sulla base di quel che mi va e quel che non mi va, dopo il ragionamento sulla macchina comunicativa mi concentro su quel che mi \u00e8 pi\u00f9 vicino, e non posso che notare che la barbarie del discorso politico ha toccato un nuovo livello. Come quando Sgarbi o chi per lui ha cominciato a gridare in TV e poi per dieci anni hanno fatto (quasi) tutti a chi gridava pi\u00f9 forte finch\u00e9 il nuovo costume si \u00e8 affermato, cos\u00ec l&#8217;altro giorno sono rimasto molto colpito da questo cartello che girava su <em>Facebook<\/em><\/p>\n<p><a href=\"https:\/\/i0.wp.com\/www.robertosedda.it\/wp-content\/uploads\/2013\/03\/grillo-casaleggio.jpg\"><img data-attachment-id=\"2603\" data-permalink=\"http:\/\/www.robertosedda.it\/?attachment_id=2603\" data-orig-file=\"https:\/\/i0.wp.com\/www.robertosedda.it\/wp-content\/uploads\/2013\/03\/grillo-casaleggio.jpg?fit=960%2C960\" data-orig-size=\"960,960\" data-comments-opened=\"1\" data-image-meta=\"{&quot;aperture&quot;:&quot;0&quot;,&quot;credit&quot;:&quot;&quot;,&quot;camera&quot;:&quot;&quot;,&quot;caption&quot;:&quot;&quot;,&quot;created_timestamp&quot;:&quot;0&quot;,&quot;copyright&quot;:&quot;&quot;,&quot;focal_length&quot;:&quot;0&quot;,&quot;iso&quot;:&quot;0&quot;,&quot;shutter_speed&quot;:&quot;0&quot;,&quot;title&quot;:&quot;&quot;}\" data-image-title=\"grillo casaleggio\" data-image-description=\"\" data-image-caption=\"\" data-medium-file=\"https:\/\/i0.wp.com\/www.robertosedda.it\/wp-content\/uploads\/2013\/03\/grillo-casaleggio.jpg?fit=300%2C300\" data-large-file=\"https:\/\/i0.wp.com\/www.robertosedda.it\/wp-content\/uploads\/2013\/03\/grillo-casaleggio.jpg?fit=510%2C510\" decoding=\"async\" loading=\"lazy\" class=\"aligncenter size-medium wp-image-2603\" alt=\"grillo casaleggio\" src=\"https:\/\/i0.wp.com\/www.robertosedda.it\/wp-content\/uploads\/2013\/03\/grillo-casaleggio.jpg?resize=300%2C300\" width=\"300\" height=\"300\" srcset=\"https:\/\/i0.wp.com\/www.robertosedda.it\/wp-content\/uploads\/2013\/03\/grillo-casaleggio.jpg?resize=300%2C300 300w, https:\/\/i0.wp.com\/www.robertosedda.it\/wp-content\/uploads\/2013\/03\/grillo-casaleggio.jpg?resize=150%2C150 150w, https:\/\/i0.wp.com\/www.robertosedda.it\/wp-content\/uploads\/2013\/03\/grillo-casaleggio.jpg?resize=100%2C100 100w, https:\/\/i0.wp.com\/www.robertosedda.it\/wp-content\/uploads\/2013\/03\/grillo-casaleggio.jpg?resize=700%2C700 700w, https:\/\/i0.wp.com\/www.robertosedda.it\/wp-content\/uploads\/2013\/03\/grillo-casaleggio.jpg?w=960 960w\" sizes=\"(max-width: 300px) 100vw, 300px\" data-recalc-dims=\"1\" \/><\/a>Grafica, linguaggio, argomentazioni sono tipici della macchina comunicativa anti-casta su cui il M5S ha costruito la sua fortuna. Solo che questa volta il bersaglio \u00e8 invece il Movimento stesso. Il successo dello stile comunicativo sembra indurre gli avversari ad adottarlo. Un esempio analogo \u00e8 <a href=\"http:\/\/www.ilfattoquotidiano.it\/2013\/03\/15\/m5s-spreca-420mila-euro-ed-eunpiacere\/531595\/\">questo articolo su un <em>blog<\/em> del <em>Fatto Quotidiano<\/em><\/a>, o l&#8217;adozione dell&#8217;<em>hashtag<\/em> #M5S+L nei commenti su <em>Twitter<\/em> all&#8217;astensione nel ballottaggio Grasso-Schifani. Un giudizio ancora una volta <em>morale<\/em> \u00e8 <a href=\"http:\/\/www.francescocosta.net\/2013\/03\/16\/poi-arriva-un-giorno-che-lo-zombie-sei-tu\/\">quello espresso da Francesco Costa<\/a><\/p>\n<blockquote><p>Insomma, che se costruisci un pezzo della tua fortuna politica sul fango e sull\u2019insulto facile \u2013 \u201clarve\u201d di qua, \u201cmerde\u201d di l\u00e0, \u201ccancro\u201d a destra, \u201cfallito\u201d a sinistra \u2013 poi arriva un giorno che lo \u201czombie\u201d sei tu.<\/p><\/blockquote>\n<p>Concordo abbastanza, anche se naturalmente ogni posizione di questo genere ha in s\u00e9 il rischio della strumentalizzazione. Preferisco dire che temo che sia stato aperto l&#8217;ennesimo vaso di Pandora.<\/p>\n<h2><em>Messages in a bottle<\/em><\/h2>\n<p>Lo dico per trasparenza: non dico mai per chi voto, ma non ho problemi a dire per chi <em>non<\/em> voto e non ho votato il M5S. <a title=\"Al seggio\" href=\"http:\/\/www.robertosedda.it\/?p=2307\">Chi legge il <em>blog<\/em> immaginer\u00e0 perch\u00e9<\/a>: non amo il gusto del ceffone ben dato come faro dell&#8217;azione politica.<\/p>\n<p>Ma seguo in questi giorni le vicende politiche con un certo grado di distacco, e trovo che la parabola, quella che sar\u00e0, del M5S \u00e8 certo uno degli elementi pi\u00f9 significativi del presente. Ci sono un paio di articoli interessanti che ho letto in questo periodo. Sono interessanti, non sono affatto sicuro che siano <em>giusti<\/em>, ma li appunto qui come messaggi in bottiglia:\u00a0vorrei fra un annetto verificare questo tipo di profezie, o comunque verificare se erano veramente interessanti e pertinenti<\/p>\n<ul>\n<li><a href=\"http:\/\/www.keinpfusch.net\/2010\/03\/la-teoria-della-montagna-di-merda.html\">la teoria (con rispetto parlando) della montagna di merda<\/a><\/li>\n<li><a href=\"http:\/\/www.wumingfoundation.com\/giap\/?p=12038#more-12038\">un articolo dei <em>WuMing<\/em>, che riassume una serie di altre loro posizioni<\/a><\/li>\n<\/ul>\n","protected":false},"excerpt":{"rendered":"<p>Della povera Rosi Bindi Raccontando dell&#8217;Argentina mi sono espresso con una certa freddezza su Rosi Bindi. Ohim\u00e9, detto fatto. Spero<\/p>\n","protected":false},"author":1,"featured_media":2599,"comment_status":"open","ping_status":"open","sticky":false,"template":"","format":"standard","meta":{"_mi_skip_tracking":false,"_monsterinsights_sitenote_active":false,"_monsterinsights_sitenote_note":"","_monsterinsights_sitenote_category":0,"jetpack_post_was_ever_published":false,"_jetpack_newsletter_access":"","jetpack_publicize_message":"","jetpack_is_tweetstorm":false,"jetpack_publicize_feature_enabled":true,"jetpack_social_post_already_shared":false,"jetpack_social_options":{"image_generator_settings":{"template":"highway","enabled":false}}},"categories":[52,57,17,59,16],"tags":[],"jetpack_publicize_connections":[],"jetpack_featured_media_url":"https:\/\/i0.wp.com\/www.robertosedda.it\/wp-content\/uploads\/2013\/03\/gessica-rostellato.jpg?fit=816%2C238","jetpack_sharing_enabled":true,"jetpack_shortlink":"https:\/\/wp.me\/p4jV2T-FP","jetpack_likes_enabled":true,"jetpack-related-posts":[{"id":577,"url":"http:\/\/www.robertosedda.it\/?p=577","url_meta":{"origin":2593,"position":0},"title":"La grande famiglia","author":"Rufus","date":"22\/08\/2012","format":false,"excerpt":"Per otto anni sono stata animatrice parrocchiale nell\u2019Azione Cattolica. Trovo questa frase, per noi abbastanza usuale, ad aprire il secondo capitolo di un libro \u201cdi richiamo\u201d appena uscito, Ave Mary di Michela Murgia, scritttrice ormai affermata dopo aver vinto con Accabbadora il premio Campiello e opinionista seguitissima, sia sul suo\u2026","rel":"","context":"In &quot;Azione Cattolica&quot;","block_context":{"text":"Azione Cattolica","link":"http:\/\/www.robertosedda.it\/?cat=76"},"img":{"alt_text":"","src":"","width":0,"height":0},"classes":[]},{"id":2536,"url":"http:\/\/www.robertosedda.it\/?p=2536","url_meta":{"origin":2593,"position":1},"title":"Quella volta in Argentina","author":"Rufus","date":"14\/03\/2013","format":false,"excerpt":"Ieri a cena mia nipote, avendo mezzo sentito\u00a0i discorsi degli adulti, ha chiesto cosa volesse dire \"argentino\". Le \u00e8 stato risposto che vuol dire che viene dall'Argentina. \u00abE cos'\u00e8 l'Argentina?\u00bb. \u00abUn posto molto molto lontano. Per\u00f2 zio c'\u00e8 stato\u00bb. Gi\u00e0. Sono stato in Argentina nel 1987, la Domenica delle Palme,\u2026","rel":"","context":"In &quot;Coordinate&quot;","block_context":{"text":"Coordinate","link":"http:\/\/www.robertosedda.it\/?cat=52"},"img":{"alt_text":"","src":"https:\/\/i0.wp.com\/www.robertosedda.it\/wp-content\/uploads\/2013\/03\/segunda-jornada-mundial-de-la-juventud-buenos-aires-1987-escudo.jpg?fit=660%2C737&resize=350%2C200","width":350,"height":200},"classes":[]},{"id":2938,"url":"http:\/\/www.robertosedda.it\/?p=2938","url_meta":{"origin":2593,"position":2},"title":"Divagazioni sul Presidente della Repubblica &#8211; 2","author":"Rufus","date":"20\/04\/2013","format":false,"excerpt":"Mentre scrivo non so se Rodot\u00e0, alla fine, ce la far\u00e0, o se torner\u00e0 in campo Marini o se D'Alema che gioca dietro le quinte avr\u00e0 un improvviso guizzo e brucer\u00e0 tutti sul traguardo. O forse salter\u00e0 fuori un altro candidato imprevisto, chiss\u00e0. (EDIT: a quanto pare eleggono Napolitano: ma\u2026","rel":"","context":"In &quot;Coordinate&quot;","block_context":{"text":"Coordinate","link":"http:\/\/www.robertosedda.it\/?cat=52"},"img":{"alt_text":"","src":"https:\/\/i0.wp.com\/www.robertosedda.it\/wp-content\/uploads\/2013\/04\/D_alema-ruini.jpg?fit=800%2C532&resize=350%2C200","width":350,"height":200,"srcset":"https:\/\/i0.wp.com\/www.robertosedda.it\/wp-content\/uploads\/2013\/04\/D_alema-ruini.jpg?fit=800%2C532&resize=350%2C200 1x, https:\/\/i0.wp.com\/www.robertosedda.it\/wp-content\/uploads\/2013\/04\/D_alema-ruini.jpg?fit=800%2C532&resize=700%2C400 2x"},"classes":[]},{"id":15701,"url":"http:\/\/www.robertosedda.it\/?p=15701","url_meta":{"origin":2593,"position":3},"title":"Punto di vista","author":"Rufus","date":"02\/10\/2018","format":false,"excerpt":"Sono capitato assolutamente per caso, sabato, a un incontro con Pietro Bartolo, il\u00a0medico di Lampedusa reso noto anche da\u00a0Fuocoammare\u00a0di Gianfranco Rosi. \u00c8 stato un incontro bello tosto: per dire, a un certo punto la signora davanti a me piangeva a dirotto mentre passavano immagini che io, personalmente, non avrei mai\u2026","rel":"","context":"In &quot;Coordinate&quot;","block_context":{"text":"Coordinate","link":"http:\/\/www.robertosedda.it\/?cat=52"},"img":{"alt_text":"","src":"https:\/\/i0.wp.com\/www.robertosedda.it\/wp-content\/uploads\/2018\/10\/Pietro-Bartolo.jpg?fit=800%2C445&resize=350%2C200","width":350,"height":200,"srcset":"https:\/\/i0.wp.com\/www.robertosedda.it\/wp-content\/uploads\/2018\/10\/Pietro-Bartolo.jpg?fit=800%2C445&resize=350%2C200 1x, https:\/\/i0.wp.com\/www.robertosedda.it\/wp-content\/uploads\/2018\/10\/Pietro-Bartolo.jpg?fit=800%2C445&resize=700%2C400 2x"},"classes":[]},{"id":13411,"url":"http:\/\/www.robertosedda.it\/?p=13411","url_meta":{"origin":2593,"position":4},"title":"La mia vita col presunto Roland Moreno, il truffatore","author":"Rufus","date":"15\/03\/2017","format":false,"excerpt":"I miei contatti su\u00a0Facebook\u00a0sanno che da un po' di tempo sono nella curiosa situazione di avere un tizio, che si presenta come Roland Moreno (il nome, forse non casualmente, \u00e8 lo stesso dell'inventore della carta di credito magnetica) e che nel suo profilo usa le mie foto,\u00a0concretamente perpetrando un furto\u2026","rel":"","context":"In &quot;Coordinate&quot;","block_context":{"text":"Coordinate","link":"http:\/\/www.robertosedda.it\/?cat=52"},"img":{"alt_text":"","src":"https:\/\/i0.wp.com\/www.robertosedda.it\/wp-content\/uploads\/2017\/03\/Roland-Moreno.jpg?fit=457%2C541&resize=350%2C200","width":350,"height":200},"classes":[]},{"id":14427,"url":"http:\/\/www.robertosedda.it\/?p=14427","url_meta":{"origin":2593,"position":5},"title":"Il ritorno di Roland Moreno e l&#8217;ottusit\u00e0 di Facebook","author":"Rufus","date":"15\/12\/2017","format":false,"excerpt":"Sarete d'accordo con me che fra tutte le cose strane che mi devono essere capitate sul web le mie avventure con Roland Moreno\u00a0siano abbastanza in cime alla classifica delle bizzarrie. Ebbene: pare che non sia finita e siccome so che il buon Roland gode di sconfinati ammiratori, ecco a voi\u2026","rel":"","context":"In &quot;Coordinate&quot;","block_context":{"text":"Coordinate","link":"http:\/\/www.robertosedda.it\/?cat=52"},"img":{"alt_text":"","src":"https:\/\/i0.wp.com\/www.robertosedda.it\/wp-content\/uploads\/2017\/12\/IMG-20171209-WA0000.jpg?fit=675%2C1200&resize=350%2C200","width":350,"height":200},"classes":[]}],"_links":{"self":[{"href":"http:\/\/www.robertosedda.it\/index.php?rest_route=\/wp\/v2\/posts\/2593"}],"collection":[{"href":"http:\/\/www.robertosedda.it\/index.php?rest_route=\/wp\/v2\/posts"}],"about":[{"href":"http:\/\/www.robertosedda.it\/index.php?rest_route=\/wp\/v2\/types\/post"}],"author":[{"embeddable":true,"href":"http:\/\/www.robertosedda.it\/index.php?rest_route=\/wp\/v2\/users\/1"}],"replies":[{"embeddable":true,"href":"http:\/\/www.robertosedda.it\/index.php?rest_route=%2Fwp%2Fv2%2Fcomments&post=2593"}],"version-history":[{"count":13,"href":"http:\/\/www.robertosedda.it\/index.php?rest_route=\/wp\/v2\/posts\/2593\/revisions"}],"predecessor-version":[{"id":2778,"href":"http:\/\/www.robertosedda.it\/index.php?rest_route=\/wp\/v2\/posts\/2593\/revisions\/2778"}],"wp:featuredmedia":[{"embeddable":true,"href":"http:\/\/www.robertosedda.it\/index.php?rest_route=\/wp\/v2\/media\/2599"}],"wp:attachment":[{"href":"http:\/\/www.robertosedda.it\/index.php?rest_route=%2Fwp%2Fv2%2Fmedia&parent=2593"}],"wp:term":[{"taxonomy":"category","embeddable":true,"href":"http:\/\/www.robertosedda.it\/index.php?rest_route=%2Fwp%2Fv2%2Fcategories&post=2593"},{"taxonomy":"post_tag","embeddable":true,"href":"http:\/\/www.robertosedda.it\/index.php?rest_route=%2Fwp%2Fv2%2Ftags&post=2593"}],"curies":[{"name":"wp","href":"https:\/\/api.w.org\/{rel}","templated":true}]}}