{"id":257,"date":"2012-08-21T16:28:08","date_gmt":"2012-08-21T14:28:08","guid":{"rendered":"http:\/\/www.robertosedda.it\/?p=257"},"modified":"2012-08-22T16:29:26","modified_gmt":"2012-08-22T14:29:26","slug":"la-rosa-bianca","status":"publish","type":"post","link":"http:\/\/www.robertosedda.it\/?p=257","title":{"rendered":"La Rosa Bianca"},"content":{"rendered":"<h2>La Rosa Bianca<\/h2>\n<p><a href=\"https:\/\/i0.wp.com\/www.robertosedda.it\/wp-content\/uploads\/2012\/08\/41b2nsMoijL__SS500_.jpg\"><img data-attachment-id=\"261\" data-permalink=\"http:\/\/www.robertosedda.it\/?attachment_id=261\" data-orig-file=\"https:\/\/i0.wp.com\/www.robertosedda.it\/wp-content\/uploads\/2012\/08\/41b2nsMoijL__SS500_.jpg?fit=170%2C259\" data-orig-size=\"170,259\" data-comments-opened=\"1\" data-image-meta=\"{&quot;aperture&quot;:&quot;0&quot;,&quot;credit&quot;:&quot;&quot;,&quot;camera&quot;:&quot;&quot;,&quot;caption&quot;:&quot;&quot;,&quot;created_timestamp&quot;:&quot;0&quot;,&quot;copyright&quot;:&quot;&quot;,&quot;focal_length&quot;:&quot;0&quot;,&quot;iso&quot;:&quot;0&quot;,&quot;shutter_speed&quot;:&quot;0&quot;,&quot;title&quot;:&quot;&quot;}\" data-image-title=\"41b2nsMoijL__SS500_\" data-image-description=\"\" data-image-caption=\"\" data-medium-file=\"https:\/\/i0.wp.com\/www.robertosedda.it\/wp-content\/uploads\/2012\/08\/41b2nsMoijL__SS500_.jpg?fit=170%2C259\" data-large-file=\"https:\/\/i0.wp.com\/www.robertosedda.it\/wp-content\/uploads\/2012\/08\/41b2nsMoijL__SS500_.jpg?fit=170%2C259\" decoding=\"async\" loading=\"lazy\" class=\"size-full wp-image-261 alignright\" title=\"41b2nsMoijL__SS500_\" src=\"https:\/\/i0.wp.com\/www.robertosedda.it\/wp-content\/uploads\/2012\/08\/41b2nsMoijL__SS500_.jpg?resize=170%2C259\" alt=\"\" width=\"170\" height=\"259\" data-recalc-dims=\"1\" \/><\/a>Il libro ripercorre le vicende della Rosa Bianca per poi tracciare un bilancio di questo sfortunato tentativo di resistenza al nazismo.<\/p>\n<p>Inizia nel centro dell&#8217;azione, con il racconto della drammatica cattura del nucleo fondante del gruppo, i fratelli Scholl e Christopher Probst, seguito dallo smantellamento completo dell&#8217;organizzazione.<\/p>\n<p>Si fa quindi un &#8220;passo indietro&#8221; per tracciare, separatamente, la biografia dei principali componenti, la loro formazione morale e spirituale (pi\u00f9 che politica) e il modo con cui maturarono il rifiuto del regime nazista.<\/p>\n<p>Presentati i protagonisti si raccontano le vicende vere e proprie della Rosa Bianca, naturalmente focalizzate attorno all&#8217;arresto, e quindi ai processi e per molti, purtroppo, alle esecuzioni.<\/p>\n<p>Di grandisismo interesse \u00e8 il capitolo XV, che passa in rassegna le cinque principali intepretazioni via via proposte per spiegare l&#8217;azione della Rosa Bianca. La lucidit\u00e0 e il coraggio di questi ragazzi, infatti, conferisce loro una superiorit\u00e0 morale sorprendente nei confronti di altri gruppi di resistenti, che si mossero solo molto pi\u00f9 tardi, per non parlare dell&#8217;opinione pubblica tedesca in generale. Questa &#8220;diversit\u00e0&#8221; \u00e8 quindi provocatoria e ha suscitato nel tempo diversi tentativi di spiegazione. \u00c8 chiaro che non si pu\u00f2 parlare della Rosa Bianca senza parlare, per contrasto, de &#8220;l&#8217;altra Germania&#8221;, e questo funzione di cartina di tornasole d\u00e0 al capitolo il suo interesse.<\/p>\n<p>Anche senza questo bel capitolo, tuttavia, il libro ha un grande fascino, che deriva direttamente dalla statura morale e esistenziale dei componenti della Rosa Bianca di cui vengono narrate le vicende.<\/p>\n<h2>Sophie Scholl e la Rosa Bianca<\/h2>\n<p><a href=\"https:\/\/i0.wp.com\/www.robertosedda.it\/wp-content\/uploads\/2012\/08\/sophie-scoll-e-la-rosa-bian_1.jpg\"><img data-attachment-id=\"260\" data-permalink=\"http:\/\/www.robertosedda.it\/?attachment_id=260\" data-orig-file=\"https:\/\/i0.wp.com\/www.robertosedda.it\/wp-content\/uploads\/2012\/08\/sophie-scoll-e-la-rosa-bian_1.jpg?fit=223%2C350\" data-orig-size=\"223,350\" data-comments-opened=\"1\" data-image-meta=\"{&quot;aperture&quot;:&quot;0&quot;,&quot;credit&quot;:&quot;&quot;,&quot;camera&quot;:&quot;&quot;,&quot;caption&quot;:&quot;&quot;,&quot;created_timestamp&quot;:&quot;0&quot;,&quot;copyright&quot;:&quot;&quot;,&quot;focal_length&quot;:&quot;0&quot;,&quot;iso&quot;:&quot;0&quot;,&quot;shutter_speed&quot;:&quot;0&quot;,&quot;title&quot;:&quot;&quot;}\" data-image-title=\"sophie-scoll-e-la-rosa-bian_1\" data-image-description=\"\" data-image-caption=\"\" data-medium-file=\"https:\/\/i0.wp.com\/www.robertosedda.it\/wp-content\/uploads\/2012\/08\/sophie-scoll-e-la-rosa-bian_1.jpg?fit=191%2C300\" data-large-file=\"https:\/\/i0.wp.com\/www.robertosedda.it\/wp-content\/uploads\/2012\/08\/sophie-scoll-e-la-rosa-bian_1.jpg?fit=223%2C350\" decoding=\"async\" loading=\"lazy\" class=\"alignleft size-medium wp-image-260\" title=\"sophie-scoll-e-la-rosa-bian_1\" src=\"https:\/\/i0.wp.com\/www.robertosedda.it\/wp-content\/uploads\/2012\/08\/sophie-scoll-e-la-rosa-bian_1.jpg?resize=191%2C300\" alt=\"\" width=\"191\" height=\"300\" srcset=\"https:\/\/i0.wp.com\/www.robertosedda.it\/wp-content\/uploads\/2012\/08\/sophie-scoll-e-la-rosa-bian_1.jpg?resize=191%2C300 191w, https:\/\/i0.wp.com\/www.robertosedda.it\/wp-content\/uploads\/2012\/08\/sophie-scoll-e-la-rosa-bian_1.jpg?w=223 223w\" sizes=\"(max-width: 191px) 100vw, 191px\" data-recalc-dims=\"1\" \/><\/a>Rispetto all&#8217;altro libro di Ghezzi sulla Rosa Bianca questo si concentra maggiormente sui fratelli Scholl e in particolare su Sophie, indagando in particolare la loro formazione, le loro motivazioni e gli ideali che li portarono alla resistenza contro il nazismo. Lo trovo anche pi\u00f9 dettagliato sulla sequenza tragica degli ultimi giorni, del processo e della condanna a morte, mentre trascura maggiormente il quadro d&#8217;assieme, le condizioni della Germania e l&#8217;interpretaizone che la storiografia successiva ha dato delle vicende della Rosa Bianca. Proprio perch\u00e9 ampio spazio \u00e8 dato al percorso formativo degli Scholl e al loro progressivo contrapporsi all&#8217;ideologia hitleriana, Ghezzi sembra dare maggior spazio alla visione che trova nella scelta di ribellione degli Scholl forti motivazioni religiose; mentre altrove, pur riconoscendo queste motivazioni le aveva in qualche modo inserite in un quadro d&#8217;assieme pi\u00f9 sfumato.<\/p>\n","protected":false},"excerpt":{"rendered":"<p>La Rosa Bianca Il libro ripercorre le vicende della Rosa Bianca per poi tracciare un bilancio di questo sfortunato tentativo<\/p>\n","protected":false},"author":1,"featured_media":261,"comment_status":"open","ping_status":"open","sticky":false,"template":"","format":"standard","meta":{"_mi_skip_tracking":false,"_monsterinsights_sitenote_active":false,"_monsterinsights_sitenote_note":"","_monsterinsights_sitenote_category":0,"jetpack_post_was_ever_published":false,"_jetpack_newsletter_access":"","jetpack_publicize_message":"","jetpack_is_tweetstorm":false,"jetpack_publicize_feature_enabled":true,"jetpack_social_post_already_shared":false,"jetpack_social_options":{"image_generator_settings":{"template":"highway","enabled":false}}},"categories":[52,54,13,12,74],"tags":[],"jetpack_publicize_connections":[],"jetpack_featured_media_url":"https:\/\/i0.wp.com\/www.robertosedda.it\/wp-content\/uploads\/2012\/08\/41b2nsMoijL__SS500_.jpg?fit=170%2C259","jetpack_sharing_enabled":true,"jetpack_shortlink":"https:\/\/wp.me\/p4jV2T-49","jetpack_likes_enabled":true,"jetpack-related-posts":[{"id":5450,"url":"http:\/\/www.robertosedda.it\/?p=5450","url_meta":{"origin":257,"position":0},"title":"&#8220;Lettera dal fronte n\u00b0 3&#8221; e la Rosa Bianca","author":"Rufus","date":"16\/12\/2013","format":false,"excerpt":"Sto leggendo con molto interesse un libro sulla battaglia di Stalingrado: Stalingrad, di Antony Beevor (il libro \u00e8 originariamente del 1998 ma la mia edizione\u00a0della Penguin \u00e8 stata pubblicata nel 2010 con una nuova introduzione, dunque immagino che sia abbastanza aggiornato). Trovo che il libro sia molto interessante: si concentra\u2026","rel":"","context":"In &quot;Coordinate&quot;","block_context":{"text":"Coordinate","link":"http:\/\/www.robertosedda.it\/?cat=52"},"img":{"alt_text":"","src":"https:\/\/i0.wp.com\/www.robertosedda.it\/wp-content\/uploads\/2013\/12\/Beevor-Stalingrad.jpg?fit=775%2C1200&resize=350%2C200","width":350,"height":200,"srcset":"https:\/\/i0.wp.com\/www.robertosedda.it\/wp-content\/uploads\/2013\/12\/Beevor-Stalingrad.jpg?fit=775%2C1200&resize=350%2C200 1x, https:\/\/i0.wp.com\/www.robertosedda.it\/wp-content\/uploads\/2013\/12\/Beevor-Stalingrad.jpg?fit=775%2C1200&resize=700%2C400 2x"},"classes":[]},{"id":4071,"url":"http:\/\/www.robertosedda.it\/?p=4071","url_meta":{"origin":257,"position":1},"title":"Le Croniche dell&#8217;Isola Verde","author":"Rufus","date":"21\/07\/2013","format":false,"excerpt":"Ho pubblicato su Facebook questa cosa, che ripropongo qui per tenerla visibile. Inviterei i lettori locali a non farsi troppo impressionare: tutto sommato \u00e8 una roba scritta senza pensarci. Quelli non locali lascino perdere, i riferimenti sono tutti alla splendida politica isolana e probabilmente incomprensibili. Sto pensando di scrivere una\u2026","rel":"","context":"In &quot;Coordinate&quot;","block_context":{"text":"Coordinate","link":"http:\/\/www.robertosedda.it\/?cat=52"},"img":{"alt_text":"","src":"https:\/\/i0.wp.com\/www.robertosedda.it\/wp-content\/uploads\/2013\/07\/Eleonora.jpg?fit=992%2C556&resize=350%2C200","width":350,"height":200,"srcset":"https:\/\/i0.wp.com\/www.robertosedda.it\/wp-content\/uploads\/2013\/07\/Eleonora.jpg?fit=992%2C556&resize=350%2C200 1x, https:\/\/i0.wp.com\/www.robertosedda.it\/wp-content\/uploads\/2013\/07\/Eleonora.jpg?fit=992%2C556&resize=700%2C400 2x"},"classes":[]},{"id":7594,"url":"http:\/\/www.robertosedda.it\/?p=7594","url_meta":{"origin":257,"position":2},"title":"&#8220;Il nome della rosa&#8221;: libro, radio e cinema","author":"Rufus","date":"04\/06\/2014","format":"video","excerpt":"Prima di ogni altra cosa devo ammetterlo: sono un cialtrone. Involontario, magari, ma un cialtrone. Se sentite la puntata di Oggi parliamo di libri dedicata a Il nome della rosa vi renderete conto che c'\u00e8 una lunga parte (tra l'altro troppo lunga, tanto che mi ha costretto a tagliare altre\u2026","rel":"","context":"In &quot;Coordinate&quot;","block_context":{"text":"Coordinate","link":"http:\/\/www.robertosedda.it\/?cat=52"},"img":{"alt_text":"","src":"https:\/\/i0.wp.com\/www.robertosedda.it\/wp-content\/uploads\/2014\/06\/Nome-della-rosa.png?fit=761%2C438&resize=350%2C200","width":350,"height":200,"srcset":"https:\/\/i0.wp.com\/www.robertosedda.it\/wp-content\/uploads\/2014\/06\/Nome-della-rosa.png?fit=761%2C438&resize=350%2C200 1x, https:\/\/i0.wp.com\/www.robertosedda.it\/wp-content\/uploads\/2014\/06\/Nome-della-rosa.png?fit=761%2C438&resize=700%2C400 2x"},"classes":[]},{"id":8836,"url":"http:\/\/www.robertosedda.it\/?p=8836","url_meta":{"origin":257,"position":3},"title":"Ne &#8220;L&#8217;ultimo dei Mohicani&#8221; c&#8217;\u00e8 molto, molto di pi\u00f9","author":"Rufus","date":"10\/11\/2014","format":"video","excerpt":"Ho\u00a0messo in linea oggi, dopo molte perplessit\u00e0, la puntata di\u00a0Oggi parliamo di libri dedicata a L'ultimo dei Mohicani. Le perplessit\u00e0 derivavano dal fatto che dopo avere registrato e mandato in onda la puntata mi \u00e8 venuta voglia di una rilettura e mi sono subito\u00a0reso conto che da una parte il\u2026","rel":"","context":"In &quot;Cappe e spade&quot;","block_context":{"text":"Cappe e spade","link":"http:\/\/www.robertosedda.it\/?cat=70"},"img":{"alt_text":"","src":"https:\/\/i0.wp.com\/img.youtube.com\/vi\/TXB5yJakU88\/0.jpg?resize=350%2C200","width":350,"height":200},"classes":[]},{"id":2787,"url":"http:\/\/www.robertosedda.it\/?p=2787","url_meta":{"origin":257,"position":4},"title":"Tessere altre economie","author":"Rufus","date":"03\/04\/2013","format":false,"excerpt":"Domani, 4 aprile 2013,\u00a0alle ore 16 sar\u00f2 al Liceo Siotto per parlare a un corso di aggiornamento di insegnanti, come se fossi una persona seria. Il tema che mi hanno assegnato (a dir la verit\u00e0 il titolo l'ho suggerito io, ehm) \u00e8: Tessere altre economie. Un po' il titolo \u00e8\u2026","rel":"","context":"In &quot;Coordinate&quot;","block_context":{"text":"Coordinate","link":"http:\/\/www.robertosedda.it\/?cat=52"},"img":{"alt_text":"","src":"","width":0,"height":0},"classes":[]},{"id":4220,"url":"http:\/\/www.robertosedda.it\/?p=4220","url_meta":{"origin":257,"position":5},"title":"Buone vacanze!","author":"Rufus","date":"03\/08\/2013","format":false,"excerpt":"Passer\u00f2 i prossimi giorni a Tonara, nel centro della Sardegna, quindi anche il blog si prende una vacanza. Mi porto dietro il\u00a0computer (luned\u00ec c'\u00e8 una\u00a0Skype call con i coordinatori dei vari gruppi di soci dell'Area Centro di Banca Etica) ma non conto di scrivere frequentemente sul blog:\u00a0 potr\u00e0 capitare ogni\u2026","rel":"","context":"In &quot;Coordinate&quot;","block_context":{"text":"Coordinate","link":"http:\/\/www.robertosedda.it\/?cat=52"},"img":{"alt_text":"","src":"https:\/\/i0.wp.com\/www.robertosedda.it\/wp-content\/uploads\/2013\/08\/ALIM0692.jpg?fit=1200%2C900&resize=350%2C200","width":350,"height":200,"srcset":"https:\/\/i0.wp.com\/www.robertosedda.it\/wp-content\/uploads\/2013\/08\/ALIM0692.jpg?fit=1200%2C900&resize=350%2C200 1x, https:\/\/i0.wp.com\/www.robertosedda.it\/wp-content\/uploads\/2013\/08\/ALIM0692.jpg?fit=1200%2C900&resize=700%2C400 2x, https:\/\/i0.wp.com\/www.robertosedda.it\/wp-content\/uploads\/2013\/08\/ALIM0692.jpg?fit=1200%2C900&resize=1050%2C600 3x"},"classes":[]}],"_links":{"self":[{"href":"http:\/\/www.robertosedda.it\/index.php?rest_route=\/wp\/v2\/posts\/257"}],"collection":[{"href":"http:\/\/www.robertosedda.it\/index.php?rest_route=\/wp\/v2\/posts"}],"about":[{"href":"http:\/\/www.robertosedda.it\/index.php?rest_route=\/wp\/v2\/types\/post"}],"author":[{"embeddable":true,"href":"http:\/\/www.robertosedda.it\/index.php?rest_route=\/wp\/v2\/users\/1"}],"replies":[{"embeddable":true,"href":"http:\/\/www.robertosedda.it\/index.php?rest_route=%2Fwp%2Fv2%2Fcomments&post=257"}],"version-history":[{"count":7,"href":"http:\/\/www.robertosedda.it\/index.php?rest_route=\/wp\/v2\/posts\/257\/revisions"}],"predecessor-version":[{"id":488,"href":"http:\/\/www.robertosedda.it\/index.php?rest_route=\/wp\/v2\/posts\/257\/revisions\/488"}],"wp:featuredmedia":[{"embeddable":true,"href":"http:\/\/www.robertosedda.it\/index.php?rest_route=\/wp\/v2\/media\/261"}],"wp:attachment":[{"href":"http:\/\/www.robertosedda.it\/index.php?rest_route=%2Fwp%2Fv2%2Fmedia&parent=257"}],"wp:term":[{"taxonomy":"category","embeddable":true,"href":"http:\/\/www.robertosedda.it\/index.php?rest_route=%2Fwp%2Fv2%2Fcategories&post=257"},{"taxonomy":"post_tag","embeddable":true,"href":"http:\/\/www.robertosedda.it\/index.php?rest_route=%2Fwp%2Fv2%2Ftags&post=257"}],"curies":[{"name":"wp","href":"https:\/\/api.w.org\/{rel}","templated":true}]}}