{"id":2568,"date":"2013-03-21T12:56:48","date_gmt":"2013-03-21T11:56:48","guid":{"rendered":"http:\/\/www.robertosedda.it\/?p=2568"},"modified":"2019-04-03T13:03:45","modified_gmt":"2019-04-03T11:03:45","slug":"cose-da-fare-a-cagliari-almeno-una-volta-nella-vita","status":"publish","type":"post","link":"http:\/\/www.robertosedda.it\/?p=2568","title":{"rendered":"Cose da fare a Cagliari almeno una volta nella vita"},"content":{"rendered":"<p><a href=\"http:\/\/osservatorebaggiano.wordpress.com\/2012\/12\/21\/gli-8-miti-cagliaritani\/\">Un articolo carino sul <em>blog<\/em> dell&#8217;osservatore baggiano<\/a> mi ha fatto ricordare che anni fa, dopo aver scoperto che esisteva&nbsp;il libro <a href=\"http:\/\/www.lafeltrinelli.it\/products\/9788854112223\/101_cose_da_fare_a_Milano_almeno_una_volta_nella_vita\/Micol_Arianna_Beltramini.html\"><em>101 cose da fare a Milano almeno una volta nella vita<\/em><\/a>, anche il <a href=\"http:\/\/groups.yahoo.com\/group\/gruppolapira\/\">gruppo &#8220;La Pira&#8221;<\/a> aveva iniziato a stilare il suo elenco di &#8220;cose da fare a Cagliari almeno una volta nella vita&#8221;. Ve lo ripropongo con minimi aggiustamenti, ricordandovi che \u00e8 del 2009 e quindi forse qualcosa non torna pi\u00f9 del tutto (o forse no): dove possibile ho anche mantenuto le espressioni originali e il linguaggio da <em>mailing list<\/em>.<\/p>\n<p>P.S. Ovviamente l&#8217;osservatore baggiano ha torto sulla <em>Ichnusa<\/em>: lo dico io prima che Andrea Salidu, scettico residente di questo <em>blog<\/em>, me lo faccia notare.<\/p>\n<p>P.P.S. Scopro che in rete si trovano<a href=\"http:\/\/it.sardegne.com\/blog\/5972-cagliari-10-cose-da-fare-e-da-vedere-per-un-week-end-in-una-citta-tutta-da-vivere.html\"> altri elenchi<\/a> di cose da fare a Cagliari. Sono buoni, ma quello del gruppo &#8220;La Pira&#8221; secondo me \u00e8 migliore!<\/p>\n<p>P.P.P.S. Non siamo mai arrivati a centouno. Se qualcuno ha le sue proposte, scriva pure qui sotto, nei commenti, oppure dica quelle che preferisce fra le nostre proposte (o quelle che toglierebbe).<\/p>\n<p>E adesso andiamo a incominciare.<\/p>\n<ol>\n<li>Fare la spesa al mercato di San Benedetto<\/li>\n<li>Bersi un caff\u00e9 a un baretto&nbsp; del Poetto guardando il mare<\/li>\n<li>Fare una passeggiata fra i bastioni e il&nbsp;Terrapieno<\/li>\n<li>Mangiare gli spaghetti ai ricci dai ricciai<\/li>\n<li>Un pranzo da&nbsp;<em>Balena<\/em><\/li>\n<li><em>Coccodrillare<\/em> nelle secche del Poetto nei pomeriggi di fine estate<\/li>\n<li>Ammirare il panorama dalla cima del Monte Urpinu<\/li>\n<li>Far colazione da <em>Genovese<\/em> la domenica mattina<\/li>\n<li>Mangiare la pasta siringa&nbsp;di <em>Chez les Negres<\/em> a Carvevale<\/li>\n<li>Andare in un&nbsp;terrazzo a guardare i fenicotteri passare sui tetti&nbsp;della citt\u00e0 al&nbsp;tramonto<\/li>\n<li>Salire fino in cima alla torre dell&#8217;Elefante<\/li>\n<li>Andare al&nbsp;Museo Archeologico<\/li>\n<li>Andare al museo degli <em>ex-voto<\/em> di Bonaria<\/li>\n<li>Camminare per la citt\u00e0 col naso all&#8217;ins\u00f9&#8230; facendo attenzione a non&nbsp;inciampare per\u00f2. A me a volte mi sembra di scoprire una nuova Cagliari guardando&nbsp;gli ultimi piani di certi palazzi &#8230;<\/li>\n<li>Un giro a&nbsp;Tuvixeddu<\/li>\n<li>Guardare l&#8217;alba dalle saline di&nbsp;Macchiareddu, uno spettacolo&nbsp;impagabile<\/li>\n<li>Passeggiata&nbsp;al Giardino Pubblico, ma soprattutto visita alla Collezione&nbsp;Ingrao<\/li>\n<li>Sul giardino pubblico aggiungo: arrampicarsi sui giganteschi ficus<\/li>\n<li>Gironzolare tra le&nbsp;bancarelle del marcato di Sant&#8217;Elia la domenica<\/li>\n<li>Vedere un&#8217;opera lirica&nbsp;all&#8217;Anfiteatro<\/li>\n<li>Guardare quanto \u00e8 bello lo <em>skyline<\/em> arrivando o partendo in&nbsp;nave<\/li>\n<li>Cenare a lume di candela col tuo partner all&#8217;<em>Archibugio<\/em><\/li>\n<li>Passeggiare&nbsp;la sera tarda d&#8217;estate a Marina Piccola<\/li>\n<li>Aspettare il ritorno di Sant&#8217;Efisio (ma anche la festa del primo&nbsp;maggio, va!)<\/li>\n<li>Partecipare alla vestizione di&nbsp;Carlo Felice quando il Cagliari vince qualcosa<\/li>\n<li>Assaggiare i gelati di <em>Aresu<\/em><\/li>\n<li>Cena a base di pesce al&nbsp;Villaggio Pescatori<\/li>\n<li>Mangiare un panino caddozzo ai caddozzoni del Poetto&nbsp;(possibilmente&nbsp;arrivando con la golf GTDi con minigonne e spoilerone,&nbsp;impianto Bose a&nbsp;600w a manetta, camicia aperta e cadenazzo&nbsp;d&#8217;oro)<\/li>\n<li>Guardarsi una partita del Cagliari in distinti (coi tifosi&nbsp;che&nbsp;inveiscono contro l&#8217;<em>albitro<\/em> e i <em>guardalini<\/em>: <em>albitro!&nbsp; ammonilo&#8230;&nbsp;espulgilo! o guardalino &#8230;su bratzu cancarau cun cussa banderina&#8230; sticchindicedda in &#8230;!<\/em>)<\/li>\n<li>Mangiare le &#8220;zeppole&#8221; calde calde&nbsp;alla pasticceria <em>Golfo degli Angeli&nbsp;<\/em>in via Castiglione<\/li>\n<li>Sentire i cori il&nbsp;Venerd\u00ec Santo a San Giacomo<\/li>\n<li>Passeggiare per le viuzze di Castello<\/li>\n<li>Quando&nbsp;stavo a Verona e Milano avrei dato met\u00e0 dello stipendio per un vassoio di pizzette (di sfoglia, <em>NdRufus<\/em>)<em>,<\/em> che l\u00ec manco sapevano cosa&nbsp;fossero!<\/li>\n<li>Visitare le grotte sotterranee in vico Merello<\/li>\n<li>Vedere le grandi cisterne dell&#8217;Orto dei Cappuccini e dell&#8217;Orto Botanico<\/li>\n<li>Prima visitare l&#8217;Orto Botanico!<\/li>\n<li>Girare per le&nbsp;grotte e i cunicoli sotto la Passeggiata Coperta<\/li>\n<li>Ammirare Molentargius&nbsp;da Monte Urpinu<\/li>\n<li>Guardare il panorama dal colle di San&nbsp;Michele e poi una sosta al ristorante&nbsp;con grande vista sulla citt\u00e0 di&nbsp;Cagliari<\/li>\n<li>Salire sul colle di Sant&#8217;Elia<\/li>\n<li>Una domenica coi bambini al&nbsp;parco di Monte Claro<\/li>\n<li>Mangiare una pizzetta alla <em>Pizzetta d&#8217;Oro <\/em>(meglio tre)<\/li>\n<li>Un giro in barca nel golfo<\/li>\n<li>Costeggiare in barca la Sella del Diavolo<\/li>\n<li>Salire per l&#8217;ultimo tratto di via Is Mirrionis e quando arrivi, stremato, a Buoncammino il panorama che ti si apre davanti<\/li>\n<li>Girare per Villanova la notte, parlando di politica<\/li>\n<li>Scoprire cos&#8217;\u00e8 la <em>Prosopis torquata<\/em><\/li>\n<li>Ammirare gli alberi di Giuda e la <em>jacarande<\/em> in fiore<\/li>\n<li>Un giro dentro Molentargius<\/li>\n<li>Prendere un caff\u00e9 al bar del museo della Cattedrale, ammirando la citt\u00e0<\/li>\n<li>Prendere un <em>mojito<\/em> al Bastione, per vedere l&#8217;effetto che fa<\/li>\n<\/ol>\n","protected":false},"excerpt":{"rendered":"<p>Un articolo carino sul blog dell&#8217;osservatore baggiano mi ha fatto ricordare che anni fa, dopo aver scoperto che esisteva&nbsp;il libro<\/p>\n","protected":false},"author":1,"featured_media":5055,"comment_status":"open","ping_status":"open","sticky":false,"template":"","format":"standard","meta":{"_mi_skip_tracking":false,"_monsterinsights_sitenote_active":false,"_monsterinsights_sitenote_note":"","_monsterinsights_sitenote_category":0,"jetpack_post_was_ever_published":false,"_jetpack_newsletter_access":"","jetpack_publicize_message":"","jetpack_is_tweetstorm":false,"jetpack_publicize_feature_enabled":true,"jetpack_social_post_already_shared":false,"jetpack_social_options":{"image_generator_settings":{"template":"highway","enabled":false}}},"categories":[52,49,53,12],"tags":[],"jetpack_publicize_connections":[],"jetpack_featured_media_url":"https:\/\/i0.wp.com\/www.robertosedda.it\/wp-content\/uploads\/2013\/11\/Panorama-Cagliari.jpg?fit=640%2C428","jetpack_sharing_enabled":true,"jetpack_shortlink":"https:\/\/wp.me\/p4jV2T-Fq","jetpack_likes_enabled":true,"jetpack-related-posts":[{"id":15553,"url":"http:\/\/www.robertosedda.it\/?p=15553","url_meta":{"origin":2568,"position":0},"title":"Grazie a voi","author":"Rufus","date":"02\/08\/2018","format":false,"excerpt":"Con il 31 luglio si \u00e8 chiuso il sesto anno di vita del blog, ed \u00e8 nuovamente tempo di ringraziamenti! A me sembra tutto straordinario: cio\u00e8,\u00a0La casa di Roberto \u00e8 minuscola rispetto al vasto mondo del\u00a0web, per\u00f2 comunque 34 000 utenti mi sembrano moltissimi, e anche escludendo quelli che sono\u2026","rel":"","context":"In &quot;Coordinate&quot;","block_context":{"text":"Coordinate","link":"http:\/\/www.robertosedda.it\/?cat=52"},"img":{"alt_text":"","src":"https:\/\/i0.wp.com\/www.robertosedda.it\/wp-content\/uploads\/2018\/08\/Statistiche-totali.jpg?fit=1200%2C494&resize=350%2C200","width":350,"height":200,"srcset":"https:\/\/i0.wp.com\/www.robertosedda.it\/wp-content\/uploads\/2018\/08\/Statistiche-totali.jpg?fit=1200%2C494&resize=350%2C200 1x, https:\/\/i0.wp.com\/www.robertosedda.it\/wp-content\/uploads\/2018\/08\/Statistiche-totali.jpg?fit=1200%2C494&resize=700%2C400 2x, https:\/\/i0.wp.com\/www.robertosedda.it\/wp-content\/uploads\/2018\/08\/Statistiche-totali.jpg?fit=1200%2C494&resize=1050%2C600 3x"},"classes":[]},{"id":10799,"url":"http:\/\/www.robertosedda.it\/?p=10799","url_meta":{"origin":2568,"position":1},"title":"Ringraziamenti annuali (i soliti, ma sinceri)","author":"Rufus","date":"09\/09\/2015","format":false,"excerpt":"Come sempre fine agosto \u00e8 tempo di bilanci annuali per quanto riguarda le statistiche di frequenza del blog. Col fatto che siamo rimasti fermi quasi una settimana sono un po\u2019 in ritardo, ma ieri sono andato finalmente a guardarmele. Raccontava il compianto padre Acquaro di un suo confratello mercedario, afflitto\u2026","rel":"","context":"In &quot;Il web&quot;","block_context":{"text":"Il web","link":"http:\/\/www.robertosedda.it\/?cat=64"},"img":{"alt_text":"","src":"https:\/\/i0.wp.com\/www.robertosedda.it\/wp-content\/uploads\/2015\/09\/Stats-2014_15.jpg?fit=1187%2C581&resize=350%2C200","width":350,"height":200,"srcset":"https:\/\/i0.wp.com\/www.robertosedda.it\/wp-content\/uploads\/2015\/09\/Stats-2014_15.jpg?fit=1187%2C581&resize=350%2C200 1x, https:\/\/i0.wp.com\/www.robertosedda.it\/wp-content\/uploads\/2015\/09\/Stats-2014_15.jpg?fit=1187%2C581&resize=700%2C400 2x, https:\/\/i0.wp.com\/www.robertosedda.it\/wp-content\/uploads\/2015\/09\/Stats-2014_15.jpg?fit=1187%2C581&resize=1050%2C600 3x"},"classes":[]},{"id":14116,"url":"http:\/\/www.robertosedda.it\/?p=14116","url_meta":{"origin":2568,"position":2},"title":"Cinque anni da festeggiare","author":"Rufus","date":"06\/09\/2017","format":false,"excerpt":"Ieri Facebook mi ha proposto un ricordo di cinque anni fa, che io ho prontamente ripostato: \u00c8, insomma, l'esordio ufficiale del nuovo\u00a0blog, che dopo essere rimasto fermo diversi anni ripartiva. In realt\u00e0 il primo articolo assoluto \u00e8 del 27 luglio 2012, poi per\u00f2 ho usato agosto per riportare qui cose\u2026","rel":"","context":"In &quot;Coordinate&quot;","block_context":{"text":"Coordinate","link":"http:\/\/www.robertosedda.it\/?cat=52"},"img":{"alt_text":"","src":"https:\/\/i0.wp.com\/www.robertosedda.it\/wp-content\/uploads\/2017\/09\/Statistiche-5-anni.jpg?fit=1159%2C706&resize=350%2C200","width":350,"height":200,"srcset":"https:\/\/i0.wp.com\/www.robertosedda.it\/wp-content\/uploads\/2017\/09\/Statistiche-5-anni.jpg?fit=1159%2C706&resize=350%2C200 1x, https:\/\/i0.wp.com\/www.robertosedda.it\/wp-content\/uploads\/2017\/09\/Statistiche-5-anni.jpg?fit=1159%2C706&resize=700%2C400 2x, https:\/\/i0.wp.com\/www.robertosedda.it\/wp-content\/uploads\/2017\/09\/Statistiche-5-anni.jpg?fit=1159%2C706&resize=1050%2C600 3x"},"classes":[]},{"id":8285,"url":"http:\/\/www.robertosedda.it\/?p=8285","url_meta":{"origin":2568,"position":3},"title":"Bilancio e ringraziamenti annuali","author":"Rufus","date":"01\/09\/2014","format":false,"excerpt":"Col 31 agosto il sito ha festeggiato due anni di vita e quindi \u00e8 tempo di bilanci. Non tanto perch\u00e9 i numeri siano rilevanti:\u00a0La casa di Roberto resta, come \u00e8 giusto che sia, un sito assolutamente minuscolo\u00a0nel vasto mondo della rete, con numeri di visitatori molto bassi. Cio\u00e8, sono numeri\u2026","rel":"","context":"In &quot;Coordinate&quot;","block_context":{"text":"Coordinate","link":"http:\/\/www.robertosedda.it\/?cat=52"},"img":{"alt_text":"","src":"https:\/\/i0.wp.com\/www.robertosedda.it\/wp-content\/uploads\/2014\/09\/Pasquetta-2004-019.jpg?fit=1200%2C900&resize=350%2C200","width":350,"height":200,"srcset":"https:\/\/i0.wp.com\/www.robertosedda.it\/wp-content\/uploads\/2014\/09\/Pasquetta-2004-019.jpg?fit=1200%2C900&resize=350%2C200 1x, https:\/\/i0.wp.com\/www.robertosedda.it\/wp-content\/uploads\/2014\/09\/Pasquetta-2004-019.jpg?fit=1200%2C900&resize=700%2C400 2x, https:\/\/i0.wp.com\/www.robertosedda.it\/wp-content\/uploads\/2014\/09\/Pasquetta-2004-019.jpg?fit=1200%2C900&resize=1050%2C600 3x"},"classes":[]},{"id":1010,"url":"http:\/\/www.robertosedda.it\/?p=1010","url_meta":{"origin":2568,"position":4},"title":"Nel frattempo&#8230;","author":"Rufus","date":"10\/10\/2012","format":false,"excerpt":"Avevo\u00a0promesso che non avrei fatto molti post riassuntivi in cui mettere insieme una marea di link e aggiornamenti,\u00a0e invece questo \u00e8 il terzo della serie (cadono tutti sotto la categoria Il web). D'altra parte, come diceva Ippocrate, la vita e breve e la rete molto interconnessa - o gi\u00f9 di\u2026","rel":"","context":"In &quot;Coordinate&quot;","block_context":{"text":"Coordinate","link":"http:\/\/www.robertosedda.it\/?cat=52"},"img":{"alt_text":"","src":"https:\/\/i0.wp.com\/www.robertosedda.it\/wp-content\/uploads\/2012\/10\/wmw-toymaker-4.jpg?fit=660%2C490&resize=350%2C200","width":350,"height":200},"classes":[]},{"id":4927,"url":"http:\/\/www.robertosedda.it\/?p=4927","url_meta":{"origin":2568,"position":5},"title":"Cosa da fare a Cagliari in questo periodo","author":"Rufus","date":"06\/11\/2013","format":false,"excerpt":"Domenica in cimitero ho notato che c'era una Ceiba speciosa in fiore. La Ceiba \u00e8 quello che chiamano \"albero bottiglia\" perch\u00e9 il tronco ha una forma caratteristica, \"panciuta\". Sono per capirci quegli alberi caratterizzati, oltre che dal tronco che si allarga a un certo punto, dalla corteccia ricoperta di spuntoni,\u2026","rel":"","context":"In &quot;Coordinate&quot;","block_context":{"text":"Coordinate","link":"http:\/\/www.robertosedda.it\/?cat=52"},"img":{"alt_text":"","src":"","width":0,"height":0},"classes":[]}],"_links":{"self":[{"href":"http:\/\/www.robertosedda.it\/index.php?rest_route=\/wp\/v2\/posts\/2568"}],"collection":[{"href":"http:\/\/www.robertosedda.it\/index.php?rest_route=\/wp\/v2\/posts"}],"about":[{"href":"http:\/\/www.robertosedda.it\/index.php?rest_route=\/wp\/v2\/types\/post"}],"author":[{"embeddable":true,"href":"http:\/\/www.robertosedda.it\/index.php?rest_route=\/wp\/v2\/users\/1"}],"replies":[{"embeddable":true,"href":"http:\/\/www.robertosedda.it\/index.php?rest_route=%2Fwp%2Fv2%2Fcomments&post=2568"}],"version-history":[{"count":8,"href":"http:\/\/www.robertosedda.it\/index.php?rest_route=\/wp\/v2\/posts\/2568\/revisions"}],"predecessor-version":[{"id":16533,"href":"http:\/\/www.robertosedda.it\/index.php?rest_route=\/wp\/v2\/posts\/2568\/revisions\/16533"}],"wp:featuredmedia":[{"embeddable":true,"href":"http:\/\/www.robertosedda.it\/index.php?rest_route=\/wp\/v2\/media\/5055"}],"wp:attachment":[{"href":"http:\/\/www.robertosedda.it\/index.php?rest_route=%2Fwp%2Fv2%2Fmedia&parent=2568"}],"wp:term":[{"taxonomy":"category","embeddable":true,"href":"http:\/\/www.robertosedda.it\/index.php?rest_route=%2Fwp%2Fv2%2Fcategories&post=2568"},{"taxonomy":"post_tag","embeddable":true,"href":"http:\/\/www.robertosedda.it\/index.php?rest_route=%2Fwp%2Fv2%2Ftags&post=2568"}],"curies":[{"name":"wp","href":"https:\/\/api.w.org\/{rel}","templated":true}]}}