{"id":2512,"date":"2013-03-10T19:00:42","date_gmt":"2013-03-10T18:00:42","guid":{"rendered":"http:\/\/www.robertosedda.it\/?p=2512"},"modified":"2022-03-10T12:24:23","modified_gmt":"2022-03-10T11:24:23","slug":"la-storia-infinita-a-oggi-parliamo-di-libri","status":"publish","type":"post","link":"http:\/\/www.robertosedda.it\/?p=2512","title":{"rendered":"La storia infinita a &#8220;Oggi parliamo di libri&#8221;"},"content":{"rendered":"<p>Ho pubblicato oggi la puntata di <em>Oggi parliamo di libri<\/em> dedicata a<em> La storia infinita<\/em>.<\/p>\n<p>Questa era la puntata del 21 febbraio, quindi ho quasi smaltito l&#8217;arretrato: presto sar\u00f2 in grado di pubblicare le puntate volta per volta (e voi non sarete pi\u00f9 subissati di <em>post<\/em> con le registrazioni).<\/p>\n<p>Sono anche quasi giunto al termine delle puntate dedicate al <em>fantasy<\/em> e alla fantascienza: con il cambio di stagione, infatti, penso di rinnovare la trasmissione e di parlare di romanzi d&#8217;avventura; la primavera, dopotutto, invita a partire e alle scoperte); mi sono fatto addirittura un programma che prevede di parlare di gialli e di <em>noir<\/em> d&#8217;estate (cos&#8217;altro si legge, doptutto, sotto l&#8217;ombrellone?) e di romanzi d&#8217;amore e sentimentali in autunno: \u00e8 ovvio che in questo modo sto peccando di <em>hubris<\/em> e che molto presto la trasmissione sar\u00e0 soppressa, per\u00f2 \u00e8 divertente anche solo programmare, pensare quali libri metterei in ogni categoria&#8230;<\/p>\n<p>Divago, meglio che torniamo alla puntata.<\/p>\n<p>In realt\u00e0 non c&#8217;\u00e8 mlto da dire, anche perch\u00e9 mia moglie sostiene che \u00e8 una bellissima puntata, una delle migliori, e <a href=\"http:\/\/www.robertosedda.it\/?p=657\">lei la sa sempre pi\u00f9 lunga di me<\/a>.<\/p>\n<div class=\"jetpack-video-wrapper\"><span class=\"embed-youtube\" style=\"text-align:center; display: block;\"><iframe class=\"youtube-player\" width=\"800\" height=\"450\" src=\"https:\/\/www.youtube.com\/embed\/JBrr-FbFUew?version=3&#038;rel=1&#038;showsearch=0&#038;showinfo=1&#038;iv_load_policy=1&#038;fs=1&#038;hl=it-IT&#038;autohide=2&#038;wmode=transparent\" allowfullscreen=\"true\" style=\"border:0;\" sandbox=\"allow-scripts allow-same-origin allow-popups allow-presentation\"><\/iframe><\/span><\/div>\n<p>Ho solo due osservazioni: la prima \u00e8 che trascriverei per intero quello che ritengo il punto centrale della puntata e della mia opinione sul libro (non pretendo l&#8217;originalit\u00e0, Ende \u00e8 abbastanza esplicito):<\/p>\n<blockquote><p>Il destino dell&#8217;uomo \u00e8 un destino narrativo, noi siamo animali che raccontano le storie,<\/p><\/blockquote>\n<p>e anche:<\/p>\n<blockquote><p>[&#8230;] Qual \u00e8 l&#8217;idea narrativa che sta dietro &#8220;La storia infinita&#8221;? \u00c8 l&#8217;idea che il mondo della fantasia vive fin tanto che noi lo raccontiamo.<\/p><\/blockquote>\n<p>La seconda osservazione riguarda due errori abbastanza evidenti.<\/p>\n<p>Uno che, non so perch\u00e9, a un certo punto ho cambiato sesso al Vecchio della Montagna Vagante, che \u00e8 diventato &#8220;una saggia, una storica&#8221;. Errore piuttosto grave, lo ammetto.<\/p>\n<p>Il secondo errore \u00e8 l&#8217;affermazione, del tutto incauta e che quando l&#8217;ho risentita mi ha fatto sobbalzare, che il tema del rapporto col padre, presentato ne <em>La storia infinita<\/em>, sia un <em>unicum<\/em> e che di solito gli eroi <em>fantasy<\/em> abbiano semmai un rapporto conflittuale con la madre. Il bello \u00e8 che, anche ripensandoci, non riesco a ricordare che libri e che personaggi avessi in mente mentre lo dicevo&#8230;<\/p>\n<p>Questa \u00e8 stata la puntata in cui la scelta musicale \u00e8 stata pi\u00f9 facile, direi ovvia:<em><\/em><\/p>\n<div class=\"jetpack-video-wrapper\"><span class=\"embed-youtube\" style=\"text-align:center; display: block;\"><iframe class=\"youtube-player\" width=\"800\" height=\"450\" src=\"https:\/\/www.youtube.com\/embed\/3khTntOxX-k?version=3&#038;rel=1&#038;showsearch=0&#038;showinfo=1&#038;iv_load_policy=1&#038;fs=1&#038;hl=it-IT&#038;autohide=2&#038;wmode=transparent\" allowfullscreen=\"true\" style=\"border:0;\" sandbox=\"allow-scripts allow-same-origin allow-popups allow-presentation\"><\/iframe><\/span><\/div>\n","protected":false},"excerpt":{"rendered":"<p>Ho pubblicato oggi la puntata di Oggi parliamo di libri dedicata a La storia infinita. Questa era la puntata del<\/p>\n","protected":false},"author":1,"featured_media":0,"comment_status":"open","ping_status":"open","sticky":false,"template":"","format":"video","meta":{"_mi_skip_tracking":false,"_monsterinsights_sitenote_active":false,"_monsterinsights_sitenote_note":"","_monsterinsights_sitenote_category":0,"jetpack_post_was_ever_published":false,"_jetpack_newsletter_access":"","jetpack_publicize_message":"","jetpack_is_tweetstorm":false,"jetpack_publicize_feature_enabled":true,"jetpack_social_post_already_shared":false,"jetpack_social_options":{"image_generator_settings":{"template":"highway","enabled":false}}},"categories":[52,63,56,13,12],"tags":[],"jetpack_publicize_connections":[],"jetpack_featured_media_url":"","jetpack_sharing_enabled":true,"jetpack_shortlink":"https:\/\/wp.me\/p4jV2T-Ew","jetpack_likes_enabled":true,"jetpack-related-posts":[{"id":12472,"url":"http:\/\/www.robertosedda.it\/?p=12472","url_meta":{"origin":2512,"position":0},"title":"Cos\u00ec fin\u00ec Oggi parliamo di libri","author":"Rufus","date":"06\/09\/2016","format":false,"excerpt":"Trovate qui sotto l'ultima puntata della stagione 2015\/2016 di\u00a0Oggi parliamo di libri, dedicata a\u00a0Liol\u00e0\u00a0di Pirandello: si tratta anche dell'ultima puntata in generale della trasmissione, perch\u00e9 per l'anno prossimo mi piacerebbe molto che venisse accettata la mia proposta di parlare di giochi\u00a0(se si parte si parte ad ottobre, ma mi pare\u2026","rel":"","context":"In &quot;Coordinate&quot;","block_context":{"text":"Coordinate","link":"http:\/\/www.robertosedda.it\/?cat=52"},"img":{"alt_text":"","src":"https:\/\/i0.wp.com\/www.robertosedda.it\/wp-content\/uploads\/2016\/09\/Oggi-parliamo-di-libri-1.jpg?fit=480%2C360&resize=350%2C200","width":350,"height":200},"classes":[]},{"id":2419,"url":"http:\/\/www.robertosedda.it\/?p=2419","url_meta":{"origin":2512,"position":1},"title":"Terry Pratchett a &#8220;Oggi parliamo di libri&#8221;","author":"Rufus","date":"04\/03\/2013","format":"video","excerpt":"Ho messo oggi in linea la puntata di Oggi parliamo di libri dedicata a Terry Pratchett. Questioni di peso Mi ha fatto notare proprio ieri il mio amico Andrea Assorgia che spesso nelle puntate la parte introduttiva ha troppo peso rispetto alla discussione vera e propria del libro. \u00c8 di\u2026","rel":"","context":"In &quot;Coordinate&quot;","block_context":{"text":"Coordinate","link":"http:\/\/www.robertosedda.it\/?cat=52"},"img":{"alt_text":"","src":"https:\/\/i0.wp.com\/www.robertosedda.it\/wp-content\/uploads\/2013\/03\/562974_144686829023382_1123473137_n.jpg?fit=920%2C900&resize=350%2C200","width":350,"height":200,"srcset":"https:\/\/i0.wp.com\/www.robertosedda.it\/wp-content\/uploads\/2013\/03\/562974_144686829023382_1123473137_n.jpg?fit=920%2C900&resize=350%2C200 1x, https:\/\/i0.wp.com\/www.robertosedda.it\/wp-content\/uploads\/2013\/03\/562974_144686829023382_1123473137_n.jpg?fit=920%2C900&resize=700%2C400 2x"},"classes":[]},{"id":2478,"url":"http:\/\/www.robertosedda.it\/?p=2478","url_meta":{"origin":2512,"position":2},"title":"In lode di Isaac Asimov (mica tanto)","author":"Rufus","date":"07\/03\/2013","format":"video","excerpt":"Ho messo oggi in linea la nona puntata di Oggi parliamo di libri, dedicata ai racconti dei robot di Isaac Asimov. Da un punto di vista musicale la puntata presentava, con uno scarto evidente e voluto,\u00a0Halloweed be thy name degli Iron Maiden. Non ci avevo pensato al momento, ma il\u2026","rel":"","context":"In &quot;Coordinate&quot;","block_context":{"text":"Coordinate","link":"http:\/\/www.robertosedda.it\/?cat=52"},"img":{"alt_text":"","src":"https:\/\/i0.wp.com\/www.robertosedda.it\/wp-content\/uploads\/2013\/03\/Isaac-Asimov.png?fit=520%2C600&resize=350%2C200","width":350,"height":200},"classes":[]},{"id":2209,"url":"http:\/\/www.robertosedda.it\/?p=2209","url_meta":{"origin":2512,"position":3},"title":"La puntata su Harry Potter","author":"Rufus","date":"12\/02\/2013","format":false,"excerpt":"Ho caricato oggi la puntata di Oggi parliamo di libri dedicata ad Harry Potter (andata in onda il 3 gennaio 2013)\u00a0. Non sono io quello pi\u00f9 in grado, ovviamente, di valutare la qualit\u00e0 della puntata, per\u00f2 devo dire che mi sono molto divertito a farla (una della volte che mi\u2026","rel":"","context":"In &quot;Coordinate&quot;","block_context":{"text":"Coordinate","link":"http:\/\/www.robertosedda.it\/?cat=52"},"img":{"alt_text":"","src":"https:\/\/i0.wp.com\/www.robertosedda.it\/wp-content\/uploads\/2018\/03\/Harry-Potter.jpg?fit=1200%2C824&resize=350%2C200","width":350,"height":200,"srcset":"https:\/\/i0.wp.com\/www.robertosedda.it\/wp-content\/uploads\/2018\/03\/Harry-Potter.jpg?fit=1200%2C824&resize=350%2C200 1x, https:\/\/i0.wp.com\/www.robertosedda.it\/wp-content\/uploads\/2018\/03\/Harry-Potter.jpg?fit=1200%2C824&resize=700%2C400 2x, https:\/\/i0.wp.com\/www.robertosedda.it\/wp-content\/uploads\/2018\/03\/Harry-Potter.jpg?fit=1200%2C824&resize=1050%2C600 3x"},"classes":[]},{"id":10009,"url":"http:\/\/www.robertosedda.it\/?p=10009","url_meta":{"origin":2512,"position":4},"title":"Di nuovo sulla &#8220;Gerusalemme liberata&#8221;","author":"Rufus","date":"21\/04\/2015","format":"video","excerpt":"Della\u00a0Gerusalemme liberata ho gi\u00e0 parlato pi\u00f9 o meno un anno e mezzo fa, quindi oggi mi limito a segnalare che ho messo in linea la puntata che ho dedicato al poema su\u00a0Oggi parliamo di libri e a invitarvi all'ascolto, oltre che della puntata, della pausa musicale con la strepitosa Mahalia\u2026","rel":"","context":"In &quot;Coordinate&quot;","block_context":{"text":"Coordinate","link":"http:\/\/www.robertosedda.it\/?cat=52"},"img":{"alt_text":"","src":"https:\/\/i0.wp.com\/img.youtube.com\/vi\/gPZuWzZvoYQ\/0.jpg?resize=350%2C200","width":350,"height":200},"classes":[]},{"id":2564,"url":"http:\/\/www.robertosedda.it\/?p=2564","url_meta":{"origin":2512,"position":5},"title":"A favore di Twilight","author":"Rufus","date":"15\/03\/2013","format":"video","excerpt":"L'ultima puntata andata in onda di Oggi parliamo di libri era dedicata a Twilight di Stephanie Meyer (e insieme all'urban fantasy\/paranormal romantic) e si propopneva di spezzare vigorosamente una lancia a favore di un libro spesso criticato. Per molti aspetti \u00e8 stata una puntata del tutto opposta a quella del\u2026","rel":"","context":"In &quot;Coordinate&quot;","block_context":{"text":"Coordinate","link":"http:\/\/www.robertosedda.it\/?cat=52"},"img":{"alt_text":"","src":"https:\/\/i0.wp.com\/www.robertosedda.it\/wp-content\/uploads\/2012\/07\/28.jpg?fit=809%2C1200&resize=350%2C200","width":350,"height":200,"srcset":"https:\/\/i0.wp.com\/www.robertosedda.it\/wp-content\/uploads\/2012\/07\/28.jpg?fit=809%2C1200&resize=350%2C200 1x, https:\/\/i0.wp.com\/www.robertosedda.it\/wp-content\/uploads\/2012\/07\/28.jpg?fit=809%2C1200&resize=700%2C400 2x"},"classes":[]}],"_links":{"self":[{"href":"http:\/\/www.robertosedda.it\/index.php?rest_route=\/wp\/v2\/posts\/2512"}],"collection":[{"href":"http:\/\/www.robertosedda.it\/index.php?rest_route=\/wp\/v2\/posts"}],"about":[{"href":"http:\/\/www.robertosedda.it\/index.php?rest_route=\/wp\/v2\/types\/post"}],"author":[{"embeddable":true,"href":"http:\/\/www.robertosedda.it\/index.php?rest_route=\/wp\/v2\/users\/1"}],"replies":[{"embeddable":true,"href":"http:\/\/www.robertosedda.it\/index.php?rest_route=%2Fwp%2Fv2%2Fcomments&post=2512"}],"version-history":[{"count":4,"href":"http:\/\/www.robertosedda.it\/index.php?rest_route=\/wp\/v2\/posts\/2512\/revisions"}],"predecessor-version":[{"id":6269,"href":"http:\/\/www.robertosedda.it\/index.php?rest_route=\/wp\/v2\/posts\/2512\/revisions\/6269"}],"wp:attachment":[{"href":"http:\/\/www.robertosedda.it\/index.php?rest_route=%2Fwp%2Fv2%2Fmedia&parent=2512"}],"wp:term":[{"taxonomy":"category","embeddable":true,"href":"http:\/\/www.robertosedda.it\/index.php?rest_route=%2Fwp%2Fv2%2Fcategories&post=2512"},{"taxonomy":"post_tag","embeddable":true,"href":"http:\/\/www.robertosedda.it\/index.php?rest_route=%2Fwp%2Fv2%2Ftags&post=2512"}],"curies":[{"name":"wp","href":"https:\/\/api.w.org\/{rel}","templated":true}]}}