{"id":2505,"date":"2013-03-09T18:54:09","date_gmt":"2013-03-09T17:54:09","guid":{"rendered":"http:\/\/www.robertosedda.it\/?p=2505"},"modified":"2014-02-08T12:34:15","modified_gmt":"2014-02-08T11:34:15","slug":"la-fantasy-religiosa-di-cui-non-ho-parlato","status":"publish","type":"post","link":"http:\/\/www.robertosedda.it\/?p=2505","title":{"rendered":"La fantasy religiosa&#8230; di cui non ho parlato"},"content":{"rendered":"<h2><em>Il leone, la strega e l&#8217;armadio<\/em> (C.S. Lewis, 1950)<\/h2>\n<p>Immagino che chi ha seguito, qui o alla radio, il ciclo delle puntate di <em>Oggi parliamo di libri<\/em> dedicato al fantasy\/fantascienza si sia reso conto, arrivati a questo punto, che non presento tanto i libri che mi piacciono di pi\u00f9, quanto quelli che, presi tutti insieme, contribuiscono a definire il genere, a far capire agli ascoltatori abituali della radio, che suppongo abbastanza digiuni in materia, di che cosa si tratti e magari a invogliarli alla lettura: e perci\u00f2 presento libri abbastanza diversi fra loro cercando cos\u00ec di venire incontro a pi\u00f9 gusti differenti.<\/p>\n<p>Sotto questo punto di vista non avrei dedicato una puntata alle avventure ambientate a\u00a0 Narnia da C.S. Lewis, considerandole da un punto di vista di scrittura troppo simili a <a title=\"Quel che ho detto de Lo Hobbit\" href=\"http:\/\/www.robertosedda.it\/?p=1598\"><em>Lo Hobbit<\/em><\/a>, se non avessi trovato utile affrontare il tema della <em>fantasy<\/em> di ispirazione religiosa.<\/p>\n<div class=\"jetpack-video-wrapper\"><span class=\"embed-youtube\" style=\"text-align:center; display: block;\"><iframe class=\"youtube-player\" width=\"800\" height=\"450\" src=\"https:\/\/www.youtube.com\/embed\/dPSKx929u-4?version=3&#038;rel=1&#038;showsearch=0&#038;showinfo=1&#038;iv_load_policy=1&#038;fs=1&#038;hl=it-IT&#038;autohide=2&#038;wmode=transparent\" allowfullscreen=\"true\" style=\"border:0;\" sandbox=\"allow-scripts allow-same-origin allow-popups allow-presentation\"><\/iframe><\/span><\/div>\n<p>Il problema \u00e8 che, mentre credo che si sia capito il tipo di motivazione culturale che animava gli <a title=\"Gli Inklings\" href=\"http:\/\/www.robertosedda.it\/?p=532\"><em>Inklings<\/em><\/a> in generale e Tolkien e Lewis in particolare, non ho approfondito il tema, allargando lo sguardo agli altri autori <em>fantasy<\/em> che hanno scritto con preoccupazioni religiose, e che sono tanti.<\/p>\n<p>Per una volta non \u00e8 dipeso dal fatto che il tempo fosse troppo scarso: piuttosto \u00e8 successo che quando mi sono scritto la scaletta della puntata, per strano che possa sembrare, me ne sono completamente dimenticato! In qualche modo Lewis ha finito per occupare tutto il mio orizzonte e&#8230; addio.<\/p>\n<p>Eppure proprio preparando la puntata avevo fatto la riflessione che il genere ha un numero troppo grande di autori mossi da preoccupazioni religiose per considerarlo un caso. Non penso tanto alle boiate scritte da Ron Hubbard (e, <em>hmmmm<\/em>, <a href=\"http:\/\/www.warlandia.it\/blog\/index.php\/2011\/05\/fantasy-e-religione-ancora-licia-troisi\/\">vedo che anche la Troisi \u00e8 accreditata di una preoccupazione religiosa nella saga delle guerre del Mondo Emerso<\/a>) quanto a tutto quel filone neopagano che, intrecciandosi con la <em>fantasy<\/em> femminista, va da Patricia Kennealy a Marion Zimmer Bradley (e che si trova, magari di maniera, in autori insospettabili come Bernard Cornwell). E poi naturalmente c&#8217;\u00e8 la posizione esplicitamente anti-cristiana (o antireligiosa <em>tout court<\/em>?) di Philip Pullman. Sarebbe stato interessante fare una puntata in cui confrontare l&#8217;impostazione di tutti questi autori: sfortunatamente \u00e8 una cosa che va oltre le mie capacit\u00e0, e forse \u00e8 proprio per questo che inconsciamente ho fatto finta di dimentcarmente e ho parlato solo di Lewis e di Narnia (<em>ehm<\/em>): ma se qualcuno ne vuole discutere qui sotto nei commenti ne sarei molto contento.<\/p>\n<p>Durante la puntata abbiamo usato <em>Thick as a brick<\/em> dei <em>Jethro Tull<\/em>, che vi propongo qui sotto in una bella versione dal vivo.<\/p>\n<div class=\"jetpack-video-wrapper\"><span class=\"embed-youtube\" style=\"text-align:center; display: block;\"><iframe class=\"youtube-player\" width=\"800\" height=\"450\" src=\"https:\/\/www.youtube.com\/embed\/3CPqcZGLsmU?version=3&#038;rel=1&#038;showsearch=0&#038;showinfo=1&#038;iv_load_policy=1&#038;fs=1&#038;hl=it-IT&#038;autohide=2&#038;wmode=transparent\" allowfullscreen=\"true\" style=\"border:0;\" sandbox=\"allow-scripts allow-same-origin allow-popups allow-presentation\"><\/iframe><\/span><\/div>\n","protected":false},"excerpt":{"rendered":"<p>Il leone, la strega e l&#8217;armadio (C.S. Lewis, 1950) Immagino che chi ha seguito, qui o alla radio, il ciclo<\/p>\n","protected":false},"author":1,"featured_media":0,"comment_status":"open","ping_status":"open","sticky":false,"template":"","format":"video","meta":{"_mi_skip_tracking":false,"_monsterinsights_sitenote_active":false,"_monsterinsights_sitenote_note":"","_monsterinsights_sitenote_category":0,"jetpack_post_was_ever_published":false,"_jetpack_newsletter_access":"","jetpack_publicize_message":"","jetpack_is_tweetstorm":false,"jetpack_publicize_feature_enabled":true,"jetpack_social_post_already_shared":false,"jetpack_social_options":{"image_generator_settings":{"template":"highway","enabled":false}}},"categories":[52,63,56,13,12],"tags":[],"jetpack_publicize_connections":[],"jetpack_featured_media_url":"","jetpack_sharing_enabled":true,"jetpack_shortlink":"https:\/\/wp.me\/p4jV2T-Ep","jetpack_likes_enabled":true,"jetpack-related-posts":[{"id":2512,"url":"http:\/\/www.robertosedda.it\/?p=2512","url_meta":{"origin":2505,"position":0},"title":"La storia infinita a &#8220;Oggi parliamo di libri&#8221;","author":"Rufus","date":"10\/03\/2013","format":"video","excerpt":"Ho pubblicato oggi la puntata di Oggi parliamo di libri dedicata a La storia infinita. Questa era la puntata del 21 febbraio, quindi ho quasi smaltito l'arretrato: presto sar\u00f2 in grado di pubblicare le puntate volta per volta (e voi non sarete pi\u00f9 subissati di post con le registrazioni). Sono\u2026","rel":"","context":"In &quot;Coordinate&quot;","block_context":{"text":"Coordinate","link":"http:\/\/www.robertosedda.it\/?cat=52"},"img":{"alt_text":"","src":"https:\/\/i0.wp.com\/img.youtube.com\/vi\/JBrr-FbFUew\/0.jpg?resize=350%2C200","width":350,"height":200},"classes":[]},{"id":1551,"url":"http:\/\/www.robertosedda.it\/?p=1551","url_meta":{"origin":2505,"position":1},"title":"Radio Days","author":"Rufus","date":"04\/12\/2012","format":false,"excerpt":"Su gentile invito di don Giulio Madeddu e sotto l'ala protettiva e amichevole di Andrea Pala, dal 6 dicembre conduco (la parola, lo ammetto, mi fa impressione) una trasmissione radio, in cui parlo di libri fantasy e fantascientifici (per una prima serie di una dozzina di puntate:\u00a0in futuro parler\u00f2 anche\u2026","rel":"","context":"In &quot;Coordinate&quot;","block_context":{"text":"Coordinate","link":"http:\/\/www.robertosedda.it\/?cat=52"},"img":{"alt_text":"","src":"https:\/\/i0.wp.com\/www.robertosedda.it\/wp-content\/uploads\/2012\/12\/197882_4997567705416_1682811050_n.jpg?fit=750%2C865&resize=350%2C200","width":350,"height":200,"srcset":"https:\/\/i0.wp.com\/www.robertosedda.it\/wp-content\/uploads\/2012\/12\/197882_4997567705416_1682811050_n.jpg?fit=750%2C865&resize=350%2C200 1x, https:\/\/i0.wp.com\/www.robertosedda.it\/wp-content\/uploads\/2012\/12\/197882_4997567705416_1682811050_n.jpg?fit=750%2C865&resize=700%2C400 2x"},"classes":[]},{"id":2564,"url":"http:\/\/www.robertosedda.it\/?p=2564","url_meta":{"origin":2505,"position":2},"title":"A favore di Twilight","author":"Rufus","date":"15\/03\/2013","format":"video","excerpt":"L'ultima puntata andata in onda di Oggi parliamo di libri era dedicata a Twilight di Stephanie Meyer (e insieme all'urban fantasy\/paranormal romantic) e si propopneva di spezzare vigorosamente una lancia a favore di un libro spesso criticato. Per molti aspetti \u00e8 stata una puntata del tutto opposta a quella del\u2026","rel":"","context":"In &quot;Coordinate&quot;","block_context":{"text":"Coordinate","link":"http:\/\/www.robertosedda.it\/?cat=52"},"img":{"alt_text":"","src":"https:\/\/i0.wp.com\/www.robertosedda.it\/wp-content\/uploads\/2012\/07\/28.jpg?fit=809%2C1200&resize=350%2C200","width":350,"height":200,"srcset":"https:\/\/i0.wp.com\/www.robertosedda.it\/wp-content\/uploads\/2012\/07\/28.jpg?fit=809%2C1200&resize=350%2C200 1x, https:\/\/i0.wp.com\/www.robertosedda.it\/wp-content\/uploads\/2012\/07\/28.jpg?fit=809%2C1200&resize=700%2C400 2x"},"classes":[]},{"id":2465,"url":"http:\/\/www.robertosedda.it\/?p=2465","url_meta":{"origin":2505,"position":3},"title":"Fahrenheit 451 a &#8220;Oggi parliamo di libri&#8221;","author":"Rufus","date":"06\/03\/2013","format":"video","excerpt":"Ho messo in linea la puntata dedicata a Fahrenheit 451 di Ray Bradbury. Non va bene farsi i compimenti da soli, ma trovo che sia stata una puntata equilibrata e priva di errori, e sono abbastanza soddisfatto. Per quelli che non hanno voglia di ascoltare tutta la puntata ribadisco comunque\u2026","rel":"","context":"In &quot;Coordinate&quot;","block_context":{"text":"Coordinate","link":"http:\/\/www.robertosedda.it\/?cat=52"},"img":{"alt_text":"","src":"https:\/\/i0.wp.com\/img.youtube.com\/vi\/-n2ej5KtVJ0\/0.jpg?resize=350%2C200","width":350,"height":200},"classes":[]},{"id":2398,"url":"http:\/\/www.robertosedda.it\/?p=2398","url_meta":{"origin":2505,"position":4},"title":"La mano sinistra delle tenebre","author":"Rufus","date":"01\/03\/2013","format":"video","excerpt":"Ho messo in linea una nuova puntata di Oggi parliamo di libri, quella dedicata a La mano sinistra delle tenebre di Ursula K. LeGuin. Riascoltando la puntata mi accorgo, come gi\u00e0 subito dopo la trasmissione, che ho fatto un bel po' di pasticci terminologici, in una occasione in cui scegliere\u2026","rel":"","context":"In &quot;Coordinate&quot;","block_context":{"text":"Coordinate","link":"http:\/\/www.robertosedda.it\/?cat=52"},"img":{"alt_text":"","src":"https:\/\/i0.wp.com\/www.robertosedda.it\/wp-content\/uploads\/2013\/03\/WeirdTales-Feb36-205x300.jpg?resize=350%2C200","width":350,"height":200},"classes":[]},{"id":2493,"url":"http:\/\/www.robertosedda.it\/?p=2493","url_meta":{"origin":2505,"position":5},"title":"Nessundove a &#8220;Oggi parliamo di libri&#8221;","author":"Rufus","date":"08\/03\/2013","format":"video","excerpt":"Nessundove di Neil Gaiman \u00e8 stato oggetto della decima puntata di Oggi parliamo di libri (ai primi di febbraio, ma l'ho\u00a0messa in linea oggi). Devo dire che sono abbastanza soddisfatto, pur con la specificazione che tutte queste ultime puntate sul fantasy le ho fatte con un sentimento a met\u00e0 fra\u2026","rel":"","context":"In &quot;Coordinate&quot;","block_context":{"text":"Coordinate","link":"http:\/\/www.robertosedda.it\/?cat=52"},"img":{"alt_text":"","src":"https:\/\/i0.wp.com\/www.robertosedda.it\/wp-content\/uploads\/2013\/03\/Nessundove.jpg?fit=782%2C1200&resize=350%2C200","width":350,"height":200,"srcset":"https:\/\/i0.wp.com\/www.robertosedda.it\/wp-content\/uploads\/2013\/03\/Nessundove.jpg?fit=782%2C1200&resize=350%2C200 1x, https:\/\/i0.wp.com\/www.robertosedda.it\/wp-content\/uploads\/2013\/03\/Nessundove.jpg?fit=782%2C1200&resize=700%2C400 2x"},"classes":[]}],"_links":{"self":[{"href":"http:\/\/www.robertosedda.it\/index.php?rest_route=\/wp\/v2\/posts\/2505"}],"collection":[{"href":"http:\/\/www.robertosedda.it\/index.php?rest_route=\/wp\/v2\/posts"}],"about":[{"href":"http:\/\/www.robertosedda.it\/index.php?rest_route=\/wp\/v2\/types\/post"}],"author":[{"embeddable":true,"href":"http:\/\/www.robertosedda.it\/index.php?rest_route=\/wp\/v2\/users\/1"}],"replies":[{"embeddable":true,"href":"http:\/\/www.robertosedda.it\/index.php?rest_route=%2Fwp%2Fv2%2Fcomments&post=2505"}],"version-history":[{"count":6,"href":"http:\/\/www.robertosedda.it\/index.php?rest_route=\/wp\/v2\/posts\/2505\/revisions"}],"predecessor-version":[{"id":20294,"href":"http:\/\/www.robertosedda.it\/index.php?rest_route=\/wp\/v2\/posts\/2505\/revisions\/20294"}],"wp:attachment":[{"href":"http:\/\/www.robertosedda.it\/index.php?rest_route=%2Fwp%2Fv2%2Fmedia&parent=2505"}],"wp:term":[{"taxonomy":"category","embeddable":true,"href":"http:\/\/www.robertosedda.it\/index.php?rest_route=%2Fwp%2Fv2%2Fcategories&post=2505"},{"taxonomy":"post_tag","embeddable":true,"href":"http:\/\/www.robertosedda.it\/index.php?rest_route=%2Fwp%2Fv2%2Ftags&post=2505"}],"curies":[{"name":"wp","href":"https:\/\/api.w.org\/{rel}","templated":true}]}}