{"id":2493,"date":"2013-03-08T13:11:29","date_gmt":"2013-03-08T12:11:29","guid":{"rendered":"http:\/\/www.robertosedda.it\/?p=2493"},"modified":"2023-03-28T11:22:22","modified_gmt":"2023-03-28T09:22:22","slug":"nessundove-a-oggi-parliamo-di-libri","status":"publish","type":"post","link":"http:\/\/www.robertosedda.it\/?p=2493","title":{"rendered":"Nessundove a &#8220;Oggi parliamo di libri&#8221;"},"content":{"rendered":"<p><em>Nessundove<\/em> di Neil Gaiman \u00e8 stato oggetto della decima puntata di <em>Oggi parliamo di libri <\/em>(ai primi di febbraio, ma l&#8217;ho&nbsp;messa in linea oggi).<\/p>\n<p>Devo dire che sono abbastanza soddisfatto, pur con la specificazione che tutte queste ultime puntate sul <em>fantasy<\/em> le ho fatte con un sentimento a met\u00e0 fra lo sconcerto e l&#8217;irritazione: perch\u00e9 rispetto al piano di lavoro che mi ero fatto le condizioni terribili del mercato editoriale in Italia mi hanno costretto a una serie di rinunce faticose: niente Turtledove, niente Leiber, niente Vance, per dire i primi che vengono in mente, perch\u00e9 tutti fuori catalogo &#8211;&nbsp;e il progetto della trasmissione \u00e8 quello di indurre alla lettura, non di fare critica letteraria.<\/p>\n<p>Intendiamoci: avrei&nbsp;fatto comunque una puntata su Gaiman, ma forse non avrei scelto <em>Nessundove<\/em> ma direttamente <em>American gods. <\/em>Invece<em> <\/em>la rinuncia a Turtledove mi ha obbligato a cercare altre soluzioni per presentare il tema dell&#8217;ucronia,&nbsp;a cui tenevo, e alla fine <em>Nessundove<\/em>, sebbene tirato per i capelli, era la soluzione pi\u00f9 percorribile.<\/p>\n<p>Come al solito non spetta a me dirlo, ma sono abbastanza soddisfatto della puntata, fermo restando che, probabilmente per qualche forma di contrappasso, il tema dell&#8217;ucronia \u00e8 svanito dietro le quinte, nella solita concitazione della puntata.<\/p>\n<p>L&#8217;altro elemento che riascoltando mi lascia perplesso \u00e8 il fatto che sembra che io abbia qualche riserva su <em>American gods<\/em>. Le ho? Onestamente non saprei come rispondere: sicuramente ci sono pi\u00f9 idee e suggestioni nel capolavoro di Gaiman che in met\u00e0 del <em>fantasy<\/em> pubblicato nello stesso decennio; contemporaneamente penso che nell&#8217;ansia di raccontare la storia Gaiman abbia saltato il passaggio della revisione finale: secondo me qualche pagina si poteva togliere e qualche filo narrativo si poteva annodare un po&#8217; meglio. Ma insomma: parliamo di Gaiman, quindi il silenzio reverenziale \u00e8 d&#8217;obbligo.<\/p>\n<p>Una piccola nota: non ho parlato del Marchese di Carab\u00e0s, l&#8217;invenzione narrativa migliore di <em>Nessundove<\/em>, nonostante nei miei appunti ci fosse (giuro!). Scherzi della mancanza di tempo, direi. Pazienza: chiss\u00e0 se il Marchese mi perdoner\u00e0 o se me lo trover\u00f2 ai piedi del letto una di queste notti?<\/p>\n<div class=\"jetpack-video-wrapper\"><span class=\"embed-youtube\" style=\"text-align:center; display: block;\"><iframe class=\"youtube-player\" width=\"800\" height=\"450\" src=\"https:\/\/www.youtube.com\/embed\/bFv1pGvyuQg?version=3&#038;rel=1&#038;showsearch=0&#038;showinfo=1&#038;iv_load_policy=1&#038;fs=1&#038;hl=it-IT&#038;autohide=2&#038;wmode=transparent\" allowfullscreen=\"true\" style=\"border:0;\" sandbox=\"allow-scripts allow-same-origin allow-popups allow-presentation\"><\/iframe><\/span><\/div>\n<h3>Commento musicale<\/h3>\n<p>Il brano che \u00e8 andato in onda, <em>Invisible touch <\/em>dei <em>Genesis<\/em>, non \u00e8 quello che pensavo di utilizzare, poi una confusione (mia) sulla selezione degli <em>album<\/em> ha indotto l&#8217;ottimo Fabio Figus a un&#8217;altra scelta &#8211;&nbsp;e in realt\u00e0 dal punto di vista del significato <em>Invisible touch<\/em> \u00e8 probabilmente pi\u00f9 adatta, mentre <em>Selling England by the pound<\/em> (cio\u00e8 pi\u00f9 esattamente <em>Dancing with the moonlit knight<\/em>) aveva quell&#8217;atmosfera a un tempo <em>british<\/em> e lievemente disturbata che era la sensazione che avevo in testa preparando la puntata.<\/p>\n<p>Qui per non sbagliare vi propongo sia il brano utilizzato che quello scelto originariamente: ditemi voi quale avreste usato.<\/p>\n<div class=\"jetpack-video-wrapper\"><span class=\"embed-youtube\" style=\"text-align:center; display: block;\"><iframe class=\"youtube-player\" width=\"800\" height=\"450\" src=\"https:\/\/www.youtube.com\/embed\/pN60DR5GQpg?version=3&#038;rel=1&#038;showsearch=0&#038;showinfo=1&#038;iv_load_policy=1&#038;fs=1&#038;hl=it-IT&#038;autohide=2&#038;wmode=transparent\" allowfullscreen=\"true\" style=\"border:0;\" sandbox=\"allow-scripts allow-same-origin allow-popups allow-presentation\"><\/iframe><\/span><\/div>\n<div class=\"jetpack-video-wrapper\"><span class=\"embed-youtube\" style=\"text-align:center; display: block;\"><iframe class=\"youtube-player\" width=\"800\" height=\"450\" src=\"https:\/\/www.youtube.com\/embed\/r0Spl1cOf-o?version=3&#038;rel=1&#038;showsearch=0&#038;showinfo=1&#038;iv_load_policy=1&#038;fs=1&#038;hl=it-IT&#038;autohide=2&#038;wmode=transparent\" allowfullscreen=\"true\" style=\"border:0;\" sandbox=\"allow-scripts allow-same-origin allow-popups allow-presentation\"><\/iframe><\/span><\/div>\n","protected":false},"excerpt":{"rendered":"<p>Nessundove di Neil Gaiman \u00e8 stato oggetto della decima puntata di Oggi parliamo di libri (ai primi di febbraio, ma<\/p>\n","protected":false},"author":1,"featured_media":19244,"comment_status":"open","ping_status":"open","sticky":false,"template":"","format":"video","meta":{"_mi_skip_tracking":false,"_monsterinsights_sitenote_active":false,"_monsterinsights_sitenote_note":"","_monsterinsights_sitenote_category":0,"jetpack_post_was_ever_published":false,"_jetpack_newsletter_access":"","jetpack_publicize_message":"","jetpack_is_tweetstorm":false,"jetpack_publicize_feature_enabled":true,"jetpack_social_post_already_shared":false,"jetpack_social_options":{"image_generator_settings":{"template":"highway","enabled":false}}},"categories":[52,63,56,13,12],"tags":[],"jetpack_publicize_connections":[],"jetpack_featured_media_url":"https:\/\/i0.wp.com\/www.robertosedda.it\/wp-content\/uploads\/2013\/03\/Nessundove.jpg?fit=1000%2C1535","jetpack_sharing_enabled":true,"jetpack_shortlink":"https:\/\/wp.me\/p4jV2T-Ed","jetpack_likes_enabled":true,"jetpack-related-posts":[{"id":2853,"url":"http:\/\/www.robertosedda.it\/?p=2853","url_meta":{"origin":2493,"position":0},"title":"Una puntata conclusiva","author":"Rufus","date":"12\/04\/2013","format":"video","excerpt":"Ho messo oggi on line la puntata di Oggi parliamo di libri che concludeva il ciclo dedicatato a fantasy e fantascienza. Durante\u00a0le trasmissioni\u00a0ho presentato, nell'ordine: Lo Hobbit, L'eternauta, Il gioco di Ender, il ciclo di Conan il Barbaro, il ciclo di Harry Potter, La mano sinistra delle tenebre, i libri\u2026","rel":"","context":"In &quot;Coordinate&quot;","block_context":{"text":"Coordinate","link":"http:\/\/www.robertosedda.it\/?cat=52"},"img":{"alt_text":"","src":"https:\/\/i0.wp.com\/www.robertosedda.it\/wp-content\/uploads\/2013\/04\/Fine-fantasy.jpg?fit=1009%2C691&resize=350%2C200","width":350,"height":200,"srcset":"https:\/\/i0.wp.com\/www.robertosedda.it\/wp-content\/uploads\/2013\/04\/Fine-fantasy.jpg?fit=1009%2C691&resize=350%2C200 1x, https:\/\/i0.wp.com\/www.robertosedda.it\/wp-content\/uploads\/2013\/04\/Fine-fantasy.jpg?fit=1009%2C691&resize=700%2C400 2x"},"classes":[]},{"id":2564,"url":"http:\/\/www.robertosedda.it\/?p=2564","url_meta":{"origin":2493,"position":1},"title":"A favore di Twilight","author":"Rufus","date":"15\/03\/2013","format":"video","excerpt":"L'ultima puntata andata in onda di Oggi parliamo di libri era dedicata a Twilight di Stephanie Meyer (e insieme all'urban fantasy\/paranormal romantic) e si propopneva di spezzare vigorosamente una lancia a favore di un libro spesso criticato. Per molti aspetti \u00e8 stata una puntata del tutto opposta a quella del\u2026","rel":"","context":"In &quot;Coordinate&quot;","block_context":{"text":"Coordinate","link":"http:\/\/www.robertosedda.it\/?cat=52"},"img":{"alt_text":"","src":"https:\/\/i0.wp.com\/www.robertosedda.it\/wp-content\/uploads\/2012\/07\/28.jpg?fit=809%2C1200&resize=350%2C200","width":350,"height":200,"srcset":"https:\/\/i0.wp.com\/www.robertosedda.it\/wp-content\/uploads\/2012\/07\/28.jpg?fit=809%2C1200&resize=350%2C200 1x, https:\/\/i0.wp.com\/www.robertosedda.it\/wp-content\/uploads\/2012\/07\/28.jpg?fit=809%2C1200&resize=700%2C400 2x"},"classes":[]},{"id":2512,"url":"http:\/\/www.robertosedda.it\/?p=2512","url_meta":{"origin":2493,"position":2},"title":"La storia infinita a &#8220;Oggi parliamo di libri&#8221;","author":"Rufus","date":"10\/03\/2013","format":"video","excerpt":"Ho pubblicato oggi la puntata di Oggi parliamo di libri dedicata a La storia infinita. Questa era la puntata del 21 febbraio, quindi ho quasi smaltito l'arretrato: presto sar\u00f2 in grado di pubblicare le puntate volta per volta (e voi non sarete pi\u00f9 subissati di post con le registrazioni). Sono\u2026","rel":"","context":"In &quot;Coordinate&quot;","block_context":{"text":"Coordinate","link":"http:\/\/www.robertosedda.it\/?cat=52"},"img":{"alt_text":"","src":"https:\/\/i0.wp.com\/img.youtube.com\/vi\/JBrr-FbFUew\/0.jpg?resize=350%2C200","width":350,"height":200},"classes":[]},{"id":2209,"url":"http:\/\/www.robertosedda.it\/?p=2209","url_meta":{"origin":2493,"position":3},"title":"La puntata su Harry Potter","author":"Rufus","date":"12\/02\/2013","format":false,"excerpt":"Ho caricato oggi la puntata di Oggi parliamo di libri dedicata ad Harry Potter (andata in onda il 3 gennaio 2013)\u00a0. Non sono io quello pi\u00f9 in grado, ovviamente, di valutare la qualit\u00e0 della puntata, per\u00f2 devo dire che mi sono molto divertito a farla (una della volte che mi\u2026","rel":"","context":"In &quot;Coordinate&quot;","block_context":{"text":"Coordinate","link":"http:\/\/www.robertosedda.it\/?cat=52"},"img":{"alt_text":"","src":"https:\/\/i0.wp.com\/www.robertosedda.it\/wp-content\/uploads\/2018\/03\/Harry-Potter.jpg?fit=1200%2C824&resize=350%2C200","width":350,"height":200,"srcset":"https:\/\/i0.wp.com\/www.robertosedda.it\/wp-content\/uploads\/2018\/03\/Harry-Potter.jpg?fit=1200%2C824&resize=350%2C200 1x, https:\/\/i0.wp.com\/www.robertosedda.it\/wp-content\/uploads\/2018\/03\/Harry-Potter.jpg?fit=1200%2C824&resize=700%2C400 2x, https:\/\/i0.wp.com\/www.robertosedda.it\/wp-content\/uploads\/2018\/03\/Harry-Potter.jpg?fit=1200%2C824&resize=1050%2C600 3x"},"classes":[]},{"id":2398,"url":"http:\/\/www.robertosedda.it\/?p=2398","url_meta":{"origin":2493,"position":4},"title":"La mano sinistra delle tenebre","author":"Rufus","date":"01\/03\/2013","format":"video","excerpt":"Ho messo in linea una nuova puntata di Oggi parliamo di libri, quella dedicata a La mano sinistra delle tenebre di Ursula K. LeGuin. Riascoltando la puntata mi accorgo, come gi\u00e0 subito dopo la trasmissione, che ho fatto un bel po' di pasticci terminologici, in una occasione in cui scegliere\u2026","rel":"","context":"In &quot;Coordinate&quot;","block_context":{"text":"Coordinate","link":"http:\/\/www.robertosedda.it\/?cat=52"},"img":{"alt_text":"","src":"https:\/\/i0.wp.com\/www.robertosedda.it\/wp-content\/uploads\/2013\/03\/WeirdTales-Feb36-205x300.jpg?resize=350%2C200","width":350,"height":200},"classes":[]},{"id":12472,"url":"http:\/\/www.robertosedda.it\/?p=12472","url_meta":{"origin":2493,"position":5},"title":"Cos\u00ec fin\u00ec Oggi parliamo di libri","author":"Rufus","date":"06\/09\/2016","format":false,"excerpt":"Trovate qui sotto l'ultima puntata della stagione 2015\/2016 di\u00a0Oggi parliamo di libri, dedicata a\u00a0Liol\u00e0\u00a0di Pirandello: si tratta anche dell'ultima puntata in generale della trasmissione, perch\u00e9 per l'anno prossimo mi piacerebbe molto che venisse accettata la mia proposta di parlare di giochi\u00a0(se si parte si parte ad ottobre, ma mi pare\u2026","rel":"","context":"In &quot;Coordinate&quot;","block_context":{"text":"Coordinate","link":"http:\/\/www.robertosedda.it\/?cat=52"},"img":{"alt_text":"","src":"https:\/\/i0.wp.com\/www.robertosedda.it\/wp-content\/uploads\/2016\/09\/Oggi-parliamo-di-libri-1.jpg?fit=480%2C360&resize=350%2C200","width":350,"height":200},"classes":[]}],"_links":{"self":[{"href":"http:\/\/www.robertosedda.it\/index.php?rest_route=\/wp\/v2\/posts\/2493"}],"collection":[{"href":"http:\/\/www.robertosedda.it\/index.php?rest_route=\/wp\/v2\/posts"}],"about":[{"href":"http:\/\/www.robertosedda.it\/index.php?rest_route=\/wp\/v2\/types\/post"}],"author":[{"embeddable":true,"href":"http:\/\/www.robertosedda.it\/index.php?rest_route=\/wp\/v2\/users\/1"}],"replies":[{"embeddable":true,"href":"http:\/\/www.robertosedda.it\/index.php?rest_route=%2Fwp%2Fv2%2Fcomments&post=2493"}],"version-history":[{"count":6,"href":"http:\/\/www.robertosedda.it\/index.php?rest_route=\/wp\/v2\/posts\/2493\/revisions"}],"predecessor-version":[{"id":19246,"href":"http:\/\/www.robertosedda.it\/index.php?rest_route=\/wp\/v2\/posts\/2493\/revisions\/19246"}],"wp:featuredmedia":[{"embeddable":true,"href":"http:\/\/www.robertosedda.it\/index.php?rest_route=\/wp\/v2\/media\/19244"}],"wp:attachment":[{"href":"http:\/\/www.robertosedda.it\/index.php?rest_route=%2Fwp%2Fv2%2Fmedia&parent=2493"}],"wp:term":[{"taxonomy":"category","embeddable":true,"href":"http:\/\/www.robertosedda.it\/index.php?rest_route=%2Fwp%2Fv2%2Fcategories&post=2493"},{"taxonomy":"post_tag","embeddable":true,"href":"http:\/\/www.robertosedda.it\/index.php?rest_route=%2Fwp%2Fv2%2Ftags&post=2493"}],"curies":[{"name":"wp","href":"https:\/\/api.w.org\/{rel}","templated":true}]}}