{"id":248,"date":"2012-08-21T16:06:48","date_gmt":"2012-08-21T14:06:48","guid":{"rendered":"http:\/\/www.robertosedda.it\/?p=248"},"modified":"2014-09-16T18:20:51","modified_gmt":"2014-09-16T16:20:51","slug":"compendio-della-dottrina-sociale-della-chiesa","status":"publish","type":"post","link":"http:\/\/www.robertosedda.it\/?p=248","title":{"rendered":"Compendio della Dottrina Sociale della Chiesa"},"content":{"rendered":"<p><a href=\"https:\/\/i0.wp.com\/www.robertosedda.it\/wp-content\/uploads\/2012\/08\/compendio-dottrina-sociale-della-chiesa-cattolica.jpg\"><img data-attachment-id=\"135\" data-permalink=\"http:\/\/www.robertosedda.it\/?attachment_id=135\" data-orig-file=\"https:\/\/i0.wp.com\/www.robertosedda.it\/wp-content\/uploads\/2012\/08\/compendio-dottrina-sociale-della-chiesa-cattolica.jpg?fit=446%2C600\" data-orig-size=\"446,600\" data-comments-opened=\"1\" data-image-meta=\"{&quot;aperture&quot;:&quot;0&quot;,&quot;credit&quot;:&quot;&quot;,&quot;camera&quot;:&quot;&quot;,&quot;caption&quot;:&quot;&quot;,&quot;created_timestamp&quot;:&quot;0&quot;,&quot;copyright&quot;:&quot;&quot;,&quot;focal_length&quot;:&quot;0&quot;,&quot;iso&quot;:&quot;0&quot;,&quot;shutter_speed&quot;:&quot;0&quot;,&quot;title&quot;:&quot;&quot;}\" data-image-title=\"compendio dottrina sociale della chiesa cattolica\" data-image-description=\"\" data-image-caption=\"\" data-medium-file=\"https:\/\/i0.wp.com\/www.robertosedda.it\/wp-content\/uploads\/2012\/08\/compendio-dottrina-sociale-della-chiesa-cattolica.jpg?fit=223%2C300\" data-large-file=\"https:\/\/i0.wp.com\/www.robertosedda.it\/wp-content\/uploads\/2012\/08\/compendio-dottrina-sociale-della-chiesa-cattolica.jpg?fit=446%2C600\" decoding=\"async\" loading=\"lazy\" class=\"size-medium wp-image-135 alignleft\" title=\"compendio dottrina sociale della chiesa cattolica\" src=\"https:\/\/i0.wp.com\/www.robertosedda.it\/wp-content\/uploads\/2012\/08\/compendio-dottrina-sociale-della-chiesa-cattolica.jpg?resize=223%2C300\" alt=\"\" width=\"223\" height=\"300\" srcset=\"https:\/\/i0.wp.com\/www.robertosedda.it\/wp-content\/uploads\/2012\/08\/compendio-dottrina-sociale-della-chiesa-cattolica.jpg?resize=223%2C300 223w, https:\/\/i0.wp.com\/www.robertosedda.it\/wp-content\/uploads\/2012\/08\/compendio-dottrina-sociale-della-chiesa-cattolica.jpg?w=446 446w\" sizes=\"(max-width: 223px) 100vw, 223px\" data-recalc-dims=\"1\" \/><\/a>Un compendio ha sempre valore per la possibilit\u00e0 di avere comodamente a portata di mano, in un unico volume, dati e materiale relativo a diversi argomenti; in questo caso oltretutto molte delle fonti sono sparse e non sempre di agibile consultazione (anche considerando la possibilit\u00e0 di utilizzare il database di <a href=\"http:\/\/www.vatican.va\"><em>www.vatican.va<\/em><\/a>). Sotto questo punto di vista in questo <em>Compendio della Dottrina Sociale della Chiesa<\/em> \u00e8 stato fatto un utile lavoro (che deve essere stato anche molto complesso) ed \u00e8 stato creato uno strumento quasi indispensabile per chi bazzica questi temi.<\/p>\n<p>\u00c8 per\u00f2 necessaria un&#8217;avvertenza: in maniera analoga alla esposizione delle fede cattolica fatta dal <em>Catechismo Universale<\/em>, il <em>Compendio<\/em> sistematicamente favorisce la uniformit\u00e0 di esposizione limitando per\u00f2 la freschezza e la vivacit\u00e0 dei testi originali; non \u00e8 solo una questione linguistica: nella moderazione del linguaggio si nasconde anche una moderazione delle posizioni, nella scelta di una sintesi mediana di idee espresse in momenti diversi della storia si nasconde uno smussare le dimensioni pi\u00f9 innovative, che finisce per annacquare molta della originalit\u00e0 e radicalit\u00e0 delle posizioni pi\u00f9 forti espresse via via dal Concilio e dal magistero di Paolo VI e Giovanni Paolo II, a favore di uno schierarsi molto pi\u00f9 accondiscendente nei confronti del modello politico, economico e sociale dominante.<\/p>\n<p>Il buon cattolico far\u00e0 quindi bene a utilizzare il <em>Compendio<\/em> come un utile strumento, ma a non chiedergli ci\u00f2 che non pu\u00f2 dare e perci\u00f2 a formare la propria coscienza altrove ;).<\/p>\n","protected":false},"excerpt":{"rendered":"<p>Un compendio ha sempre valore per la possibilit\u00e0 di avere comodamente a portata di mano, in un unico volume, dati<\/p>\n","protected":false},"author":1,"featured_media":135,"comment_status":"open","ping_status":"open","sticky":false,"template":"","format":"standard","meta":{"_mi_skip_tracking":false,"_monsterinsights_sitenote_active":false,"_monsterinsights_sitenote_note":"","_monsterinsights_sitenote_category":0,"jetpack_post_was_ever_published":false,"_jetpack_newsletter_access":"","jetpack_publicize_message":"","jetpack_is_tweetstorm":false,"jetpack_publicize_feature_enabled":true,"jetpack_social_post_already_shared":false,"jetpack_social_options":{"image_generator_settings":{"template":"highway","enabled":false}}},"categories":[52,73,54,13,12],"tags":[],"jetpack_publicize_connections":[],"jetpack_featured_media_url":"https:\/\/i0.wp.com\/www.robertosedda.it\/wp-content\/uploads\/2012\/08\/compendio-dottrina-sociale-della-chiesa-cattolica.jpg?fit=446%2C600","jetpack_sharing_enabled":true,"jetpack_shortlink":"https:\/\/wp.me\/p4jV2T-40","jetpack_likes_enabled":true,"jetpack-related-posts":[{"id":132,"url":"http:\/\/www.robertosedda.it\/?p=132","url_meta":{"origin":248,"position":0},"title":"Sul capitolo VII del Compendio della Dottrina Sociale della Chiesa","author":"Rufus","date":"20\/08\/2012","format":false,"excerpt":"Nel mio intervento vorrei brevemente indicare una \u201cattenzione di lettura\u201d, cio\u00e8 suggerire un modo con cui affrontare la lettura di questo capitolo, e poi dire quali sono secondo me i due temi portanti che emergono con maggiore forza dal testo. Chiuderei, se ce la faccio, con una citazione che ho\u2026","rel":"","context":"In &quot;Coordinate&quot;","block_context":{"text":"Coordinate","link":"http:\/\/www.robertosedda.it\/?cat=52"},"img":{"alt_text":"","src":"https:\/\/i0.wp.com\/www.robertosedda.it\/wp-content\/uploads\/2012\/08\/compendio-dottrina-sociale-della-chiesa-cattolica.jpg?fit=446%2C600&resize=350%2C200","width":350,"height":200},"classes":[]},{"id":4917,"url":"http:\/\/www.robertosedda.it\/?p=4917","url_meta":{"origin":248,"position":1},"title":"Due parole su Halloween","author":"Rufus","date":"31\/10\/2013","format":false,"excerpt":"\u00c8 mia ferma convinzione che uno degli elementi pi\u00f9 caratteristici del caos che viviamo sia rappresentato dagli strani compagni di letto che ci scegliamo. No, non intendo quelli. Voglio dire cose come queste: gente di sinistra che vota Oscar Giannino. O voleva votarlo, prima della famosa storia della laurea. Non\u2026","rel":"","context":"In &quot;Coordinate&quot;","block_context":{"text":"Coordinate","link":"http:\/\/www.robertosedda.it\/?cat=52"},"img":{"alt_text":"","src":"https:\/\/i0.wp.com\/www.robertosedda.it\/wp-content\/uploads\/2013\/10\/1053_07.gif?fit=458%2C235&resize=350%2C200","width":350,"height":200},"classes":[]},{"id":12893,"url":"http:\/\/www.robertosedda.it\/?p=12893","url_meta":{"origin":248,"position":2},"title":"C&#8217;\u00e8 un gallo verde sul campanile","author":"Rufus","date":"25\/11\/2016","format":false,"excerpt":"Ieri ero a un incontro di Fedi e finanza: a Verona, ospiti della Chiesa ortodossa rumena nella nuova bellissima chiesa vicino alla stazione, un'esperienza divertente - anche per la presenza, in contemporanea, di centinaia di sacerdoti ortodossi di tutto il nord Italia - della quale magari parler\u00f2 un'altra volta. Nell'occasione\u2026","rel":"","context":"In &quot;Coordinate&quot;","block_context":{"text":"Coordinate","link":"http:\/\/www.robertosedda.it\/?cat=52"},"img":{"alt_text":"","src":"https:\/\/i0.wp.com\/www.robertosedda.it\/wp-content\/uploads\/2016\/11\/20161124_1442411.jpg?fit=1200%2C720&resize=350%2C200","width":350,"height":200,"srcset":"https:\/\/i0.wp.com\/www.robertosedda.it\/wp-content\/uploads\/2016\/11\/20161124_1442411.jpg?fit=1200%2C720&resize=350%2C200 1x, https:\/\/i0.wp.com\/www.robertosedda.it\/wp-content\/uploads\/2016\/11\/20161124_1442411.jpg?fit=1200%2C720&resize=700%2C400 2x, https:\/\/i0.wp.com\/www.robertosedda.it\/wp-content\/uploads\/2016\/11\/20161124_1442411.jpg?fit=1200%2C720&resize=1050%2C600 3x"},"classes":[]},{"id":8776,"url":"http:\/\/www.robertosedda.it\/?p=8776","url_meta":{"origin":248,"position":3},"title":"Quel che ho detto al Convegno pastorale regionale","author":"Rufus","date":"28\/10\/2014","format":false,"excerpt":"Non ho molti commenti da fare sul Convegno pastorale regionale al quale ho partecipato sabato insieme col gruppo \"La Pira\" praticamente al completo e a un paio di centinaia di altri giunti da (quasi) tutte le diocesi della Sardegna (a questo indirizzo trovate le registrazioni di buona parte delle relazioni\u2026","rel":"","context":"In &quot;Coordinate&quot;","block_context":{"text":"Coordinate","link":"http:\/\/www.robertosedda.it\/?cat=52"},"img":{"alt_text":"","src":"https:\/\/i0.wp.com\/www.robertosedda.it\/wp-content\/uploads\/2014\/10\/cropped-testata-sito.jpg?fit=980%2C320&resize=350%2C200","width":350,"height":200,"srcset":"https:\/\/i0.wp.com\/www.robertosedda.it\/wp-content\/uploads\/2014\/10\/cropped-testata-sito.jpg?fit=980%2C320&resize=350%2C200 1x, https:\/\/i0.wp.com\/www.robertosedda.it\/wp-content\/uploads\/2014\/10\/cropped-testata-sito.jpg?fit=980%2C320&resize=700%2C400 2x"},"classes":[]},{"id":12092,"url":"http:\/\/www.robertosedda.it\/?p=12092","url_meta":{"origin":248,"position":4},"title":"Avercelo, il tempo","author":"Rufus","date":"09\/06\/2016","format":false,"excerpt":"Seguendo una segnalazione del mio amico Vincenzo Palla ho letto oggi un commento su\u00a0Facebook senz'altro notevole (il discorso riguardava un'omelia di don Massimiliano Pusceddu che sta facendo il giro dell'internet\u00a0e a cui mi sembra inutile procurare\u00a0accessi): \u00ab\u00c8 un\u00a0fake\u00bb,\u00a0\u00e8 stato il mio primo pensiero. \u00abBei tempi quando c'era l'Inquisizione\u00bb, \u00e8 stato,\u2026","rel":"","context":"In &quot;Coordinate&quot;","block_context":{"text":"Coordinate","link":"http:\/\/www.robertosedda.it\/?cat=52"},"img":{"alt_text":"","src":"https:\/\/i0.wp.com\/www.robertosedda.it\/wp-content\/uploads\/2016\/06\/zara.jpg?fit=495%2C496&resize=350%2C200","width":350,"height":200},"classes":[]},{"id":16589,"url":"http:\/\/www.robertosedda.it\/?p=16589","url_meta":{"origin":248,"position":5},"title":"Orgoglio e pregiudizio","author":"Rufus","date":"18\/04\/2019","format":false,"excerpt":"Contrariamente a quel che potete pensare questo articolo non parler\u00e0 del libro di Jane Austen o di caparbie eroine inglesi e di nobiluomini dal temperamento focoso. Parler\u00e0 invece di testi evangelici, di teologia, di tedeschi algidi e di principi della Chiesa piuttosto sviati. Ho letto infatti l'altro giorno il testo\u2026","rel":"","context":"In &quot;Coordinate&quot;","block_context":{"text":"Coordinate","link":"http:\/\/www.robertosedda.it\/?cat=52"},"img":{"alt_text":"","src":"https:\/\/i0.wp.com\/www.robertosedda.it\/wp-content\/uploads\/2019\/04\/Ratzinger-3.jpg?fit=750%2C505&resize=350%2C200","width":350,"height":200,"srcset":"https:\/\/i0.wp.com\/www.robertosedda.it\/wp-content\/uploads\/2019\/04\/Ratzinger-3.jpg?fit=750%2C505&resize=350%2C200 1x, https:\/\/i0.wp.com\/www.robertosedda.it\/wp-content\/uploads\/2019\/04\/Ratzinger-3.jpg?fit=750%2C505&resize=700%2C400 2x"},"classes":[]}],"_links":{"self":[{"href":"http:\/\/www.robertosedda.it\/index.php?rest_route=\/wp\/v2\/posts\/248"}],"collection":[{"href":"http:\/\/www.robertosedda.it\/index.php?rest_route=\/wp\/v2\/posts"}],"about":[{"href":"http:\/\/www.robertosedda.it\/index.php?rest_route=\/wp\/v2\/types\/post"}],"author":[{"embeddable":true,"href":"http:\/\/www.robertosedda.it\/index.php?rest_route=\/wp\/v2\/users\/1"}],"replies":[{"embeddable":true,"href":"http:\/\/www.robertosedda.it\/index.php?rest_route=%2Fwp%2Fv2%2Fcomments&post=248"}],"version-history":[{"count":8,"href":"http:\/\/www.robertosedda.it\/index.php?rest_route=\/wp\/v2\/posts\/248\/revisions"}],"predecessor-version":[{"id":7579,"href":"http:\/\/www.robertosedda.it\/index.php?rest_route=\/wp\/v2\/posts\/248\/revisions\/7579"}],"wp:featuredmedia":[{"embeddable":true,"href":"http:\/\/www.robertosedda.it\/index.php?rest_route=\/wp\/v2\/media\/135"}],"wp:attachment":[{"href":"http:\/\/www.robertosedda.it\/index.php?rest_route=%2Fwp%2Fv2%2Fmedia&parent=248"}],"wp:term":[{"taxonomy":"category","embeddable":true,"href":"http:\/\/www.robertosedda.it\/index.php?rest_route=%2Fwp%2Fv2%2Fcategories&post=248"},{"taxonomy":"post_tag","embeddable":true,"href":"http:\/\/www.robertosedda.it\/index.php?rest_route=%2Fwp%2Fv2%2Ftags&post=248"}],"curies":[{"name":"wp","href":"https:\/\/api.w.org\/{rel}","templated":true}]}}