{"id":2471,"date":"2013-03-07T12:05:28","date_gmt":"2013-03-07T11:05:28","guid":{"rendered":"http:\/\/www.robertosedda.it\/?p=2471"},"modified":"2023-03-08T12:30:48","modified_gmt":"2023-03-08T11:30:48","slug":"gangster-squad","status":"publish","type":"post","link":"http:\/\/www.robertosedda.it\/?p=2471","title":{"rendered":"Gangster squad"},"content":{"rendered":"<p>Il giorno dopo aver visto<em> Gangster squad<\/em> ho fatto una prova con i <em>Fabbricastorie<\/em>: ho iniziato a raccontargli la storia e mi sono fermato al primo snodo importante. Ho chiesto secondo loro come proseguiva. Avuta la risposta (esatta) mi sono fermato al secondo snodo, con lo stesso tipo di domanda. Poi al terzo. Da l\u00ec in poi non ho avuto neanche bisogno di proseguire: mi hanno raccontato <em>loro<\/em> il film, senza averlo visto.<\/p>\n<p>Dice: <em>vabbe&#8217;, ma \u00e8 un film di<\/em> genere<em>!<\/em><\/p>\n<p>Si, per\u00f2 c&#8217;\u00e8 un limite a tutto. <em>Gangster squad<\/em> \u00e8 un <em>remake<\/em> non dichiarato di <em>Gli intoccabili<\/em>: una squadra speciale viene assemblata per incastrare un <em>boss<\/em> del crimine organizzato apparentemente intoccabile. Cambia il fondale (Los Angeles al posto di Chicago) e l&#8217;epoca (gli anni &#8217;50 al posto degli anni &#8217;20) ma il resto \u00e8 identico, con l&#8217;abituale sequenza di costituzione della squadra, inizi disastrosi, ascesa e caduta e redenzione con regolamento di conti finale. E Sean Penn\u00a0tenta di fare Mickey Cohen allo stesso modo di come De Niro faceva\u00a0Capone, sopra le righe (e sbaglia clamorosamente: doveva farlo come faceva il <em>gangster<\/em>\u00a0di <em>Mystic River<\/em>, l\u00ec\u00a0<em>davvero<\/em> era indimenticabile).<\/p>\n<p>Ha senso fare un film di questo tipo? Ma certo: dall&#8217;epoca del capolavoro di De Palma \u00e8 cambiato il cinema, il linguaggio, il mondo, non \u00e8 questo il problema. Il fatto \u00e8 che <em>Gangster squad<\/em> non ha mai un guizzo, un attimo di personalit\u00e0, un tocco individuale, e, nonostante il contributo di Gosling e Stapleton e, in misura minore, di Emma Stone, lievemente fuori parte, il film non decolla e non emoziona praticamente mai.<\/p>\n<p>Persa la possibilit\u00e0 di concorrere per la categoria &#8220;filmone&#8221;, <em>Gangster squad<\/em> non riesce nemmeno a qualificarsi per quella &#8220;solido film di mestiere&#8221;, perch\u00e9 per questo ha troppe sbavature,\u00a0abbondanza di buchi logici, un Brolin al cui confronto il volto di Clint\u00a0Eastwood \u00e8 un concentrato di mobilit\u00e0 espressiva e una sceneggiatura (di Will Beall, autore di <a href=\"http:\/\/www.robertosedda.it\/?p=939\"><em>Castle<\/em><\/a>)\u00a0<em>veramente<\/em> insufficiente, che sceglie di essere banale anche quando sarebbero disponibili soluzioni s\u00ec convenzionali ma almeno meno telefonate &#8211; il che condanna il film al girone infernale\u00a0&#8220;occasioni sprecate&#8221;.<\/p>\n<p>Considerato che mi pare una produzione di un certo peso, affidata alla stessa gente che ha fatto <em>Sherlock Holmes<\/em>, mi chiedo per quali misteri del sottobosco delle <em>major<\/em> succeda che un film che ha un <em>cast<\/em> di qualit\u00e0 e un evidente impegno economico venga affidato a un regista da <em>videoclip<\/em> come Fleischer e a uno sceneggiatore che non ha mai troppo frequentato questo genere. Misteri di Hollywood.<\/p>\n<p>Cos\u00ec come \u00e8 un mistero come in un ambiente produttivo da cui \u00e8 uscito <em>L.A. Confidential<\/em> e in cui hanno lavorato o lavorano sceneggiatori come Ellroy, Chandler, Hammett o Winslow un film possa terminare con la frase: \u00abE cos\u00ec fu che a Los Angeles non mise pi\u00f9 piede la criminalit\u00e0 organizzata\u00bb. <em>Seee,<\/em> come no.<\/p>\n<div class=\"jetpack-video-wrapper\"><span class=\"embed-youtube\" style=\"text-align:center; display: block;\"><iframe loading=\"lazy\" class=\"youtube-player\" width=\"800\" height=\"450\" src=\"https:\/\/www.youtube.com\/embed\/EhgYXBJwAXI?version=3&#038;rel=1&#038;showsearch=0&#038;showinfo=1&#038;iv_load_policy=1&#038;fs=1&#038;hl=it-IT&#038;autohide=2&#038;wmode=transparent\" allowfullscreen=\"true\" style=\"border:0;\" sandbox=\"allow-scripts allow-same-origin allow-popups allow-presentation\"><\/iframe><\/span><\/div>\n","protected":false},"excerpt":{"rendered":"<p>Il giorno dopo aver visto Gangster squad ho fatto una prova con i Fabbricastorie: ho iniziato a raccontargli la storia<\/p>\n","protected":false},"author":1,"featured_media":19992,"comment_status":"open","ping_status":"open","sticky":false,"template":"","format":"video","meta":{"_mi_skip_tracking":false,"_monsterinsights_sitenote_active":false,"_monsterinsights_sitenote_note":"","_monsterinsights_sitenote_category":0,"jetpack_post_was_ever_published":false,"_jetpack_newsletter_access":"","jetpack_publicize_message":"","jetpack_is_tweetstorm":false,"jetpack_publicize_feature_enabled":true,"jetpack_social_post_already_shared":false,"jetpack_social_options":{"image_generator_settings":{"template":"highway","enabled":false}}},"categories":[52,14,56,68,12],"tags":[],"jetpack_publicize_connections":[],"jetpack_featured_media_url":"https:\/\/i0.wp.com\/www.robertosedda.it\/wp-content\/uploads\/2013\/03\/Gangster-squad.jpg?fit=315%2C445","jetpack_sharing_enabled":true,"jetpack_shortlink":"https:\/\/wp.me\/p4jV2T-DR","jetpack_likes_enabled":true,"jetpack-related-posts":[{"id":7575,"url":"http:\/\/www.robertosedda.it\/?p=7575","url_meta":{"origin":2471,"position":0},"title":"Molto divertente. Divertente?!","author":"Rufus","date":"03\/06\/2014","format":"video","excerpt":"Come gli amici sanno, Maria Bonaria ha un livello di sopportazione della violenza cinematografica piuttosto basso, cosa che esclude una serie di film dalla visione familiare comune. Io, invece, sono in attesa dell'esito di un po' di esami (quasi tutti di routine, peraltro), quindi come al solito in totale paranoia\u2026","rel":"","context":"In &quot;Coordinate&quot;","block_context":{"text":"Coordinate","link":"http:\/\/www.robertosedda.it\/?cat=52"},"img":{"alt_text":"","src":"https:\/\/i0.wp.com\/www.robertosedda.it\/wp-content\/uploads\/2014\/06\/kraftidioten-in-ordine-di-sparizione.jpg?fit=480%2C360&resize=350%2C200","width":350,"height":200},"classes":[]},{"id":14669,"url":"http:\/\/www.robertosedda.it\/?p=14669","url_meta":{"origin":2471,"position":1},"title":"Povera donna","author":"Rufus","date":"12\/02\/2018","format":false,"excerpt":"Non so se ricordate Nikita Kl\u00e6strup, la giovane attivista politica danese di cui ho parlato un paio di anni fa. Questa. Seguo Nikita su Instagram dall'epoca dell'articolo, anche se raramente la vedo comparire nel mio feed. Questa volta l'ho vista e ho realizzato che il dubbio dell'articolo originale - se\u2026","rel":"","context":"In &quot;Coordinate&quot;","block_context":{"text":"Coordinate","link":"http:\/\/www.robertosedda.it\/?cat=52"},"img":{"alt_text":"","src":"https:\/\/i0.wp.com\/www.robertosedda.it\/wp-content\/uploads\/2018\/02\/Nilita-Klaestrup.png?fit=937%2C451&resize=350%2C200","width":350,"height":200,"srcset":"https:\/\/i0.wp.com\/www.robertosedda.it\/wp-content\/uploads\/2018\/02\/Nilita-Klaestrup.png?fit=937%2C451&resize=350%2C200 1x, https:\/\/i0.wp.com\/www.robertosedda.it\/wp-content\/uploads\/2018\/02\/Nilita-Klaestrup.png?fit=937%2C451&resize=700%2C400 2x"},"classes":[]},{"id":14308,"url":"http:\/\/www.robertosedda.it\/?p=14308","url_meta":{"origin":2471,"position":2},"title":"Pace &#8211; lavoro &#8211; sviluppo","author":"Rufus","date":"20\/11\/2017","format":false,"excerpt":"Il 3 dicembre prossimo a Iglesias si terr\u00e0 un convegno importantissimo. Se date un'occhiata sono sicuro che lo penserete anche voi. E no, non \u00e8 importane perch\u00e9 ci sono anche io, ma nemmeno perch\u00e9 ci sono fior di relatori di grande valore: \u00e8 importante perch\u00e9 \u00e8 uno sforzo cosciente per\u2026","rel":"","context":"In &quot;Coordinate&quot;","block_context":{"text":"Coordinate","link":"http:\/\/www.robertosedda.it\/?cat=52"},"img":{"alt_text":"","src":"https:\/\/i0.wp.com\/www.robertosedda.it\/wp-content\/uploads\/2017\/11\/Locandina_evento-3-dicembre_DEF2-001.jpg?fit=848%2C1200&resize=350%2C200","width":350,"height":200,"srcset":"https:\/\/i0.wp.com\/www.robertosedda.it\/wp-content\/uploads\/2017\/11\/Locandina_evento-3-dicembre_DEF2-001.jpg?fit=848%2C1200&resize=350%2C200 1x, https:\/\/i0.wp.com\/www.robertosedda.it\/wp-content\/uploads\/2017\/11\/Locandina_evento-3-dicembre_DEF2-001.jpg?fit=848%2C1200&resize=700%2C400 2x"},"classes":[]},{"id":11423,"url":"http:\/\/www.robertosedda.it\/?p=11423","url_meta":{"origin":2471,"position":3},"title":"Macbeth in slow motion","author":"Rufus","date":"22\/01\/2016","format":"video","excerpt":"Lo so che parlo spesso di Shakespeare, ultimamente: \u00e8 una coincidenza, abbiate pazienza. Quel bisogno di stupire Ho visto la settimana scorsa il\u00a0Macbeth di Justin Kurzel. Mettere in scena Shakespeare, soprattutto al cinema, \u00e8 un po' come fare il regista dell'opera lirica: anche solo per distinguersi \u00e8 necessario interpretare,\u00a0quindi gli\u2026","rel":"","context":"In &quot;Coordinate&quot;","block_context":{"text":"Coordinate","link":"http:\/\/www.robertosedda.it\/?cat=52"},"img":{"alt_text":"","src":"https:\/\/i0.wp.com\/www.robertosedda.it\/wp-content\/uploads\/2016\/01\/Macbeth-Kurzel.jpg?fit=1200%2C675&resize=350%2C200","width":350,"height":200,"srcset":"https:\/\/i0.wp.com\/www.robertosedda.it\/wp-content\/uploads\/2016\/01\/Macbeth-Kurzel.jpg?fit=1200%2C675&resize=350%2C200 1x, https:\/\/i0.wp.com\/www.robertosedda.it\/wp-content\/uploads\/2016\/01\/Macbeth-Kurzel.jpg?fit=1200%2C675&resize=700%2C400 2x, https:\/\/i0.wp.com\/www.robertosedda.it\/wp-content\/uploads\/2016\/01\/Macbeth-Kurzel.jpg?fit=1200%2C675&resize=1050%2C600 3x"},"classes":[]},{"id":15533,"url":"http:\/\/www.robertosedda.it\/?p=15533","url_meta":{"origin":2471,"position":4},"title":"Carico di vita notturna","author":"Rufus","date":"31\/07\/2018","format":false,"excerpt":"L'altra sera io e Bonaria siamo andati a passeggiare e poi a mangiarci una pizza veloce. Tornando siamo passati da piazza Repubblica, per prenderci un autobus. Erano pi\u00f9 o meno le dieci e all'angolo della piazza con via Grazia Deledda c'era una ragazza con un trolley piccolissimo e un cellulare\u2026","rel":"","context":"In &quot;Coordinate&quot;","block_context":{"text":"Coordinate","link":"http:\/\/www.robertosedda.it\/?cat=52"},"img":{"alt_text":"","src":"https:\/\/i0.wp.com\/www.robertosedda.it\/wp-content\/uploads\/2018\/07\/NIght-bus.jpg?fit=640%2C394&resize=350%2C200","width":350,"height":200},"classes":[]},{"id":2294,"url":"http:\/\/www.robertosedda.it\/?p=2294","url_meta":{"origin":2471,"position":5},"title":"Io non voto (storia triste)","author":"Rufus","date":"21\/02\/2013","format":false,"excerpt":"L'altro giorno ero alla fermata dell'autobus. Seduti sulla panchina, due signori anziani discutevano. Cio\u00e8: uno parlava, l'altro ascoltava. In sardo, ma ve lo traduco (anche perch\u00e9 non sono sicuro dell'ortografia). \u00abIo non voto. Tutti ladroni, devo votare a loro? Ladroni. Mia moglie \u00e8 morta un anno fa\u00bb. Effettivamente non colgo\u2026","rel":"","context":"In &quot;Coordinate&quot;","block_context":{"text":"Coordinate","link":"http:\/\/www.robertosedda.it\/?cat=52"},"img":{"alt_text":"","src":"","width":0,"height":0},"classes":[]}],"_links":{"self":[{"href":"http:\/\/www.robertosedda.it\/index.php?rest_route=\/wp\/v2\/posts\/2471"}],"collection":[{"href":"http:\/\/www.robertosedda.it\/index.php?rest_route=\/wp\/v2\/posts"}],"about":[{"href":"http:\/\/www.robertosedda.it\/index.php?rest_route=\/wp\/v2\/types\/post"}],"author":[{"embeddable":true,"href":"http:\/\/www.robertosedda.it\/index.php?rest_route=\/wp\/v2\/users\/1"}],"replies":[{"embeddable":true,"href":"http:\/\/www.robertosedda.it\/index.php?rest_route=%2Fwp%2Fv2%2Fcomments&post=2471"}],"version-history":[{"count":9,"href":"http:\/\/www.robertosedda.it\/index.php?rest_route=\/wp\/v2\/posts\/2471\/revisions"}],"predecessor-version":[{"id":19998,"href":"http:\/\/www.robertosedda.it\/index.php?rest_route=\/wp\/v2\/posts\/2471\/revisions\/19998"}],"wp:featuredmedia":[{"embeddable":true,"href":"http:\/\/www.robertosedda.it\/index.php?rest_route=\/wp\/v2\/media\/19992"}],"wp:attachment":[{"href":"http:\/\/www.robertosedda.it\/index.php?rest_route=%2Fwp%2Fv2%2Fmedia&parent=2471"}],"wp:term":[{"taxonomy":"category","embeddable":true,"href":"http:\/\/www.robertosedda.it\/index.php?rest_route=%2Fwp%2Fv2%2Fcategories&post=2471"},{"taxonomy":"post_tag","embeddable":true,"href":"http:\/\/www.robertosedda.it\/index.php?rest_route=%2Fwp%2Fv2%2Ftags&post=2471"}],"curies":[{"name":"wp","href":"https:\/\/api.w.org\/{rel}","templated":true}]}}