{"id":2419,"date":"2013-03-04T16:16:09","date_gmt":"2013-03-04T15:16:09","guid":{"rendered":"http:\/\/www.robertosedda.it\/?p=2419"},"modified":"2022-03-07T11:29:29","modified_gmt":"2022-03-07T10:29:29","slug":"terry-pratchett-a-oggi-parliamo-di-libri","status":"publish","type":"post","link":"http:\/\/www.robertosedda.it\/?p=2419","title":{"rendered":"Terry Pratchett a &#8220;Oggi parliamo di libri&#8221;"},"content":{"rendered":"<p><a href=\"https:\/\/i0.wp.com\/www.robertosedda.it\/wp-content\/uploads\/2013\/03\/481089_144686695690062_2138806306_n.jpg\"><img data-attachment-id=\"2431\" data-permalink=\"http:\/\/www.robertosedda.it\/?attachment_id=2431\" data-orig-file=\"https:\/\/i0.wp.com\/www.robertosedda.it\/wp-content\/uploads\/2013\/03\/481089_144686695690062_2138806306_n.jpg?fit=327%2C500\" data-orig-size=\"327,500\" data-comments-opened=\"1\" data-image-meta=\"{&quot;aperture&quot;:&quot;0&quot;,&quot;credit&quot;:&quot;&quot;,&quot;camera&quot;:&quot;&quot;,&quot;caption&quot;:&quot;&quot;,&quot;created_timestamp&quot;:&quot;0&quot;,&quot;copyright&quot;:&quot;&quot;,&quot;focal_length&quot;:&quot;0&quot;,&quot;iso&quot;:&quot;0&quot;,&quot;shutter_speed&quot;:&quot;0&quot;,&quot;title&quot;:&quot;&quot;}\" data-image-title=\"481089_144686695690062_2138806306_n\" data-image-description=\"\" data-image-caption=\"\" data-medium-file=\"https:\/\/i0.wp.com\/www.robertosedda.it\/wp-content\/uploads\/2013\/03\/481089_144686695690062_2138806306_n.jpg?fit=196%2C300\" data-large-file=\"https:\/\/i0.wp.com\/www.robertosedda.it\/wp-content\/uploads\/2013\/03\/481089_144686695690062_2138806306_n.jpg?fit=327%2C500\" decoding=\"async\" loading=\"lazy\" class=\"alignleft size-medium wp-image-2431\" src=\"https:\/\/i0.wp.com\/www.robertosedda.it\/wp-content\/uploads\/2013\/03\/481089_144686695690062_2138806306_n.jpg?resize=196%2C300\" alt=\"481089_144686695690062_2138806306_n\" width=\"196\" height=\"300\" srcset=\"https:\/\/i0.wp.com\/www.robertosedda.it\/wp-content\/uploads\/2013\/03\/481089_144686695690062_2138806306_n.jpg?resize=196%2C300 196w, https:\/\/i0.wp.com\/www.robertosedda.it\/wp-content\/uploads\/2013\/03\/481089_144686695690062_2138806306_n.jpg?w=327 327w\" sizes=\"(max-width: 196px) 100vw, 196px\" data-recalc-dims=\"1\" \/><\/a>Ho messo oggi in linea la puntata di <em>Oggi parliamo di libri<\/em> dedicata a Terry Pratchett.<\/p>\n<h2>Questioni di peso<\/h2>\n<p>Mi ha fatto notare proprio ieri il mio amico Andrea Assorgia che spesso nelle puntate la parte introduttiva ha troppo peso rispetto alla discussione vera e propria del libro. \u00c8 di solito vero, e dipende dalla mia ormai conclamata incapacit\u00e0 di gestire i tempi della puntata, per cui arrivo sempre &#8220;lungo&#8221; e alla fine devo recuperare di gran fretta tutto quello che\u00a0non ho detto.<\/p>\n<p>In realt\u00e0 l&#8217;osservazione di Andrea si riferiva alla <a title=\"La mano sinistra delle tenebre\" href=\"http:\/\/www.robertosedda.it\/?p=2398\">puntata su<\/a> <em>La mano sinistra delle tenebre<\/em> in cui oltre che parlare del libro mi premeva spiegare il meccanismo della nascita della fantascienza femminista, che trovo una sottosezione del genere molto importante in cui si sono espresse grandissimi autrici come la LeGuin, la Cherry o la stessa Marion Zimmer Bradley, un caso cio\u00e8 in cui la cosa \u00e8\u00a0scusabile.<\/p>\n<p>Per\u00f2 la critica rimane vera in generale e viene alla mente, con meno scuse che io possa avanzare,\u00a0anche riascoltando la puntata dedicata a Pratchett, dove oltretutto pago forse il fatto che ho avuto qualche incertezza se fare del centro della puntata l&#8217;opera di Pratchett in generale o <em>A me le guardie!!<\/em> in particolare.<\/p>\n<div class=\"jetpack-video-wrapper\"><span class=\"embed-youtube\" style=\"text-align:center; display: block;\"><iframe class=\"youtube-player\" width=\"800\" height=\"450\" src=\"https:\/\/www.youtube.com\/embed\/ZjWYxQ7SN7U?version=3&#038;rel=1&#038;showsearch=0&#038;showinfo=1&#038;iv_load_policy=1&#038;fs=1&#038;hl=it-IT&#038;autohide=2&#038;wmode=transparent\" allowfullscreen=\"true\" style=\"border:0;\" sandbox=\"allow-scripts allow-same-origin allow-popups allow-presentation\"><\/iframe><\/span><\/div>\n<p>Complessivamente, per\u00f2, trovo che anche in questo caso il difetto sia lieve e che la puntata sia abbastanza equilibrata. Piuttosto ho l&#8217;impressione che durante tutta la trasmissione mi sia mancata la capacit\u00e0 di <em>chiudere<\/em> per bene i punti che volevo esplicitare: li ho detti sempre <em>quasi<\/em> del tutto, ma non so, onestamente, se si capisce fino in fondo <em>tutto<\/em> quel che volevo dire.<\/p>\n<h2>Quel che volevo dire di Terry Pratchett<\/h2>\n<p><a href=\"https:\/\/i0.wp.com\/www.robertosedda.it\/wp-content\/uploads\/2013\/03\/562974_144686829023382_1123473137_n.jpg\"><img data-attachment-id=\"2435\" data-permalink=\"http:\/\/www.robertosedda.it\/?attachment_id=2435\" data-orig-file=\"https:\/\/i0.wp.com\/www.robertosedda.it\/wp-content\/uploads\/2013\/03\/562974_144686829023382_1123473137_n.jpg?fit=920%2C900\" data-orig-size=\"920,900\" data-comments-opened=\"1\" data-image-meta=\"{&quot;aperture&quot;:&quot;0&quot;,&quot;credit&quot;:&quot;&quot;,&quot;camera&quot;:&quot;&quot;,&quot;caption&quot;:&quot;&quot;,&quot;created_timestamp&quot;:&quot;0&quot;,&quot;copyright&quot;:&quot;&quot;,&quot;focal_length&quot;:&quot;0&quot;,&quot;iso&quot;:&quot;0&quot;,&quot;shutter_speed&quot;:&quot;0&quot;,&quot;title&quot;:&quot;&quot;}\" data-image-title=\"562974_144686829023382_1123473137_n\" data-image-description=\"\" data-image-caption=\"\" data-medium-file=\"https:\/\/i0.wp.com\/www.robertosedda.it\/wp-content\/uploads\/2013\/03\/562974_144686829023382_1123473137_n.jpg?fit=300%2C293\" data-large-file=\"https:\/\/i0.wp.com\/www.robertosedda.it\/wp-content\/uploads\/2013\/03\/562974_144686829023382_1123473137_n.jpg?fit=510%2C499\" decoding=\"async\" loading=\"lazy\" class=\"alignright size-medium wp-image-2435\" src=\"https:\/\/i0.wp.com\/www.robertosedda.it\/wp-content\/uploads\/2013\/03\/562974_144686829023382_1123473137_n.jpg?resize=300%2C293\" alt=\"562974_144686829023382_1123473137_n\" width=\"300\" height=\"293\" srcset=\"https:\/\/i0.wp.com\/www.robertosedda.it\/wp-content\/uploads\/2013\/03\/562974_144686829023382_1123473137_n.jpg?resize=300%2C293 300w, https:\/\/i0.wp.com\/www.robertosedda.it\/wp-content\/uploads\/2013\/03\/562974_144686829023382_1123473137_n.jpg?resize=700%2C684 700w, https:\/\/i0.wp.com\/www.robertosedda.it\/wp-content\/uploads\/2013\/03\/562974_144686829023382_1123473137_n.jpg?w=920 920w\" sizes=\"(max-width: 300px) 100vw, 300px\" data-recalc-dims=\"1\" \/><\/a>Devo confessare che la prima volta che ho letto <em>Il colore della magia<\/em> (in\u00a0italiano), non l&#8217;ho apprezzato moltissimo. Per me Pratchett \u00e8 una scoperta relativamente recente, diciamo dell&#8217;ultima decina d&#8217;anni. E anche cos\u00ec ho sempre apprezzato soprattutto la dimensione parodistica: perch\u00e9 al fondo sono un <em>geek<\/em> e un giocatore di ruolo, quindi per definizione\u00a0conosco i luoghi comuni del genere, mi interessa esplorarli &#8211; non \u00e8 per caso che durante la puntata ho citato la storiella delle sfortunate &#8220;magliette rosse&#8221; di <em>Star Trek<\/em> &#8211; e reagisco positivamente a un autore che dimostra di padroneggiarli cos\u00ec tanto da poterli\u00a0perfino sbeffeggiare, contemporaneamente rispettandoli rigorosamente.<\/p>\n<p>Pensavo a questo anche quando ho scelto il brano musicale della puntata, che era <em>I shot the Sheriff<\/em> di Bob Marley.<\/p>\n<div class=\"jetpack-video-wrapper\"><span class=\"embed-youtube\" style=\"text-align:center; display: block;\"><iframe class=\"youtube-player\" width=\"800\" height=\"450\" src=\"https:\/\/www.youtube.com\/embed\/Eyb_N-lBDT8?version=3&#038;rel=1&#038;showsearch=0&#038;showinfo=1&#038;iv_load_policy=1&#038;fs=1&#038;hl=it-IT&#038;autohide=2&#038;wmode=transparent\" allowfullscreen=\"true\" style=\"border:0;\" sandbox=\"allow-scripts allow-same-origin allow-popups allow-presentation\"><\/iframe><\/span><\/div>\n<p>E naturalmente Pratchett ha un dominio dell&#8217;invenzione linguistica che conquista: forse la prima volta che l&#8217;ho letto non capivo abbastanza l&#8217;inglese da apprezzarlo (o forse era una traduzione italiana, addirittura), ma successivamente \u00e8 stato uno degli elementi che mi hanno legato ai suoi libri.<\/p>\n<p>Poi per\u00f2 ho letto un&#8217;intervista di <a href=\"http:\/\/www.patrickrothfuss.com\/content\/index.asp\">Patrick Rothfuss<\/a>, che alla domanda sulle sue letture formative rispondeva<\/p>\n<blockquote><p>Terry Pratchett. He doesn&#8217;t get enough credit for the superbly believable world he&#8217;s created. It&#8217;s internally consistent, well constructed, and his characters behave realistically.<\/p><\/blockquote>\n<p><a href=\"https:\/\/i0.wp.com\/www.robertosedda.it\/wp-content\/uploads\/2013\/03\/531907_144686735690058_721845521_n.jpg\"><img data-attachment-id=\"2433\" data-permalink=\"http:\/\/www.robertosedda.it\/?attachment_id=2433\" data-orig-file=\"https:\/\/i0.wp.com\/www.robertosedda.it\/wp-content\/uploads\/2013\/03\/531907_144686735690058_721845521_n.jpg?fit=640%2C457\" data-orig-size=\"640,457\" data-comments-opened=\"1\" data-image-meta=\"{&quot;aperture&quot;:&quot;0&quot;,&quot;credit&quot;:&quot;&quot;,&quot;camera&quot;:&quot;&quot;,&quot;caption&quot;:&quot;&quot;,&quot;created_timestamp&quot;:&quot;0&quot;,&quot;copyright&quot;:&quot;&quot;,&quot;focal_length&quot;:&quot;0&quot;,&quot;iso&quot;:&quot;0&quot;,&quot;shutter_speed&quot;:&quot;0&quot;,&quot;title&quot;:&quot;&quot;}\" data-image-title=\"531907_144686735690058_721845521_n\" data-image-description=\"\" data-image-caption=\"\" data-medium-file=\"https:\/\/i0.wp.com\/www.robertosedda.it\/wp-content\/uploads\/2013\/03\/531907_144686735690058_721845521_n.jpg?fit=300%2C214\" data-large-file=\"https:\/\/i0.wp.com\/www.robertosedda.it\/wp-content\/uploads\/2013\/03\/531907_144686735690058_721845521_n.jpg?fit=510%2C364\" decoding=\"async\" loading=\"lazy\" class=\"alignleft size-medium wp-image-2433\" src=\"https:\/\/i0.wp.com\/www.robertosedda.it\/wp-content\/uploads\/2013\/03\/531907_144686735690058_721845521_n.jpg?resize=300%2C214\" alt=\"531907_144686735690058_721845521_n\" width=\"300\" height=\"214\" srcset=\"https:\/\/i0.wp.com\/www.robertosedda.it\/wp-content\/uploads\/2013\/03\/531907_144686735690058_721845521_n.jpg?resize=300%2C214 300w, https:\/\/i0.wp.com\/www.robertosedda.it\/wp-content\/uploads\/2013\/03\/531907_144686735690058_721845521_n.jpg?w=640 640w\" sizes=\"(max-width: 300px) 100vw, 300px\" data-recalc-dims=\"1\" \/><\/a>Mondo superbamente credibile. Internamente coerente, ben costruito. <em>Un mondo a cavallo di quattro elefanti montati su una tartaruga interstellare?!<\/em> Eppure il buon Patrick ha ragione,\u00a0e\u00a0mi sono reso conto che senza questa dimensione &#8211; e la dimensione a tutto tondo dei personaggi principali &#8211; gli altri pregi di Pratchett non basterebbero. Pratchett non \u00e8 solo pura <em>geekeria<\/em> n\u00e9 parodia e nemmeno barzellette: sono romanzi <em>veri<\/em>.<\/p>\n<p>Questa era l&#8217;idea principale che volevo trasmettere nella puntata; riascoltandomi mi pare che si, l&#8217;ho detto, ne ho discusso, ma mai del tutto, mai fino in fondo, come se mancasse sempre un soldo a fare un\u00a0quattrino (<em>oddio, mi\u00a0vengono metafore alla Bersani&#8230;<\/em>)<em>\u00a0<\/em>: sappiatemi dire quel che pare a voi,\u00a0e se invece sono stato chiaro.<\/p>\n<h2>\u00a0<em>A me le guardie!!<\/em> (<em>Guards! Guards!<\/em>, Terry Pratchett, 1989)<\/h2>\n<p>Tendo a pensare che il pubblico di<em> Oggi parliamo di libri <\/em> sia un pubblico tutto sommato digiuno di <em>fantasy<\/em>.<\/p>\n<p>\u00c8 una pura ipotesi, perch\u00e9 a parte mia madre non conosco nessuno che segua la trasmissione con costanza.<\/p>\n<p>Ora che ci penso effettivamente mi sembra difficile di questo passo\u00a0arrivare un giorno a ragazze che mi chiedano in maniera pressante di autografargli il petto come a <a title=\"Castle quinta stagione\" href=\"http:\/\/www.robertosedda.it\/?p=939\">Richard Castle<\/a>.<\/p>\n<p>Scusate, mi sono distratto.<\/p>\n<p><a href=\"https:\/\/i0.wp.com\/www.robertosedda.it\/wp-content\/uploads\/2013\/03\/535033_144686819023383_216259237_n.jpg\"><img decoding=\"async\" loading=\"lazy\" class=\"alignleft\" src=\"https:\/\/i0.wp.com\/www.robertosedda.it\/wp-content\/uploads\/2013\/03\/535033_144686819023383_216259237_n.jpg?resize=300%2C300\" alt=\"535033_144686819023383_216259237_n\" width=\"300\" height=\"300\" data-recalc-dims=\"1\" \/><\/a>Dicevo: penso che la trasmissione abbia un pubblico non di esperti ma di persone che casomai si avvicinano al genere per la prima volta. \u00c8 per questo che per avvicinarsi a Pratchett ho consigliato <em>A me le guardie!!<\/em>, che trovo, come ho detto in trasmissione, pi\u00f9 adatta come introduzione. In realt\u00e0 questa <em>non<\/em> \u00e8 la mia posizione completa: per chi ha una certa esperienza nel genere penso che sia pi\u00f9 opportuno semplicemente leggere tutti i romanzi del <em>Mondo Disco<\/em> in sequenza, cosa che permette di cogliere meglio l&#8217;evoluzione dell&#8217;autore e anche i rimandi fra le diverse serie interne. Rimango invece dell&#8217;idea che per chi non ha esperienza e cerca un nuovo tipo di letture rilassanti la serie della Guardia Cittadina di Ankh-Morpork che inizia appunto con <em>A me le guardie!! <\/em> (o quella dedicata alla Morte, iniziando perci\u00f2 con <em>Mort<\/em> &#8211;\u00a0<em>Morty l&#8217;apprendista<\/em>) sia l&#8217;approccio migliore al <em>Mondo Disco<\/em>: ma \u00e8 un&#8217;opinione sulla quale sarei curioso di sentire pareri.<\/p>\n<h2><a href=\"https:\/\/i0.wp.com\/www.robertosedda.it\/wp-content\/uploads\/2013\/03\/59782_144686859023379_2027273715_n.jpg\"><img data-attachment-id=\"2434\" data-permalink=\"http:\/\/www.robertosedda.it\/?attachment_id=2434\" data-orig-file=\"https:\/\/i0.wp.com\/www.robertosedda.it\/wp-content\/uploads\/2013\/03\/59782_144686859023379_2027273715_n.jpg?fit=637%2C960\" data-orig-size=\"637,960\" data-comments-opened=\"1\" data-image-meta=\"{&quot;aperture&quot;:&quot;0&quot;,&quot;credit&quot;:&quot;&quot;,&quot;camera&quot;:&quot;&quot;,&quot;caption&quot;:&quot;&quot;,&quot;created_timestamp&quot;:&quot;0&quot;,&quot;copyright&quot;:&quot;&quot;,&quot;focal_length&quot;:&quot;0&quot;,&quot;iso&quot;:&quot;0&quot;,&quot;shutter_speed&quot;:&quot;0&quot;,&quot;title&quot;:&quot;&quot;}\" data-image-title=\"59782_144686859023379_2027273715_n\" data-image-description=\"\" data-image-caption=\"\" data-medium-file=\"https:\/\/i0.wp.com\/www.robertosedda.it\/wp-content\/uploads\/2013\/03\/59782_144686859023379_2027273715_n.jpg?fit=199%2C300\" data-large-file=\"https:\/\/i0.wp.com\/www.robertosedda.it\/wp-content\/uploads\/2013\/03\/59782_144686859023379_2027273715_n.jpg?fit=510%2C769\" decoding=\"async\" loading=\"lazy\" class=\"alignright size-medium wp-image-2434\" src=\"https:\/\/i0.wp.com\/www.robertosedda.it\/wp-content\/uploads\/2013\/03\/59782_144686859023379_2027273715_n.jpg?resize=199%2C300\" alt=\"59782_144686859023379_2027273715_n\" width=\"199\" height=\"300\" srcset=\"https:\/\/i0.wp.com\/www.robertosedda.it\/wp-content\/uploads\/2013\/03\/59782_144686859023379_2027273715_n.jpg?resize=199%2C300 199w, https:\/\/i0.wp.com\/www.robertosedda.it\/wp-content\/uploads\/2013\/03\/59782_144686859023379_2027273715_n.jpg?w=637 637w\" sizes=\"(max-width: 199px) 100vw, 199px\" data-recalc-dims=\"1\" \/><\/a>Cose di cui non ho parlato<\/h2>\n<p>A un certo punto della trasmissione dico che, se rester\u00e0 tempo, volevo parlare anche di Pratchett come persona. Ovviamente il tempo non basta mai, quindi ho tralasciato. Volevo parlare della <a href=\"http:\/\/it.wikipedia.org\/wiki\/Terry_Pratchett#La_malattia_di_Alzheimer\">malattia<\/a>, della dignit\u00e0 e seriet\u00e0 con cui \u00a0Pratchett l&#8217;ha affrontata e del contrasto tragico con la\u00a0dimensione solare e ironica con cui siamo sempre stati abituati a pensare a Pratchett (quando ancora non avevo letto niente del <em>Mondo Disco<\/em> le cronache delle sbornie e degli scherzi\u00a0di Pratchett erano parte costante della <a title=\"Critical Assembly\" href=\"http:\/\/www.robertosedda.it\/?p=977\">rubrica di Langford su <em>White Dwarf<\/em><\/a>).<\/p>\n","protected":false},"excerpt":{"rendered":"<p>Ho messo oggi in linea la puntata di Oggi parliamo di libri dedicata a Terry Pratchett. Questioni di peso Mi<\/p>\n","protected":false},"author":1,"featured_media":2435,"comment_status":"open","ping_status":"open","sticky":false,"template":"","format":"video","meta":{"_mi_skip_tracking":false,"_monsterinsights_sitenote_active":false,"_monsterinsights_sitenote_note":"","_monsterinsights_sitenote_category":0,"jetpack_post_was_ever_published":false,"_jetpack_newsletter_access":"","jetpack_publicize_message":"","jetpack_is_tweetstorm":false,"jetpack_publicize_feature_enabled":true,"jetpack_social_post_already_shared":false,"jetpack_social_options":{"image_generator_settings":{"template":"highway","enabled":false}}},"categories":[52,63,56,13,12],"tags":[],"jetpack_publicize_connections":[],"jetpack_featured_media_url":"https:\/\/i0.wp.com\/www.robertosedda.it\/wp-content\/uploads\/2013\/03\/562974_144686829023382_1123473137_n.jpg?fit=920%2C900","jetpack_sharing_enabled":true,"jetpack_shortlink":"https:\/\/wp.me\/p4jV2T-D1","jetpack_likes_enabled":true,"jetpack-related-posts":[{"id":2853,"url":"http:\/\/www.robertosedda.it\/?p=2853","url_meta":{"origin":2419,"position":0},"title":"Una puntata conclusiva","author":"Rufus","date":"12\/04\/2013","format":"video","excerpt":"Ho messo oggi on line la puntata di Oggi parliamo di libri che concludeva il ciclo dedicatato a fantasy e fantascienza. Durante\u00a0le trasmissioni\u00a0ho presentato, nell'ordine: Lo Hobbit, L'eternauta, Il gioco di Ender, il ciclo di Conan il Barbaro, il ciclo di Harry Potter, La mano sinistra delle tenebre, i libri\u2026","rel":"","context":"In &quot;Coordinate&quot;","block_context":{"text":"Coordinate","link":"http:\/\/www.robertosedda.it\/?cat=52"},"img":{"alt_text":"","src":"https:\/\/i0.wp.com\/www.robertosedda.it\/wp-content\/uploads\/2013\/04\/Fine-fantasy.jpg?fit=1009%2C691&resize=350%2C200","width":350,"height":200,"srcset":"https:\/\/i0.wp.com\/www.robertosedda.it\/wp-content\/uploads\/2013\/04\/Fine-fantasy.jpg?fit=1009%2C691&resize=350%2C200 1x, https:\/\/i0.wp.com\/www.robertosedda.it\/wp-content\/uploads\/2013\/04\/Fine-fantasy.jpg?fit=1009%2C691&resize=700%2C400 2x"},"classes":[]},{"id":7459,"url":"http:\/\/www.robertosedda.it\/?p=7459","url_meta":{"origin":2419,"position":1},"title":"Il banchiere dei poveri a &#8220;Oggi parliamo di libri&#8221;","author":"Rufus","date":"17\/05\/2014","format":"video","excerpt":"Il 13 marzo, in piena festa della finanza etica sono andato in onda su Oggi parliamo di libri e ho aggiunto il mio piccolo contributo ai festeggiamenti presentando Il banchiere dei poveri di Muhammad Yunus, il fondatore della Grameen Bank del Bangladesh, considerato l'inventore del moderno microcredito. La puntata \u00e8\u2026","rel":"","context":"In &quot;Biografie&quot;","block_context":{"text":"Biografie","link":"http:\/\/www.robertosedda.it\/?cat=83"},"img":{"alt_text":"","src":"https:\/\/i0.wp.com\/www.robertosedda.it\/wp-content\/uploads\/2014\/05\/Finanza-per-indignati.jpg?fit=282%2C420&resize=350%2C200","width":350,"height":200},"classes":[]},{"id":2188,"url":"http:\/\/www.robertosedda.it\/?p=2188","url_meta":{"origin":2419,"position":2},"title":"Altre tre puntate di &#8220;Oggi parliamo di libri&#8221; in linea","author":"Rufus","date":"08\/02\/2013","format":"video","excerpt":"Ho aggiunto ieri su YouTube altre tre puntate di Oggi parliamo di libri. Con queste ho ultimato il gruppo delle puntate che avevo gi\u00e0 trascritto; prossimamente inizier\u00f2 a mettere quelle pi\u00f9 recenti. Seconda puntata, L'Eternauta Incursione nel mondo del fumetto, della puntata ho gi\u00e0 parlato qui. L'Eternauta mi ha dato\u2026","rel":"","context":"In &quot;Coordinate&quot;","block_context":{"text":"Coordinate","link":"http:\/\/www.robertosedda.it\/?cat=52"},"img":{"alt_text":"","src":"https:\/\/i0.wp.com\/img.youtube.com\/vi\/YEArVX5rwfw\/0.jpg?resize=350%2C200","width":350,"height":200},"classes":[]},{"id":14206,"url":"http:\/\/www.robertosedda.it\/?p=14206","url_meta":{"origin":2419,"position":3},"title":"Maestro maestro maestro","author":"Rufus","date":"11\/10\/2017","format":false,"excerpt":"Sto leggendo\u00a0Wyrd sisters, il sesto libro della sterminata produzione dedicata al\u00a0Mondo Disco da Terry Pratchett. Non sono particolarmente esperto di Pratchett: pur avendo sempre saputo di chi si trattasse, per me i suoi libri sono stati una scoperta tardiva (direi una quindicina di anni fa al massimo): ne ho letto\u2026","rel":"","context":"In &quot;Coordinate&quot;","block_context":{"text":"Coordinate","link":"http:\/\/www.robertosedda.it\/?cat=52"},"img":{"alt_text":"","src":"","width":0,"height":0},"classes":[]},{"id":1835,"url":"http:\/\/www.robertosedda.it\/?p=1835","url_meta":{"origin":2419,"position":4},"title":"Libri che ho letto nel 2012","author":"Rufus","date":"04\/01\/2013","format":false,"excerpt":"Rigorosamente nell'ordine in cui li ho conclusi. Non metto pareri: se qualcuno \u00e8 curioso, si faccia vivo nei commenti qui sotto! Omelie di Natale, del solito gruppo di autori del Centro Aletti (Rupnik, Spidl\u00eck e altri), Lipa Lyonesse, Jack Vance, ? (e-book) The Green Pearl, Jack Vance, ? (e-book) Madouc,\u2026","rel":"","context":"In &quot;Coordinate&quot;","block_context":{"text":"Coordinate","link":"http:\/\/www.robertosedda.it\/?cat=52"},"img":{"alt_text":"","src":"","width":0,"height":0},"classes":[]},{"id":12472,"url":"http:\/\/www.robertosedda.it\/?p=12472","url_meta":{"origin":2419,"position":5},"title":"Cos\u00ec fin\u00ec Oggi parliamo di libri","author":"Rufus","date":"06\/09\/2016","format":false,"excerpt":"Trovate qui sotto l'ultima puntata della stagione 2015\/2016 di\u00a0Oggi parliamo di libri, dedicata a\u00a0Liol\u00e0\u00a0di Pirandello: si tratta anche dell'ultima puntata in generale della trasmissione, perch\u00e9 per l'anno prossimo mi piacerebbe molto che venisse accettata la mia proposta di parlare di giochi\u00a0(se si parte si parte ad ottobre, ma mi pare\u2026","rel":"","context":"In &quot;Coordinate&quot;","block_context":{"text":"Coordinate","link":"http:\/\/www.robertosedda.it\/?cat=52"},"img":{"alt_text":"","src":"https:\/\/i0.wp.com\/www.robertosedda.it\/wp-content\/uploads\/2016\/09\/Oggi-parliamo-di-libri-1.jpg?fit=480%2C360&resize=350%2C200","width":350,"height":200},"classes":[]}],"_links":{"self":[{"href":"http:\/\/www.robertosedda.it\/index.php?rest_route=\/wp\/v2\/posts\/2419"}],"collection":[{"href":"http:\/\/www.robertosedda.it\/index.php?rest_route=\/wp\/v2\/posts"}],"about":[{"href":"http:\/\/www.robertosedda.it\/index.php?rest_route=\/wp\/v2\/types\/post"}],"author":[{"embeddable":true,"href":"http:\/\/www.robertosedda.it\/index.php?rest_route=\/wp\/v2\/users\/1"}],"replies":[{"embeddable":true,"href":"http:\/\/www.robertosedda.it\/index.php?rest_route=%2Fwp%2Fv2%2Fcomments&post=2419"}],"version-history":[{"count":22,"href":"http:\/\/www.robertosedda.it\/index.php?rest_route=\/wp\/v2\/posts\/2419\/revisions"}],"predecessor-version":[{"id":7532,"href":"http:\/\/www.robertosedda.it\/index.php?rest_route=\/wp\/v2\/posts\/2419\/revisions\/7532"}],"wp:featuredmedia":[{"embeddable":true,"href":"http:\/\/www.robertosedda.it\/index.php?rest_route=\/wp\/v2\/media\/2435"}],"wp:attachment":[{"href":"http:\/\/www.robertosedda.it\/index.php?rest_route=%2Fwp%2Fv2%2Fmedia&parent=2419"}],"wp:term":[{"taxonomy":"category","embeddable":true,"href":"http:\/\/www.robertosedda.it\/index.php?rest_route=%2Fwp%2Fv2%2Fcategories&post=2419"},{"taxonomy":"post_tag","embeddable":true,"href":"http:\/\/www.robertosedda.it\/index.php?rest_route=%2Fwp%2Fv2%2Ftags&post=2419"}],"curies":[{"name":"wp","href":"https:\/\/api.w.org\/{rel}","templated":true}]}}