{"id":2408,"date":"2013-03-05T19:25:36","date_gmt":"2013-03-05T18:25:36","guid":{"rendered":"http:\/\/www.robertosedda.it\/?p=2408"},"modified":"2014-03-07T13:42:00","modified_gmt":"2014-03-07T12:42:00","slug":"i-figli-del-capitano-grant","status":"publish","type":"post","link":"http:\/\/www.robertosedda.it\/?p=2408","title":{"rendered":"I figli del capitano Grant"},"content":{"rendered":"<p>In un <a title=\"Fascinazione per la macchina\" href=\"http:\/\/www.robertosedda.it\/?p=1042\">articolo di qualche mese fa<\/a> avevo raccontato di avere iniziato <em>I figli del capitano Grant<\/em> (di Jules Verne). Di solito leggo velocemente, invece in questo caso il tempo di lettura si \u00e8 rivelato straordinariamente lungo. E faticoso.<\/p>\n<p>Mi sono ripromesso nel 2013 di leggere tutto Verne. O almeno molto. O almeno quello che riesco. Ho iniziato da <em>I figli del capitano Grant<\/em> perch\u00e9 ricordavo cha da ragazzo mi era piaciuto moltissimo (sospetto fosse anche perch\u00e9 il protagonista si chiama Robert) e perch\u00e9 \u00e8 l&#8217;inizio poco noto della trilogia che prosegue coi pi\u00f9 famosi <em>Ventimila leghe sotto i mari<\/em> e <em>L&#8217;isola misteriosa<\/em>: e almeno questa trilogia voglio leggerla per bene.<\/p>\n<p>Parentesi: mi sono letto il romanzo in francese, lingua che ho studiato alle elementari (studiato \u00e8 una parola grossa, imparavamo le canzoncine: <em>Sur le pont d&#8217;Avignon<\/em>&#8230;). Volevo capire se ero in grado e Verne mi sembrava semplice dopo un altro esperimento un po&#8217; cos\u00ec con qualche pagina del <em>Conte di Montecristo<\/em>. La risposta \u00e8: <em>si, sono capace<\/em>.<\/p>\n<p>Adesso che siete tutti pi\u00f9 tranquilli e rassicurati torniamo al libro. Vi racconto un po&#8217; di cose sparse, perch\u00e9 il libro in s\u00e9 \u00e8 <em>veramente<\/em> avverso a recensioni coerenti.<\/p>\n<h2><em>Les enfants du capitaine Grant <\/em>(Jules Verne, 1868)<\/h2>\n<h3><a href=\"https:\/\/i0.wp.com\/www.robertosedda.it\/wp-content\/uploads\/2013\/03\/Bottiglia-figli-capitano-Grant.jpg\"><img data-attachment-id=\"2448\" data-permalink=\"http:\/\/www.robertosedda.it\/?attachment_id=2448\" data-orig-file=\"https:\/\/i0.wp.com\/www.robertosedda.it\/wp-content\/uploads\/2013\/03\/Bottiglia-figli-capitano-Grant.jpg?fit=800%2C470\" data-orig-size=\"800,470\" data-comments-opened=\"1\" data-image-meta=\"{&quot;aperture&quot;:&quot;0&quot;,&quot;credit&quot;:&quot;&quot;,&quot;camera&quot;:&quot;&quot;,&quot;caption&quot;:&quot;&quot;,&quot;created_timestamp&quot;:&quot;0&quot;,&quot;copyright&quot;:&quot;http:\\\/\\\/www.RenePaul.net&quot;,&quot;focal_length&quot;:&quot;0&quot;,&quot;iso&quot;:&quot;0&quot;,&quot;shutter_speed&quot;:&quot;0&quot;,&quot;title&quot;:&quot;&quot;}\" data-image-title=\"Bottiglia figli capitano Grant\" data-image-description=\"\" data-image-caption=\"\" data-medium-file=\"https:\/\/i0.wp.com\/www.robertosedda.it\/wp-content\/uploads\/2013\/03\/Bottiglia-figli-capitano-Grant.jpg?fit=300%2C176\" data-large-file=\"https:\/\/i0.wp.com\/www.robertosedda.it\/wp-content\/uploads\/2013\/03\/Bottiglia-figli-capitano-Grant.jpg?fit=510%2C300\" decoding=\"async\" loading=\"lazy\" class=\"alignright size-medium wp-image-2448\" alt=\"Bottiglia figli capitano Grant\" src=\"https:\/\/i0.wp.com\/www.robertosedda.it\/wp-content\/uploads\/2013\/03\/Bottiglia-figli-capitano-Grant.jpg?resize=300%2C176\" width=\"300\" height=\"176\" srcset=\"https:\/\/i0.wp.com\/www.robertosedda.it\/wp-content\/uploads\/2013\/03\/Bottiglia-figli-capitano-Grant.jpg?resize=300%2C176 300w, https:\/\/i0.wp.com\/www.robertosedda.it\/wp-content\/uploads\/2013\/03\/Bottiglia-figli-capitano-Grant.jpg?resize=700%2C411 700w, https:\/\/i0.wp.com\/www.robertosedda.it\/wp-content\/uploads\/2013\/03\/Bottiglia-figli-capitano-Grant.jpg?w=800 800w\" sizes=\"(max-width: 300px) 100vw, 300px\" data-recalc-dims=\"1\" \/><\/a>La trama<\/h3>\n<p>Mentre lord Glenarvan e la sua giovane sposa, lady Helena, sono impegnati in una crociera sul loro nuovissimo <em>yacht<\/em>, il <em>Duncan<\/em>, viene ritrovata nella pancia di uno squalo una bottiglia.<\/p>\n<p>Dentro la bottiglia c&#8217;\u00e8 il classico messaggio, redatto in tre fogli separati in tre lingue diverse, inglese, francese e tedesco. Il testo \u00e8 identico in ciascuno dei casi e contiene il disperato appello di un naufrago, il capitano Grant del titolo, con le indicazioni per ritrovare l&#8217;isola deserta nella quale \u00e8 sperduto. In\u00a0ciascun foglio l&#8217;acqua ha cancellato alcune parole, ma per fortuna non sono sempre le stesse e quindi <em>quasi<\/em> tutto il messaggio pu\u00f2 essere ricostruito: purtroppo per\u00f2\u00a0alcuni particolari continuano a sfuggire, fra i quali, essenziale, la longitudine (mentre la latitudine \u00e8 chiara: il 37\u00b0 parallelo).<\/p>\n<p><a href=\"https:\/\/i0.wp.com\/www.robertosedda.it\/wp-content\/uploads\/2013\/03\/capitano-grant.jpg\"><img data-attachment-id=\"2449\" data-permalink=\"http:\/\/www.robertosedda.it\/?attachment_id=2449\" data-orig-file=\"https:\/\/i0.wp.com\/www.robertosedda.it\/wp-content\/uploads\/2013\/03\/capitano-grant.jpg?fit=408%2C600\" data-orig-size=\"408,600\" data-comments-opened=\"1\" data-image-meta=\"{&quot;aperture&quot;:&quot;0&quot;,&quot;credit&quot;:&quot;&quot;,&quot;camera&quot;:&quot;&quot;,&quot;caption&quot;:&quot;&quot;,&quot;created_timestamp&quot;:&quot;0&quot;,&quot;copyright&quot;:&quot;&quot;,&quot;focal_length&quot;:&quot;0&quot;,&quot;iso&quot;:&quot;0&quot;,&quot;shutter_speed&quot;:&quot;0&quot;,&quot;title&quot;:&quot;&quot;}\" data-image-title=\"capitano grant\" data-image-description=\"\" data-image-caption=\"\" data-medium-file=\"https:\/\/i0.wp.com\/www.robertosedda.it\/wp-content\/uploads\/2013\/03\/capitano-grant.jpg?fit=204%2C300\" data-large-file=\"https:\/\/i0.wp.com\/www.robertosedda.it\/wp-content\/uploads\/2013\/03\/capitano-grant.jpg?fit=408%2C600\" decoding=\"async\" loading=\"lazy\" class=\"alignleft size-medium wp-image-2449\" alt=\"capitano grant\" src=\"https:\/\/i0.wp.com\/www.robertosedda.it\/wp-content\/uploads\/2013\/03\/capitano-grant.jpg?resize=204%2C300\" width=\"204\" height=\"300\" srcset=\"https:\/\/i0.wp.com\/www.robertosedda.it\/wp-content\/uploads\/2013\/03\/capitano-grant.jpg?resize=204%2C300 204w, https:\/\/i0.wp.com\/www.robertosedda.it\/wp-content\/uploads\/2013\/03\/capitano-grant.jpg?w=408 408w\" sizes=\"(max-width: 204px) 100vw, 204px\" data-recalc-dims=\"1\" \/><\/a>Il capitano Grant \u00e8 popolarissimo in Scozia, nazione alla quale appartiene anche lord Glenarvan, e quindi viene montata una spedizione di recupero privata<em>,<\/em> alla quale parteciperanno lord Glenarvan e lady Helena, il maggiore McNabbs, i due giovanissimi figli del capitano, Mary e Robert, e a cui si unir\u00e0 il geografo francese Jacques Paganel. La spedizione parte sul <em>Duncan<\/em>, comandato dal capitano John Mangles: nell&#8217;equipaggio alcuni marinai e il secondo, Tom Austin, acquistano una certa importanza nella storia.<\/p>\n<p>Il romanzo \u00e8, come dire?, <em>spinto a forza<\/em>\u00a0in avanti dalla incompletezza del documento ritrovato: mentre le interpretazioni (e i colpi di scena) si susseguono la spedizione\u00a0\u00e8 costretta ad allargare il campo delle proprie ricerche.\u00a0La Cordigliera delle Ande, le <em>pampas<\/em> argentine, l&#8217;Australia, la Nuova Zelanda sono i teatri pi\u00f9 importanti dell&#8217;azione narrativa, ma praticamente <em>I figli del capitano Grant<\/em> conduce il lettore a un intero\u00a0giro del mondo lungo il 37\u00b0 parallelo.<\/p>\n<h3>Un pastrocchio, ma appassionante<\/h3>\n<p><a href=\"https:\/\/i0.wp.com\/www.robertosedda.it\/wp-content\/uploads\/2013\/03\/figli-capitano-Grant.jpg\"><img data-attachment-id=\"2450\" data-permalink=\"http:\/\/www.robertosedda.it\/?attachment_id=2450\" data-orig-file=\"https:\/\/i0.wp.com\/www.robertosedda.it\/wp-content\/uploads\/2013\/03\/figli-capitano-Grant.jpg?fit=390%2C599\" data-orig-size=\"390,599\" data-comments-opened=\"1\" data-image-meta=\"{&quot;aperture&quot;:&quot;0&quot;,&quot;credit&quot;:&quot;&quot;,&quot;camera&quot;:&quot;&quot;,&quot;caption&quot;:&quot;&quot;,&quot;created_timestamp&quot;:&quot;0&quot;,&quot;copyright&quot;:&quot;&quot;,&quot;focal_length&quot;:&quot;0&quot;,&quot;iso&quot;:&quot;0&quot;,&quot;shutter_speed&quot;:&quot;0&quot;,&quot;title&quot;:&quot;&quot;}\" data-image-title=\"figli capitano Grant\" data-image-description=\"\" data-image-caption=\"\" data-medium-file=\"https:\/\/i0.wp.com\/www.robertosedda.it\/wp-content\/uploads\/2013\/03\/figli-capitano-Grant.jpg?fit=195%2C300\" data-large-file=\"https:\/\/i0.wp.com\/www.robertosedda.it\/wp-content\/uploads\/2013\/03\/figli-capitano-Grant.jpg?fit=390%2C599\" decoding=\"async\" loading=\"lazy\" class=\"size-medium wp-image-2450 alignright\" alt=\"figli capitano Grant\" src=\"https:\/\/i0.wp.com\/www.robertosedda.it\/wp-content\/uploads\/2013\/03\/figli-capitano-Grant.jpg?resize=195%2C300\" width=\"195\" height=\"300\" srcset=\"https:\/\/i0.wp.com\/www.robertosedda.it\/wp-content\/uploads\/2013\/03\/figli-capitano-Grant.jpg?resize=195%2C300 195w, https:\/\/i0.wp.com\/www.robertosedda.it\/wp-content\/uploads\/2013\/03\/figli-capitano-Grant.jpg?w=390 390w\" sizes=\"(max-width: 195px) 100vw, 195px\" data-recalc-dims=\"1\" \/><\/a>Non so se alla fine io sia pi\u00f9 allibito per la protervia con cui Verne ha cucito insieme, con un pretesto esile, almeno tre romanzi diversi, o ammirato dal consumato mestiere con cui lo ha fatto.<\/p>\n<p><em>Uhm<\/em>, &#8220;ammirato&#8221; forse \u00e8 una parola grossa: sulle capacit\u00e0 di narratore di Verne forse\u00a0\u00e8 meglio spendere\u00a0qualche altra parola.<\/p>\n<p>Verne non \u00e8 un narratore scarso: per esempio il pretesto iniziale, del documento parzialmente illeggibile, \u00e8 incredibilmente bolso &#8211; \u00e8 chiaro che il documento <em>non <\/em>pu\u00f2 essere completo, altrimenti i naufraghi sono ritrovati subito e addio alle seicento pagine pagate dall&#8217;editore &#8211;\u00a0ma lui \u00e8 capace di traformare l&#8217;artificio narrativo in un punto di forza, perch\u00e9 gioca sull&#8217;enigma e sulla sfida e coinvolge il lettore nel tentativo di decifrare da s\u00e9 il documento, prima e meglio di quanto abbiano fatto i personaggi del romanzo. Non \u00e8 un risultato da poco, e segnala il bravo narratore.<\/p>\n<p>Per\u00f2 tenere alta la tensione in maniera uniforme, tenere compatta la narrazione, palesemente non gli interessa. <em>Les enfantas du capitaine Grant<\/em> \u00e8 un catalogo seriale di avventure varie, prolungate, allungate, ripetute, legate fra loro come le novelle del <em>Decamerone<\/em> da un pretesto narrativo esile che fa da cornice (il viaggio per ritrovare il capitano) con un <em>cast<\/em> di personaggi ricorrenti il cui carattere \u00e8 fissato inizalmente una volta per tutte e ai quali non \u00e8 concessa, peraltro, alcuna forma di crescita.<\/p>\n<p>L&#8217;analogia migliore \u00e8 pensare al romanzo come a un <em>serial <\/em>in tre stagioni &#8211; del resto la pubblicazione originale \u00e8 in rivista, a puntate. La sottotrama principale, la ricerca del capitano, \u00e8 riservata al <em>pilot<\/em> e agli episodi salienti di ogni stagione, ma di solito parliamo d&#8217;altro. E cos\u00ec come in un <em>serial<\/em> ci sono puntate migliori o peggiori, qui ogni stagione, <em>pardon<\/em>, sezione del libro ha episodi migliori o peggiori. Alla fine i produttori (e i lettori)\u00a0si guardano indietro e decidono che la serie non pu\u00f2 dare altro: e Verne\u00a0la chiude, bisogna dire elegantemente. La sua <em>audience<\/em> \u00e8 stata bene o male mantenuta, ma certo non si potr\u00e0 concorrere agli <em>Emmy<\/em>. D&#8217;altra parte la trama non \u00e8 pi\u00f9 scombinata di quella di <em>Lost<\/em>, e <em>Lost<\/em> \u00e8 una serie che ha avuto un gran seguito: perch\u00e9 allora non deve piacere questo romanzo?<\/p>\n<h3>Appunti sparsi da verificare<\/h3>\n<p>Non \u00e8 la trama, insomma, la cosa pi\u00f9 interessante da discutere su <em>I figli del capitano Grant<\/em>. E neppure i personaggi. Siccome ho in programma la lettura di\u00a0pezzi forti dotati (spero) di trame solide come <em>Michele Strogoff<\/em>, <em>L&#8217;isola misteriosa<\/em> e <em>Il giro del mondo in 80 giorni<\/em>, non mi azzardo a trarre da questo libro un giudizio complessivo su Verne come narratore.<\/p>\n<p>Piuttosto mi sono appuntato alcune cose, man mano, e le dico qui per vedere se le prossime letture le confermeranno oppure no. Della fascinazione per la macchina ho detto nell&#8217;articolo di tempo fa, e non ci torno sopra: per altro non \u00e8 stata particolarmente confermata nel prosieguo del romanzo. Le altre ve le racconto qui di seguito.<\/p>\n<h3>Romanticismo interrotto<\/h3>\n<p><a href=\"https:\/\/i0.wp.com\/www.robertosedda.it\/wp-content\/uploads\/2013\/03\/Figli-del-capitano-Grant.jpg\"><img data-attachment-id=\"2453\" data-permalink=\"http:\/\/www.robertosedda.it\/?attachment_id=2453\" data-orig-file=\"https:\/\/i0.wp.com\/www.robertosedda.it\/wp-content\/uploads\/2013\/03\/Figli-del-capitano-Grant.jpg?fit=394%2C600\" data-orig-size=\"394,600\" data-comments-opened=\"1\" data-image-meta=\"{&quot;aperture&quot;:&quot;0&quot;,&quot;credit&quot;:&quot;&quot;,&quot;camera&quot;:&quot;&quot;,&quot;caption&quot;:&quot;&quot;,&quot;created_timestamp&quot;:&quot;0&quot;,&quot;copyright&quot;:&quot;&quot;,&quot;focal_length&quot;:&quot;0&quot;,&quot;iso&quot;:&quot;0&quot;,&quot;shutter_speed&quot;:&quot;0&quot;,&quot;title&quot;:&quot;&quot;}\" data-image-title=\"Figli del capitano Grant\" data-image-description=\"\" data-image-caption=\"\" data-medium-file=\"https:\/\/i0.wp.com\/www.robertosedda.it\/wp-content\/uploads\/2013\/03\/Figli-del-capitano-Grant.jpg?fit=197%2C300\" data-large-file=\"https:\/\/i0.wp.com\/www.robertosedda.it\/wp-content\/uploads\/2013\/03\/Figli-del-capitano-Grant.jpg?fit=394%2C600\" decoding=\"async\" loading=\"lazy\" class=\"size-medium wp-image-2453 alignleft\" alt=\"Figli del capitano Grant\" src=\"https:\/\/i0.wp.com\/www.robertosedda.it\/wp-content\/uploads\/2013\/03\/Figli-del-capitano-Grant.jpg?resize=197%2C300\" width=\"197\" height=\"300\" srcset=\"https:\/\/i0.wp.com\/www.robertosedda.it\/wp-content\/uploads\/2013\/03\/Figli-del-capitano-Grant.jpg?resize=197%2C300 197w, https:\/\/i0.wp.com\/www.robertosedda.it\/wp-content\/uploads\/2013\/03\/Figli-del-capitano-Grant.jpg?w=394 394w\" sizes=\"(max-width: 197px) 100vw, 197px\" data-recalc-dims=\"1\" \/><\/a>Non sono un esperto di storia della letteratura, ma credevo che all&#8217;epoca della stesura de <em>Les enfants du capitaine Grant<\/em>\u00a0un certo tipo\u00a0di romanticismo sentimentale fosse superato. Eppure Verne lo maneggia volentieri, e grazie a questo scrive almeno\u00a0tre scene memorabili: la proposta di lady Helena di partire alla ricerca dei naufraghi, la benedizione della spedizione nella cattedrale di Glasgow e il giudizio e conseguente\u00a0destino di Ayrton (<em>hmmm<\/em>, <em>chi \u00e8 Ayrton?!<\/em> Non si pu\u00f2 rivelare&#8230;).<\/p>\n<p>A parte queste scene, tutto il modo di esprimersi di Verne \u00e8 romantico: negli slanci e nelle lacrime dei personaggi, nella loro frequente dimensione di preghiera, nell&#8217;indulgere a sottolineare l&#8217;abnegazione, lo spirito di sacrificio, il <em>beau geste<\/em>, nella contemplazione, ogni tanto, dei panorami e delle forze della natura.<\/p>\n<p>Parentesi:\u00a0\u00e8 una cosa che mi ha stupito, perch\u00e9 mi aspettavo dal Verne &#8220;padre della fantascienza&#8221;, come usualmente si dice, piuttosto un atteggiamento positivistico, del quale invece non ho trovato traccia. Non c&#8217;\u00e8 nemmeno un naturalismo alla Flaubert (<em>Madame Bovary<\/em>\u00a0 \u00e8 precedente, credo). <a href=\"https:\/\/i0.wp.com\/www.robertosedda.it\/wp-content\/uploads\/2013\/03\/Jacques-Paganel.jpg\"><img data-attachment-id=\"2454\" data-permalink=\"http:\/\/www.robertosedda.it\/?attachment_id=2454\" data-orig-file=\"https:\/\/i0.wp.com\/www.robertosedda.it\/wp-content\/uploads\/2013\/03\/Jacques-Paganel.jpg?fit=393%2C599\" data-orig-size=\"393,599\" data-comments-opened=\"1\" data-image-meta=\"{&quot;aperture&quot;:&quot;0&quot;,&quot;credit&quot;:&quot;&quot;,&quot;camera&quot;:&quot;&quot;,&quot;caption&quot;:&quot;&quot;,&quot;created_timestamp&quot;:&quot;0&quot;,&quot;copyright&quot;:&quot;&quot;,&quot;focal_length&quot;:&quot;0&quot;,&quot;iso&quot;:&quot;0&quot;,&quot;shutter_speed&quot;:&quot;0&quot;,&quot;title&quot;:&quot;&quot;}\" data-image-title=\"Jacques Paganel\" data-image-description=\"\" data-image-caption=\"\" data-medium-file=\"https:\/\/i0.wp.com\/www.robertosedda.it\/wp-content\/uploads\/2013\/03\/Jacques-Paganel.jpg?fit=196%2C300\" data-large-file=\"https:\/\/i0.wp.com\/www.robertosedda.it\/wp-content\/uploads\/2013\/03\/Jacques-Paganel.jpg?fit=393%2C599\" decoding=\"async\" loading=\"lazy\" class=\"alignright size-medium wp-image-2454\" alt=\"Jacques Paganel\" src=\"https:\/\/i0.wp.com\/www.robertosedda.it\/wp-content\/uploads\/2013\/03\/Jacques-Paganel.jpg?resize=196%2C300\" width=\"196\" height=\"300\" srcset=\"https:\/\/i0.wp.com\/www.robertosedda.it\/wp-content\/uploads\/2013\/03\/Jacques-Paganel.jpg?resize=196%2C300 196w, https:\/\/i0.wp.com\/www.robertosedda.it\/wp-content\/uploads\/2013\/03\/Jacques-Paganel.jpg?w=393 393w\" sizes=\"(max-width: 196px) 100vw, 196px\" data-recalc-dims=\"1\" \/><\/a>E mentre leggevo <em>I figli del capitano Grant<\/em> mi sono chiesto se non sia la letteratura d&#8217;appendice e di genere a preservare il romanticismo e a traghettarlo di soppiatto nel XX secolo fino all&#8217;<em>hard boiled<\/em> o al <em>cyberpunk<\/em>: ma lascio queste cose a chi ne capisce di teoria letteraria.<\/p>\n<p>Ogni tanto per\u00f2 sembra quasi che Verne si dimentichi di essere un (tardo) romantico e stia a pensare ad altro. Per esempio le sue descrizioni naturali hanno pi\u00f9 della tassonomia scientifica o della descrizione giornalistica che della preoccupazione di colpire e commuovere il lettore. \u00c8 un romanticismo borghese, assennato, che prevede che i personaggi possano fare grandi gesti mentre il narratore tiene ben salda la testa sulla spalle e si occupa delle cose <em>veramente<\/em> importanti: come quando abbandona la vicenda a un punto topico per informarci, assennatamente, sulle risorse agricole e industriali di un paese lontano e sulle possibilit\u00e0 di sviluppo e di investimento economico. <em>Le avventure<\/em>, semnbra dirci, <em>sono per i lord<\/em>: noi padri di famiglia preoccupiamoci se\u00a0una fattoria in Australia sarebbe\u00a0un buon acquisto oppure no.<\/p>\n<h3>Esotismo da turisti<\/h3>\n<p><a href=\"https:\/\/i0.wp.com\/www.robertosedda.it\/wp-content\/uploads\/2013\/03\/indio-figli-Capitano-Grant.jpg\"><img data-attachment-id=\"2451\" data-permalink=\"http:\/\/www.robertosedda.it\/?attachment_id=2451\" data-orig-file=\"https:\/\/i0.wp.com\/www.robertosedda.it\/wp-content\/uploads\/2013\/03\/indio-figli-Capitano-Grant.jpg?fit=396%2C599\" data-orig-size=\"396,599\" data-comments-opened=\"1\" data-image-meta=\"{&quot;aperture&quot;:&quot;0&quot;,&quot;credit&quot;:&quot;&quot;,&quot;camera&quot;:&quot;&quot;,&quot;caption&quot;:&quot;&quot;,&quot;created_timestamp&quot;:&quot;0&quot;,&quot;copyright&quot;:&quot;&quot;,&quot;focal_length&quot;:&quot;0&quot;,&quot;iso&quot;:&quot;0&quot;,&quot;shutter_speed&quot;:&quot;0&quot;,&quot;title&quot;:&quot;&quot;}\" data-image-title=\"indio figli Capitano Grant\" data-image-description=\"\" data-image-caption=\"\" data-medium-file=\"https:\/\/i0.wp.com\/www.robertosedda.it\/wp-content\/uploads\/2013\/03\/indio-figli-Capitano-Grant.jpg?fit=198%2C300\" data-large-file=\"https:\/\/i0.wp.com\/www.robertosedda.it\/wp-content\/uploads\/2013\/03\/indio-figli-Capitano-Grant.jpg?fit=396%2C599\" decoding=\"async\" loading=\"lazy\" class=\"alignleft size-medium wp-image-2451\" alt=\"indio figli Capitano Grant\" src=\"https:\/\/i0.wp.com\/www.robertosedda.it\/wp-content\/uploads\/2013\/03\/indio-figli-Capitano-Grant.jpg?resize=198%2C300\" width=\"198\" height=\"300\" srcset=\"https:\/\/i0.wp.com\/www.robertosedda.it\/wp-content\/uploads\/2013\/03\/indio-figli-Capitano-Grant.jpg?resize=198%2C300 198w, https:\/\/i0.wp.com\/www.robertosedda.it\/wp-content\/uploads\/2013\/03\/indio-figli-Capitano-Grant.jpg?w=396 396w\" sizes=\"(max-width: 198px) 100vw, 198px\" data-recalc-dims=\"1\" \/><\/a>Un discorso simile si pu\u00f2 fare sull&#8217;esostismo. Un romanzo che si svolge su e gi\u00f9 in giro per il mondo non pu\u00f2 che fare della descrizione di genti e luoghi lontani un suo punto di forza. Anche qui per\u00f2 ho avuto diverse sorprese. Mi aspettavo <em>molto<\/em> pi\u00f9 gusto per la descrizione bizzarra, per il folclorico, invece tutto sommato non ci sono effettacci: certo, c&#8217;\u00e8\u00a0l&#8217;indio Thalcave col suo cavallo, ci sono i maori della Nuova Zelanda, ma tutto sommato Verne non mette mai i suoi personaggi nel &#8220;completamente inesplorato&#8221;, in quella terra di nessuno che non ha mai visto uomo bianco e che sarebbe veramente <em>esotica<\/em>: lo scenario \u00e8 sempre un ambiente che per i personaggi (e i lettori) \u00e8 riconoscibile e gi\u00e0 descritto, in cui si tratta di riconoscere i segnali e non di fare delle scoperte &#8211; potrei dire che ne <em>I figli del capitano Grant<\/em> i protagonisti sono piuttosto turisti che esploratori, e del resto nella prima sezione c&#8217;\u00e8 un passo rivelatore, quando si va ad acquistare cavalli in un villaggio indigeno ai piedi delle Ande:<\/p>\n<blockquote><p>Type hybride des races d&#8217;Araucans, de Pehuences et d&#8217;Aucas, ces ando-p\u00e9ruviens, de coleur oliv\u00e2tre, de taille moyenne, des formes massives, au front bas, \u00e0 la face presque circulaire, aux l\u00e8vres minces, aux pommettes saillantes, aux traits eff\u00e9min\u00e9s, \u00e0 la physionomie froide, n&#8217;eussent pas offert aux yeux d&#8217;un anthropologiste le caract\u00e8re des races pures.<\/p><\/blockquote>\n<p>Un villaggio di meticci, insomma. Arrivato a questo punto mi aspettavo chiss\u00e0 quale passaggio razzista, tipicamente ottocentesco. Invece Verne sta pensando ad altro:<\/p>\n<blockquote><p>C&#8217;etaient, en somme, des indig\u00e8nes peu int\u00e9ressants.<\/p><\/blockquote>\n<p><em>Poco interessanti<\/em>. In questo villaggio indigeno, insomma, non c&#8217;era niente da vedere: mandiamo avanti la trama, magari in seguito troviamo maggiori motivi di interesse per il lettore.<\/p>\n<h3>Lettori ben informati<\/h3>\n<p>Una cosa che mi ha divertito, all&#8217;inizio, \u00e8 che la trama \u00e8 costruita attorno al tema dell&#8217;indipendentismo scozzese: il capitano Grant \u00e8 un nazionalista ed \u00e8 per questo che il governo inglese rifiuta di montare una spedizione di soccorso, lasciando ai suoi buoni compatrioti della vecchia Caledonia di andare a salvarlo. \u00c8 un tema cos\u00ec inutile per lo sviluppo della trama che pu\u00f2 spiegarsi solo, credo, col fatto che consenta a Verne di stringere un legame coi suoi lettori: vedete, parliamo di precisa attualit\u00e0 (in effetti sono andato a controllare su <em>Wikipedia<\/em>: il tema <em>era<\/em> di stretta attualit\u00e0).<\/p>\n<p>Di strizzate d&#8217;occhio del genere ce ne sono parecchie (impagabile la definizione di Richard Wagner come &#8220;genio incompreso&#8221;), il che fa supporre che il lettore-tipo di Verne fosse normalmente un personaggio ben informato e attento agli eventi politici e culturali dell&#8217;epoca: ovviamente non sufficientemente colto da sapere per filo e per segno chi ha esplorato l&#8217;Australia, altrimenti non si spiegherebbero le venti pagine usate per spiegarglielo,\u00a0ma sufficientemente ansioso di saperlo da non scagliare il libro sul muro arrivato alla decima, come ho avuto la tentazione di fare io.<\/p>\n<p>Certo, i lettori non sono cos\u00ec bene informati da sapere distinguere nel racconto gli errori marchiani che anche il documentatissimo Verne compie, compie, compie, come nell&#8217;episodio del condor: ma non \u00e8 colpa loro, considerato che non\u00a0se ne accorge\u00a0nemmeno lo scrittore.<\/p>\n<h3>I diritti degli uomini sulle loro mogli<\/h3>\n<p>Certo i personaggi sono veramente ottocenteschi, come prova un curioso episodio verso la fine del libro. Il gruppo di lord Glenarvan \u00e8 prigioniero dei cannibali neozelandesi, e lady Helena fa promettere al marito che, se si prospettasse per lei un destino peggiore della morte, lui provvederebbe ad ucciderla prima che questo accada.<\/p>\n<p>Ora. Colpisce il lettore attuale che perci\u00f2 quando viene rivelato che tutto il gruppo, donne comprese, sar\u00e0 torturato e ucciso, lord Glenarvan tiri un sospiro di sollievo: la moglie sar\u00e0 torturata per ore e ore, non uccisa da lui. Che fortuna.<\/p>\n<p>Comunque. La parte pi\u00f9 interessante \u00e8 il dilemma del capitano, John Mangles, che \u00e8 innamorato (si suppone ricambiato) di Mary Grant: ma non si\u00a0sono mai dichiarati, e quindi lui non ha il diritto di ucciderla prima che divenga la concubina di un selvaggio maori. Il ragionamento appare bizzarro: lui non \u00e8 niente per lei, quindi non la pu\u00f2 ammazzare. Per fortuna\u00a0Mary riconosce esplicitamente di avere capito che John la ama, e\u00a0questo gli d\u00e0 la facolt\u00e0 di ammazzarla in buona coscienza: ci\u00f2 che un estraneo non pu\u00f2 fare, il marito o il fidanzato ha la facolt\u00e0 di farlo con tutta tranquillit\u00e0.<\/p>\n<p>Poi dice che il diritto di famiglia non doveva cambiare.<\/p>\n<p>(le immagini dell&#8217;articolo sono dell&#8217;<a href=\"http:\/\/jv.gilead.org.il\/rpaul\/Les%20enfants%20du%20capitaine%20Grant\/\">edizione originale<\/a>)<\/p>\n","protected":false},"excerpt":{"rendered":"<p>In un articolo di qualche mese fa avevo raccontato di avere iniziato I figli del capitano Grant (di Jules Verne).<\/p>\n","protected":false},"author":1,"featured_media":2449,"comment_status":"open","ping_status":"open","sticky":false,"template":"","format":"standard","meta":{"_mi_skip_tracking":false,"_monsterinsights_sitenote_active":false,"_monsterinsights_sitenote_note":"","_monsterinsights_sitenote_category":0,"jetpack_post_was_ever_published":false,"_jetpack_newsletter_access":"","jetpack_publicize_message":"","jetpack_is_tweetstorm":false,"jetpack_publicize_feature_enabled":true,"jetpack_social_post_already_shared":false,"jetpack_social_options":{"image_generator_settings":{"template":"highway","enabled":false}}},"categories":[70,52,56,13,12],"tags":[],"jetpack_publicize_connections":[],"jetpack_featured_media_url":"https:\/\/i0.wp.com\/www.robertosedda.it\/wp-content\/uploads\/2013\/03\/capitano-grant.jpg?fit=408%2C600","jetpack_sharing_enabled":true,"jetpack_shortlink":"https:\/\/wp.me\/p4jV2T-CQ","jetpack_likes_enabled":true,"jetpack-related-posts":[{"id":1042,"url":"http:\/\/www.robertosedda.it\/?p=1042","url_meta":{"origin":2408,"position":0},"title":"Fascinazione per la macchina","author":"Rufus","date":"15\/10\/2012","format":false,"excerpt":"Sto leggendo un libro in cui inaspettatamente trovo questa frase: Le lever du soleil fut magnifique. L'astre du jour, semblable \u00e0 un disque de m\u00e9tal dor\u00e9 par les proc\u00e9d\u00e9s Ruolz, sortait de l'oc\u00e9an comme d'un immense bain volta\u00efque. Chi lo scrive? Ho mantenuto il francese per darvi un indizio in\u2026","rel":"","context":"In &quot;Coordinate&quot;","block_context":{"text":"Coordinate","link":"http:\/\/www.robertosedda.it\/?cat=52"},"img":{"alt_text":"","src":"","width":0,"height":0},"classes":[]},{"id":3466,"url":"http:\/\/www.robertosedda.it\/?p=3466","url_meta":{"origin":2408,"position":1},"title":"Congegni matematici","author":"Rufus","date":"07\/06\/2013","format":"video","excerpt":"Il giro del mondo in ottanta giorni in linea Ho caricato ieri su Youtube la puntata di Oggi parliamo di libri dedicata al Giro del mondo in ottanta giorni. In un ciclo sui romanzi d'avventura non si poteva non parlare di Verne, e il problema era casomai quello di scegliere\u2026","rel":"","context":"In &quot;Cappe e spade&quot;","block_context":{"text":"Cappe e spade","link":"http:\/\/www.robertosedda.it\/?cat=70"},"img":{"alt_text":"","src":"https:\/\/i0.wp.com\/www.robertosedda.it\/wp-content\/uploads\/2013\/06\/SIL7-30-01.jpg?fit=450%2C621&resize=350%2C200","width":350,"height":200},"classes":[]},{"id":13908,"url":"http:\/\/www.robertosedda.it\/?p=13908","url_meta":{"origin":2408,"position":2},"title":"Irraggiungibile","author":"Rufus","date":"05\/07\/2017","format":false,"excerpt":"Ho letto in questi giorni Tintin. Quando ero ragazzino lo presentavano come cartone animato su Gulp e mi piaceva molto, ma non era il tipo di fumetto che si trovasse in edicola durante la mia giovinezza e in seguito l'ho sempre considerato un po' per bambini e quindi non l'ho\u2026","rel":"","context":"In &quot;Cappe e spade&quot;","block_context":{"text":"Cappe e spade","link":"http:\/\/www.robertosedda.it\/?cat=70"},"img":{"alt_text":"","src":"https:\/\/i0.wp.com\/www.robertosedda.it\/wp-content\/uploads\/2017\/07\/Tintin.jpg?fit=350%2C500&resize=350%2C200","width":350,"height":200},"classes":[]},{"id":8620,"url":"http:\/\/www.robertosedda.it\/?p=8620","url_meta":{"origin":2408,"position":3},"title":"L&#8217;innegabile fascino di Dracula il vampiro","author":"Rufus","date":"10\/10\/2014","format":"video","excerpt":"Ho caricato oggi la puntata di\u00a0Oggi parliamo di libri caricata a Dracula di Bram Stoker. Avevo deciso da moltissimo tempo che se avessi fatto un ciclo di puntate dedicato alla letteratura\u00a0sentimentale e alle storie d'amore avrei incluso\u00a0Dracula: durante la puntata ho giustificato la scelta, in\u00a0parte, con il collegamento al \"catalogo\"\u2026","rel":"","context":"In &quot;Coordinate&quot;","block_context":{"text":"Coordinate","link":"http:\/\/www.robertosedda.it\/?cat=52"},"img":{"alt_text":"","src":"https:\/\/i0.wp.com\/www.robertosedda.it\/wp-content\/uploads\/2014\/10\/lettori.jpg?resize=350%2C200","width":350,"height":200,"srcset":"https:\/\/i0.wp.com\/www.robertosedda.it\/wp-content\/uploads\/2014\/10\/lettori.jpg?resize=350%2C200 1x, https:\/\/i0.wp.com\/www.robertosedda.it\/wp-content\/uploads\/2014\/10\/lettori.jpg?resize=700%2C400 2x, https:\/\/i0.wp.com\/www.robertosedda.it\/wp-content\/uploads\/2014\/10\/lettori.jpg?resize=1050%2C600 3x"},"classes":[]},{"id":4046,"url":"http:\/\/www.robertosedda.it\/?p=4046","url_meta":{"origin":2408,"position":4},"title":"Corto Maltese e i suoi valori","author":"Rufus","date":"17\/07\/2013","format":"video","excerpt":"Non sono convintissimo della puntata: la premessa, in cui parlo del progressivo \"esaurimento\" del genere avventuroso fino al rischio della sua sclerotizzazione (diciamo la parte fino alla pausa musicale) \u00e8 uscita pi\u00f9 o meno come volevo, ma la seconda parte, cio\u00e8 esattamente quella che riguardava Corto, \u00e8 andata molto meno\u2026","rel":"","context":"In &quot;Cappe e spade&quot;","block_context":{"text":"Cappe e spade","link":"http:\/\/www.robertosedda.it\/?cat=70"},"img":{"alt_text":"","src":"https:\/\/i0.wp.com\/img.youtube.com\/vi\/llOp1pyA3NA\/0.jpg?resize=350%2C200","width":350,"height":200},"classes":[]},{"id":5710,"url":"http:\/\/www.robertosedda.it\/?p=5710","url_meta":{"origin":2408,"position":5},"title":"I libri che ho letto nel 2013","author":"Rufus","date":"02\/01\/2014","format":false,"excerpt":"Come l'anno scorso Anobii mi permette di tenere conto dei libri che ho letto nel corso dell'anno. Vedo che nel 2013 ho letto un libro in pi\u00f9 del 2012 ma con un numero di pagine inferiore: un po' la cosa mi sorprende e ho l'impressione di aver dimenticato qualcosa, ma\u2026","rel":"","context":"In &quot;Coordinate&quot;","block_context":{"text":"Coordinate","link":"http:\/\/www.robertosedda.it\/?cat=52"},"img":{"alt_text":"","src":"https:\/\/i0.wp.com\/www.robertosedda.it\/wp-content\/uploads\/2013\/01\/8850328802p400.gif?fit=400%2C622&resize=350%2C200","width":350,"height":200},"classes":[]}],"_links":{"self":[{"href":"http:\/\/www.robertosedda.it\/index.php?rest_route=\/wp\/v2\/posts\/2408"}],"collection":[{"href":"http:\/\/www.robertosedda.it\/index.php?rest_route=\/wp\/v2\/posts"}],"about":[{"href":"http:\/\/www.robertosedda.it\/index.php?rest_route=\/wp\/v2\/types\/post"}],"author":[{"embeddable":true,"href":"http:\/\/www.robertosedda.it\/index.php?rest_route=\/wp\/v2\/users\/1"}],"replies":[{"embeddable":true,"href":"http:\/\/www.robertosedda.it\/index.php?rest_route=%2Fwp%2Fv2%2Fcomments&post=2408"}],"version-history":[{"count":13,"href":"http:\/\/www.robertosedda.it\/index.php?rest_route=\/wp\/v2\/posts\/2408\/revisions"}],"predecessor-version":[{"id":6668,"href":"http:\/\/www.robertosedda.it\/index.php?rest_route=\/wp\/v2\/posts\/2408\/revisions\/6668"}],"wp:featuredmedia":[{"embeddable":true,"href":"http:\/\/www.robertosedda.it\/index.php?rest_route=\/wp\/v2\/media\/2449"}],"wp:attachment":[{"href":"http:\/\/www.robertosedda.it\/index.php?rest_route=%2Fwp%2Fv2%2Fmedia&parent=2408"}],"wp:term":[{"taxonomy":"category","embeddable":true,"href":"http:\/\/www.robertosedda.it\/index.php?rest_route=%2Fwp%2Fv2%2Fcategories&post=2408"},{"taxonomy":"post_tag","embeddable":true,"href":"http:\/\/www.robertosedda.it\/index.php?rest_route=%2Fwp%2Fv2%2Ftags&post=2408"}],"curies":[{"name":"wp","href":"https:\/\/api.w.org\/{rel}","templated":true}]}}