{"id":2369,"date":"2013-02-27T11:12:34","date_gmt":"2013-02-27T10:12:34","guid":{"rendered":"http:\/\/www.robertosedda.it\/?p=2369"},"modified":"2013-07-30T00:02:16","modified_gmt":"2013-07-29T22:02:16","slug":"maschi-politica-donne-e-fucili","status":"publish","type":"post","link":"http:\/\/www.robertosedda.it\/?p=2369","title":{"rendered":"Maschi, politica, donne e fucili"},"content":{"rendered":"<p>Al chiosco del caff\u00e9 una delle conversazioni pi\u00f9 cicliche a cui mi sia capitato di assistere.<\/p>\n<p>Tre giovanotti, studenti di Giurisprudenza.\u00a0 Discutono di elezioni. Prima parlano male del candidato Cinque Stelle di Cagliari (immagino Roberto Cotti) che in piazza dei Centomila ha proposto di chiudere immediatamente la Saras: non \u00e8 questa la parte pi\u00f9 interessante, mi permette solo di collocarli politicamente fra il centro e la destra. Poi passano a discutere delle <em>Femen<\/em>, che hanno contestato Berlusconi al seggio scoprendosi il petto.<\/p>\n<p>Il primo pontifica, per altro in maniera (quasi) condivisibile: \u00abUn paese come l&#8217;Italia, con la tradizione di violenza politica che ha, in cui perfino si \u00e8 intitolata un&#8217;aula del Senato a uno che si \u00e8 preso una pallottola attaccando i Carabinieri con un idrante in mano\u00a0e nessuno si permette mai di fare manifestazioni ai seggi. Le elezioni si rispettano! E queste vengono da fuori a turbare le elezioni\u00bb.<\/p>\n<p>Secondo: \u00abMa perch\u00e9 le avranno fatte entrare&#8230;\u00bb<\/p>\n<p>Terzo: \u00abInfatti. Quattro scalmanate\u00bb.<\/p>\n<p>Secondo: \u00abL&#8217;ingresso gli dovevano vietare. A tutti gli ucraini\u00bb.<\/p>\n<p>Il primo, che ha il tono magisteriale facile: \u00abChe poi! Un paese governato dalla mafia!\u00bb.<\/p>\n<p>Terzo (un maestro del contrappunto): \u00abPerch\u00e9, in Ucraina c&#8217;\u00e8 la mafia?\u00bb.<\/p>\n<p>Primo (sempre professorale): \u00abEh!\u00bb.<\/p>\n<p>Secondo (che invece fornisce il basso continuo): \u00abL&#8217;ingresso gli dovevano vietare. A tutti gli ucraini\u00bb.<\/p>\n<p>Barista: \u00abPer\u00f2 le ucraine sono belle\u00bb.<\/p>\n<p>Terzo: \u00abAllora quelle le accettiamo\u00bb.<\/p>\n<p>Secondo: \u00abMa allora entrano anche le <em>Femen<\/em>?!\u00bb.<\/p>\n<p>Primo: \u00abNo, dico, l&#8217;Ucraina, un paese che&#8230;\u00bb.<\/p>\n<p>(ripetere <em>ad libitum<\/em>)<\/p>\n<p>***<\/p>\n<p>Assisto casualmente\u00a0a una discussione politica su <em>Facebook<\/em> fra cacciatori.<\/p>\n<p>Sono delusi dei loro referenti politici. Vagheggiano la fondazione di un partito proprio, per farsi finalmente ascoltare. Qualcuno scherzando propone un &#8220;Movimento 5 Grilletti&#8221;, una specie di rivolta della societ\u00e0 civile dei cacciatori.<\/p>\n<p>Fanno sforzi. Non \u00e8 che non ci provano.<\/p>\n<p>Ma ogni tre interventi in tema devono fare una deviazione: paragonare la propria potenza sessuale all&#8217;uso delle armi, raffrontare la cacciagione alle donne, perfino una interessante metafora ginecologica sul grilletto della propria arma.<\/p>\n<p>Se si sforzassero di rappresentare lo stereotipo maschile del cacciatore non potrebbero fare di meglio.<\/p>\n","protected":false},"excerpt":{"rendered":"<p>Al chiosco del caff\u00e9 una delle conversazioni pi\u00f9 cicliche a cui mi sia capitato di assistere. Tre giovanotti, studenti di<\/p>\n","protected":false},"author":1,"featured_media":0,"comment_status":"open","ping_status":"open","sticky":false,"template":"","format":"standard","meta":{"_mi_skip_tracking":false,"_monsterinsights_sitenote_active":false,"_monsterinsights_sitenote_note":"","_monsterinsights_sitenote_category":0,"jetpack_post_was_ever_published":false,"_jetpack_newsletter_access":"","jetpack_publicize_message":"","jetpack_is_tweetstorm":false,"jetpack_publicize_feature_enabled":true,"jetpack_social_post_already_shared":false,"jetpack_social_options":{"image_generator_settings":{"template":"highway","enabled":false}}},"categories":[52,56,18,61,16],"tags":[],"jetpack_publicize_connections":[],"jetpack_featured_media_url":"","jetpack_sharing_enabled":true,"jetpack_shortlink":"https:\/\/wp.me\/p4jV2T-Cd","jetpack_likes_enabled":true,"jetpack-related-posts":[{"id":6944,"url":"http:\/\/www.robertosedda.it\/?p=6944","url_meta":{"origin":2369,"position":0},"title":"Votare o no? Almeno dite la vostra idea di Europa, per\u00f2","author":"Rufus","date":"10\/04\/2014","format":false,"excerpt":"A costo di dare un dolore al mio amico Alberto Pintus, devo dire che non trovo particolarmente convincenti le posizioni di coloro che suggeriscono che, poich\u00e9 la Sardegna \u00e8 rimasta nel collegio unico con la Sicilia per le elezioni europee, allora \u00e8 opportuno astenersi e non partecipare alla prossima tornata\u2026","rel":"","context":"In &quot;Coordinate&quot;","block_context":{"text":"Coordinate","link":"http:\/\/www.robertosedda.it\/?cat=52"},"img":{"alt_text":"","src":"https:\/\/i0.wp.com\/www.robertosedda.it\/wp-content\/uploads\/2014\/04\/Francesca-Barracciu-211x300.jpg?resize=350%2C200","width":350,"height":200},"classes":[]},{"id":5937,"url":"http:\/\/www.robertosedda.it\/?p=5937","url_meta":{"origin":2369,"position":1},"title":"Fare buona politica all&#8217;epoca del trasformismo","author":"Rufus","date":"30\/01\/2014","format":false,"excerpt":"In un post di qualche giorno fa ho ironizzato sui flussi e riflussi di candidati che in occasione delle elezioni si spostano da una lista all'altra finch\u00e9 non trovano una collocazione soddisfacente, anche a costo di approdare in partiti molto diversi da quelli in cui hanno militato fino a quel\u2026","rel":"","context":"In &quot;Coordinate&quot;","block_context":{"text":"Coordinate","link":"http:\/\/www.robertosedda.it\/?cat=52"},"img":{"alt_text":"","src":"https:\/\/i0.wp.com\/www.robertosedda.it\/wp-content\/uploads\/2014\/01\/Agostino-Depretis.jpg?fit=250%2C312&resize=350%2C200","width":350,"height":200},"classes":[]},{"id":5060,"url":"http:\/\/www.robertosedda.it\/?p=5060","url_meta":{"origin":2369,"position":2},"title":"La politica \u00e8 morta, viva la politica","author":"Rufus","date":"20\/11\/2013","format":false,"excerpt":"Questa settimana l'articolo collettivo \u00e8 stato scritto da Enrico Lobina. Come al solito viene pubblicato, oltre che su questo sito, su quelli di Fondazione Sardinia, Tramas de amistade, Aladin pensiero, Vito Biolchini, Sardegna soprattutto, Enrico Lobina, Madrigopolis, Forma paris\u00a0e Tottus in pari. Enrico sa, perch\u00e9 gliel'ho detto durante la discussione,\u2026","rel":"","context":"In &quot;Coordinate&quot;","block_context":{"text":"Coordinate","link":"http:\/\/www.robertosedda.it\/?cat=52"},"img":{"alt_text":"","src":"https:\/\/i0.wp.com\/www.robertosedda.it\/wp-content\/uploads\/2013\/11\/Politici-sotto-inchiesta.jpg?fit=302%2C282&resize=350%2C200","width":350,"height":200},"classes":[]},{"id":6923,"url":"http:\/\/www.robertosedda.it\/?p=6923","url_meta":{"origin":2369,"position":3},"title":"Sardegna, a ciascuno il suo silenzio (un intervento di Vito Biolchini)","author":"Rufus","date":"08\/04\/2014","format":false,"excerpt":"Oltre che su questo blog, questo articolo viene pubblicato anche sui siti\u00a0di Vito Biolchini,\u00a0Enrico Lobina,\u00a0Fondazione Sardinia,\u00a0Aladinpensiero,\u00a0Tramas de Amistade,\u00a0Madrigopolis,\u00a0Sardegna Soprattutto,\u00a0Sportello Formaparis,\u00a0Tottusinpari. Sardegna, a ciascuno il suo silenzio (Pigliaru non spiega: almeno ascolter\u00e0?) di Vito Biolchini E all'improvviso scese il silenzio. Se nei sette mesi che hanno preceduto il voto una febbre\u2026","rel":"","context":"In &quot;Coordinate&quot;","block_context":{"text":"Coordinate","link":"http:\/\/www.robertosedda.it\/?cat=52"},"img":{"alt_text":"","src":"https:\/\/i0.wp.com\/www.robertosedda.it\/wp-content\/uploads\/2014\/02\/videolina_pigliaru.jpg?fit=1200%2C900&resize=350%2C200","width":350,"height":200,"srcset":"https:\/\/i0.wp.com\/www.robertosedda.it\/wp-content\/uploads\/2014\/02\/videolina_pigliaru.jpg?fit=1200%2C900&resize=350%2C200 1x, https:\/\/i0.wp.com\/www.robertosedda.it\/wp-content\/uploads\/2014\/02\/videolina_pigliaru.jpg?fit=1200%2C900&resize=700%2C400 2x, https:\/\/i0.wp.com\/www.robertosedda.it\/wp-content\/uploads\/2014\/02\/videolina_pigliaru.jpg?fit=1200%2C900&resize=1050%2C600 3x"},"classes":[]},{"id":5896,"url":"http:\/\/www.robertosedda.it\/?p=5896","url_meta":{"origin":2369,"position":4},"title":"Campagna elettorale for dummies","author":"Rufus","date":"23\/01\/2014","format":false,"excerpt":"In epoca di elezioni diventa pi\u00f9 difficile scrivere di politica per chi, come me, si \u00e8 sempre ripromesso di non dire mai per chi vota. Il che un po' in questi giorni mi pesa, perch\u00e9 ho delle cose \"di politica\" da dire e non \u00e8 facile destreggiarsi. Ci provo. Una\u2026","rel":"","context":"In &quot;Coordinate&quot;","block_context":{"text":"Coordinate","link":"http:\/\/www.robertosedda.it\/?cat=52"},"img":{"alt_text":"","src":"https:\/\/i0.wp.com\/www.robertosedda.it\/wp-content\/uploads\/2014\/01\/Elezioni-per-dummies.jpg?fit=319%2C400&resize=350%2C200","width":350,"height":200},"classes":[]},{"id":17820,"url":"http:\/\/www.robertosedda.it\/?p=17820","url_meta":{"origin":2369,"position":5},"title":"L&#8217;opzione della violenza","author":"Rufus","date":"20\/02\/2020","format":false,"excerpt":"Fare i conti con la violenza. Una strana riflessione a partire dal dibattito fra Luigi Manconi e Giovanni De Luna a Storie in trasformazione fino alla visione recente di The Image you missed di D\u00f3nal Foreman organizzata da L'Ambulante.","rel":"","context":"In &quot;Coordinate&quot;","block_context":{"text":"Coordinate","link":"http:\/\/www.robertosedda.it\/?cat=52"},"img":{"alt_text":"","src":"https:\/\/i0.wp.com\/www.robertosedda.it\/wp-content\/uploads\/2020\/02\/Manconi-De-Luna.jpg?fit=1200%2C900&resize=350%2C200","width":350,"height":200,"srcset":"https:\/\/i0.wp.com\/www.robertosedda.it\/wp-content\/uploads\/2020\/02\/Manconi-De-Luna.jpg?fit=1200%2C900&resize=350%2C200 1x, https:\/\/i0.wp.com\/www.robertosedda.it\/wp-content\/uploads\/2020\/02\/Manconi-De-Luna.jpg?fit=1200%2C900&resize=700%2C400 2x, https:\/\/i0.wp.com\/www.robertosedda.it\/wp-content\/uploads\/2020\/02\/Manconi-De-Luna.jpg?fit=1200%2C900&resize=1050%2C600 3x"},"classes":[]}],"_links":{"self":[{"href":"http:\/\/www.robertosedda.it\/index.php?rest_route=\/wp\/v2\/posts\/2369"}],"collection":[{"href":"http:\/\/www.robertosedda.it\/index.php?rest_route=\/wp\/v2\/posts"}],"about":[{"href":"http:\/\/www.robertosedda.it\/index.php?rest_route=\/wp\/v2\/types\/post"}],"author":[{"embeddable":true,"href":"http:\/\/www.robertosedda.it\/index.php?rest_route=\/wp\/v2\/users\/1"}],"replies":[{"embeddable":true,"href":"http:\/\/www.robertosedda.it\/index.php?rest_route=%2Fwp%2Fv2%2Fcomments&post=2369"}],"version-history":[{"count":8,"href":"http:\/\/www.robertosedda.it\/index.php?rest_route=\/wp\/v2\/posts\/2369\/revisions"}],"predecessor-version":[{"id":2372,"href":"http:\/\/www.robertosedda.it\/index.php?rest_route=\/wp\/v2\/posts\/2369\/revisions\/2372"}],"wp:attachment":[{"href":"http:\/\/www.robertosedda.it\/index.php?rest_route=%2Fwp%2Fv2%2Fmedia&parent=2369"}],"wp:term":[{"taxonomy":"category","embeddable":true,"href":"http:\/\/www.robertosedda.it\/index.php?rest_route=%2Fwp%2Fv2%2Fcategories&post=2369"},{"taxonomy":"post_tag","embeddable":true,"href":"http:\/\/www.robertosedda.it\/index.php?rest_route=%2Fwp%2Fv2%2Ftags&post=2369"}],"curies":[{"name":"wp","href":"https:\/\/api.w.org\/{rel}","templated":true}]}}