{"id":2357,"date":"2013-02-26T16:50:07","date_gmt":"2013-02-26T15:50:07","guid":{"rendered":"http:\/\/www.robertosedda.it\/?p=2357"},"modified":"2013-06-06T18:59:13","modified_gmt":"2013-06-06T16:59:13","slug":"giorno-di-festa","status":"publish","type":"post","link":"http:\/\/www.robertosedda.it\/?p=2357","title":{"rendered":"Giorno di festa"},"content":{"rendered":"<p><a href=\"https:\/\/i0.wp.com\/www.robertosedda.it\/wp-content\/uploads\/2013\/02\/Nazim_Hikmet.jpg\"><img data-attachment-id=\"2362\" data-permalink=\"http:\/\/www.robertosedda.it\/?attachment_id=2362\" data-orig-file=\"https:\/\/i0.wp.com\/www.robertosedda.it\/wp-content\/uploads\/2013\/02\/Nazim_Hikmet.jpg?fit=240%2C268\" data-orig-size=\"240,268\" data-comments-opened=\"1\" data-image-meta=\"{&quot;aperture&quot;:&quot;0&quot;,&quot;credit&quot;:&quot;&quot;,&quot;camera&quot;:&quot;&quot;,&quot;caption&quot;:&quot;&quot;,&quot;created_timestamp&quot;:&quot;0&quot;,&quot;copyright&quot;:&quot;&quot;,&quot;focal_length&quot;:&quot;0&quot;,&quot;iso&quot;:&quot;0&quot;,&quot;shutter_speed&quot;:&quot;0&quot;,&quot;title&quot;:&quot;&quot;}\" data-image-title=\"Nazim_Hikmet\" data-image-description=\"\" data-image-caption=\"\" data-medium-file=\"https:\/\/i0.wp.com\/www.robertosedda.it\/wp-content\/uploads\/2013\/02\/Nazim_Hikmet.jpg?fit=240%2C268\" data-large-file=\"https:\/\/i0.wp.com\/www.robertosedda.it\/wp-content\/uploads\/2013\/02\/Nazim_Hikmet.jpg?fit=240%2C268\" decoding=\"async\" loading=\"lazy\" class=\"size-full wp-image-2362 alignright\" alt=\"Nazim_Hikmet\" src=\"https:\/\/i0.wp.com\/www.robertosedda.it\/wp-content\/uploads\/2013\/02\/Nazim_Hikmet.jpg?resize=240%2C268\" width=\"240\" height=\"268\" data-recalc-dims=\"1\" \/><\/a>Oggi \u00e8 giorno di festa, perch\u00e9 ho finalmente ritrovato la poesia di <a href=\"http:\/\/it.wikipedia.org\/wiki\/Nazim_Hikmet\">Nazim Hikmet<\/a> citata nelle <a href=\"http:\/\/it.wikipedia.org\/wiki\/Le_fate_ignoranti\"><em>Fate ignoranti<\/em><\/a> di Ozpetek.<\/p>\n<p>Hikmet \u00e8 pochi gradini sotto Brecht nella graduatoria dei miei poeti preferiti. Ora che ci penso: un altro poeta comunista della mia adolescenza (<a title=\"Tebe dalle sette porte\" href=\"http:\/\/www.robertosedda.it\/?p=663\">e no, mia mamma non mi leggeva le sue poesie<\/a>, ma un suo libro a casa c&#8217;era e io me lo sono scovato da solo intorno alla terza media).<\/p>\n<p>Per festeggiare il ritrovamento condivido la poesia con voi: \u00e8 molto bella.<\/p>\n<blockquote>\n<h2><em>Notte d&#8217;autunno<\/em> (Nazim Hikmet)<\/h2>\n<p><em>In questa notte d&#8217;autunno<\/em><br \/>\n<em>sono pieno delle tue parole<br \/>\nparole eterne come il tempo<br \/>\ncome la materia<br \/>\nparole pesanti come la mano<br \/>\nscintillanti come le stelle.<\/em><\/p>\n<p><em>Dalla tua testa dalla tua carne<br \/>\ndal tuo cuore<br \/>\nmi sono giunte le tue parole<br \/>\nle tue parole cariche di te<br \/>\nle tue parole, madre<br \/>\nle tue parole, amore<br \/>\nle tue parole, amica.<\/em><\/p>\n<p><em>Erano tristi, amare<br \/>\nerano allegre, piene di speranza<br \/>\nerano coraggiose, eroiche<br \/>\nle tue parole<br \/>\nerano uomini.<\/em><\/p><\/blockquote>\n","protected":false},"excerpt":{"rendered":"<p>Oggi \u00e8 giorno di festa, perch\u00e9 ho finalmente ritrovato la poesia di Nazim Hikmet citata nelle Fate ignoranti di Ozpetek.<\/p>\n","protected":false},"author":1,"featured_media":2362,"comment_status":"open","ping_status":"open","sticky":false,"template":"","format":"standard","meta":{"_mi_skip_tracking":false,"_monsterinsights_sitenote_active":false,"_monsterinsights_sitenote_note":"","_monsterinsights_sitenote_category":0,"jetpack_post_was_ever_published":false,"_jetpack_newsletter_access":"","jetpack_publicize_message":"","jetpack_is_tweetstorm":false,"jetpack_publicize_feature_enabled":true,"jetpack_social_post_already_shared":false,"jetpack_social_options":{"image_generator_settings":{"template":"highway","enabled":false}}},"categories":[52,53,75,17,16],"tags":[],"jetpack_publicize_connections":[],"jetpack_featured_media_url":"https:\/\/i0.wp.com\/www.robertosedda.it\/wp-content\/uploads\/2013\/02\/Nazim_Hikmet.jpg?fit=240%2C268","jetpack_sharing_enabled":true,"jetpack_shortlink":"https:\/\/wp.me\/p4jV2T-C1","jetpack_likes_enabled":true,"jetpack-related-posts":[{"id":1167,"url":"http:\/\/www.robertosedda.it\/?p=1167","url_meta":{"origin":2357,"position":0},"title":"All&#8217;inizio delle piogge","author":"Rufus","date":"27\/10\/2012","format":false,"excerpt":"Oggi, uscendo di casa e salutando mia moglie sotto un diluvio, mi \u00e8 tornata in mente una poesia, adatta all'autunno e ai giorni di pioggia. Riguardatevi! La poesia \u00e8, ovviamente, di Bertolt Brecht: Da leggere il mattino e la sera Quello che amo mi ha detto che ha bisogno di\u2026","rel":"","context":"In &quot;Coordinate&quot;","block_context":{"text":"Coordinate","link":"http:\/\/www.robertosedda.it\/?cat=52"},"img":{"alt_text":"","src":"","width":0,"height":0},"classes":[]},{"id":663,"url":"http:\/\/www.robertosedda.it\/?p=663","url_meta":{"origin":2357,"position":1},"title":"Tebe dalle sette porte","author":"Rufus","date":"23\/08\/2012","format":false,"excerpt":"Avete visto qualche volta nella mia firma la domanda \"Tebe dalle sette porte, chi la costrui?\". Siccome qui sulla lista mi avete scritto, per prendermi in giro, \u00abInsomma, chi la costru\u00ec?!\u00bb, do... la soluzione. Si tratta del primo verso di una poesia di Bertolt Brecht, poeta e drammaturgo tedesco della\u2026","rel":"","context":"In &quot;Coordinate&quot;","block_context":{"text":"Coordinate","link":"http:\/\/www.robertosedda.it\/?cat=52"},"img":{"alt_text":"","src":"","width":0,"height":0},"classes":[]},{"id":10839,"url":"http:\/\/www.robertosedda.it\/?p=10839","url_meta":{"origin":2357,"position":2},"title":"Stretti crinali","author":"Rufus","date":"16\/09\/2015","format":false,"excerpt":"Ho scritto oggi per varie questioni ai coordinatori dei gruppi dei soci di Banca Etica del centro Italia e nella mail ho incluso una poesia, che in realt\u00e0 ho gi\u00e0 postato a suo tempo qui sul\u00a0blog I GIACIGLI PER LA NOTTE Ho sentito dire che a New York all'angolo della\u2026","rel":"","context":"In &quot;Coordinate&quot;","block_context":{"text":"Coordinate","link":"http:\/\/www.robertosedda.it\/?cat=52"},"img":{"alt_text":"","src":"https:\/\/i0.wp.com\/www.robertosedda.it\/wp-content\/uploads\/2015\/09\/Brecht.jpg?fit=405%2C350&resize=350%2C200","width":350,"height":200},"classes":[]},{"id":16587,"url":"http:\/\/www.robertosedda.it\/?p=16587","url_meta":{"origin":2357,"position":3},"title":"Pioggia di primavera","author":"Rufus","date":"11\/04\/2019","format":false,"excerpt":"Controllando delle altre cose su Facebook mi sono accorto che c'\u00e8 stato un tempo (fra il 2008 e il 2009) nel quale pubblicavo una poesia al giorno. Cio\u00e8: che pubblicassi poesie me lo ricordavo. Quello che non ricordavo era di essere durato cos\u00ec tanto: almeno sei mesi interi, giorno dopo\u2026","rel":"","context":"In &quot;Coordinate&quot;","block_context":{"text":"Coordinate","link":"http:\/\/www.robertosedda.it\/?cat=52"},"img":{"alt_text":"","src":"https:\/\/i0.wp.com\/www.robertosedda.it\/wp-content\/uploads\/2013\/02\/Nazim_Hikmet.jpg?fit=240%2C268&resize=350%2C200","width":350,"height":200},"classes":[]},{"id":1085,"url":"http:\/\/www.robertosedda.it\/?p=1085","url_meta":{"origin":2357,"position":4},"title":"L&#8217;ululato di Lance Henson in Piazza Repubblica Libri","author":"Rufus","date":"22\/10\/2012","format":false,"excerpt":"L'altra sera sono andato a vedere la nuova sede di Piazza Repubblica Libri: non ero andato alla festa di inaugurazione e volevo fare gli auguri a Patrizio, Daniela e gli altri, tanto pi\u00f9 che\u00a0adesso sono in una zona della citt\u00e0 lontana dai miei giri e passare \u00e8 meno spontaneo. Cos\u00ec\u2026","rel":"","context":"In &quot;Coordinate&quot;","block_context":{"text":"Coordinate","link":"http:\/\/www.robertosedda.it\/?cat=52"},"img":{"alt_text":"","src":"","width":0,"height":0},"classes":[]},{"id":1333,"url":"http:\/\/www.robertosedda.it\/?p=1333","url_meta":{"origin":2357,"position":5},"title":"A qualcuno piace la poesia","author":"Rufus","date":"14\/11\/2012","format":false,"excerpt":"Ieri era il compleanno di mia moglie, e ovviamente sulla\u00a0mailing list\u00a0del gruppo \"La Pira\" le hanno fatto gli auguri. Per sdebitarsi Maria Bonaria ha pubblicato sulla lista una poesia di Wislawa Szymborska (che \u00e8 la sua poetessa, come Brecht per me). \u00c8 una poesia molto bella, e mi va di\u2026","rel":"","context":"In &quot;Coordinate&quot;","block_context":{"text":"Coordinate","link":"http:\/\/www.robertosedda.it\/?cat=52"},"img":{"alt_text":"","src":"","width":0,"height":0},"classes":[]}],"_links":{"self":[{"href":"http:\/\/www.robertosedda.it\/index.php?rest_route=\/wp\/v2\/posts\/2357"}],"collection":[{"href":"http:\/\/www.robertosedda.it\/index.php?rest_route=\/wp\/v2\/posts"}],"about":[{"href":"http:\/\/www.robertosedda.it\/index.php?rest_route=\/wp\/v2\/types\/post"}],"author":[{"embeddable":true,"href":"http:\/\/www.robertosedda.it\/index.php?rest_route=\/wp\/v2\/users\/1"}],"replies":[{"embeddable":true,"href":"http:\/\/www.robertosedda.it\/index.php?rest_route=%2Fwp%2Fv2%2Fcomments&post=2357"}],"version-history":[{"count":9,"href":"http:\/\/www.robertosedda.it\/index.php?rest_route=\/wp\/v2\/posts\/2357\/revisions"}],"predecessor-version":[{"id":2360,"href":"http:\/\/www.robertosedda.it\/index.php?rest_route=\/wp\/v2\/posts\/2357\/revisions\/2360"}],"wp:featuredmedia":[{"embeddable":true,"href":"http:\/\/www.robertosedda.it\/index.php?rest_route=\/wp\/v2\/media\/2362"}],"wp:attachment":[{"href":"http:\/\/www.robertosedda.it\/index.php?rest_route=%2Fwp%2Fv2%2Fmedia&parent=2357"}],"wp:term":[{"taxonomy":"category","embeddable":true,"href":"http:\/\/www.robertosedda.it\/index.php?rest_route=%2Fwp%2Fv2%2Fcategories&post=2357"},{"taxonomy":"post_tag","embeddable":true,"href":"http:\/\/www.robertosedda.it\/index.php?rest_route=%2Fwp%2Fv2%2Ftags&post=2357"}],"curies":[{"name":"wp","href":"https:\/\/api.w.org\/{rel}","templated":true}]}}