{"id":2337,"date":"2013-02-26T12:33:48","date_gmt":"2013-02-26T11:33:48","guid":{"rendered":"http:\/\/www.robertosedda.it\/?p=2337"},"modified":"2017-01-02T23:58:13","modified_gmt":"2017-01-02T22:58:13","slug":"viva-la-liberta","status":"publish","type":"post","link":"http:\/\/www.robertosedda.it\/?p=2337","title":{"rendered":"Viva la libert\u00e0!"},"content":{"rendered":"<p><a href=\"https:\/\/i0.wp.com\/www.robertosedda.it\/wp-content\/uploads\/2013\/02\/viva-la-libert\u00e0-1.jpg\"><img data-attachment-id=\"2338\" data-permalink=\"http:\/\/www.robertosedda.it\/?attachment_id=2338\" data-orig-file=\"https:\/\/i0.wp.com\/www.robertosedda.it\/wp-content\/uploads\/2013\/02\/viva-la-libert\u00e0-1.jpg?fit=333%2C479\" data-orig-size=\"333,479\" data-comments-opened=\"1\" data-image-meta=\"{&quot;aperture&quot;:&quot;0&quot;,&quot;credit&quot;:&quot;&quot;,&quot;camera&quot;:&quot;&quot;,&quot;caption&quot;:&quot;&quot;,&quot;created_timestamp&quot;:&quot;0&quot;,&quot;copyright&quot;:&quot;&quot;,&quot;focal_length&quot;:&quot;0&quot;,&quot;iso&quot;:&quot;0&quot;,&quot;shutter_speed&quot;:&quot;0&quot;,&quot;title&quot;:&quot;&quot;}\" data-image-title=\"viva la libert\u00e0 1\" data-image-description=\"\" data-image-caption=\"\" data-medium-file=\"https:\/\/i0.wp.com\/www.robertosedda.it\/wp-content\/uploads\/2013\/02\/viva-la-libert\u00e0-1.jpg?fit=208%2C300\" data-large-file=\"https:\/\/i0.wp.com\/www.robertosedda.it\/wp-content\/uploads\/2013\/02\/viva-la-libert\u00e0-1.jpg?fit=333%2C479\" decoding=\"async\" loading=\"lazy\" class=\"alignleft size-medium wp-image-2338\" src=\"https:\/\/i0.wp.com\/www.robertosedda.it\/wp-content\/uploads\/2013\/02\/viva-la-libert\u00e0-1.jpg?resize=208%2C300\" alt=\"viva la libert\u00e0 1\" width=\"208\" height=\"300\" srcset=\"https:\/\/i0.wp.com\/www.robertosedda.it\/wp-content\/uploads\/2013\/02\/viva-la-libert\u00e0-1.jpg?resize=208%2C300 208w, https:\/\/i0.wp.com\/www.robertosedda.it\/wp-content\/uploads\/2013\/02\/viva-la-libert\u00e0-1.jpg?w=333 333w\" sizes=\"(max-width: 208px) 100vw, 208px\" data-recalc-dims=\"1\" \/><\/a>Ieri sera sono andato al cinema.<\/p>\n<p>Credo che decidere di andare al cinema mentre\u00a0le notizie di risultati elettorali appesi a un filo invadono tutte le TV, la radio e i <em>social network<\/em> riveli un buon grado di sangue freddo, oppure una consolidata abitudine a scoprire che purtroppo toccher\u00e0 aspettare un&#8217;altra volta (nel mio caso, probabilmente entrambe le cose).<\/p>\n<p>Se per\u00f2 la sera delle elezioni uno oltre ad andare al cinema sceglie anche un <em>film<\/em> che parla del segretario politico del principale partito di opposizione che si trova di fronte a sondaggi calanti e improvvisamente sente che non ce la pu\u00f2 fare a governare il paese&#8230; beh, le cose si complicano.<\/p>\n<h3>Ma andiamo con ordine&#8230;<\/h3>\n<div class=\"jetpack-video-wrapper\"><span class=\"embed-youtube\" style=\"text-align:center; display: block;\"><iframe class=\"youtube-player\" width=\"800\" height=\"450\" src=\"https:\/\/www.youtube.com\/embed\/dLicMAWhv1k?version=3&#038;rel=1&#038;showsearch=0&#038;showinfo=1&#038;iv_load_policy=1&#038;fs=1&#038;hl=it-IT&#038;autohide=2&#038;wmode=transparent\" allowfullscreen=\"true\" style=\"border:0;\" sandbox=\"allow-scripts allow-same-origin allow-popups allow-presentation\"><\/iframe><\/span><\/div>\n<h2><em>Viva la libert\u00e0!<\/em> (Roberto And\u00f2, Italia 2012)<\/h2>\n<p><a href=\"https:\/\/i0.wp.com\/www.robertosedda.it\/wp-content\/uploads\/2013\/02\/viva-la-libert\u00e0-berlinguer.jpg\"><img data-attachment-id=\"2342\" data-permalink=\"http:\/\/www.robertosedda.it\/?attachment_id=2342\" data-orig-file=\"https:\/\/i0.wp.com\/www.robertosedda.it\/wp-content\/uploads\/2013\/02\/viva-la-libert\u00e0-berlinguer.jpg?fit=526%2C394\" data-orig-size=\"526,394\" data-comments-opened=\"1\" data-image-meta=\"{&quot;aperture&quot;:&quot;0&quot;,&quot;credit&quot;:&quot;&quot;,&quot;camera&quot;:&quot;&quot;,&quot;caption&quot;:&quot;&quot;,&quot;created_timestamp&quot;:&quot;0&quot;,&quot;copyright&quot;:&quot;&quot;,&quot;focal_length&quot;:&quot;0&quot;,&quot;iso&quot;:&quot;0&quot;,&quot;shutter_speed&quot;:&quot;0&quot;,&quot;title&quot;:&quot;&quot;}\" data-image-title=\"viva la libert\u00e0 berlinguer\" data-image-description=\"\" data-image-caption=\"\" data-medium-file=\"https:\/\/i0.wp.com\/www.robertosedda.it\/wp-content\/uploads\/2013\/02\/viva-la-libert\u00e0-berlinguer.jpg?fit=300%2C224\" data-large-file=\"https:\/\/i0.wp.com\/www.robertosedda.it\/wp-content\/uploads\/2013\/02\/viva-la-libert\u00e0-berlinguer.jpg?fit=510%2C382\" decoding=\"async\" loading=\"lazy\" class=\"alignleft size-medium wp-image-2342\" src=\"https:\/\/i0.wp.com\/www.robertosedda.it\/wp-content\/uploads\/2013\/02\/viva-la-libert\u00e0-berlinguer.jpg?resize=300%2C224\" alt=\"viva la libert\u00e0 berlinguer\" width=\"300\" height=\"224\" srcset=\"https:\/\/i0.wp.com\/www.robertosedda.it\/wp-content\/uploads\/2013\/02\/viva-la-libert\u00e0-berlinguer.jpg?resize=300%2C224 300w, https:\/\/i0.wp.com\/www.robertosedda.it\/wp-content\/uploads\/2013\/02\/viva-la-libert\u00e0-berlinguer.jpg?resize=268%2C200 268w, https:\/\/i0.wp.com\/www.robertosedda.it\/wp-content\/uploads\/2013\/02\/viva-la-libert\u00e0-berlinguer.jpg?w=526 526w\" sizes=\"(max-width: 300px) 100vw, 300px\" data-recalc-dims=\"1\" \/><\/a>Allora: Enrico Oliveri \u00e8 il segretario del PD, su questo non c&#8217;\u00e8 dubbio &#8211; nella sala dove si riunisce la direzione c&#8217;\u00e8 una foto di Berlinguer dietro il capotavola&#8230; a pensarci bene, questo potrebbe <em>escludere<\/em> che parliamo del PD. In realt\u00e0,\u00a0il partito di Oliveri\u00a0\u00e8 tratteggiato in maniera volutamente ambigua: un paio di dirigenti richiamano uno D&#8217;Alema (De Bellis, presentato come un intrigante traditore) e l&#8217;altro Renzi (che straparla di quel che vuole la gente e a cui Mastandrea risponde: \u00abLa gente ama anche la merda,\u00a0ma non vuol dire che gliela dobbiamo dare\u00bb, e io apprezzo), \u00e8 detto esplicitamente che \u00e8 un partito della sinistra europea, il presidente \u00e8 una donna, la sede richiama il famoso <em>loft<\/em> di Veltroni (ed \u00e8 oggetto di una battuta velenosa) ma per il resto \u00e8 abbastanza trasfigurato, reso generico: un forte partito italiano d&#8217;oppozione di sinistra, e poi ognuno tragga le sue conclusioni.<\/p>\n<p>Stanno per arrivare le elezioni e palesemente il partito\u00a0e il suo segretario non ce la fanno. Serpeggiano insicurezza, dubbi e\u00a0recriminazioni, l&#8217;aria \u00e8 mesta. E allora Enrico Oliveri, semplicemente, svanisce. \u00c8 a questo punto che la moglie e i pi\u00f9 stretti collaboratori hanno una pensata geniale (<em>geniale?!<\/em>): appurato che il segretario ha un fratello gemello di cui nessuno \u00e8 a conoscenza, lo convincono (senza troppa fatica, in verit\u00e0) a impersonare lo scomparso per non lasciare il partito allo sbando. C&#8217;\u00e8 un piccolo problema:\u00a0Giovanni \u00e8 pazzo &#8211; ma imprevedibilmente nella sua follia (c&#8217;\u00e8 un metodo nella sua follia) il <em>nuovo<\/em> segretario riesce a galvanizzare il partito. Nel frattempo, Enrico&#8230;<\/p>\n<h3>Lontano dal farsesco (e da un certo\u00a0politico)<\/h3>\n<p>Girato molto bene e recitato\u00a0benissimo da Servillo, Mastandrea e Tedeschi (meno bene dalle protagoniste femminili, ma io terrei d&#8217;occhio in futuro Judith Davis, che oltretutto non dispiace allo sguardo) <em>Viva la libert\u00e0!<\/em> si appoggia a una sceneggiatura che evita tutte le trappole pi\u00f9 ovvie: poteva uscirne facilmente una commedia sgangherata alla Steve Martin, invece non c&#8217;\u00e8 una sola <em>gag <\/em>sugli scambi di persona, nessun facile effetto comico. Allo stesso modo ci si tiene lontani dal classico <em>film<\/em> politico a tesi, che poteva essere un&#8217;altra soluzione ovvia. O meglio: il <em>film<\/em> ha una sua tesi (che per\u00a0arrivare al governo\u00a0la sinistra deve abbandonare la paura di vincere, e che la paura, in tante forme,\u00a0\u00e8 il sale della politica italiana). Ma questa tesi \u00e8 accompagnata da altri temi: evidentemente quello del <em>doppio<\/em>, ma anche quello parallelo della ricostruzione della realt\u00e0 &#8211; con il confronto fra politica e cinema, due modi diversi di costruire narrazioni &#8211; il tema dell&#8217;amore, dell&#8217;infertilit\u00e0 della politica, la salute mentale e la contrapposizione di stati di depressione e di esaltazione &#8211; ognuno dei fratelli deve guarire dal suo, e la politica sembra richiedere a entrambi un equilibrio fra le due condizioni, o forse, si suggerisce, \u00e8\u00a0la politica\u00a0la cura suprema?!\u00a0o il cinema?! oppure c&#8217;\u00e8 l&#8217;idea che la politica richiede stati di eccitazione da esaltazione chimica? Non saprei.<\/p>\n<p><a href=\"https:\/\/i0.wp.com\/www.robertosedda.it\/wp-content\/uploads\/2013\/02\/00_viva_la_liberta_01_distribution.jpg\"><img data-attachment-id=\"2349\" data-permalink=\"http:\/\/www.robertosedda.it\/?attachment_id=2349\" data-orig-file=\"https:\/\/i0.wp.com\/www.robertosedda.it\/wp-content\/uploads\/2013\/02\/00_viva_la_liberta_01_distribution.jpg?fit=738%2C462\" data-orig-size=\"738,462\" data-comments-opened=\"1\" data-image-meta=\"{&quot;aperture&quot;:&quot;0&quot;,&quot;credit&quot;:&quot;&quot;,&quot;camera&quot;:&quot;&quot;,&quot;caption&quot;:&quot;&quot;,&quot;created_timestamp&quot;:&quot;0&quot;,&quot;copyright&quot;:&quot;&quot;,&quot;focal_length&quot;:&quot;0&quot;,&quot;iso&quot;:&quot;0&quot;,&quot;shutter_speed&quot;:&quot;0&quot;,&quot;title&quot;:&quot;&quot;}\" data-image-title=\"00_viva_la_liberta_01_distribution\" data-image-description=\"\" data-image-caption=\"\" data-medium-file=\"https:\/\/i0.wp.com\/www.robertosedda.it\/wp-content\/uploads\/2013\/02\/00_viva_la_liberta_01_distribution.jpg?fit=300%2C187\" data-large-file=\"https:\/\/i0.wp.com\/www.robertosedda.it\/wp-content\/uploads\/2013\/02\/00_viva_la_liberta_01_distribution.jpg?fit=510%2C319\" decoding=\"async\" loading=\"lazy\" class=\"alignright size-medium wp-image-2349\" src=\"https:\/\/i0.wp.com\/www.robertosedda.it\/wp-content\/uploads\/2013\/02\/00_viva_la_liberta_01_distribution.jpg?resize=300%2C187\" alt=\"00_viva_la_liberta_01_distribution\" width=\"300\" height=\"187\" srcset=\"https:\/\/i0.wp.com\/www.robertosedda.it\/wp-content\/uploads\/2013\/02\/00_viva_la_liberta_01_distribution.jpg?resize=300%2C187 300w, https:\/\/i0.wp.com\/www.robertosedda.it\/wp-content\/uploads\/2013\/02\/00_viva_la_liberta_01_distribution.jpg?resize=700%2C438 700w, https:\/\/i0.wp.com\/www.robertosedda.it\/wp-content\/uploads\/2013\/02\/00_viva_la_liberta_01_distribution.jpg?w=738 738w\" sizes=\"(max-width: 300px) 100vw, 300px\" data-recalc-dims=\"1\" \/><\/a>Contribuisce a dare profondit\u00e0 anche lo stile della narrazione, che spesso sfugge al realismo per battere improvvisamente i\u00a0sentieri del surreale: in certi momenti <em>Viva la libert\u00e0!<\/em> ricorda <em>Habemus papam<\/em> (o certi passaggi grotteschi de <em>Il divo<\/em>). E, infine, la narrazione \u00e8 ellittica e lasciata aperta quel tanto che basta per suggerire allo spettatore che dietro ci sono altri livelli che forse non sono proprio come sembrano (cio\u00e8 il <em>film<\/em>, come la politica, \u00e8 una ricostruzione <em>plausibile<\/em>, ma forse le cose sono andate in maniera diversa da come sembra sullo schermo).<\/p>\n<p>Naturalmente l&#8217;operazione presenta dei rischi e <em>Viva la libert\u00e0!<\/em> non \u00e8 proprio del tutto riuscito: l&#8217;apparato simbolico \u00e8 sovrabbondante e ogni tanto macchinoso, la coerenza interna salta volentieri &#8211; cos\u00ec come la partita di pallavolo di <em>Habemus papam<\/em>, pur necessaria, sfibrava parecchio la disponibilit\u00e0 a collaborare dello spettatore &#8211; e la tesi politica un po&#8217; sfuggente (ma su questo torno fra poco).<\/p>\n<p>Per\u00f2 il <em>film<\/em> regala almeno un momento di grande emozione, quando Giovanni\u00a0sul palco recita un Brecht (<a title=\"Tebe dalle sette porte\" href=\"http:\/\/www.robertosedda.it\/?p=663\">ah, il mio amato Brecht!<\/a>) che sembra scritto <em>veramente<\/em> per l&#8217;oggi:<\/p>\n<blockquote><p><a href=\"https:\/\/i0.wp.com\/www.robertosedda.it\/wp-content\/uploads\/2013\/02\/viva-la-libert\u00e0-2.png\"><img data-attachment-id=\"2344\" data-permalink=\"http:\/\/www.robertosedda.it\/?attachment_id=2344\" data-orig-file=\"https:\/\/i0.wp.com\/www.robertosedda.it\/wp-content\/uploads\/2013\/02\/viva-la-libert\u00e0-2.png?fit=778%2C401\" data-orig-size=\"778,401\" data-comments-opened=\"1\" data-image-meta=\"{&quot;aperture&quot;:&quot;0&quot;,&quot;credit&quot;:&quot;&quot;,&quot;camera&quot;:&quot;&quot;,&quot;caption&quot;:&quot;&quot;,&quot;created_timestamp&quot;:&quot;0&quot;,&quot;copyright&quot;:&quot;&quot;,&quot;focal_length&quot;:&quot;0&quot;,&quot;iso&quot;:&quot;0&quot;,&quot;shutter_speed&quot;:&quot;0&quot;,&quot;title&quot;:&quot;&quot;}\" data-image-title=\"viva la libert\u00e0 2\" data-image-description=\"\" data-image-caption=\"\" data-medium-file=\"https:\/\/i0.wp.com\/www.robertosedda.it\/wp-content\/uploads\/2013\/02\/viva-la-libert\u00e0-2.png?fit=300%2C154\" data-large-file=\"https:\/\/i0.wp.com\/www.robertosedda.it\/wp-content\/uploads\/2013\/02\/viva-la-libert\u00e0-2.png?fit=510%2C263\" decoding=\"async\" loading=\"lazy\" class=\"size-medium wp-image-2344 alignright\" src=\"https:\/\/i0.wp.com\/www.robertosedda.it\/wp-content\/uploads\/2013\/02\/viva-la-libert\u00e0-2.png?resize=300%2C154\" alt=\"viva la libert\u00e0 2\" width=\"300\" height=\"154\" srcset=\"https:\/\/i0.wp.com\/www.robertosedda.it\/wp-content\/uploads\/2013\/02\/viva-la-libert\u00e0-2.png?resize=300%2C154 300w, https:\/\/i0.wp.com\/www.robertosedda.it\/wp-content\/uploads\/2013\/02\/viva-la-libert\u00e0-2.png?resize=700%2C360 700w, https:\/\/i0.wp.com\/www.robertosedda.it\/wp-content\/uploads\/2013\/02\/viva-la-libert\u00e0-2.png?w=778 778w\" sizes=\"(max-width: 300px) 100vw, 300px\" data-recalc-dims=\"1\" \/><\/a>Dici:<br \/>\nper noi va male. Il buio<br \/>\ncresce. Le forze scemano.<br \/>\nDopo che si \u00e8 lavorato tanti anni<br \/>\nnoi siamo ora in una condizione<br \/>\npi\u00f9 difficile di quando<br \/>\nsi era appena cominciato.<\/p>\n<p>E il nemico ci sta innanzi<br \/>\npi\u00f9 potente che mai.<br \/>\nSembra gli siano cresciute le forze. Ha preso<br \/>\nuna apparenza invincibile.<br \/>\nE noi abbiamo commesso degli errori,<br \/>\nnon si pu\u00f2 pi\u00f9 mentire.<br \/>\nSiamo sempre di meno. Le nostre<br \/>\nparole d&#8217;ordine sono confuse. Una parte<br \/>\ndelle nostre parole<br \/>\nle ha travolte il nemico fino a renderle<br \/>\nirriconoscibili.<\/p>\n<p>Che cosa \u00e8 errato ora, falso, di quel che abbiamo detto?<br \/>\nQualcosa o tutto? Su chi<br \/>\ncontiamo ancora? Siamo dei sopravvissuti, respinti<br \/>\nvia dalla corrente? Resteremo indietro, senza<br \/>\ncomprendere pi\u00f9 nessuno e da nessuno compresi?<\/p>\n<p>O contare sulla buona sorte?<\/p>\n<p>Questo tu chiedi. Non aspettarti<br \/>\nnessuna risposta<br \/>\noltre la tua.<\/p><\/blockquote>\n<h3>Due o tre osservazioni sulla politica<\/h3>\n<p>\u00c8 un momento che funziona <em>davvero<\/em>, ma che in realt\u00e0 aggiunge complessit\u00e0; perch\u00e9 se ci si presta attenzione ci si rende conto che Giovanni non \u00e8 mai <em>autentico:<\/em> in tutti i momenti in cui colpisce di pi\u00f9 l&#8217;opinione pubblica sta citando qualcun altro (Brecht un paio di volte, Pascal, un <em>haiku<\/em> giapponese&#8230;). Quindi in realt\u00e0 <em>Viva la libert\u00e0!<\/em> non afferma che la strada maestra della politica \u00e8 essere autentici, ma che occorre dare alla gente ci\u00f2 che vuole sentirsi dire? O che la poesia, la filosofia, il sapere sono la via per parlare al cuore (e il cervello, allora?)? A me piace un <em>film<\/em> che dopo averlo visto mi lascia a riflettere, ma da un <em>film<\/em> cos\u00ec politico avrei voluto un attimino di chiarezza in pi\u00f9: non troppa, ma quel tanto che serva a chiarire che non si stanno complicando le cose giusto per dare l&#8217;idea di una profondit\u00e0 che non c&#8217;\u00e8. Lo stesso vale per le suggestioni offerte,\u00a0e lasciate l\u00ec, sul tema della paura.<\/p>\n<p><a href=\"https:\/\/i0.wp.com\/www.robertosedda.it\/wp-content\/uploads\/2013\/02\/viva_liberta1.jpg\"><img decoding=\"async\" loading=\"lazy\" class=\"alignright\" src=\"https:\/\/i0.wp.com\/www.robertosedda.it\/wp-content\/uploads\/2013\/02\/viva_liberta1.jpg?resize=300%2C300\" alt=\"viva_liberta\" width=\"300\" height=\"300\" data-recalc-dims=\"1\" \/><\/a>In realt\u00e0, per\u00f2, temo che il difetto maggiore di <em>Viva la libert\u00e0!<\/em> sia il suo ancoraggio con l&#8217;oggi: come per <em>Il caimano!<\/em> non so quanto possa sopravvivere, pur con tutto il suo apparato simbolico,\u00a0il suo cercare la profondit\u00e0, a un cambiare delle condizioni politiche, che anzi, forse, sono addirittura <em>gi\u00e0<\/em> cambiate mentre viene proiettato nelle sale. Ho il dubbio: e d&#8217;altra parte non sembra un <em>film<\/em> cos\u00ec <em>indispensabile<\/em> da progettare di rivederlo fra due anni, cos\u00ec, giusto per verificare. Ma forse mi sbaglio, e in ogni caso mi sembra una buona idea decidere di seguire il percorso futuro di And\u00f2 e i suoi prossimi lavori.<\/p>\n<h3><em>Killer instinct e Machiavelli<\/em><\/h3>\n<p>Nell&#8217;anno cinquecentesimo dalla pubblicazione de <em>Il Principe<\/em> sto rileggendo Machiavelli, e la lettura mi suggerisce una riflessione sulla tesi di <em>Viva la libert\u00e0!<\/em> Sono rimasto recentemente molto colpito da una osservazione di Gennaro Sasso, che diceva che <em>Il Principe<\/em> ci ricorda che la politica \u00e8 il luogo della sopravvivenza, cio\u00e8 il luogo in cui il primato, anzitutto, va dato alla propria continuata esistenza: perch\u00e9 senza quella, ovviamente, non pu\u00f2 esservi rappresentanza di valori e interessi &#8211; chi \u00e8 in campo \u00e8 legittimato, come diceva Martinazzoli, ma chi non \u00e8 in campo semplicemente non esiste.<\/p>\n<p>A una prima occhiata questa idea sembra contraddire <em>Viva la libert\u00e0!<\/em> Gli esponenti di partito che circondano Enrico\/Giovanni sanno, saggiamente, che ci\u00f2 che importa \u00e8 rimanere in campo, non vincere una elezione: in questo senso, sono loro i saggi (per quanto il <em>film<\/em> li rappresenti in\u00a0maniera ributtante) e Giovanni, appunto, il pazzo. D&#8217;altra parte And\u00f2 fa appello a una realt\u00e0 che tutti sperimentiamo (anche nelle ultime elezioni) e che in realt\u00e0 afferma anche Machiavelli: che in politica il <em>killer instinct<\/em> serve &#8211; ce l&#8217;hanno Grillo e Berlusconi, e Bersani e l&#8217;algido Monti no, quindi i risultati non stupiscono. Ce l&#8217;aveva per\u00f2 anche il Duca Valentino, e Machiavelli racconta che fine ha fatto. Quindi il tema non pu\u00f2 essere semplicemente che in politica serve il coraggio (che, come sanno i militari,\u00a0talvolta \u00e8 solo stupidit\u00e0) o peggio la spregiudicatezza, o anche il vitalismo chimico di Giovanni. Allora in realt\u00e0 <em>Viva la libert\u00e0!<\/em>, come manuale di azione politica, pone un buon dubbio ma non ci porta molto lontano. E quindi? La risposta io in Machiavelli l&#8217;ho trovata, ma ve la dico quando finisco anche i <em>Discorsi<\/em>.<\/p>\n","protected":false},"excerpt":{"rendered":"<p>Ieri sera sono andato al cinema. Credo che decidere di andare al cinema mentre\u00a0le notizie di risultati elettorali appesi a<\/p>\n","protected":false},"author":1,"featured_media":0,"comment_status":"open","ping_status":"open","sticky":false,"template":"","format":"video","meta":{"_mi_skip_tracking":false,"_monsterinsights_sitenote_active":false,"_monsterinsights_sitenote_note":"","_monsterinsights_sitenote_category":0,"jetpack_post_was_ever_published":false,"_jetpack_newsletter_access":"","jetpack_publicize_message":"","jetpack_is_tweetstorm":false,"jetpack_publicize_feature_enabled":true,"jetpack_social_post_already_shared":false,"jetpack_social_options":{"image_generator_settings":{"template":"highway","enabled":false}}},"categories":[52,14,56,82,12],"tags":[],"jetpack_publicize_connections":[],"jetpack_featured_media_url":"","jetpack_sharing_enabled":true,"jetpack_shortlink":"https:\/\/wp.me\/p4jV2T-BH","jetpack_likes_enabled":true,"jetpack-related-posts":[{"id":16650,"url":"http:\/\/www.robertosedda.it\/?p=16650","url_meta":{"origin":2337,"position":0},"title":"Viva la rivoluzione!","author":"Rufus","date":"03\/05\/2019","format":false,"excerpt":"Sto scrivendo un nuovo gioco (da tavolo), che ha come argomento formale \"la rivoluzione\" ma in realt\u00e0 fa parte di una trilogia di progetti che hanno a che fare col destino, con la delusione che accompagna i sogni, con la vita che alla fine non \u00e8 quella che ti aspetti,\u2026","rel":"","context":"In &quot;Coordinate&quot;","block_context":{"text":"Coordinate","link":"http:\/\/www.robertosedda.it\/?cat=52"},"img":{"alt_text":"","src":"https:\/\/i0.wp.com\/www.robertosedda.it\/wp-content\/uploads\/2019\/05\/Rivoluzione.jpg?fit=817%2C365&resize=350%2C200","width":350,"height":200,"srcset":"https:\/\/i0.wp.com\/www.robertosedda.it\/wp-content\/uploads\/2019\/05\/Rivoluzione.jpg?fit=817%2C365&resize=350%2C200 1x, https:\/\/i0.wp.com\/www.robertosedda.it\/wp-content\/uploads\/2019\/05\/Rivoluzione.jpg?fit=817%2C365&resize=700%2C400 2x"},"classes":[]},{"id":15513,"url":"http:\/\/www.robertosedda.it\/?p=15513","url_meta":{"origin":2337,"position":1},"title":"E tante grazie","author":"Rufus","date":"23\/07\/2018","format":false,"excerpt":"La prima volta che l'ho notato \u00e8 stato quando ho chiesto consigli per i brani\u00a0jazz\u00a0 da ascoltare. Come ricorderete, avevo chiesto suggerimenti di brani jazz importanti, imprescindibili, da ascoltare e sperimentare e portarmi in giro. Fra i tanti consigli ricevuti c'era anche una risposta che diceva, pi\u00f9 o meno: Non\u2026","rel":"","context":"In &quot;Coordinate&quot;","block_context":{"text":"Coordinate","link":"http:\/\/www.robertosedda.it\/?cat=52"},"img":{"alt_text":"","src":"https:\/\/i0.wp.com\/www.robertosedda.it\/wp-content\/uploads\/2018\/07\/Thumbs-up.png?fit=1200%2C1062&resize=350%2C200","width":350,"height":200,"srcset":"https:\/\/i0.wp.com\/www.robertosedda.it\/wp-content\/uploads\/2018\/07\/Thumbs-up.png?fit=1200%2C1062&resize=350%2C200 1x, https:\/\/i0.wp.com\/www.robertosedda.it\/wp-content\/uploads\/2018\/07\/Thumbs-up.png?fit=1200%2C1062&resize=700%2C400 2x, https:\/\/i0.wp.com\/www.robertosedda.it\/wp-content\/uploads\/2018\/07\/Thumbs-up.png?fit=1200%2C1062&resize=1050%2C600 3x"},"classes":[]},{"id":13828,"url":"http:\/\/www.robertosedda.it\/?p=13828","url_meta":{"origin":2337,"position":2},"title":"it.arti.cinema non delude mai (e le misere soddisfazioni di chi perde i dibattiti)","author":"Rufus","date":"08\/06\/2017","format":false,"excerpt":"L'altra sera sono andato a vedere\u00a0Intimacy\u00a0(Patrice Ch\u00e9reau, Francia\/UK 2001), all'interno della rassegna di Laboratorio28\u00a0Di cosa parliamo quando parliamo d'amore. Il film aveva ottime credenziali: Orso d'oro a Berlino e Orso d'Argento alla migliore attrice. Parentesi sulla trama (contiene spoiler) Il film racconta della storia, a Londra, fra Jay (Mark Rylance,\u2026","rel":"","context":"In &quot;Coordinate&quot;","block_context":{"text":"Coordinate","link":"http:\/\/www.robertosedda.it\/?cat=52"},"img":{"alt_text":"","src":"https:\/\/i0.wp.com\/www.robertosedda.it\/wp-content\/uploads\/2017\/06\/Intimacy.jpg?fit=704%2C396&resize=350%2C200","width":350,"height":200,"srcset":"https:\/\/i0.wp.com\/www.robertosedda.it\/wp-content\/uploads\/2017\/06\/Intimacy.jpg?fit=704%2C396&resize=350%2C200 1x, https:\/\/i0.wp.com\/www.robertosedda.it\/wp-content\/uploads\/2017\/06\/Intimacy.jpg?fit=704%2C396&resize=700%2C400 2x"},"classes":[]},{"id":3408,"url":"http:\/\/www.robertosedda.it\/?p=3408","url_meta":{"origin":2337,"position":3},"title":"I tre moschettieri in linea","author":"Rufus","date":"04\/06\/2013","format":"video","excerpt":"Ho aggiunto oggi la puntata (la ventiduesima, come passa il tempo) di Oggi parliamo di libri\u00a0dedicata al cappa e spada: per parlarne ho scelto I tre moschettieri, ed era una scelta quasi obbligata. Durante la puntata sono riuscito a dire pi\u00f9 o meno quasi tutto quel che volevo dire, quindi\u2026","rel":"","context":"In &quot;Cappe e spade&quot;","block_context":{"text":"Cappe e spade","link":"http:\/\/www.robertosedda.it\/?cat=70"},"img":{"alt_text":"","src":"https:\/\/i0.wp.com\/www.robertosedda.it\/wp-content\/uploads\/2013\/06\/Tre-moschettieri.png?fit=767%2C448&resize=350%2C200","width":350,"height":200,"srcset":"https:\/\/i0.wp.com\/www.robertosedda.it\/wp-content\/uploads\/2013\/06\/Tre-moschettieri.png?fit=767%2C448&resize=350%2C200 1x, https:\/\/i0.wp.com\/www.robertosedda.it\/wp-content\/uploads\/2013\/06\/Tre-moschettieri.png?fit=767%2C448&resize=700%2C400 2x"},"classes":[]},{"id":7575,"url":"http:\/\/www.robertosedda.it\/?p=7575","url_meta":{"origin":2337,"position":4},"title":"Molto divertente. Divertente?!","author":"Rufus","date":"03\/06\/2014","format":"video","excerpt":"Come gli amici sanno, Maria Bonaria ha un livello di sopportazione della violenza cinematografica piuttosto basso, cosa che esclude una serie di film dalla visione familiare comune. Io, invece, sono in attesa dell'esito di un po' di esami (quasi tutti di routine, peraltro), quindi come al solito in totale paranoia\u2026","rel":"","context":"In &quot;Coordinate&quot;","block_context":{"text":"Coordinate","link":"http:\/\/www.robertosedda.it\/?cat=52"},"img":{"alt_text":"","src":"https:\/\/i0.wp.com\/www.robertosedda.it\/wp-content\/uploads\/2014\/06\/kraftidioten-in-ordine-di-sparizione.jpg?fit=480%2C360&resize=350%2C200","width":350,"height":200},"classes":[]},{"id":14445,"url":"http:\/\/www.robertosedda.it\/?p=14445","url_meta":{"origin":2337,"position":5},"title":"Alla fine \u00e8 sempre questione di sesso","author":"Rufus","date":"27\/12\/2017","format":"video","excerpt":"Lola Darling (Spike Lee, USA 1986) Ho visto nella notte di Natale Lola Darling (o meglio, nel titolo originale: She's gotta have it, che in italiano sarebbe qualcosa tipo: \"Prima o poi a quella glielo daranno\", o: \"se lo prender\u00e0\"), opera prima di Spike Lee del 1986. Forse voi pensavate\u2026","rel":"","context":"In &quot;Coordinate&quot;","block_context":{"text":"Coordinate","link":"http:\/\/www.robertosedda.it\/?cat=52"},"img":{"alt_text":"","src":"https:\/\/i0.wp.com\/www.robertosedda.it\/wp-content\/uploads\/2017\/12\/Lola-Darling.jpg?fit=600%2C316&resize=350%2C200","width":350,"height":200},"classes":[]}],"_links":{"self":[{"href":"http:\/\/www.robertosedda.it\/index.php?rest_route=\/wp\/v2\/posts\/2337"}],"collection":[{"href":"http:\/\/www.robertosedda.it\/index.php?rest_route=\/wp\/v2\/posts"}],"about":[{"href":"http:\/\/www.robertosedda.it\/index.php?rest_route=\/wp\/v2\/types\/post"}],"author":[{"embeddable":true,"href":"http:\/\/www.robertosedda.it\/index.php?rest_route=\/wp\/v2\/users\/1"}],"replies":[{"embeddable":true,"href":"http:\/\/www.robertosedda.it\/index.php?rest_route=%2Fwp%2Fv2%2Fcomments&post=2337"}],"version-history":[{"count":18,"href":"http:\/\/www.robertosedda.it\/index.php?rest_route=\/wp\/v2\/posts\/2337\/revisions"}],"predecessor-version":[{"id":13033,"href":"http:\/\/www.robertosedda.it\/index.php?rest_route=\/wp\/v2\/posts\/2337\/revisions\/13033"}],"wp:attachment":[{"href":"http:\/\/www.robertosedda.it\/index.php?rest_route=%2Fwp%2Fv2%2Fmedia&parent=2337"}],"wp:term":[{"taxonomy":"category","embeddable":true,"href":"http:\/\/www.robertosedda.it\/index.php?rest_route=%2Fwp%2Fv2%2Fcategories&post=2337"},{"taxonomy":"post_tag","embeddable":true,"href":"http:\/\/www.robertosedda.it\/index.php?rest_route=%2Fwp%2Fv2%2Ftags&post=2337"}],"curies":[{"name":"wp","href":"https:\/\/api.w.org\/{rel}","templated":true}]}}