{"id":2318,"date":"2013-02-24T13:59:30","date_gmt":"2013-02-24T12:59:30","guid":{"rendered":"http:\/\/www.robertosedda.it\/?p=2318"},"modified":"2018-02-22T14:41:21","modified_gmt":"2018-02-22T13:41:21","slug":"dai-fake-allimu","status":"publish","type":"post","link":"http:\/\/www.robertosedda.it\/?p=2318","title":{"rendered":"Dai fake all&#8217;IMU"},"content":{"rendered":"<p><em>Chi \u00e8 <a href=\"http:\/\/www.facebook.com\/nana.nino.5437?fref=pymk\">Nana Nino<\/a>?!<\/em><\/p>\n<p>Da ieri <em>Facebook<\/em> mi propone (insistentemente) di fare amicizia con lei: considerato che non abbiamo amici in comune, suppongo che sia frutto di un&#8217;inserzione a pagamento.<\/p>\n<p>Nana Nino \u00e8 entrata in <em>Facebook<\/em> gioved\u00ec scorso, ha un solo amico (che si chiama <a href=\"http:\/\/www.facebook.com\/vota.movimentocinquestelle\"><em>V<\/em><em>ota Il Movimento<\/em><\/a>), un&#8217;icona che rappresenta il simbolo del Movimento 5 Stelle e posta solo notizie sul Movimento.<\/p>\n<p>Come <a href=\"http:\/\/www.facebook.com\/profile.php?id=100005326712169&amp;fref=pymk\">Maria Rosa<\/a>. Come <a href=\"http:\/\/www.facebook.com\/eva.marianno.3?fref=pymk\">Eva Marianno<\/a>. Come <a href=\"http:\/\/www.facebook.com\/iron.max.547?fref=pymk#!\/iron.max.547\">Iron Max<\/a>. <a href=\"http:\/\/www.facebook.com\/tacci.vostra.7\">Tacci Vostra<\/a> invece si \u00e8 iscritto\/a l&#8217;8 gennaio, e ha gi\u00e0 una sua vita pi\u00f9 complessa. Non ho avuto voglia di seguire tutte le tracce, ma\u00a0a occhio c&#8217;\u00e8 un sacco di <em>fake<\/em> in giro, in questi giorni.<\/p>\n<p>Ora: i <em>fake<\/em> sono <em>sempre<\/em> il Male. Se non ne siete convinti, vi meritate tutto quel che vi pu\u00f2 capitare. Ma, scontato questo, come tattica elettorale non \u00e8 oltre il limite (formale) della scorrettezza, allo stesso modo\u00a0della famosa lettera sul rimborso IMU: sono semplicemente colpi bassi da politica con la p minuscola.<\/p>\n<p>A parte l&#8217;irritazione sui <em>fakes<\/em>, la cosa mi ha interessato per <a title=\"Tecnologie politiche\" href=\"http:\/\/www.robertosedda.it\/?p=2255\">quel po&#8217; di attenzione che dedico ai temi della comunicazione politica, soprattutto in rete<\/a>. Mi pare evidente che la strategia sia quella di enfatizzare l&#8217;<em>effetto valanga<\/em> che, insieme\u00a0con l&#8217;antipolitica, \u00e8 al tempo stesso uno degli\u00a0<em>atout<\/em> principali del movimento e uno dei suoi limiti: perch\u00e9 da una parte beneficia della dimensione della novit\u00e0 della proposta politica (che \u00e8 un elemento importante di attrazione) dall&#8217;altra proprio la novit\u00e0 impone di rassicurare gli elettori: <em>non siete soli, siamo in tanti<\/em>, tanto pi\u00f9 che c&#8217;\u00e8 una fetta dell&#8217;elettorato che, si sa, segue la marea. Del resto \u00e8 la stessa tattica usata da Berlusconi nel 1994 in una situazione politica e sociale simile, quando Gianni Pilo riemp\u00ec l&#8217;Italia di sondaggi <em>ad hoc.<\/em><\/p>\n<p>Mi sono chiesto, in realt\u00e0, quanto questo dica del grado di sofisticazione della campagna elettorale del Movimento, posto che mi pare difficile che sia questa dei <em>fake<\/em> sia la pensata di qualche <em>meetup<\/em> e pi\u00f9 invece mi pare un&#8217;azione da livello centrale. L&#8217;unica cosa che mi pare raffinata \u00e8 la mezza riconoscibilit\u00e0 dei <em>fake<\/em>, che\u00a0offre una facile via d&#8217;uscita in caso di polemiche troppo forti (<em>abbiamo scherzato, si capiva, se fossimo veramente dei signori<\/em> influencer<em> saremmo stati pi\u00f9 raffinati<\/em>, invece cos\u00ec si raggiunge l&#8217;obiettivo\u00a0&#8211; riempire\u00a0<em>FB<\/em> di icone facilmente visibili<em> &#8211; <\/em>ma si fornisce la giustificazione che i <em>fan<\/em> possono credere senza troppi imbarazzi).<\/p>\n<p>Per il resto \u00e8 un&#8217;azione strategica ben impostata, come peraltro quella dell&#8217;IMU: l\u00e0 si mira a mobilitare un elettorato di anziani che si ritiene naturalmente parte del proprio elettorato, qui si rafforza la presenza sulla rete che \u00e8 uno dei propri caratteri distintivi e si ottiene l&#8217;obiettivo di presentarsi come i sicuri vincitori, perlomeno morali (come l&#8217;insistenza sui numeri delle piazze strapiene &#8211; non che non lo fossero, eh).<\/p>\n<p>Rispetto al grado di ingegnerizzazione di una campagna elettorale come quella per la presidenza USA, per\u00f2, ho l&#8217;impressione che la comunicazione politica italiana sia ancora abbastanza indietro, se lo scopo di una buona comunicazione politica \u00e8 quella di offrire a <em>ciascun<\/em> elettore quei punti del proprio programma che sono pi\u00f9 vicini al <em>suo<\/em> modo di sentire: dopotutto, <a title=\"Tebe dalle sette porte\" href=\"http:\/\/www.robertosedda.it\/?p=663\">la lettera\u00a0di Berlusconi \u00e8\u00a0arrivata a mia mamma<\/a>, e <a title=\"Per NON parlare di Lipperini-Manni\" href=\"http:\/\/www.robertosedda.it\/?p=73\">a me mi hanno proposto i <em>fake<\/em><\/a>. C&#8217;\u00e8 spazio per migliorare&#8230;<\/p>\n","protected":false},"excerpt":{"rendered":"<p>Chi \u00e8 Nana Nino?! Da ieri Facebook mi propone (insistentemente) di fare amicizia con lei: considerato che non abbiamo amici<\/p>\n","protected":false},"author":1,"featured_media":0,"comment_status":"open","ping_status":"open","sticky":false,"template":"","format":"standard","meta":{"_mi_skip_tracking":false,"_monsterinsights_sitenote_active":false,"_monsterinsights_sitenote_note":"","_monsterinsights_sitenote_category":0,"jetpack_post_was_ever_published":false,"_jetpack_newsletter_access":"","jetpack_publicize_message":"","jetpack_is_tweetstorm":false,"jetpack_publicize_feature_enabled":true,"jetpack_social_post_already_shared":false,"jetpack_social_options":{"image_generator_settings":{"template":"highway","enabled":false}}},"categories":[52,57,17,59,16],"tags":[],"jetpack_publicize_connections":[],"jetpack_featured_media_url":"","jetpack_sharing_enabled":true,"jetpack_shortlink":"https:\/\/wp.me\/p4jV2T-Bo","jetpack_likes_enabled":true,"jetpack-related-posts":[{"id":14634,"url":"http:\/\/www.robertosedda.it\/?p=14634","url_meta":{"origin":2318,"position":0},"title":"Suggerimenti per giornalisti d&#8217;assalto","author":"Rufus","date":"06\/02\/2018","format":false,"excerpt":"L'altro giorno discutevo con un'amica di un messaggio che aveva condiviso su\u00a0Facebook. \u00ab\u00c8 un\u00a0fake\u00bb, dicevo. \u00abMolto elaborato, ma un\u00a0fake\u00bb. \u00abBeh, se \u00e8 un\u00a0fake\u00bb, mi diceva, \u00abtanto di cappello: sta in rete tutto il giorno, a parte\u00a0Facebook\u00a0lo trovi a commentare su siti di ogni tipo, ma non ce l'ha una vita\u2026","rel":"","context":"In &quot;Coordinate&quot;","block_context":{"text":"Coordinate","link":"http:\/\/www.robertosedda.it\/?cat=52"},"img":{"alt_text":"","src":"https:\/\/i0.wp.com\/www.robertosedda.it\/wp-content\/uploads\/2018\/02\/Fake.png?fit=1200%2C628&resize=350%2C200","width":350,"height":200,"srcset":"https:\/\/i0.wp.com\/www.robertosedda.it\/wp-content\/uploads\/2018\/02\/Fake.png?fit=1200%2C628&resize=350%2C200 1x, https:\/\/i0.wp.com\/www.robertosedda.it\/wp-content\/uploads\/2018\/02\/Fake.png?fit=1200%2C628&resize=700%2C400 2x, https:\/\/i0.wp.com\/www.robertosedda.it\/wp-content\/uploads\/2018\/02\/Fake.png?fit=1200%2C628&resize=1050%2C600 3x"},"classes":[]},{"id":12092,"url":"http:\/\/www.robertosedda.it\/?p=12092","url_meta":{"origin":2318,"position":1},"title":"Avercelo, il tempo","author":"Rufus","date":"09\/06\/2016","format":false,"excerpt":"Seguendo una segnalazione del mio amico Vincenzo Palla ho letto oggi un commento su\u00a0Facebook senz'altro notevole (il discorso riguardava un'omelia di don Massimiliano Pusceddu che sta facendo il giro dell'internet\u00a0e a cui mi sembra inutile procurare\u00a0accessi): \u00ab\u00c8 un\u00a0fake\u00bb,\u00a0\u00e8 stato il mio primo pensiero. \u00abBei tempi quando c'era l'Inquisizione\u00bb, \u00e8 stato,\u2026","rel":"","context":"In &quot;Coordinate&quot;","block_context":{"text":"Coordinate","link":"http:\/\/www.robertosedda.it\/?cat=52"},"img":{"alt_text":"","src":"https:\/\/i0.wp.com\/www.robertosedda.it\/wp-content\/uploads\/2016\/06\/zara.jpg?fit=495%2C496&resize=350%2C200","width":350,"height":200},"classes":[]},{"id":14754,"url":"http:\/\/www.robertosedda.it\/?p=14754","url_meta":{"origin":2318,"position":2},"title":"Ancora su Goebbels e le fake news (e la sinistra)","author":"Rufus","date":"28\/02\/2018","format":false,"excerpt":"Manco a farlo apposta, vedo ieri condiviso un articolo su\u00a0Left\u00a0a firma Giulio Cavali con le \"famose\" undici regole di Goebbels (se non sapete di che parlo, leggete qui). Ora, Giulio Cavalli \u00e8 un giornalista vero, noto per lavori di inchiesta e per la compromissione sociale. E Left\u00a0\u00e8 una rivista\u00a0vera, con\u2026","rel":"","context":"In &quot;Coordinate&quot;","block_context":{"text":"Coordinate","link":"http:\/\/www.robertosedda.it\/?cat=52"},"img":{"alt_text":"","src":"https:\/\/i0.wp.com\/www.robertosedda.it\/wp-content\/uploads\/2018\/02\/Left-Goebbels-2.jpg?fit=1200%2C558&resize=350%2C200","width":350,"height":200,"srcset":"https:\/\/i0.wp.com\/www.robertosedda.it\/wp-content\/uploads\/2018\/02\/Left-Goebbels-2.jpg?fit=1200%2C558&resize=350%2C200 1x, https:\/\/i0.wp.com\/www.robertosedda.it\/wp-content\/uploads\/2018\/02\/Left-Goebbels-2.jpg?fit=1200%2C558&resize=700%2C400 2x, https:\/\/i0.wp.com\/www.robertosedda.it\/wp-content\/uploads\/2018\/02\/Left-Goebbels-2.jpg?fit=1200%2C558&resize=1050%2C600 3x"},"classes":[]},{"id":9389,"url":"http:\/\/www.robertosedda.it\/?p=9389","url_meta":{"origin":2318,"position":3},"title":"Quanto \u00e8 grande l&#8217;Africa?","author":"Rufus","date":"14\/01\/2015","format":false,"excerpt":"Come avrete visto in altre occasioni mi piacciono molto le mappe e le rappresentazioni grafiche dei fenomeni (sar\u00e0 un lascito di Pippo Puggioni e della sua statistica). Ora il mio amico Aramesh Fereidouni mi segnala su Facebook un tentativo di far comprendere in maniera immediata quanto \u00e8 grande l'Africa. C'\u00e8\u2026","rel":"","context":"In &quot;Coordinate&quot;","block_context":{"text":"Coordinate","link":"http:\/\/www.robertosedda.it\/?cat=52"},"img":{"alt_text":"","src":"https:\/\/i0.wp.com\/www.robertosedda.it\/wp-content\/uploads\/2015\/01\/Africa1.jpg?fit=1200%2C849&resize=350%2C200","width":350,"height":200,"srcset":"https:\/\/i0.wp.com\/www.robertosedda.it\/wp-content\/uploads\/2015\/01\/Africa1.jpg?fit=1200%2C849&resize=350%2C200 1x, https:\/\/i0.wp.com\/www.robertosedda.it\/wp-content\/uploads\/2015\/01\/Africa1.jpg?fit=1200%2C849&resize=700%2C400 2x, https:\/\/i0.wp.com\/www.robertosedda.it\/wp-content\/uploads\/2015\/01\/Africa1.jpg?fit=1200%2C849&resize=1050%2C600 3x"},"classes":[]},{"id":16496,"url":"http:\/\/www.robertosedda.it\/?p=16496","url_meta":{"origin":2318,"position":4},"title":"E quindi a quanto pare Dante era nato in Sardegna","author":"Rufus","date":"01\/04\/2019","format":false,"excerpt":"Devo dire che sono rimasto molto stupito che sia passata del tutto inosservata in Sardegna l'ipotesi, ricostruita in maniera molto documentata e che ho visto per caso frugando nella dottissima introduzione alla nuova edizione della Indiana Critical Edition of Dante's Inferno appena uscita, che Dante possa essere nato in Sardegna,\u2026","rel":"","context":"In &quot;Biografie&quot;","block_context":{"text":"Biografie","link":"http:\/\/www.robertosedda.it\/?cat=83"},"img":{"alt_text":"","src":"https:\/\/i0.wp.com\/www.robertosedda.it\/wp-content\/uploads\/2019\/04\/Dante.jpg?fit=950%2C350&resize=350%2C200","width":350,"height":200,"srcset":"https:\/\/i0.wp.com\/www.robertosedda.it\/wp-content\/uploads\/2019\/04\/Dante.jpg?fit=950%2C350&resize=350%2C200 1x, https:\/\/i0.wp.com\/www.robertosedda.it\/wp-content\/uploads\/2019\/04\/Dante.jpg?fit=950%2C350&resize=700%2C400 2x"},"classes":[]},{"id":8841,"url":"http:\/\/www.robertosedda.it\/?p=8841","url_meta":{"origin":2318,"position":5},"title":"Rileggere le lotte sociali urbane degli anni &#8217;70 per coglierne utili insegnamenti per l&#8217;oggi. Un intervento di Franco Meloni","author":"Rufus","date":"11\/11\/2014","format":false,"excerpt":"Oltre che su questo\u00a0blog questo articolo viene pubblicato anche sui siti di\u00a0Fondazione Sardinia,\u00a0Aladinpensiero,\u00a0Tramas de amistade,\u00a0Sardegna Soprattutto,\u00a0Sportello Formaparis,\u00a0Tottusinpari e sui blog di\u00a0Enrico Lobina,\u00a0Vito Biolchini\u00a0e\u00a0Francesca Madrigali. Un progetto di studio e lavoro Rileggere le lotte sociali urbane degli anni '70 per coglierne utili insegnamenti per l'oggi di Franco Meloni Come prolungamento positivo\u2026","rel":"","context":"In &quot;Coordinate&quot;","block_context":{"text":"Coordinate","link":"http:\/\/www.robertosedda.it\/?cat=52"},"img":{"alt_text":"","src":"https:\/\/i0.wp.com\/www.robertosedda.it\/wp-content\/uploads\/2014\/11\/SANT-ELIA.jpg?fit=640%2C203&resize=350%2C200","width":350,"height":200},"classes":[]}],"_links":{"self":[{"href":"http:\/\/www.robertosedda.it\/index.php?rest_route=\/wp\/v2\/posts\/2318"}],"collection":[{"href":"http:\/\/www.robertosedda.it\/index.php?rest_route=\/wp\/v2\/posts"}],"about":[{"href":"http:\/\/www.robertosedda.it\/index.php?rest_route=\/wp\/v2\/types\/post"}],"author":[{"embeddable":true,"href":"http:\/\/www.robertosedda.it\/index.php?rest_route=\/wp\/v2\/users\/1"}],"replies":[{"embeddable":true,"href":"http:\/\/www.robertosedda.it\/index.php?rest_route=%2Fwp%2Fv2%2Fcomments&post=2318"}],"version-history":[{"count":8,"href":"http:\/\/www.robertosedda.it\/index.php?rest_route=\/wp\/v2\/posts\/2318\/revisions"}],"predecessor-version":[{"id":14718,"href":"http:\/\/www.robertosedda.it\/index.php?rest_route=\/wp\/v2\/posts\/2318\/revisions\/14718"}],"wp:attachment":[{"href":"http:\/\/www.robertosedda.it\/index.php?rest_route=%2Fwp%2Fv2%2Fmedia&parent=2318"}],"wp:term":[{"taxonomy":"category","embeddable":true,"href":"http:\/\/www.robertosedda.it\/index.php?rest_route=%2Fwp%2Fv2%2Fcategories&post=2318"},{"taxonomy":"post_tag","embeddable":true,"href":"http:\/\/www.robertosedda.it\/index.php?rest_route=%2Fwp%2Fv2%2Ftags&post=2318"}],"curies":[{"name":"wp","href":"https:\/\/api.w.org\/{rel}","templated":true}]}}