{"id":2307,"date":"2013-02-23T18:42:49","date_gmt":"2013-02-23T17:42:49","guid":{"rendered":"http:\/\/www.robertosedda.it\/?p=2307"},"modified":"2022-03-02T14:41:46","modified_gmt":"2022-03-02T13:41:46","slug":"al-seggio","status":"publish","type":"post","link":"http:\/\/www.robertosedda.it\/?p=2307","title":{"rendered":"Al seggio"},"content":{"rendered":"<p>Ernesto Buonaiuti (storia del cristianesimo), Giuseppe Antonio Borgese (estetica), Mario Carrara (antropologia criminale), Antonio De Viti De Marco (scienza delle finanze), Gaetano De Sanctis (storia antica), Floriano Del Secolo (lettere e filosofia), Giorgio Errera (chimica), Giorgio Levi Della Vida (lingue semitiche), Piero Martinetti (filosofia), Fabio Luzzatto (diritto civile), Bartolo Nigrisoli (chirurgia), Errico Presutti (diritto amministrativo), Francesco Ruffini (diritto ecclesiastico), Edoardo Ruffini Avondo (storia del diritto), Lionello Venturi (storia dell&#8217;arte), Vito Volterra (fisica matematica), Cesare Goretti (filosofia del diritto).<\/p>\n<p><a href=\"http:\/\/www.storiaxxisecolo.it\/antifascismo\/antifascismo5.html\">Sono i pochissimi (su oltre milleduecento) professori che nel 1931 rifiutarono il giuramento di fedelt\u00e0 al fascismo<\/a>. A loro si pu\u00f2 aggiungere, volendo, Aldo Capitini, il cui caso \u00e8 molto simile.<\/p>\n<p>Sto molto riflettendo su di loro, in questo periodo, e domenica li porto con me al seggio. Perch\u00e9 mi consiglino&#8230;<\/p>\n<p>***<\/p>\n<p>Da quando ho cominciato a ricoprire, a vario titolo, incarichi di responsabilit\u00e0 in Azione Cattolica, non ho mai fatto dichiarazioni di voto. Non mi \u00e8 mai sembrato opportuno correre il rischio che mie opinioni politiche personali venissero scambiate per opinioni politiche dell&#8217;associazione, oppure che un dissenso fra opinioni politiche diverse potesse trasferirsi all&#8217;interno della comunit\u00e0 ecclesiale. Qualche volta mi \u00e8 costato, ma non troppo.<\/p>\n<p>Nel momento in cui sono diminuiti gli impegni dentro l&#8217;AC ma sono cresciuti quelli in Banca Etica mi \u00e8 sembrato opportuno continuare a comportarmi allo stesso modo, per motivi analoghi: Banca Etica \u00e8 un&#8217;organizzazione trasversale in cui ci deve essere spazio per opinioni politiche diverse.<\/p>\n<p>Considerato che sono entrato nel centro diocesano dell&#8217;AC di Cagliari prima di iniziare a votare, credo di non avere mai fatto dichiarazioni di voto.<\/p>\n<p>***<\/p>\n<p>Mi sono chiesto spesso, in questi ultimi tempi, in che modi maturarono le scelte di quei professori. Se le discussero a casa, con franchezza, con le mogli, se fosse argomento di dibattiti o conversazione a tavola, o nei ritrovi familiari, o se si limitarono a comunicare a familiari silenti le ragioni, insopprimibili, della loro coscienza. Cosa ne capirono i figli, i genitori&#8230;<\/p>\n<p>Mi interrogo sulle famiglie perch\u00e9 non ragiono tanto sulla qualit\u00e0 della scelta di coscienza (esemplare, ammirabile) quanto sullo scenario generale: trovarsi a dover fare appello alla propria coscienza per fronteggiare una scelta ardua, che non dipende dal caso, ma dalla precisa volont\u00e0 di altri uomini che pretenderebbero di imporci obblighi per noi insopportabili, per i quali occorre decidere se piegarsi o pagare di persona.<\/p>\n<p>***<\/p>\n<p>C&#8217;\u00e8 una vecchia vignetta di Staino in cui Ilaria chiede a Bobo: \u00abBabbo, ma tu per chi voti?\u00bb, e lui va in crisi:\u00a0<em>come, non l&#8217;ha capito? Dove ho sbagliato a educarla? Dovrebbe essere evidente!<\/em><\/p>\n<p>Non dire per chi si vota vuol dire distanziarsi, ricordare che il Regno di Dio va oltre tutte le scelte politiche specifiche, depotenziare quell&#8217;aria da ultima spiaggia che spesso le elezioni hanno, soprattutto in Italia.<\/p>\n<p><a href=\"https:\/\/i0.wp.com\/www.robertosedda.it\/wp-content\/uploads\/2013\/02\/ken-parker.jpeg\"><img data-attachment-id=\"2313\" data-permalink=\"http:\/\/www.robertosedda.it\/?attachment_id=2313\" data-orig-file=\"https:\/\/i0.wp.com\/www.robertosedda.it\/wp-content\/uploads\/2013\/02\/ken-parker.jpeg?fit=291%2C173\" data-orig-size=\"291,173\" data-comments-opened=\"1\" data-image-meta=\"{&quot;aperture&quot;:&quot;0&quot;,&quot;credit&quot;:&quot;&quot;,&quot;camera&quot;:&quot;&quot;,&quot;caption&quot;:&quot;&quot;,&quot;created_timestamp&quot;:&quot;0&quot;,&quot;copyright&quot;:&quot;&quot;,&quot;focal_length&quot;:&quot;0&quot;,&quot;iso&quot;:&quot;0&quot;,&quot;shutter_speed&quot;:&quot;0&quot;,&quot;title&quot;:&quot;&quot;}\" data-image-title=\"ken parker\" data-image-description=\"\" data-image-caption=\"\" data-medium-file=\"https:\/\/i0.wp.com\/www.robertosedda.it\/wp-content\/uploads\/2013\/02\/ken-parker.jpeg?fit=291%2C173\" data-large-file=\"https:\/\/i0.wp.com\/www.robertosedda.it\/wp-content\/uploads\/2013\/02\/ken-parker.jpeg?fit=291%2C173\" decoding=\"async\" loading=\"lazy\" class=\"alignright size-full wp-image-2313\" src=\"https:\/\/i0.wp.com\/www.robertosedda.it\/wp-content\/uploads\/2013\/02\/ken-parker.jpeg?resize=291%2C173\" alt=\"ken parker\" width=\"291\" height=\"173\" data-recalc-dims=\"1\" \/><\/a>Non vuol dire non avere idee, e idee politiche, e io non credo di avere mai fatto mistero delle mie, delle mie appartenenze familiari, dei miei riferimenti culturali e delle mie scelte. Non ho mai voluto candidarmi (un paio di volte mi \u00e8 stato chiesto, peraltro in situazioni improbabili), ma politica ne ho sempre fatto: con le scelte e la presenza dell&#8217;AC in mille situazioni, fondando due associazioni culturali, contribuendo a fondare una Banca, sbattendomi in un sacco di attivit\u00e0 di opinione, di sensibilizzazione, di formazione. Saranno trent&#8217;anni che faccio politica&#8230;.<\/p>\n<p>Per\u00f2 non voglio farmi inscatolare, e sfido chiunque a individuare con certezza come ho votato a tutte le ultime elezioni. E poi cerco di scegliere pensando a criteri miei.<\/p>\n<p>Il che ci riporta ai professori di cui all&#8217;inizio.<\/p>\n<p>***<\/p>\n<p><a href=\"https:\/\/i0.wp.com\/www.robertosedda.it\/wp-content\/uploads\/2013\/02\/vignetta-staino-america-vs-italia.jpg\"><img decoding=\"async\" loading=\"lazy\" class=\"alignleft\" src=\"https:\/\/i0.wp.com\/www.robertosedda.it\/wp-content\/uploads\/2013\/02\/vignetta-staino-america-vs-italia.jpg?resize=300%2C239\" alt=\"vignetta-staino-america-vs-italia\" width=\"300\" height=\"239\" data-recalc-dims=\"1\" \/><\/a>Per Ernesto Buonaiuti, in realt\u00e0, il problema del giuramento non si poneva: sacerdote ridotto allo stato laicale e poi scomunicato per il suo appoggio al modernismo, sulla base dei Patti Lateranensi era <em>gi\u00e0<\/em> escluso dall&#8217;insegnamento. Di fatto neanche alla caduta del fascismo pot\u00e9 recuperare la cattedra: il divieto di insegnamento rimase e neanche liberali, socialisti e comunisti intercedettero per lui. Buonaiuti fu sacrificato alle esigenze della politica e del potere.<\/p>\n<p>Buonaiuti illustra il punto su cui rifletto: il potere amorale. Ora, il potere ha sempre la tentazione di giustificarsi da se stesso, e <em>quindi<\/em> di essere amorale. Ma da diversi anni ormai in Italia siamo oltre: il cinismo (talvolta mascherato da lucidit\u00e0) sembra una delle principali regole del potere: ci\u00f2 che \u00e8 possibile \u00e8 anche lecito, ci\u00f2 che \u00e8 lecito \u00e8 augurabile. Poco importa se in questo modo qualcuno \u00e8 conculcato: si adegui. O vada fuori.<\/p>\n<p>\u00c8 la logica da tifoseria <em>ultras<\/em>: se possiamo vincere, vinciamo, e gli avversari muoiano. \u00c8 la logica del fine che giustifica i mezzi. \u00c8 la logica dell&#8217;annientamento dell&#8217;avversario. C&#8217;\u00e8 molto squadrismo in giro in Italia in questo momento: uno squadrismo delle menti, prima ancora che uno squadrismo fisico. Uno squadrismo del <em>clic<\/em> (talvolta contrabbandato per una democrazia del <em>clic<\/em>). Uno squadrismo che va a cercare l&#8217;avversario nel suo campo, per non lasciargli scampo. Dove c&#8217;\u00e8 squadrismo, non pu\u00f2 esserci democrazia.<\/p>\n<p>***<\/p>\n<p>A Gentile, il filosofo mite e feroce che presiedeva alla cultura nel 1931, dispiacque parecchio a livello umano per l&#8217;eliminazione dall&#8217;Universit\u00e0 di quel pugno di colleghi (\u00ablacrime di coccodrillo\u00bb, comment\u00f2 gelido Levi Dalla Vida). Ma considerava la fascistizzazione della cultura non pi\u00f9 rinviabile. E quindi sacrificabili le persone degli oppositori.<\/p>\n<p>Io non lo dico per chi voto. Per\u00f2 penso allo squadrismo o, se preferite, alle protervie dei poteri, all&#8217;esercizio facile della forza da parte di chi si trova ad averla in mano (non solo forza fisica, ripeto), alla volont\u00e0 di usare gli strumenti del potere che si possiedono per escludere ed eliminare gli avversari: e decido di stare dall&#8217;altra parte. Ci sono tante scelte possibili, da quella parte, e non penso nemmeno che la mia sia la migliore in assoluto. Ma \u00e8 la mia, e ci tenevo a spiegarne le ragioni.<\/p>\n<p>Io non lo dico per chi voto: ma penso al rapporto irrisolto in Italia fra violenza e potere. E al potere violento che si esercita <em>fuori<\/em> dalle piazze, negli uffici, con un tratto di penna, e poi ti arriva fra capo e collo come a quegli onestuomini di ottant&#8217;anni fa, mettendoli con le spalle al muro. Sono cose accadute in un modo nell&#8217;altro anche recentemente (dire di pi\u00f9 vuol dire ficcarsi nelle discussioni specifiche, e non mi interessa e ci porterebbe fuori strada). Io voto diversamente.<\/p>\n","protected":false},"excerpt":{"rendered":"<p>Ernesto Buonaiuti (storia del cristianesimo), Giuseppe Antonio Borgese (estetica), Mario Carrara (antropologia criminale), Antonio De Viti De Marco (scienza delle<\/p>\n","protected":false},"author":1,"featured_media":2312,"comment_status":"open","ping_status":"open","sticky":false,"template":"","format":"standard","meta":{"_mi_skip_tracking":false,"_monsterinsights_sitenote_active":false,"_monsterinsights_sitenote_note":"","_monsterinsights_sitenote_category":0,"jetpack_post_was_ever_published":false,"_jetpack_newsletter_access":"","jetpack_publicize_message":"","jetpack_is_tweetstorm":false,"jetpack_publicize_feature_enabled":true,"jetpack_social_post_already_shared":false,"jetpack_social_options":{"image_generator_settings":{"template":"highway","enabled":false}}},"categories":[52,57,17,59,16],"tags":[],"jetpack_publicize_connections":[],"jetpack_featured_media_url":"https:\/\/i0.wp.com\/www.robertosedda.it\/wp-content\/uploads\/2013\/02\/vignetta-staino-america-vs-italia.jpg?fit=400%2C319","jetpack_sharing_enabled":true,"jetpack_shortlink":"https:\/\/wp.me\/p4jV2T-Bd","jetpack_likes_enabled":true,"jetpack-related-posts":[{"id":8841,"url":"http:\/\/www.robertosedda.it\/?p=8841","url_meta":{"origin":2307,"position":0},"title":"Rileggere le lotte sociali urbane degli anni &#8217;70 per coglierne utili insegnamenti per l&#8217;oggi. Un intervento di Franco Meloni","author":"Rufus","date":"11\/11\/2014","format":false,"excerpt":"Oltre che su questo\u00a0blog questo articolo viene pubblicato anche sui siti di\u00a0Fondazione Sardinia,\u00a0Aladinpensiero,\u00a0Tramas de amistade,\u00a0Sardegna Soprattutto,\u00a0Sportello Formaparis,\u00a0Tottusinpari e sui blog di\u00a0Enrico Lobina,\u00a0Vito Biolchini\u00a0e\u00a0Francesca Madrigali. Un progetto di studio e lavoro Rileggere le lotte sociali urbane degli anni '70 per coglierne utili insegnamenti per l'oggi di Franco Meloni Come prolungamento positivo\u2026","rel":"","context":"In &quot;Coordinate&quot;","block_context":{"text":"Coordinate","link":"http:\/\/www.robertosedda.it\/?cat=52"},"img":{"alt_text":"","src":"https:\/\/i0.wp.com\/www.robertosedda.it\/wp-content\/uploads\/2014\/11\/SANT-ELIA.jpg?fit=640%2C203&resize=350%2C200","width":350,"height":200},"classes":[]},{"id":6680,"url":"http:\/\/www.robertosedda.it\/?p=6680","url_meta":{"origin":2307,"position":1},"title":"Chi ha paura di Giorgio Mazzella? La crisi di Sardegna Uno simbolo dell\u2019informazione isolana in caduta libera. Un articolo di Vito Biolchini","author":"Rufus","date":"11\/03\/2014","format":false,"excerpt":"Oltre che su questo blog, questo articolo viene pubblicato anche sui siti di\u00a0Fondazione Sardinia,\u00a0Aladin Pensiero,\u00a0Tramas de Amistade,\u00a0Madrigopolis,\u00a0SardegnaSoprattutto,\u00a0Sportello Formaparis,\u00a0Tottusinpari\u00a0e sui blog\u00a0di Enrico Lobina e Vito Biolchini. Chi ha paura di Giorgio Mazzella? La crisi di Sardegna Uno simbolo dell\u2019informazione isolana in caduta libera di Vito Biolchini I lavoratori di Sardegna Uno\u2026","rel":"","context":"In &quot;Coordinate&quot;","block_context":{"text":"Coordinate","link":"http:\/\/www.robertosedda.it\/?cat=52"},"img":{"alt_text":"","src":"https:\/\/i0.wp.com\/www.robertosedda.it\/wp-content\/uploads\/2014\/03\/Striscione-Sardegna-Uno.jpg?fit=786%2C445&resize=350%2C200","width":350,"height":200,"srcset":"https:\/\/i0.wp.com\/www.robertosedda.it\/wp-content\/uploads\/2014\/03\/Striscione-Sardegna-Uno.jpg?fit=786%2C445&resize=350%2C200 1x, https:\/\/i0.wp.com\/www.robertosedda.it\/wp-content\/uploads\/2014\/03\/Striscione-Sardegna-Uno.jpg?fit=786%2C445&resize=700%2C400 2x"},"classes":[]},{"id":9305,"url":"http:\/\/www.robertosedda.it\/?p=9305","url_meta":{"origin":2307,"position":2},"title":"Come diceva don Milani&#8230; o Guccini?","author":"Rufus","date":"02\/01\/2015","format":"video","excerpt":"Jimmy's Hall (Ken Loach, UK, Francia, Irlanda 2014) Ken Loach riprende il filo del suo racconto della storia d'Irlanda mettendo in scena una storia che si colloca dieci anni esatti dopo la fine degli eventi de Il vento che accarezza l'erba, nel 1932. Al governo sono arrivati i Repubblicani di\u2026","rel":"","context":"In &quot;Biografie&quot;","block_context":{"text":"Biografie","link":"http:\/\/www.robertosedda.it\/?cat=83"},"img":{"alt_text":"","src":"https:\/\/i0.wp.com\/img.youtube.com\/vi\/g0-mD_Lfjl4\/0.jpg?resize=350%2C200","width":350,"height":200},"classes":[]},{"id":4071,"url":"http:\/\/www.robertosedda.it\/?p=4071","url_meta":{"origin":2307,"position":3},"title":"Le Croniche dell&#8217;Isola Verde","author":"Rufus","date":"21\/07\/2013","format":false,"excerpt":"Ho pubblicato su Facebook questa cosa, che ripropongo qui per tenerla visibile. Inviterei i lettori locali a non farsi troppo impressionare: tutto sommato \u00e8 una roba scritta senza pensarci. Quelli non locali lascino perdere, i riferimenti sono tutti alla splendida politica isolana e probabilmente incomprensibili. Sto pensando di scrivere una\u2026","rel":"","context":"In &quot;Coordinate&quot;","block_context":{"text":"Coordinate","link":"http:\/\/www.robertosedda.it\/?cat=52"},"img":{"alt_text":"","src":"https:\/\/i0.wp.com\/www.robertosedda.it\/wp-content\/uploads\/2013\/07\/Eleonora.jpg?fit=992%2C556&resize=350%2C200","width":350,"height":200,"srcset":"https:\/\/i0.wp.com\/www.robertosedda.it\/wp-content\/uploads\/2013\/07\/Eleonora.jpg?fit=992%2C556&resize=350%2C200 1x, https:\/\/i0.wp.com\/www.robertosedda.it\/wp-content\/uploads\/2013\/07\/Eleonora.jpg?fit=992%2C556&resize=700%2C400 2x"},"classes":[]},{"id":15651,"url":"http:\/\/www.robertosedda.it\/?p=15651","url_meta":{"origin":2307,"position":4},"title":"Seminari africani","author":"Rufus","date":"06\/09\/2018","format":false,"excerpt":"Segnalo un ciclo di seminari all'Universit\u00e0 che, soprattutto in questo periodo, mi pare oltremodo interessante (detto in altro modo, magari qualcuno potrebbe dire meno sciocchezze - o credere a meno schiocchezze). I seminari si terranno nell'Aula CM 7 del Campus Aresu, in via S. Giorgio 12. Ciclo di seminari di\u2026","rel":"","context":"In &quot;Coordinate&quot;","block_context":{"text":"Coordinate","link":"http:\/\/www.robertosedda.it\/?cat=52"},"img":{"alt_text":"","src":"https:\/\/i0.wp.com\/www.robertosedda.it\/wp-content\/uploads\/2018\/09\/Seminari-Africa.jpg?fit=606%2C855&resize=350%2C200","width":350,"height":200},"classes":[]},{"id":17272,"url":"http:\/\/www.robertosedda.it\/?p=17272","url_meta":{"origin":2307,"position":5},"title":"Sentieri da salvare e riscoprire","author":"Rufus","date":"20\/09\/2019","format":false,"excerpt":"Per proseguire nel discorso sul camminare iniziato l'altro giorno, segnalo che su Atlas Obscura c'\u00e8 un altro interessante articolo sul percorso di riscoperta e salvaguardia degli antichi sentieri di campagna in Inghilterra. Dal sito dei Ramblers L'articolo, come \u00e8 proprio di Atlas Obscura, ha un sottofondo di divulgazione storica e\u2026","rel":"","context":"In &quot;Coordinate&quot;","block_context":{"text":"Coordinate","link":"http:\/\/www.robertosedda.it\/?cat=52"},"img":{"alt_text":"","src":"https:\/\/i0.wp.com\/www.robertosedda.it\/wp-content\/uploads\/2019\/09\/Ramblers.jpg?fit=940%2C300&resize=350%2C200","width":350,"height":200,"srcset":"https:\/\/i0.wp.com\/www.robertosedda.it\/wp-content\/uploads\/2019\/09\/Ramblers.jpg?fit=940%2C300&resize=350%2C200 1x, https:\/\/i0.wp.com\/www.robertosedda.it\/wp-content\/uploads\/2019\/09\/Ramblers.jpg?fit=940%2C300&resize=700%2C400 2x"},"classes":[]}],"_links":{"self":[{"href":"http:\/\/www.robertosedda.it\/index.php?rest_route=\/wp\/v2\/posts\/2307"}],"collection":[{"href":"http:\/\/www.robertosedda.it\/index.php?rest_route=\/wp\/v2\/posts"}],"about":[{"href":"http:\/\/www.robertosedda.it\/index.php?rest_route=\/wp\/v2\/types\/post"}],"author":[{"embeddable":true,"href":"http:\/\/www.robertosedda.it\/index.php?rest_route=\/wp\/v2\/users\/1"}],"replies":[{"embeddable":true,"href":"http:\/\/www.robertosedda.it\/index.php?rest_route=%2Fwp%2Fv2%2Fcomments&post=2307"}],"version-history":[{"count":13,"href":"http:\/\/www.robertosedda.it\/index.php?rest_route=\/wp\/v2\/posts\/2307\/revisions"}],"predecessor-version":[{"id":19207,"href":"http:\/\/www.robertosedda.it\/index.php?rest_route=\/wp\/v2\/posts\/2307\/revisions\/19207"}],"wp:featuredmedia":[{"embeddable":true,"href":"http:\/\/www.robertosedda.it\/index.php?rest_route=\/wp\/v2\/media\/2312"}],"wp:attachment":[{"href":"http:\/\/www.robertosedda.it\/index.php?rest_route=%2Fwp%2Fv2%2Fmedia&parent=2307"}],"wp:term":[{"taxonomy":"category","embeddable":true,"href":"http:\/\/www.robertosedda.it\/index.php?rest_route=%2Fwp%2Fv2%2Fcategories&post=2307"},{"taxonomy":"post_tag","embeddable":true,"href":"http:\/\/www.robertosedda.it\/index.php?rest_route=%2Fwp%2Fv2%2Ftags&post=2307"}],"curies":[{"name":"wp","href":"https:\/\/api.w.org\/{rel}","templated":true}]}}