{"id":2257,"date":"2013-02-19T19:29:31","date_gmt":"2013-02-19T18:29:31","guid":{"rendered":"http:\/\/www.robertosedda.it\/?p=2257"},"modified":"2013-02-24T21:10:46","modified_gmt":"2013-02-24T20:10:46","slug":"come-andata-a-finire","status":"publish","type":"post","link":"http:\/\/www.robertosedda.it\/?p=2257","title":{"rendered":"Se lo fai ti voto"},"content":{"rendered":"<h2>Appelli (ai) politici<\/h2>\n<p>Mai come questa volta in vista delle elezioni ci sono stati pezzi della societ\u00e0 civile (anzi, della societ\u00e0 <em>tout court<\/em>) che hanno lavorato per mettere in chiaro le proprie esigenze e aspirazioni e sottoporle ai candidati e ai partiti, in modo da sollecitare un loro pronunciamento chiaro (e un impegno) in materia.<\/p>\n<p>Non tutti gli appelli sono ugualmente condivisibili (anzi, <a href=\"http:\/\/www.imprenditorianni60.com\/index.php\/article-1\">alcuni non lo sono per niente<\/a>), <a href=\"http:\/\/www.ilfattoquotidiano.it\/2013\/02\/14\/droghe-appello-a-tutti-candidati-e-candidate-stopfinigiovanardi\/499450\/\">certi sono poco meno che propaganda mascherata<\/a>, o <a href=\"http:\/\/www.asca.it\/news-Pd__Ecodem__appello_imprenditori_green_economy_a_Bersani_ci_inorgoglisce-1234697.html\">parlano a nuora perch\u00e9 suocera intenda<\/a>, altri vengono sbertucciati dagli stessi\u00a0soggetti dfi riferimento (<a href=\"http:\/\/www.bighunter.it\/Home\/Editoriale\/Editoriale\/tabid\/204\/newsid730\/12145\/Default.aspx\">basta vedere i commenti sotto il curioso appello di ARCI Caccia<\/a>, che gi\u00e0 sembra un ossimoro, e dire che in famiglia siamo soci ARCI). E poi ci sono quelli che arrivano fuori tempo massimo, come <a href=\"http:\/\/www.bda.unict.it\/Public\/Uploads\/article\/Corriere_180213.pdf\">quello dei Rettori delle universit\u00e0 italiane<\/a>, che magari si potevano, diciamo, <a href=\"http:\/\/www.roars.it\/online\/universita-ricatti-e-lacrime-di-coccodrillo\/\">svegliare prima<\/a> (<a href=\"http:\/\/www.roars.it\/online\/dei-rettori-taumaturghi-e-delle-loro-imprese\/\">o non essere complici<\/a>).<\/p>\n<h2>Strategie di pressione?<\/h2>\n<p><a href=\"https:\/\/i0.wp.com\/www.robertosedda.it\/wp-content\/uploads\/2013\/02\/x-il-jazz.jpg\"><img data-attachment-id=\"2273\" data-permalink=\"http:\/\/www.robertosedda.it\/?attachment_id=2273\" data-orig-file=\"https:\/\/i0.wp.com\/www.robertosedda.it\/wp-content\/uploads\/2013\/02\/x-il-jazz.jpg?fit=500%2C273\" data-orig-size=\"500,273\" data-comments-opened=\"1\" data-image-meta=\"{&quot;aperture&quot;:&quot;0&quot;,&quot;credit&quot;:&quot;&quot;,&quot;camera&quot;:&quot;&quot;,&quot;caption&quot;:&quot;&quot;,&quot;created_timestamp&quot;:&quot;0&quot;,&quot;copyright&quot;:&quot;&quot;,&quot;focal_length&quot;:&quot;0&quot;,&quot;iso&quot;:&quot;0&quot;,&quot;shutter_speed&quot;:&quot;0&quot;,&quot;title&quot;:&quot;&quot;}\" data-image-title=\"x il jazz\" data-image-description=\"\" data-image-caption=\"\" data-medium-file=\"https:\/\/i0.wp.com\/www.robertosedda.it\/wp-content\/uploads\/2013\/02\/x-il-jazz.jpg?fit=300%2C163\" data-large-file=\"https:\/\/i0.wp.com\/www.robertosedda.it\/wp-content\/uploads\/2013\/02\/x-il-jazz.jpg?fit=500%2C273\" decoding=\"async\" loading=\"lazy\" class=\"alignleft size-medium wp-image-2273\" alt=\"x il jazz\" src=\"https:\/\/i0.wp.com\/www.robertosedda.it\/wp-content\/uploads\/2013\/02\/x-il-jazz.jpg?resize=300%2C163\" width=\"300\" height=\"163\" srcset=\"https:\/\/i0.wp.com\/www.robertosedda.it\/wp-content\/uploads\/2013\/02\/x-il-jazz.jpg?resize=300%2C163 300w, https:\/\/i0.wp.com\/www.robertosedda.it\/wp-content\/uploads\/2013\/02\/x-il-jazz.jpg?w=500 500w\" sizes=\"(max-width: 300px) 100vw, 300px\" data-recalc-dims=\"1\" \/><\/a>Infine ce ne sono certi un po&#8217; strani: non ho niente contro il <em>jazz,<\/em> ma <a href=\"http:\/\/www.change.org\/it\/petizioni\/candidati-alle-elezioni-politiche-2013-appello-per-il-jazz-e-le-altre-musiche-d-oggi\">l&#8217;appello a suo favore<\/a> \u00e8 <em>veramente<\/em> troppo professorale: due terzi sono dedicati a spiegare cos&#8217;\u00e8 il <em>jazz,<\/em> il <em>jazz<\/em> in Italia, il <em>jazz<\/em> in Europa, il &#8216;900 secolo del <em>jazz&#8230;<\/em> Forse era meglio evidenziare\u00a0piuttosto\u00a0le proposte, perch\u00e9 magari il potenziale simpatizzante non ha voglia di leggersi tutto il resto (comunque io ho firmato).<\/p>\n<p>E un po&#8217; incomprensibile \u00e8 anche la (meritoria) <a href=\"http:\/\/legge-rete.net\/e-leggiamo\/\">iniziativa in favore delle biblioteche pubbliche e della lettura<\/a>, che <a href=\"http:\/\/liberos.it\/notizie\/e-leggiamo-le-persone-giuste-lettera-dei-lettori-ai-loro-candidati\/501\">raccoglie le firme il giorno delle elezioni<\/a>. Ragazzi, capiamoci: se si vuole fare pressione sui candidati \u00e8 meglio agire <em>prima<\/em> delle elezioni, non durante (quando nessuno bader\u00e0 a te) o addirittura <em>dopo <\/em>(perch\u00e9 il parlamentare ti dir\u00e0 che ci pensiamo a quest&#8217;altro giro, no?). Se poi \u00e8 una strategia per far visitare le librerie anche di domenica, ditelo. Comunque ho firmato anche questa (<a href=\"http:\/\/www.europeansundayalliance.eu\/site\/map?SWS=9cad437d240695a7770c6f55987c97a1\">ma di domenica\u00a0 vado nei negozi il meno possibile<\/a>).<\/p>\n<p>Le associazioni ambientaliste (tra cui <em>Greenpeace,<\/em>\u00a0<em>Touring Club<\/em>, <em>FAI<\/em>\u00a0<em>, Legambiente<\/em>, <em>WWF<\/em>)\u00a0 hanno scritto una agenda ambientalista, molto ben fatta, e poi <a href=\"https:\/\/www.dropbox.com\/sh\/6gorvj226avqeet\/_3JuWvdW75\/agenda_ambientalista2013.pdf\">l&#8217;hanno lasciata su <em>Dropbox<\/em><\/a>: magari Monti o Bersani passano di l\u00e0 e la leggono, chiss\u00e0. Un po&#8217; meglio <em>Slow Food<\/em>, che ha scritto <a href=\"http:\/\/slowpress.slowfood.it\/upload\/201301\/f104466c7d1640565e2c9cba072265df\/files\/scelte_di_campo_appunti_politiche_alimentari.pdf\">sei pagine belle dense sulle politiche alimentari auspicabili<\/a>: avrei firmato (in famiglia siamo soci), ma apparentemente non \u00e8 una petizione ma un contributo pubblico lanciato nello stampaspazio &#8211;\u00a0se volete tenerne conto, al vostro buon cuore, fateci sapere. Ah, per\u00f2 <a href=\"http:\/\/slowpress.slowfood.it\/upload\/201302\/85aab0e2780cdafd3c8fde91d9f0cbf3\/files\/eco_telegramma.pdf\">hanno mandato un eco-telegramma alle segreterie dei partiti<\/a>\u00a0(due pagine, come telegramma sar\u00e0 costato un botto): anche qui, quali siano le risposte non \u00e8 per\u00f2 noto.<\/p>\n<p><a href=\"https:\/\/i0.wp.com\/www.robertosedda.it\/wp-content\/uploads\/2013\/02\/wwworkers_it.png\"><img data-attachment-id=\"2274\" data-permalink=\"http:\/\/www.robertosedda.it\/?attachment_id=2274\" data-orig-file=\"https:\/\/i0.wp.com\/www.robertosedda.it\/wp-content\/uploads\/2013\/02\/wwworkers_it.png?fit=531%2C255\" data-orig-size=\"531,255\" data-comments-opened=\"1\" data-image-meta=\"{&quot;aperture&quot;:&quot;0&quot;,&quot;credit&quot;:&quot;&quot;,&quot;camera&quot;:&quot;&quot;,&quot;caption&quot;:&quot;&quot;,&quot;created_timestamp&quot;:&quot;0&quot;,&quot;copyright&quot;:&quot;&quot;,&quot;focal_length&quot;:&quot;0&quot;,&quot;iso&quot;:&quot;0&quot;,&quot;shutter_speed&quot;:&quot;0&quot;,&quot;title&quot;:&quot;&quot;}\" data-image-title=\"wwworkers_it\" data-image-description=\"\" data-image-caption=\"\" data-medium-file=\"https:\/\/i0.wp.com\/www.robertosedda.it\/wp-content\/uploads\/2013\/02\/wwworkers_it.png?fit=300%2C144\" data-large-file=\"https:\/\/i0.wp.com\/www.robertosedda.it\/wp-content\/uploads\/2013\/02\/wwworkers_it.png?fit=510%2C245\" decoding=\"async\" loading=\"lazy\" class=\"alignright size-medium wp-image-2274\" alt=\"wwworkers_it\" src=\"https:\/\/i0.wp.com\/www.robertosedda.it\/wp-content\/uploads\/2013\/02\/wwworkers_it.png?resize=300%2C144\" width=\"300\" height=\"144\" srcset=\"https:\/\/i0.wp.com\/www.robertosedda.it\/wp-content\/uploads\/2013\/02\/wwworkers_it.png?resize=300%2C144 300w, https:\/\/i0.wp.com\/www.robertosedda.it\/wp-content\/uploads\/2013\/02\/wwworkers_it.png?w=531 531w\" sizes=\"(max-width: 300px) 100vw, 300px\" data-recalc-dims=\"1\" \/><\/a>Anche le risposte all&#8217;<a href=\"http:\/\/www.wwworkers.it\/news\/le-10-azioni-per-la-politica-che-ci-governera\">appello di <em>wwworkers<\/em> a favore dello sviluppo dell&#8217;economia e della cultura digitale in Italia<\/a> non sono note: un peccato, perch\u00e9 \u00e8 un tema che mi interessa parecchio (e infatti ho firmato pure questo).<\/p>\n<h2>Fare pressione o farsi notare?<\/h2>\n<p>In realt\u00e0 alcune campagne non sembrano mirate a raggiungere un obiettivo, piuttosto a segnare un colpo, affermare una presenza, per calcolo politico, per ricordare che si esiste, per rafforzare la propria base associativa, facendo vedere che i vertici si muovono. Talvolta sono scelte opportune, talvolta segnano una certa debolezza di azione.<\/p>\n<p>Per esempio ho firmato anche l&#8217;<a href=\"http:\/\/www.italiasveglia.it\/\">appello di <em>ActionAid<\/em><\/a> (non mi faccio mancare niente), per\u00f2 ero curioso di capire le reazioni dei politici. Sul sito non ho trovato granch\u00e9, poi ho capito che la strategia era consegnare l&#8217;appello di persona ai vari candidati <em>premier<\/em>: Bersani, Monti, Ingroia e Giannino. Un po&#8217; poco, ragazzi.<\/p>\n<p>Oppure <a href=\"http:\/\/www.arciculturaesviluppo.it\/wp-content\/uploads\/2013\/01\/Appello-elezioni-2013.pdf\">l&#8217;appello (peraltro sacrosanto) sottoscritto da un buon numero di ONG a favore della cooperazione internazionale<\/a>, settore che adesso \u00e8 ridotto al lumicino:\u00a0su parte dei siti delle associazioni aderenti la cosa non \u00e8 nemmeno menzionata e ci ho messo un po&#8217; a capire le reazioni ricevute (hanno aderito circa 40 candidati e, a livello ufficiale,\u00a0il PD, SEL, Scelta Civica e il PSI). La campagna ha avuto un certo riscontro, sembra, sono contento, ma rimane una roba per addetti ai lavori.<\/p>\n<h2>La campagna di Banca Etica<\/h2>\n<p><a href=\"https:\/\/i0.wp.com\/www.robertosedda.it\/wp-content\/uploads\/2013\/02\/OlYaRLKUFNAoMBe-556x313-noPad.jpg\"><img data-attachment-id=\"2275\" data-permalink=\"http:\/\/www.robertosedda.it\/?attachment_id=2275\" data-orig-file=\"https:\/\/i0.wp.com\/www.robertosedda.it\/wp-content\/uploads\/2013\/02\/OlYaRLKUFNAoMBe-556x313-noPad.jpg?fit=556%2C313\" data-orig-size=\"556,313\" data-comments-opened=\"1\" data-image-meta=\"{&quot;aperture&quot;:&quot;0&quot;,&quot;credit&quot;:&quot;&quot;,&quot;camera&quot;:&quot;&quot;,&quot;caption&quot;:&quot;&quot;,&quot;created_timestamp&quot;:&quot;0&quot;,&quot;copyright&quot;:&quot;&quot;,&quot;focal_length&quot;:&quot;0&quot;,&quot;iso&quot;:&quot;0&quot;,&quot;shutter_speed&quot;:&quot;0&quot;,&quot;title&quot;:&quot;&quot;}\" data-image-title=\"OlYaRLKUFNAoMBe-556&#215;313-noPad\" data-image-description=\"\" data-image-caption=\"\" data-medium-file=\"https:\/\/i0.wp.com\/www.robertosedda.it\/wp-content\/uploads\/2013\/02\/OlYaRLKUFNAoMBe-556x313-noPad.jpg?fit=300%2C168\" data-large-file=\"https:\/\/i0.wp.com\/www.robertosedda.it\/wp-content\/uploads\/2013\/02\/OlYaRLKUFNAoMBe-556x313-noPad.jpg?fit=510%2C287\" decoding=\"async\" loading=\"lazy\" class=\"alignleft size-medium wp-image-2275\" alt=\"OlYaRLKUFNAoMBe-556x313-noPad\" src=\"https:\/\/i0.wp.com\/www.robertosedda.it\/wp-content\/uploads\/2013\/02\/OlYaRLKUFNAoMBe-556x313-noPad.jpg?resize=300%2C168\" width=\"300\" height=\"168\" srcset=\"https:\/\/i0.wp.com\/www.robertosedda.it\/wp-content\/uploads\/2013\/02\/OlYaRLKUFNAoMBe-556x313-noPad.jpg?resize=300%2C168 300w, https:\/\/i0.wp.com\/www.robertosedda.it\/wp-content\/uploads\/2013\/02\/OlYaRLKUFNAoMBe-556x313-noPad.jpg?w=556 556w\" sizes=\"(max-width: 300px) 100vw, 300px\" data-recalc-dims=\"1\" \/><\/a>Fra le campagne su <em>Change.org\u00a0<\/em>c&#8217;\u00e8 anche quella di\u00a0Banca Etica, <a href=\"http:\/\/www.change.org\/it\/petizioni\/cambiamo-la-finanza-per-cambiare-l-italia\"><em>Cambiamo la finanza per cambiare l&#8217;Italia!<\/em><\/a>, che aggancia la sua petizione a campagne gi\u00e0 in corso, come <a href=\"http:\/\/www.nonconimieisoldi.org\/\">Nonconimieisoldi<\/a> e la <a href=\"http:\/\/www.zerozerocinque.it\/\">005<\/a> per la tassazione delle transazioni finanziarie,\u00a0e alla sua <a href=\"http:\/\/www.change.org\/petitions\/ministro-dell-economia-e-delle-finanze-professor-vittorio-grilli-salviamo-l-azionariato-popolare-diffuso\">azione precedente a favore delle esperienze di azionariato diffuso<\/a>\u00a0(vi ricorderete che <a title=\"Ho scritto a Brunetta\" href=\"http:\/\/www.robertosedda.it\/?p=1202\">avevo scritto a Brunetta<\/a>: peraltro quella campagna \u00e8\u00a0stata allegramente ignorata da tutti i gruppi parlamentari, sappiatelo!). La petizione fa cio\u00e8 parte di una campagna di pressione pi\u00f9 ampia, a favore della Tobin Tax, della separazione fra banche commerciali e banche speculative, dei piccoli risparmiatori, contro i paradisi fiscali e per\u00a0una revisione degli accordi di Basilea che tenga conto del ruolo specifico delle banche cooperative. Ho firmato mesi fa (adesso siamo sopra 10.000) e\u00a0ho scoperto ieri che per il momento (cio\u00e8 a ieri) l&#8217;unico che ha risposto \u00e8 <a href=\"http:\/\/www.robertosedda.it\/?attachment_id=2264 \">Nichi Vendola<\/a>. Andiamo bene&#8230;<\/p>\n<h2>La campagna di <em>Libera<\/em> contro la corruzione<\/h2>\n<p>Certamente maggiore \u00e8 il numero di persone (pi\u00f9 di 135.000) che hanno firmato l&#8217;<a href=\"http:\/\/www.riparteilfuturo.it\/petizione\/\">appello di <em>Libera<\/em> e altre organizzazioni contro la corruzione e per la trasparenza nella politica e nella pubblica amministrazione<\/a>\u00a0(anche questa l&#8217;ho firmata).<\/p>\n<p>La campagna chiede ai candidati delle cose che a me, a prima vista, erano sembrate banali: pubblicare redditi e <em>curriculm vitae<\/em> con eventuali ruoli professionali ricoperti, chiarire la presenza di trascorsi penali e di potenziali conflitti di interesse, oltre che impegnarsi alla modifica\u00a0della normativa sul voto di scambio per renderlo pi\u00f9 difficile. Niente di che, apparentemente: infatti hanno aderito quasi 1.000 candidati, che sembrano tanti: poi uno ci pensa e si rende conto che non sono <em>cos\u00ec<\/em> tanti &#8211;\u00a0bastano a malapena ad eleggere un Parlamento. Ri-andiamo bene&#8230;<\/p>\n<p>Il sito della\u00a0campagna \u00e8 fatto molto bene dal punto di vista della verificabilit\u00e0: <a href=\"http:\/\/www.riparteilfuturo.it\/braccialetti-bianchi\/\">potete tranquillamente controllare i parlamentari che hanno aderito e\u00a0quel che hanno dichiarato<\/a>\u00a0(non \u00e8 molto visibile, ma si pu\u00f2 verificare anche chi sono gli aderenti partito per partito: io l&#8217;ho fatto e l&#8217;ho trovato istruttivo). In Sardegna risultano sedici candidati, undici del PD, tre di SEL,\u00a0due di Scelta Civica &#8211; brilla l&#8217;assenza del\u00a0Movimento 5 Stelle, forse semplicemente non si sono accorti, povere anime &#8211;\u00a0ma ho l&#8217;impressione che tutte le scelte, a livello nazionale, siano state fatte un po&#8217; a pezzi e bocconi, senza programmazioni di partito, il che dice gi\u00e0 tanto. Come controprova ho provato a guardare il Molise (ragionando che doveva essere una regione con pochi candidati, non avevo voglia di scorrere lunghe liste) e l\u00ec trovo due di Futuro e Libert\u00e0 e uno del 5 Stelle, niente PD, niente SEL. Misteri (ah, e Oscar Giannino il <em>curriculum<\/em> non l&#8217;aveva mandato, ho controllato!).<\/p>\n<h2>Energie rinnovabili e politica fossile<\/h2>\n<p>Qui ci sono addirittura due campagne.<\/p>\n<p>La prima \u00e8 quella dell&#8217;<em>Aper<\/em>, l&#8217;associazione dei produttori di energie rinnovabili, i quali hanno messo gi\u00f9 <a href=\"http:\/\/www.aper.it\/azioni-per-lo-sviluppo-delle-rinnovabili-elettriche-in-Italia\/ManifestoAPER.pdf\">ventisei azioni molto chiare a favore delle rinnovabili<\/a>. Il documento \u00e8 un po&#8217; tecnico, ma la cosa interessante del sito \u00e8 il <em>ritardometro<\/em>, <a href=\"http:\/\/www.aper.it\/azioni-per-lo-sviluppo-delle-rinnovabili-elettriche-in-Italia\/ritardometro.asp\">un utile specchietto di chi ha risposto e chi no<\/a> (poi naturalmente le risposte non sono tutte della stessa qualit\u00e0, ma su questo torneremo dopo). Quelli che non si sono sprecati a rispondere, al momento, sono il Centro Democratico, la Lega, Fratelli d&#8217;Italia, la Destra, Futuro e Libert\u00e0 (parzialmente), e il Movimento 5 Stelle.<\/p>\n<p>Certo, l&#8217;<em>Aper<\/em> poteva fornire anche una sintesi delle risposte &#8211; e un giudizio &#8211; anche perch\u00e9 a leggere alcune risposte si resta perplessi, comunque gi\u00e0 cos\u00ec \u00e8 un segnale importante. E poi tanto c&#8217;\u00e8 <em>Greenpeace<\/em>.<\/p>\n<p>La campagna di <em>Greenpeace<\/em> \u00e8 una delle pi\u00f9 violente che io abbia mai visto (capisco che dopo anni di batti e ribatti a quelli di <em>Greenpeace<\/em> gli sia passata la pazienza). Gi\u00e0 dal titolo: <em>Io non vi voto &#8211; sfida alla politica fossile<\/em> (con i faccioni di Berlusconi, Bersani e Monti in evidenza) o con immagini come quella qui sotto<\/p>\n<p><a href=\"https:\/\/i0.wp.com\/www.robertosedda.it\/wp-content\/uploads\/2013\/02\/Greenpeace-io-non-vi-voto.jpg\"><img data-attachment-id=\"2267\" data-permalink=\"http:\/\/www.robertosedda.it\/?attachment_id=2267\" data-orig-file=\"https:\/\/i0.wp.com\/www.robertosedda.it\/wp-content\/uploads\/2013\/02\/Greenpeace-io-non-vi-voto.jpg?fit=580%2C243\" data-orig-size=\"580,243\" data-comments-opened=\"1\" data-image-meta=\"{&quot;aperture&quot;:&quot;0&quot;,&quot;credit&quot;:&quot;&quot;,&quot;camera&quot;:&quot;&quot;,&quot;caption&quot;:&quot;&quot;,&quot;created_timestamp&quot;:&quot;0&quot;,&quot;copyright&quot;:&quot;LMOSCIA&quot;,&quot;focal_length&quot;:&quot;0&quot;,&quot;iso&quot;:&quot;0&quot;,&quot;shutter_speed&quot;:&quot;0&quot;,&quot;title&quot;:&quot;&quot;}\" data-image-title=\"Greenpeace io non vi voto\" data-image-description=\"\" data-image-caption=\"\" data-medium-file=\"https:\/\/i0.wp.com\/www.robertosedda.it\/wp-content\/uploads\/2013\/02\/Greenpeace-io-non-vi-voto.jpg?fit=300%2C125\" data-large-file=\"https:\/\/i0.wp.com\/www.robertosedda.it\/wp-content\/uploads\/2013\/02\/Greenpeace-io-non-vi-voto.jpg?fit=510%2C214\" decoding=\"async\" loading=\"lazy\" class=\"aligncenter size-full wp-image-2267\" alt=\"Greenpeace io non vi voto\" src=\"https:\/\/i0.wp.com\/www.robertosedda.it\/wp-content\/uploads\/2013\/02\/Greenpeace-io-non-vi-voto.jpg?resize=580%2C243\" width=\"580\" height=\"243\" srcset=\"https:\/\/i0.wp.com\/www.robertosedda.it\/wp-content\/uploads\/2013\/02\/Greenpeace-io-non-vi-voto.jpg?w=580 580w, https:\/\/i0.wp.com\/www.robertosedda.it\/wp-content\/uploads\/2013\/02\/Greenpeace-io-non-vi-voto.jpg?resize=300%2C125 300w\" sizes=\"(max-width: 580px) 100vw, 580px\" data-recalc-dims=\"1\" \/><\/a><\/p>\n<p>si capisce che si fa sul serio. Per fortuna a un certo punto \u00e8 spiegato che<\/p>\n<blockquote><p>IoNonViVoto.org non \u00e8 una campagna astensionista. Al contrario, pensiamo sia<br \/>\ngiunto il momento in cui i cittadini devono porre delle condizioni chiare e<br \/>\ninequivocabili a chi si candida a governarli.<\/p><\/blockquote>\n<p>perch\u00e9 a prima vista sembrava <em>tutto<\/em> il contrario. Non \u00e8 secondo me un caso che qui molti partiti che altrove aderiscono o fanno bella figura non abbiano risposto o vedano le loro posizioni accolte con scetticismo. Per esempio (prendo i primi due della serie) Vendola:<\/p>\n<blockquote><p>Nichi Vendola ha risposto con 9 &#8220;si&#8221; alle nostre domande. Lo ringraziamo e siamo felici per l&#8217;impegno che ha preso. Ora ci attendiamo che, da Governatore della Puglia, confermi quanto ci ha scritto: dimezzer\u00e0 la produzione di elettricit\u00e0 da carbone entro il 2020? Finora non lo ha fatto\u2026<\/p><\/blockquote>\n<p>o Di Pietro:<\/p>\n<blockquote><p>Antonio Di Pietro ha risposto con 9 &#8220;si&#8221; alle nostre domande. Lo ringraziamo e siamo felici per l&#8217;impegno che ha preso. Ci attendiamo che non si opponga pi\u00f9 alla realizzazione di impianti eolici, come invece fece anni addietro in Molise per il progetto di un parco eolico off-shore pi\u00f9 che sostenibile\u2026<\/p><\/blockquote>\n<p>Non risultano avere risposto alla campagna, sebbene interpellati,\u00a0Alfano, Berlusconi, Bersani, Biancofiore, Casini, Cattaneo, Crosetto, Grillo, Renzi, Santanch\u00e8, Tabacci e Tremonti. <a href=\"http:\/\/www.greenpeace.org\/italy\/it\/iononvivoto_domande\/\">Comunque potete controllare personalmente (e farvi il sangue amaro, per un motivo o per l&#8217;altro)<\/a>.<\/p>\n","protected":false},"excerpt":{"rendered":"<p>Appelli (ai) politici Mai come questa volta in vista delle elezioni ci sono stati pezzi della societ\u00e0 civile (anzi, della<\/p>\n","protected":false},"author":1,"featured_media":2267,"comment_status":"open","ping_status":"open","sticky":false,"template":"","format":"standard","meta":{"_mi_skip_tracking":false,"_monsterinsights_sitenote_active":false,"_monsterinsights_sitenote_note":"","_monsterinsights_sitenote_category":0,"jetpack_post_was_ever_published":false,"_jetpack_newsletter_access":"","jetpack_publicize_message":"","jetpack_is_tweetstorm":false,"jetpack_publicize_feature_enabled":true,"jetpack_social_post_already_shared":false,"jetpack_social_options":{"image_generator_settings":{"template":"highway","enabled":false}}},"categories":[52,57,17,59,16],"tags":[],"jetpack_publicize_connections":[],"jetpack_featured_media_url":"https:\/\/i0.wp.com\/www.robertosedda.it\/wp-content\/uploads\/2013\/02\/Greenpeace-io-non-vi-voto.jpg?fit=580%2C243","jetpack_sharing_enabled":true,"jetpack_shortlink":"https:\/\/wp.me\/p4jV2T-Ap","jetpack_likes_enabled":true,"jetpack-related-posts":[{"id":11956,"url":"http:\/\/www.robertosedda.it\/?p=11956","url_meta":{"origin":2257,"position":0},"title":"Appello a un voto che non \u00e8 per me","author":"Rufus","date":"17\/05\/2016","format":false,"excerpt":"L'altro giorno ha suscitato panico l'idea, da me abilmente suggerita, che volessi candidarmi al Consiglio comunale.\u00a0Adesso passo direttamente all'appello al voto; ma \u00e8 per delle elezioni importanti, nelle quali per\u00f2\u00a0non sono candidato io (per fortuna di tutti). Per\u00f2 l'appello vale lo stesso e la lista, coi meccanismi partecipativi propri della\u2026","rel":"","context":"In &quot;Coordinate&quot;","block_context":{"text":"Coordinate","link":"http:\/\/www.robertosedda.it\/?cat=52"},"img":{"alt_text":"","src":"https:\/\/i0.wp.com\/www.robertosedda.it\/wp-content\/uploads\/2016\/05\/Dentico.jpg?fit=400%2C400&resize=350%2C200","width":350,"height":200},"classes":[]},{"id":12046,"url":"http:\/\/www.robertosedda.it\/?p=12046","url_meta":{"origin":2257,"position":1},"title":"Sull&#8217;eterno ciglio dell&#8217;americanata","author":"Rufus","date":"01\/06\/2016","format":"video","excerpt":"Money Monster (Foster, USA 2016) C'\u00e8 un momento decisivo, pi\u00f9 o meno a un terzo di\u00a0Money Monster, in cui Jodie Foster dichiara le sue intenzioni\u00a0allo spettatore. A quel punto i parametri del dramma sono gi\u00e0 stati abbondantemente delineati: c'\u00e8 Lee Gates,\u00a0analista finanziario a met\u00e0 strada fra l'imbonitore da avanspettacolo e\u2026","rel":"","context":"In &quot;Coordinate&quot;","block_context":{"text":"Coordinate","link":"http:\/\/www.robertosedda.it\/?cat=52"},"img":{"alt_text":"","src":"https:\/\/i0.wp.com\/www.robertosedda.it\/wp-content\/uploads\/2016\/06\/Money-monster.png?fit=955%2C549&resize=350%2C200","width":350,"height":200,"srcset":"https:\/\/i0.wp.com\/www.robertosedda.it\/wp-content\/uploads\/2016\/06\/Money-monster.png?fit=955%2C549&resize=350%2C200 1x, https:\/\/i0.wp.com\/www.robertosedda.it\/wp-content\/uploads\/2016\/06\/Money-monster.png?fit=955%2C549&resize=700%2C400 2x"},"classes":[]},{"id":13637,"url":"http:\/\/www.robertosedda.it\/?p=13637","url_meta":{"origin":2257,"position":2},"title":"A Iglesias. Per la pace","author":"Rufus","date":"03\/05\/2017","format":false,"excerpt":"Domenica vado con altri soci di Banca Etica ad Iglesias. Per la pace. O forse, meglio, contro il commercio di armi.L'iniziativa \u00e8 dello stesso filone di altre iniziative di cui ho gi\u00e0 parlato. La riflessione che faccio, casomai, \u00e8 sulla ricorsivit\u00e0 di certe situazioni: negli ultimi anni il tema delle\u2026","rel":"","context":"In &quot;Coordinate&quot;","block_context":{"text":"Coordinate","link":"http:\/\/www.robertosedda.it\/?cat=52"},"img":{"alt_text":"","src":"https:\/\/i0.wp.com\/www.robertosedda.it\/wp-content\/uploads\/2017\/05\/runforunityiglesias.jpg?fit=856%2C1200&resize=350%2C200","width":350,"height":200,"srcset":"https:\/\/i0.wp.com\/www.robertosedda.it\/wp-content\/uploads\/2017\/05\/runforunityiglesias.jpg?fit=856%2C1200&resize=350%2C200 1x, https:\/\/i0.wp.com\/www.robertosedda.it\/wp-content\/uploads\/2017\/05\/runforunityiglesias.jpg?fit=856%2C1200&resize=700%2C400 2x"},"classes":[]},{"id":10004,"url":"http:\/\/www.robertosedda.it\/?p=10004","url_meta":{"origin":2257,"position":3},"title":"Sopravvivere su Facebook","author":"Rufus","date":"21\/04\/2015","format":false,"excerpt":"Complice il raduno dei Delitala (a breve le foto) mia sorella Iole si \u00e8 finalmente iscritta su\u00a0Facebook. Zuckerberg, \u00e8 l'inizio della fine. Comunque quando l'ho scoperto il fratello maggiore che \u00e8 in me ha pensato: \u00abBisogna che le spieghi come funziona\u00a0Facebook\u00bb. E intendevo: chi seguire e chi no, come non\u2026","rel":"","context":"In &quot;Coordinate&quot;","block_context":{"text":"Coordinate","link":"http:\/\/www.robertosedda.it\/?cat=52"},"img":{"alt_text":"","src":"https:\/\/i0.wp.com\/www.robertosedda.it\/wp-content\/uploads\/2015\/04\/11150191_1386297198363344_2526490747846397730_n.jpg?fit=924%2C925&resize=350%2C200","width":350,"height":200,"srcset":"https:\/\/i0.wp.com\/www.robertosedda.it\/wp-content\/uploads\/2015\/04\/11150191_1386297198363344_2526490747846397730_n.jpg?fit=924%2C925&resize=350%2C200 1x, https:\/\/i0.wp.com\/www.robertosedda.it\/wp-content\/uploads\/2015\/04\/11150191_1386297198363344_2526490747846397730_n.jpg?fit=924%2C925&resize=700%2C400 2x"},"classes":[]},{"id":7997,"url":"http:\/\/www.robertosedda.it\/?p=7997","url_meta":{"origin":2257,"position":4},"title":"Appello per un cambiamento coraggioso","author":"Rufus","date":"23\/07\/2014","format":false,"excerpt":"Come avevo accennato alcuni giorni fa la commissione Iustitia et pax della Conferenza episcopale dei Vescovi della Terra Santa ha pubblicato un documento sulla situazione bellica di Gaza, che si intitola Appello per un cambiamento coraggioso. L'ho tradotto, nella speranza che possa essere utile: l'originale, in francese, \u00e8 pubblicato sul\u2026","rel":"","context":"In &quot;Coordinate&quot;","block_context":{"text":"Coordinate","link":"http:\/\/www.robertosedda.it\/?cat=52"},"img":{"alt_text":"","src":"https:\/\/i0.wp.com\/www.robertosedda.it\/wp-content\/uploads\/2014\/07\/iustitia-et-pax-holy-land.jpeg?fit=960%2C720&resize=350%2C200","width":350,"height":200,"srcset":"https:\/\/i0.wp.com\/www.robertosedda.it\/wp-content\/uploads\/2014\/07\/iustitia-et-pax-holy-land.jpeg?fit=960%2C720&resize=350%2C200 1x, https:\/\/i0.wp.com\/www.robertosedda.it\/wp-content\/uploads\/2014\/07\/iustitia-et-pax-holy-land.jpeg?fit=960%2C720&resize=700%2C400 2x"},"classes":[]},{"id":10173,"url":"http:\/\/www.robertosedda.it\/?p=10173","url_meta":{"origin":2257,"position":5},"title":"REBLOG: Basta con questa carneficina","author":"Rufus","date":"05\/05\/2015","format":false,"excerpt":"Rilancio volentieri, sulla scia della Fondazione \"Giorgio La Pira\", l'appello dei capi religiosi della comunit\u00e0 fiorentina sull'immigrazione.","rel":"","context":"In &quot;Segnalazioni&quot;","block_context":{"text":"Segnalazioni","link":"http:\/\/www.robertosedda.it\/?cat=95"},"img":{"alt_text":"","src":"","width":0,"height":0},"classes":[]}],"_links":{"self":[{"href":"http:\/\/www.robertosedda.it\/index.php?rest_route=\/wp\/v2\/posts\/2257"}],"collection":[{"href":"http:\/\/www.robertosedda.it\/index.php?rest_route=\/wp\/v2\/posts"}],"about":[{"href":"http:\/\/www.robertosedda.it\/index.php?rest_route=\/wp\/v2\/types\/post"}],"author":[{"embeddable":true,"href":"http:\/\/www.robertosedda.it\/index.php?rest_route=\/wp\/v2\/users\/1"}],"replies":[{"embeddable":true,"href":"http:\/\/www.robertosedda.it\/index.php?rest_route=%2Fwp%2Fv2%2Fcomments&post=2257"}],"version-history":[{"count":29,"href":"http:\/\/www.robertosedda.it\/index.php?rest_route=\/wp\/v2\/posts\/2257\/revisions"}],"predecessor-version":[{"id":2326,"href":"http:\/\/www.robertosedda.it\/index.php?rest_route=\/wp\/v2\/posts\/2257\/revisions\/2326"}],"wp:featuredmedia":[{"embeddable":true,"href":"http:\/\/www.robertosedda.it\/index.php?rest_route=\/wp\/v2\/media\/2267"}],"wp:attachment":[{"href":"http:\/\/www.robertosedda.it\/index.php?rest_route=%2Fwp%2Fv2%2Fmedia&parent=2257"}],"wp:term":[{"taxonomy":"category","embeddable":true,"href":"http:\/\/www.robertosedda.it\/index.php?rest_route=%2Fwp%2Fv2%2Fcategories&post=2257"},{"taxonomy":"post_tag","embeddable":true,"href":"http:\/\/www.robertosedda.it\/index.php?rest_route=%2Fwp%2Fv2%2Ftags&post=2257"}],"curies":[{"name":"wp","href":"https:\/\/api.w.org\/{rel}","templated":true}]}}