{"id":2255,"date":"2013-02-19T14:03:03","date_gmt":"2013-02-19T13:03:03","guid":{"rendered":"http:\/\/www.robertosedda.it\/?p=2255"},"modified":"2015-02-21T16:33:47","modified_gmt":"2015-02-21T15:33:47","slug":"tecnologie-politiche","status":"publish","type":"post","link":"http:\/\/www.robertosedda.it\/?p=2255","title":{"rendered":"Tecnologie politiche"},"content":{"rendered":"<p>Ho letto\u00a0oggi <a href=\"http:\/\/www.theatlantic.com\/technology\/archive\/2012\/11\/when-the-nerds-go-marching-in\/265325\/2\/?single_page=true\">un articolo magnifico su <em>The Atlantic<\/em><\/a>\u00a0che racconta tutta la parte tecnologica della\u00a0campagna elettorale di Barack Obama\u00a0(l&#8217;ho letto perch\u00e9 era\u00a0citato in un articolo a sua volta interessante su <a href=\"http:\/\/livepaola.blogspot.it\/2013\/02\/le-elezioni-e-leffetto-internet-tre.html\"><em>LivePaola<\/em><\/a>, che\u00a0io ho trovato perch\u00e9 <a href=\"http:\/\/www.minimarketing.it\/\">Gianluca Diegoli<\/a>\u00a0l&#8217;ha segnalato su <em>Twitter<\/em>: mi sembra giusto riconoscere tutta la catena).<\/p>\n<p>Ora, la campagna elettorale di Barack Obama \u00e8 terminata da un pezzo, ma da noi la competizione elettorale \u00e8 in pieno svolgimento e i vari <em>guru<\/em> locali guardano a quella come a un esempio da imitare, <a href=\"http:\/\/tech.fanpage.it\/elezioni-2013-grillo-invade-facebook-bersani-il-piu-attivo-su-twitter\/\">in particolare per quel che riguarda l&#8217;utilizzo della rete e dei <em>social network<\/em><\/a>.\u00a0\u00a0Forse: perch\u00e9 <a href=\"http:\/\/www.minimarketing.it\/2013\/01\/il-dibattito-no-a-che-serve-twitter-al-politico.html\">i <em>veri<\/em> esperti sono scettici<\/a>\u00a0(<a href=\"http:\/\/www.valigiablu.it\/primarie-bersani-vince-e-perdono-i-social-media\/\">probabilmente con qualche motivo<\/a>), e soprattutto perch\u00e9, se uno si legge <em>The Atlantic<\/em>, capisce che stiamo parlando di un altro mondo.<\/p>\n<p><a href=\"https:\/\/i0.wp.com\/www.robertosedda.it\/wp-content\/uploads\/2013\/02\/harperhug.jpg\"><img data-attachment-id=\"2268\" data-permalink=\"http:\/\/www.robertosedda.it\/?attachment_id=2268\" data-orig-file=\"https:\/\/i0.wp.com\/www.robertosedda.it\/wp-content\/uploads\/2013\/02\/harperhug.jpg?fit=610%2C426\" data-orig-size=\"610,426\" data-comments-opened=\"1\" data-image-meta=\"{&quot;aperture&quot;:&quot;0&quot;,&quot;credit&quot;:&quot;&quot;,&quot;camera&quot;:&quot;&quot;,&quot;caption&quot;:&quot;&quot;,&quot;created_timestamp&quot;:&quot;0&quot;,&quot;copyright&quot;:&quot;&quot;,&quot;focal_length&quot;:&quot;0&quot;,&quot;iso&quot;:&quot;0&quot;,&quot;shutter_speed&quot;:&quot;0&quot;,&quot;title&quot;:&quot;&quot;}\" data-image-title=\"harperhug\" data-image-description=\"\" data-image-caption=\"\" data-medium-file=\"https:\/\/i0.wp.com\/www.robertosedda.it\/wp-content\/uploads\/2013\/02\/harperhug.jpg?fit=300%2C209\" data-large-file=\"https:\/\/i0.wp.com\/www.robertosedda.it\/wp-content\/uploads\/2013\/02\/harperhug.jpg?fit=510%2C356\" decoding=\"async\" loading=\"lazy\" class=\"alignleft size-medium wp-image-2268\" src=\"https:\/\/i0.wp.com\/www.robertosedda.it\/wp-content\/uploads\/2013\/02\/harperhug.jpg?resize=300%2C209\" alt=\"harperhug\" width=\"300\" height=\"209\" srcset=\"https:\/\/i0.wp.com\/www.robertosedda.it\/wp-content\/uploads\/2013\/02\/harperhug.jpg?resize=300%2C209 300w, https:\/\/i0.wp.com\/www.robertosedda.it\/wp-content\/uploads\/2013\/02\/harperhug.jpg?w=610 610w\" sizes=\"(max-width: 300px) 100vw, 300px\" data-recalc-dims=\"1\" \/><\/a>L&#8217;articolo in realt\u00e0 non riguarda la rete: attraverso la figura di Harper Reed, capo responsabile tecnico della campagna di Obama, si ripercorre la costituzione di un gruppo di informatici che ha scritto e monitorato i <em>software<\/em> utilizzati dagli altri gruppi di lavoro: i pubblicitari delle campagne <em>online<\/em>, gli analisti statistici e gli organizzatori di tutte le varie iniziative sul campo (convegni, incontri, porta a porta). Ciascuno di questi gruppi ha bisogno di un supporto informatico: per assemblare le statistiche negli stati chiave, per catalogare i sostenitori, per riunire le liste di contatti, per automatizzare e facilitare l&#8217;invio di <em>mail<\/em>, messaggi <em>Twitter<\/em> e cos\u00ec via.<\/p>\n<p>Ci sono dentro delle cose interessanti per il giocatore di ruolo: per esempio la cronaca dei giochi di ruolo con cui il <em>team<\/em> si \u00e8 allenato a gestire eventuali crolli del sistema nei moneti cruciali (cosa succede se il giorno delle elezioni salta il database della costa est e non sappiamo pi\u00f9 quale degli elettori democratici ha gi\u00e0 votato\u00a0e quale deve ancora votare? e se perdiamo il contatto con i rappresentanti ai seggi?). C&#8217;\u00e8 anche una frase che sembra presa di peso \u00a0da un romanzo <em>cyberpunk<\/em><\/p>\n<blockquote><p>Yet if you&#8217;ve spent a lot of time around tech people, around Burning Man devotees, around startups, around San Francisco, around BBSs, around Reddit, Harper Reed probably makes sense to you. He&#8217;s a cool hacker. He gets <a href=\"http:\/\/www.motherjones.com\/politics\/2012\/10\/harper-reed-obama-campaign-microtargeting\">profiled by Mother Jones<\/a> even though he couldn&#8217;t talk with Tim Murphy, their reporter. He supports open source. He likes Japan. He says fuck a lot. He goes to hipster bars that serve vegan Mexican food, and where a quarter of the staff and clientele have mustaches.<\/p><\/blockquote>\n<p>Ma soprattutto leggendo l&#8217;articolo si capisce che il livello di ingegnerizzazione della campagna elettorale americana \u00e8 da brividi: una sofisticazione dell&#8217;organizzazione, una qualit\u00e0 della profilazione degli elettori, un sistema di gestione delle azioni da intraprendere che lascia poco o nulla al caso; tutte cose che sembrano lontane anni luce dalla nostra situazione locale. L&#8217;articolo ha qualche caduta retorica ma \u00e8 veramente interessante e sono contento di averlo recuperato adesso (\u00e8 di novembre 2012): mi spiace solo che non ho il tempo di tradurlo.<\/p>\n","protected":false},"excerpt":{"rendered":"<p>Ho letto\u00a0oggi un articolo magnifico su The Atlantic\u00a0che racconta tutta la parte tecnologica della\u00a0campagna elettorale di Barack Obama\u00a0(l&#8217;ho letto perch\u00e9<\/p>\n","protected":false},"author":1,"featured_media":2268,"comment_status":"open","ping_status":"open","sticky":false,"template":"","format":"standard","meta":{"_mi_skip_tracking":false,"_monsterinsights_sitenote_active":false,"_monsterinsights_sitenote_note":"","_monsterinsights_sitenote_category":0,"jetpack_post_was_ever_published":false,"_jetpack_newsletter_access":"","jetpack_publicize_message":"","jetpack_is_tweetstorm":false,"jetpack_publicize_feature_enabled":true,"jetpack_social_post_already_shared":false,"jetpack_social_options":{"image_generator_settings":{"template":"highway","enabled":false}}},"categories":[52,64,55,17,16],"tags":[],"jetpack_publicize_connections":[],"jetpack_featured_media_url":"https:\/\/i0.wp.com\/www.robertosedda.it\/wp-content\/uploads\/2013\/02\/harperhug.jpg?fit=610%2C426","jetpack_sharing_enabled":true,"jetpack_shortlink":"https:\/\/wp.me\/p4jV2T-An","jetpack_likes_enabled":true,"jetpack-related-posts":[{"id":5896,"url":"http:\/\/www.robertosedda.it\/?p=5896","url_meta":{"origin":2255,"position":0},"title":"Campagna elettorale for dummies","author":"Rufus","date":"23\/01\/2014","format":false,"excerpt":"In epoca di elezioni diventa pi\u00f9 difficile scrivere di politica per chi, come me, si \u00e8 sempre ripromesso di non dire mai per chi vota. Il che un po' in questi giorni mi pesa, perch\u00e9 ho delle cose \"di politica\" da dire e non \u00e8 facile destreggiarsi. Ci provo. Una\u2026","rel":"","context":"In &quot;Coordinate&quot;","block_context":{"text":"Coordinate","link":"http:\/\/www.robertosedda.it\/?cat=52"},"img":{"alt_text":"","src":"https:\/\/i0.wp.com\/www.robertosedda.it\/wp-content\/uploads\/2014\/01\/Elezioni-per-dummies.jpg?fit=319%2C400&resize=350%2C200","width":350,"height":200},"classes":[]},{"id":1292,"url":"http:\/\/www.robertosedda.it\/?p=1292","url_meta":{"origin":2255,"position":1},"title":"Chi \u00e8 Nate Silver, e perch\u00e9 parla male&#8230; di loro?","author":"Rufus","date":"08\/11\/2012","format":false,"excerpt":"A margine della vittoria di Barack Obama alle elezioni presidenziali americane si \u00e8 sviluppata una polemica che ha coinvolto un buon numero di osservatori e di esperti politici. La controversia si \u00e8 incentrata su Nate Silver, un matematico che ha sostenuto prima delle elezioni, in maniera abbastanza inaspettata, che non\u2026","rel":"","context":"In &quot;Coordinate&quot;","block_context":{"text":"Coordinate","link":"http:\/\/www.robertosedda.it\/?cat=52"},"img":{"alt_text":"","src":"https:\/\/i0.wp.com\/www.robertosedda.it\/wp-content\/uploads\/2012\/11\/a7ery-hcyaaykaw.jpg?fit=600%2C230&resize=350%2C200","width":350,"height":200},"classes":[]},{"id":12730,"url":"http:\/\/www.robertosedda.it\/?p=12730","url_meta":{"origin":2255,"position":2},"title":"La strage dei sondaggi","author":"Rufus","date":"03\/11\/2016","format":"video","excerpt":"Sulle elezioni americane seguo da mesi\u00a0FiveThirtyEight, il sito di elaborazioni statistiche di\u00a0Nate Silver:\u00a0anche se ha cannato clamorosamente le previsioni sulle primarie repubblicane rimane un sito ben fatto, molto informativo ed equilibrato. FiveThirtyEight \u00e8\u00a0un aggregatore di sondaggi: tiene conto di tutte le rilevazioni che sono pubblicate, le elabora secondo un proprio\u2026","rel":"","context":"In &quot;Coordinate&quot;","block_context":{"text":"Coordinate","link":"http:\/\/www.robertosedda.it\/?cat=52"},"img":{"alt_text":"","src":"https:\/\/i0.wp.com\/www.robertosedda.it\/wp-content\/uploads\/2016\/11\/Sondaggi.jpg?resize=350%2C200","width":350,"height":200},"classes":[]},{"id":14727,"url":"http:\/\/www.robertosedda.it\/?p=14727","url_meta":{"origin":2255,"position":3},"title":"I piccoli misteri di questa campagna elettorale&#8230;","author":"Rufus","date":"26\/02\/2018","format":false,"excerpt":"... comprendono il perch\u00e9 sia su\u00a0Facebook\u00a0che su Instagram\u00a0mi arrivi periodicamente una pubblicit\u00e0 elettorale del\u00a0Movimento 5 Stelle firmata da\u00a0Avaaz, una organizzazione non governativa dalla quale non ti aspetti che si metta a interferire. Se la pubblicit\u00e0 non vi sembra a favore di Mura ma equidistante leggete di nuovo. Non \u00e8 imparziale,\u2026","rel":"","context":"In &quot;Coordinate&quot;","block_context":{"text":"Coordinate","link":"http:\/\/www.robertosedda.it\/?cat=52"},"img":{"alt_text":"","src":"https:\/\/i0.wp.com\/www.robertosedda.it\/wp-content\/uploads\/2018\/02\/Mura-Cappellacci-Avaaz.png?fit=339%2C461&resize=350%2C200","width":350,"height":200},"classes":[]},{"id":18231,"url":"http:\/\/www.robertosedda.it\/?p=18231","url_meta":{"origin":2255,"position":4},"title":"Catechesi politica","author":"Rufus","date":"31\/07\/2020","format":false,"excerpt":"Il fidato aggregatore di notizie mi ha suggerito, l'altro giorno, la commemorazione pronunciata da Obama per John Lewis, membro della Camera dei Rappresentanti e uno degli ultimi grandi vecchi delle lotte per i diritti civili degli anni '60. Al solenne servizio funebre Trump non \u00e8 andato, evitando l'imbarazzo generale, ma\u2026","rel":"","context":"In &quot;Coordinate&quot;","block_context":{"text":"Coordinate","link":"http:\/\/www.robertosedda.it\/?cat=52"},"img":{"alt_text":"","src":"https:\/\/i0.wp.com\/www.robertosedda.it\/wp-content\/uploads\/2020\/07\/Obama-Lewis-2.jpg?fit=940%2C627&resize=350%2C200","width":350,"height":200,"srcset":"https:\/\/i0.wp.com\/www.robertosedda.it\/wp-content\/uploads\/2020\/07\/Obama-Lewis-2.jpg?fit=940%2C627&resize=350%2C200 1x, https:\/\/i0.wp.com\/www.robertosedda.it\/wp-content\/uploads\/2020\/07\/Obama-Lewis-2.jpg?fit=940%2C627&resize=700%2C400 2x"},"classes":[]},{"id":6134,"url":"http:\/\/www.robertosedda.it\/?p=6134","url_meta":{"origin":2255,"position":5},"title":"Troppa poca Europa nella campagna elettorale","author":"Rufus","date":"03\/02\/2014","format":false,"excerpt":"A causa della campagna elettorale, dei vari impegni, del freddo e dell'influenza sono gi\u00e0 due settimane che il gruppo dei blogger del luned\u00ec non riesce a produrre il consueto articolo. Quello che segue \u00e8 stato inviato ma non discusso la settimana scorsa (peraltro io ho smesso da un po' di\u2026","rel":"","context":"In &quot;Coordinate&quot;","block_context":{"text":"Coordinate","link":"http:\/\/www.robertosedda.it\/?cat=52"},"img":{"alt_text":"","src":"https:\/\/i0.wp.com\/www.robertosedda.it\/wp-content\/uploads\/2014\/02\/Flag_of_Europe.svg.png?fit=1200%2C800&resize=350%2C200","width":350,"height":200,"srcset":"https:\/\/i0.wp.com\/www.robertosedda.it\/wp-content\/uploads\/2014\/02\/Flag_of_Europe.svg.png?fit=1200%2C800&resize=350%2C200 1x, https:\/\/i0.wp.com\/www.robertosedda.it\/wp-content\/uploads\/2014\/02\/Flag_of_Europe.svg.png?fit=1200%2C800&resize=700%2C400 2x, https:\/\/i0.wp.com\/www.robertosedda.it\/wp-content\/uploads\/2014\/02\/Flag_of_Europe.svg.png?fit=1200%2C800&resize=1050%2C600 3x"},"classes":[]}],"_links":{"self":[{"href":"http:\/\/www.robertosedda.it\/index.php?rest_route=\/wp\/v2\/posts\/2255"}],"collection":[{"href":"http:\/\/www.robertosedda.it\/index.php?rest_route=\/wp\/v2\/posts"}],"about":[{"href":"http:\/\/www.robertosedda.it\/index.php?rest_route=\/wp\/v2\/types\/post"}],"author":[{"embeddable":true,"href":"http:\/\/www.robertosedda.it\/index.php?rest_route=\/wp\/v2\/users\/1"}],"replies":[{"embeddable":true,"href":"http:\/\/www.robertosedda.it\/index.php?rest_route=%2Fwp%2Fv2%2Fcomments&post=2255"}],"version-history":[{"count":10,"href":"http:\/\/www.robertosedda.it\/index.php?rest_route=\/wp\/v2\/posts\/2255\/revisions"}],"predecessor-version":[{"id":9648,"href":"http:\/\/www.robertosedda.it\/index.php?rest_route=\/wp\/v2\/posts\/2255\/revisions\/9648"}],"wp:featuredmedia":[{"embeddable":true,"href":"http:\/\/www.robertosedda.it\/index.php?rest_route=\/wp\/v2\/media\/2268"}],"wp:attachment":[{"href":"http:\/\/www.robertosedda.it\/index.php?rest_route=%2Fwp%2Fv2%2Fmedia&parent=2255"}],"wp:term":[{"taxonomy":"category","embeddable":true,"href":"http:\/\/www.robertosedda.it\/index.php?rest_route=%2Fwp%2Fv2%2Fcategories&post=2255"},{"taxonomy":"post_tag","embeddable":true,"href":"http:\/\/www.robertosedda.it\/index.php?rest_route=%2Fwp%2Fv2%2Ftags&post=2255"}],"curies":[{"name":"wp","href":"https:\/\/api.w.org\/{rel}","templated":true}]}}