{"id":2202,"date":"2013-02-18T09:26:44","date_gmt":"2013-02-18T08:26:44","guid":{"rendered":"http:\/\/www.robertosedda.it\/?p=2202"},"modified":"2022-02-22T15:50:17","modified_gmt":"2022-02-22T14:50:17","slug":"come-scrivere-una-mail-alla-segreteria-studenti-o-della-pigrizia","status":"publish","type":"post","link":"http:\/\/www.robertosedda.it\/?p=2202","title":{"rendered":"Come scrivere una mail alla Segreteria studenti (o della pigrizia)"},"content":{"rendered":"<p>Era da un po&#8217; che volevo scrivere un articolo intitolato &#8220;Come scrivere una\u00a0<em>mail<\/em> alla Segreteria studenti&#8221;.<\/p>\n<p>Il motivo \u00e8 evidente per tutti quelli che hanno mai gestito contatti col pubblico: dall&#8217;uso sorprendente e creativo degli\u00a0<em>user name<\/em>\u00a0(<em>arrogurottu<\/em>, <em>farfallinasvolazzina<\/em>, <em>gokuseiunapippa<\/em>), alla straordinaria capacit\u00e0 di presupporre che il destinatario sia dotato della prescienza (<em>salve, vorrei sapere perch\u00e9 ancora non mi \u00e8 stato caricato l&#8217;esame<\/em> &#8211; quale esame?! e tu, chi sei?), alla simpatica capacit\u00e0 di entrare in relazione empatica (<em>insomma, sono due mesi che non mi viene caricato l&#8217;esame, se non avete voglia di lavorare ditelo! paghiamo le tasse, noi!!!!11!!!!<\/em>), al sempiterno uso delle maiuscole.<\/p>\n<p>Volevo fare un <em>post <\/em>allegro, con false\u00a0<em>mail<\/em> degli studenti, che illustrasse gli errori pi\u00f9 frequenti e suggerisse passo passo come scrivere una\u00a0<em>mail<\/em> efficace e precisa.<\/p>\n<p>Poi ho scoperto, non senza sorpresa, che articoli di questo genere abbondano sulla rete (<em>ma va?!<\/em>) e anzi costituiscono un vero e proprio sottogenere letterario ben consolidato.<\/p>\n<p>Ho anche individuato, se non il capostipite, almeno l&#8217;articolo migliore della categoria, e quindi ho deciso di non scrivere l&#8217;ennesimo articolo derivativo in materia: <a href=\"http:\/\/vigna.di.unimi.it\/comescrivere.php\">vi rimando a quello, molto buono e divertente, del professor Vigna<\/a>: buona lettura!<\/p>\n","protected":false},"excerpt":{"rendered":"<p>Era da un po&#8217; che volevo scrivere un articolo intitolato &#8220;Come scrivere una\u00a0mail alla Segreteria studenti&#8221;. Il motivo \u00e8 evidente<\/p>\n","protected":false},"author":1,"featured_media":16532,"comment_status":"open","ping_status":"open","sticky":false,"template":"","format":"standard","meta":{"_mi_skip_tracking":false,"_monsterinsights_sitenote_active":false,"_monsterinsights_sitenote_note":"","_monsterinsights_sitenote_category":0,"jetpack_post_was_ever_published":false,"_jetpack_newsletter_access":"","jetpack_publicize_message":"","jetpack_is_tweetstorm":false,"jetpack_publicize_feature_enabled":true,"jetpack_social_post_already_shared":false,"jetpack_social_options":{"image_generator_settings":{"template":"highway","enabled":false}}},"categories":[52,64,55,17,16],"tags":[],"jetpack_publicize_connections":[],"jetpack_featured_media_url":"https:\/\/i0.wp.com\/www.robertosedda.it\/wp-content\/uploads\/2013\/02\/icona-mail.png?fit=256%2C256","jetpack_sharing_enabled":true,"jetpack_shortlink":"https:\/\/wp.me\/p4jV2T-zw","jetpack_likes_enabled":true,"jetpack-related-posts":[{"id":8597,"url":"http:\/\/www.robertosedda.it\/?p=8597","url_meta":{"origin":2202,"position":0},"title":"Foto infernali di studenti sprovveduti. O forse no&#8230;","author":"Rufus","date":"07\/10\/2014","format":false,"excerpt":"Da quest'anno non \u00e8 pi\u00f9 necessario, per i nostri studenti, presentare due foto formato tessera insieme con la domanda di immatricolazione. Ci siamo evoluti: la foto viene caricata dallo studente direttamente nella sua area riservata e da l\u00ec inserita automaticamente sul suo\u00a0badge, che sostituir\u00e0 il vecchio libretto. Ai primi avvisi\u2026","rel":"","context":"In &quot;Coordinate&quot;","block_context":{"text":"Coordinate","link":"http:\/\/www.robertosedda.it\/?cat=52"},"img":{"alt_text":"","src":"https:\/\/i0.wp.com\/www.robertosedda.it\/wp-content\/uploads\/2013\/10\/Rufus-clown.jpg?fit=604%2C415&resize=350%2C200","width":350,"height":200},"classes":[]},{"id":15553,"url":"http:\/\/www.robertosedda.it\/?p=15553","url_meta":{"origin":2202,"position":1},"title":"Grazie a voi","author":"Rufus","date":"02\/08\/2018","format":false,"excerpt":"Con il 31 luglio si \u00e8 chiuso il sesto anno di vita del blog, ed \u00e8 nuovamente tempo di ringraziamenti! A me sembra tutto straordinario: cio\u00e8,\u00a0La casa di Roberto \u00e8 minuscola rispetto al vasto mondo del\u00a0web, per\u00f2 comunque 34 000 utenti mi sembrano moltissimi, e anche escludendo quelli che sono\u2026","rel":"","context":"In &quot;Coordinate&quot;","block_context":{"text":"Coordinate","link":"http:\/\/www.robertosedda.it\/?cat=52"},"img":{"alt_text":"","src":"https:\/\/i0.wp.com\/www.robertosedda.it\/wp-content\/uploads\/2018\/08\/Statistiche-totali.jpg?fit=1200%2C494&resize=350%2C200","width":350,"height":200,"srcset":"https:\/\/i0.wp.com\/www.robertosedda.it\/wp-content\/uploads\/2018\/08\/Statistiche-totali.jpg?fit=1200%2C494&resize=350%2C200 1x, https:\/\/i0.wp.com\/www.robertosedda.it\/wp-content\/uploads\/2018\/08\/Statistiche-totali.jpg?fit=1200%2C494&resize=700%2C400 2x, https:\/\/i0.wp.com\/www.robertosedda.it\/wp-content\/uploads\/2018\/08\/Statistiche-totali.jpg?fit=1200%2C494&resize=1050%2C600 3x"},"classes":[]},{"id":7511,"url":"http:\/\/www.robertosedda.it\/?p=7511","url_meta":{"origin":2202,"position":2},"title":"Salvatemi dallo spelling","author":"Rufus","date":"23\/05\/2014","format":false,"excerpt":"Una considerazione del tutto immeritata delle mie capacit\u00e0 linguistiche da parte delle colleghe conduce\u00a0tutte le telefonate provenienti dall'estero alla mia scrivania. Dice: \u00abQuante telefonate dall'estero riceverete mai?\u00bb. Beh, non poche. Anche perch\u00e9 da qualche parte nel sito dell'Universit\u00e0 - un luogo misterioso che noi non riusciamo a trovare e sopprimere,\u2026","rel":"","context":"In &quot;Coordinate&quot;","block_context":{"text":"Coordinate","link":"http:\/\/www.robertosedda.it\/?cat=52"},"img":{"alt_text":"","src":"https:\/\/i0.wp.com\/www.robertosedda.it\/wp-content\/uploads\/2014\/05\/2014-05-22-12.15.56.jpg?fit=964%2C723&resize=350%2C200","width":350,"height":200,"srcset":"https:\/\/i0.wp.com\/www.robertosedda.it\/wp-content\/uploads\/2014\/05\/2014-05-22-12.15.56.jpg?fit=964%2C723&resize=350%2C200 1x, https:\/\/i0.wp.com\/www.robertosedda.it\/wp-content\/uploads\/2014\/05\/2014-05-22-12.15.56.jpg?fit=964%2C723&resize=700%2C400 2x"},"classes":[]},{"id":10799,"url":"http:\/\/www.robertosedda.it\/?p=10799","url_meta":{"origin":2202,"position":3},"title":"Ringraziamenti annuali (i soliti, ma sinceri)","author":"Rufus","date":"09\/09\/2015","format":false,"excerpt":"Come sempre fine agosto \u00e8 tempo di bilanci annuali per quanto riguarda le statistiche di frequenza del blog. Col fatto che siamo rimasti fermi quasi una settimana sono un po\u2019 in ritardo, ma ieri sono andato finalmente a guardarmele. Raccontava il compianto padre Acquaro di un suo confratello mercedario, afflitto\u2026","rel":"","context":"In &quot;Il web&quot;","block_context":{"text":"Il web","link":"http:\/\/www.robertosedda.it\/?cat=64"},"img":{"alt_text":"","src":"https:\/\/i0.wp.com\/www.robertosedda.it\/wp-content\/uploads\/2015\/09\/Stats-2014_15.jpg?fit=1187%2C581&resize=350%2C200","width":350,"height":200,"srcset":"https:\/\/i0.wp.com\/www.robertosedda.it\/wp-content\/uploads\/2015\/09\/Stats-2014_15.jpg?fit=1187%2C581&resize=350%2C200 1x, https:\/\/i0.wp.com\/www.robertosedda.it\/wp-content\/uploads\/2015\/09\/Stats-2014_15.jpg?fit=1187%2C581&resize=700%2C400 2x, https:\/\/i0.wp.com\/www.robertosedda.it\/wp-content\/uploads\/2015\/09\/Stats-2014_15.jpg?fit=1187%2C581&resize=1050%2C600 3x"},"classes":[]},{"id":8285,"url":"http:\/\/www.robertosedda.it\/?p=8285","url_meta":{"origin":2202,"position":4},"title":"Bilancio e ringraziamenti annuali","author":"Rufus","date":"01\/09\/2014","format":false,"excerpt":"Col 31 agosto il sito ha festeggiato due anni di vita e quindi \u00e8 tempo di bilanci. Non tanto perch\u00e9 i numeri siano rilevanti:\u00a0La casa di Roberto resta, come \u00e8 giusto che sia, un sito assolutamente minuscolo\u00a0nel vasto mondo della rete, con numeri di visitatori molto bassi. Cio\u00e8, sono numeri\u2026","rel":"","context":"In &quot;Coordinate&quot;","block_context":{"text":"Coordinate","link":"http:\/\/www.robertosedda.it\/?cat=52"},"img":{"alt_text":"","src":"https:\/\/i0.wp.com\/www.robertosedda.it\/wp-content\/uploads\/2014\/09\/Pasquetta-2004-019.jpg?fit=1200%2C900&resize=350%2C200","width":350,"height":200,"srcset":"https:\/\/i0.wp.com\/www.robertosedda.it\/wp-content\/uploads\/2014\/09\/Pasquetta-2004-019.jpg?fit=1200%2C900&resize=350%2C200 1x, https:\/\/i0.wp.com\/www.robertosedda.it\/wp-content\/uploads\/2014\/09\/Pasquetta-2004-019.jpg?fit=1200%2C900&resize=700%2C400 2x, https:\/\/i0.wp.com\/www.robertosedda.it\/wp-content\/uploads\/2014\/09\/Pasquetta-2004-019.jpg?fit=1200%2C900&resize=1050%2C600 3x"},"classes":[]},{"id":13853,"url":"http:\/\/www.robertosedda.it\/?p=13853","url_meta":{"origin":2202,"position":5},"title":"Scollegamenti","author":"Rufus","date":"16\/06\/2017","format":false,"excerpt":"Di solito cerco di scrivere qualcosa sul blog tutti i giorni, escluso il week-end, ma in questi ultimi mesi mi capita di non mantenere affatto questo ritmo: per restare a questa settimana, luned\u00ec e marted\u00ec non ho scritto niente e nemmeno ieri. Ora, non \u00e8 che tenga il blog per\u2026","rel":"","context":"In &quot;Coordinate&quot;","block_context":{"text":"Coordinate","link":"http:\/\/www.robertosedda.it\/?cat=52"},"img":{"alt_text":"","src":"https:\/\/i0.wp.com\/www.robertosedda.it\/wp-content\/uploads\/2017\/06\/Schermata-del-2017-06-16-16-07-30.png?fit=1161%2C462&resize=350%2C200","width":350,"height":200,"srcset":"https:\/\/i0.wp.com\/www.robertosedda.it\/wp-content\/uploads\/2017\/06\/Schermata-del-2017-06-16-16-07-30.png?fit=1161%2C462&resize=350%2C200 1x, https:\/\/i0.wp.com\/www.robertosedda.it\/wp-content\/uploads\/2017\/06\/Schermata-del-2017-06-16-16-07-30.png?fit=1161%2C462&resize=700%2C400 2x, https:\/\/i0.wp.com\/www.robertosedda.it\/wp-content\/uploads\/2017\/06\/Schermata-del-2017-06-16-16-07-30.png?fit=1161%2C462&resize=1050%2C600 3x"},"classes":[]}],"_links":{"self":[{"href":"http:\/\/www.robertosedda.it\/index.php?rest_route=\/wp\/v2\/posts\/2202"}],"collection":[{"href":"http:\/\/www.robertosedda.it\/index.php?rest_route=\/wp\/v2\/posts"}],"about":[{"href":"http:\/\/www.robertosedda.it\/index.php?rest_route=\/wp\/v2\/types\/post"}],"author":[{"embeddable":true,"href":"http:\/\/www.robertosedda.it\/index.php?rest_route=\/wp\/v2\/users\/1"}],"replies":[{"embeddable":true,"href":"http:\/\/www.robertosedda.it\/index.php?rest_route=%2Fwp%2Fv2%2Fcomments&post=2202"}],"version-history":[{"count":9,"href":"http:\/\/www.robertosedda.it\/index.php?rest_route=\/wp\/v2\/posts\/2202\/revisions"}],"predecessor-version":[{"id":8028,"href":"http:\/\/www.robertosedda.it\/index.php?rest_route=\/wp\/v2\/posts\/2202\/revisions\/8028"}],"wp:featuredmedia":[{"embeddable":true,"href":"http:\/\/www.robertosedda.it\/index.php?rest_route=\/wp\/v2\/media\/16532"}],"wp:attachment":[{"href":"http:\/\/www.robertosedda.it\/index.php?rest_route=%2Fwp%2Fv2%2Fmedia&parent=2202"}],"wp:term":[{"taxonomy":"category","embeddable":true,"href":"http:\/\/www.robertosedda.it\/index.php?rest_route=%2Fwp%2Fv2%2Fcategories&post=2202"},{"taxonomy":"post_tag","embeddable":true,"href":"http:\/\/www.robertosedda.it\/index.php?rest_route=%2Fwp%2Fv2%2Ftags&post=2202"}],"curies":[{"name":"wp","href":"https:\/\/api.w.org\/{rel}","templated":true}]}}