{"id":2168,"date":"2013-02-05T18:54:08","date_gmt":"2013-02-05T17:54:08","guid":{"rendered":"http:\/\/www.robertosedda.it\/?p=2168"},"modified":"2026-02-06T12:00:40","modified_gmt":"2026-02-06T11:00:40","slug":"conversazioni-vaganti-e-vampiri-a-laquila","status":"publish","type":"post","link":"http:\/\/www.robertosedda.it\/?p=2168","title":{"rendered":"Conversazioni vaganti e vampiri a L&#8217;Aquila"},"content":{"rendered":"<h2>Dampyr 155, <em>Il sigillo di Lazzaro<\/em><\/h2>\n<p><a href=\"https:\/\/i0.wp.com\/www.robertosedda.it\/wp-content\/uploads\/2013\/02\/dam0155.jpg\"><img data-attachment-id=\"2172\" data-permalink=\"http:\/\/www.robertosedda.it\/?attachment_id=2172\" data-orig-file=\"https:\/\/i0.wp.com\/www.robertosedda.it\/wp-content\/uploads\/2013\/02\/dam0155.jpg?fit=381%2C505\" data-orig-size=\"381,505\" data-comments-opened=\"1\" data-image-meta=\"{&quot;aperture&quot;:&quot;0&quot;,&quot;credit&quot;:&quot;gfb&quot;,&quot;camera&quot;:&quot;&quot;,&quot;caption&quot;:&quot;&quot;,&quot;created_timestamp&quot;:&quot;0&quot;,&quot;copyright&quot;:&quot;&quot;,&quot;focal_length&quot;:&quot;0&quot;,&quot;iso&quot;:&quot;0&quot;,&quot;shutter_speed&quot;:&quot;0&quot;,&quot;title&quot;:&quot;cover dampyr155.indd&quot;}\" data-image-title=\"cover dampyr155.indd\" data-image-description=\"\" data-image-caption=\"\" data-medium-file=\"https:\/\/i0.wp.com\/www.robertosedda.it\/wp-content\/uploads\/2013\/02\/dam0155.jpg?fit=226%2C300\" data-large-file=\"https:\/\/i0.wp.com\/www.robertosedda.it\/wp-content\/uploads\/2013\/02\/dam0155.jpg?fit=381%2C505\" decoding=\"async\" loading=\"lazy\" class=\"alignleft size-medium wp-image-2172\" alt=\"cover dampyr155.indd\" src=\"https:\/\/i0.wp.com\/www.robertosedda.it\/wp-content\/uploads\/2013\/02\/dam0155.jpg?resize=226%2C300\" width=\"226\" height=\"300\" srcset=\"https:\/\/i0.wp.com\/www.robertosedda.it\/wp-content\/uploads\/2013\/02\/dam0155.jpg?resize=226%2C300 226w, https:\/\/i0.wp.com\/www.robertosedda.it\/wp-content\/uploads\/2013\/02\/dam0155.jpg?w=381 381w\" sizes=\"(max-width: 226px) 100vw, 226px\" data-recalc-dims=\"1\" \/><\/a>Storia ambientata a L&#8217;Aquila della serie Bonelli sui cacciatori di vampiri (lo so che dire &#8220;cacciatori di vampiri&#8221; \u00e8 semplificare&#8230;), <em>Il sigillo di Lazzaro<\/em> mette un po&#8217; di folklore abruzzese al servizio di un albo di passaggio, che prosegue l&#8217;introduzione nella trama complessiva di due antagonisti presentati per la prima volta nella storia milanese del\u00a02012 e, forse, di un terzo comprimario nuovo di zecca nonch\u00e9, certamente, di un <em>McGuffin<\/em> che torner\u00e0 in futuro, appunto il &#8220;sigillo di Lazzaro&#8221;.<\/p>\n<p>Appesantita da\u00a0tutto questo po&#8217; po&#8217; di roba da\u00a0mettere al fuoco\u00a0la trama arranca: un terzo di ambientazione e premesse, poi largamente disattese, un terzo di indagini\u00a0in cui i protagonisti sono condotti per mano dal narratore verso l&#8217;inevitabile disvelamento e un terzo di combattimento conclusivo, che rivela tutta la complicazione di introdurre demoni in un fumetto in cui il centro narrativo \u00e8 un cacciatore di vampiri: Harlan Draka ha l&#8217;arma definitiva (<em>\u00e8<\/em> l&#8217;arma definitiva) contro i Maestri della Notte ma contro\u00a0altri avversari sovrannaturali\u00a0\u00e8 impotente, e lo sceneggiatore deve sempre cavarlo dai guai ricorrendo a acrobazie macchinose. Oltretutto la marcia a passo di carica a cui \u00e8 costretta la storia spreca un personaggio (per chi ha letto l&#8217;albo: l&#8217;alchimista) che avrebbe meritato maggiore sviluppo; e gli snodi della trama, nel complesso, ripercorrono pari pari quelli della doppia storia della Corona di Ferro: il che crea magari le premesse per una Grande Spiegazione\u00a0Che Verr\u00e0, la\u00a0quale piacer\u00e0 moltissimo al lettore futuro ma fa sentire il lettore attuale un po&#8217; defraudato.<\/p>\n<p><a href=\"https:\/\/i0.wp.com\/www.robertosedda.it\/wp-content\/uploads\/2013\/02\/facebook_l_aquila_foto_massimo_alesi.jpg\"><img data-attachment-id=\"2173\" data-permalink=\"http:\/\/www.robertosedda.it\/?attachment_id=2173\" data-orig-file=\"https:\/\/i0.wp.com\/www.robertosedda.it\/wp-content\/uploads\/2013\/02\/facebook_l_aquila_foto_massimo_alesi.jpg?fit=738%2C462\" data-orig-size=\"738,462\" data-comments-opened=\"1\" data-image-meta=\"{&quot;aperture&quot;:&quot;0&quot;,&quot;credit&quot;:&quot;&quot;,&quot;camera&quot;:&quot;&quot;,&quot;caption&quot;:&quot;&quot;,&quot;created_timestamp&quot;:&quot;0&quot;,&quot;copyright&quot;:&quot;&quot;,&quot;focal_length&quot;:&quot;0&quot;,&quot;iso&quot;:&quot;0&quot;,&quot;shutter_speed&quot;:&quot;0&quot;,&quot;title&quot;:&quot;&quot;}\" data-image-title=\"facebook_l_aquila_foto_massimo_alesi\" data-image-description=\"\" data-image-caption=\"\" data-medium-file=\"https:\/\/i0.wp.com\/www.robertosedda.it\/wp-content\/uploads\/2013\/02\/facebook_l_aquila_foto_massimo_alesi.jpg?fit=300%2C187\" data-large-file=\"https:\/\/i0.wp.com\/www.robertosedda.it\/wp-content\/uploads\/2013\/02\/facebook_l_aquila_foto_massimo_alesi.jpg?fit=510%2C319\" decoding=\"async\" loading=\"lazy\" class=\"alignright size-medium wp-image-2173\" alt=\"facebook_l_aquila_foto_massimo_alesi\" src=\"https:\/\/i0.wp.com\/www.robertosedda.it\/wp-content\/uploads\/2013\/02\/facebook_l_aquila_foto_massimo_alesi.jpg?resize=300%2C187\" width=\"300\" height=\"187\" srcset=\"https:\/\/i0.wp.com\/www.robertosedda.it\/wp-content\/uploads\/2013\/02\/facebook_l_aquila_foto_massimo_alesi.jpg?resize=300%2C187 300w, https:\/\/i0.wp.com\/www.robertosedda.it\/wp-content\/uploads\/2013\/02\/facebook_l_aquila_foto_massimo_alesi.jpg?resize=700%2C438 700w, https:\/\/i0.wp.com\/www.robertosedda.it\/wp-content\/uploads\/2013\/02\/facebook_l_aquila_foto_massimo_alesi.jpg?w=738 738w\" sizes=\"(max-width: 300px) 100vw, 300px\" data-recalc-dims=\"1\" \/><\/a>Il fatto che nonostante tutte queste difficolt\u00e0 l&#8217;albo sia abbastanza piacevole &#8211; anche se un po&#8217; inconsistente &#8211; rivela che ho sempre avuto ragione a pensare che Cajelli \u00e8 molto bravo: sul suo <em>blog<\/em> c&#8217;\u00e8 anche un&#8217;<a href=\"http:\/\/diegozilla.blogspot.it\/2013\/02\/dampyr-nella-zona-rossa.html\">interessante spiegazione della lavorazione dell&#8217;albo che merita di essere letta<\/a>.<\/p>\n<p><a href=\"http:\/\/diegozilla.blogspot.it\/2013\/02\/milano-raccolta-differenziata.html\">Scopro anche che come me \u00e8 un appassionato di\u00a0conversazioni raccolte\u00a0sulla metropolitana<\/a>: il che gli vale un giudizio migliore sulla sceneggiatura; poi rileggo il racconto della meticolosa preparazione dell&#8217;albo e resto perplesso.<\/p>\n<p>Allora:\u00a0riconosco e apprezzo la precisione grafica &#8211; per dire quando Harlan e Kurjak entrano in un bar ho riconosciuto <em>davvero<\/em> il torronificio dei Fratelli Nurzia in cui sono stato anch&#8217;io, e avevo ragione: nella pagina precedente si vede l&#8217;insegna. Per\u00f2 la precisione\u00a0e la mole di documentazione\u00a0non incide allo stesso modo sulla narrazione, perch\u00e9\u00a0gli\u00a0elementi fantastici locali, i Templari, la pianta della Nuova Gersualemme, il paese di Tornimparte, sembrano puri pretesti &#8211; cio\u00e8 enunciati, non sviluppati &#8211; e del resto lo ammette lo stesso Cajelli nel suo <em>blog<\/em>: la storia avrebbe richiesto forse uno sviluppo su due albi. E quindi sommando il tutto la metropolitana scompare e il giudizio resta abbastanza risicato.<\/p>\n<h3>Parentesi teologica<\/h3>\n<p>Lo so che <a title=\"La coerenza di Samarkanda \u2013 1\" href=\"http:\/\/www.robertosedda.it\/?p=1114\">sono fissato con la storia della coerenza narrativa interna<\/a>, ma il Lazzaro del sigillo \u00e8 <em>quel<\/em> Lazzaro, e infatti il sigillo riporta dalla morte, almeno in parte. Il che vorrebbe dire, penso, che nel mondo narrativo di Dampyr Ges\u00f9 \u00e8 esistito veramente e che quindi vale la teologia cristiana. Come questo possa accordarsi con la cosmogonia della saga, i mondi paralleli, la guerra fra gli Amesha e l&#8217;Altra Parte, i demoni, il Duca Nergal e tutto quanto comporta degli abissi di speculazione teologica che danno i brividi e in cui quindi preferisco non addentrarmi.<\/p>\n<h3><a href=\"https:\/\/i0.wp.com\/www.robertosedda.it\/wp-content\/uploads\/2013\/02\/163494_1732369998540_1517235172_1716565_4381029_n.jpg\"><img data-attachment-id=\"2174\" data-permalink=\"http:\/\/www.robertosedda.it\/?attachment_id=2174\" data-orig-file=\"https:\/\/i0.wp.com\/www.robertosedda.it\/wp-content\/uploads\/2013\/02\/163494_1732369998540_1517235172_1716565_4381029_n.jpg?fit=640%2C480\" data-orig-size=\"640,480\" data-comments-opened=\"1\" data-image-meta=\"{&quot;aperture&quot;:&quot;0&quot;,&quot;credit&quot;:&quot;&quot;,&quot;camera&quot;:&quot;&quot;,&quot;caption&quot;:&quot;&quot;,&quot;created_timestamp&quot;:&quot;0&quot;,&quot;copyright&quot;:&quot;&quot;,&quot;focal_length&quot;:&quot;0&quot;,&quot;iso&quot;:&quot;0&quot;,&quot;shutter_speed&quot;:&quot;0&quot;,&quot;title&quot;:&quot;&quot;}\" data-image-title=\"163494_1732369998540_1517235172_1716565_4381029_n\" data-image-description=\"\" data-image-caption=\"\" data-medium-file=\"https:\/\/i0.wp.com\/www.robertosedda.it\/wp-content\/uploads\/2013\/02\/163494_1732369998540_1517235172_1716565_4381029_n.jpg?fit=300%2C225\" data-large-file=\"https:\/\/i0.wp.com\/www.robertosedda.it\/wp-content\/uploads\/2013\/02\/163494_1732369998540_1517235172_1716565_4381029_n.jpg?fit=510%2C383\" decoding=\"async\" loading=\"lazy\" class=\"alignleft size-medium wp-image-2174\" alt=\"163494_1732369998540_1517235172_1716565_4381029_n\" src=\"https:\/\/i0.wp.com\/www.robertosedda.it\/wp-content\/uploads\/2013\/02\/163494_1732369998540_1517235172_1716565_4381029_n.jpg?resize=300%2C225\" width=\"300\" height=\"225\" srcset=\"https:\/\/i0.wp.com\/www.robertosedda.it\/wp-content\/uploads\/2013\/02\/163494_1732369998540_1517235172_1716565_4381029_n.jpg?resize=300%2C225 300w, https:\/\/i0.wp.com\/www.robertosedda.it\/wp-content\/uploads\/2013\/02\/163494_1732369998540_1517235172_1716565_4381029_n.jpg?resize=268%2C200 268w, https:\/\/i0.wp.com\/www.robertosedda.it\/wp-content\/uploads\/2013\/02\/163494_1732369998540_1517235172_1716565_4381029_n.jpg?w=640 640w\" sizes=\"(max-width: 300px) 100vw, 300px\" data-recalc-dims=\"1\" \/><\/a>L&#8217;Aquila e il terremoto<\/h3>\n<p>Sono stato a L&#8217;Aquila solo due volte in vita mia, entrambe dopo il terremoto. Conosco un paio di aquilani abbastanza bene, altri li ho conosciuti superficialmente, e con tutti ho parlato del terremoto e soprattutto del <em>dopo<\/em>.\u00a0Raccontano e spiegano cose che si fanno ricordare &#8211; e indignare. Ho anche girato per L&#8217;Aquila: una sera mi hanno portato a cena ai margini della zona rossa, un pasto spettrale e commovente in una piazza circondata di macerie a ridosso dei reticolati e con un blindato dell&#8217;esercito praticamente a fianco del nostro tavolo, mentre il ristoratore spiegava come anche cose banali quali portare il bombolone del gas in cucina, attraverso percorsi di guerra, fossero diventate delle imprese.<\/p>\n<p>Quando penso all&#8217;Aquila &#8211; una citt\u00e0 di cui fino a due anni fa non sapevo nulla &#8211;\u00a0mi emoziono, quindi giudico l&#8217;albo anche per come tratta l&#8217;argomento; del resto \u00e8 una chiave di lettura legittima, visto che ne parla lo stesso Cajelli, che il tema \u00e8 annunciato con evidenza in copertina con quel grande cartello &#8220;zona rossa&#8221; e che la narrazione \u00e8 fatta apposta perch\u00e9\u00a0si arrivi a\u00a0quattro pagine in cui si affronta l&#8217;argomento.<\/p>\n<p><a href=\"https:\/\/i0.wp.com\/www.robertosedda.it\/wp-content\/uploads\/2013\/02\/chiavi-laquila.jpg\"><img data-attachment-id=\"2175\" data-permalink=\"http:\/\/www.robertosedda.it\/?attachment_id=2175\" data-orig-file=\"https:\/\/i0.wp.com\/www.robertosedda.it\/wp-content\/uploads\/2013\/02\/chiavi-laquila.jpg?fit=1600%2C1200\" data-orig-size=\"1600,1200\" data-comments-opened=\"1\" data-image-meta=\"{&quot;aperture&quot;:&quot;0&quot;,&quot;credit&quot;:&quot;&quot;,&quot;camera&quot;:&quot;&quot;,&quot;caption&quot;:&quot;&quot;,&quot;created_timestamp&quot;:&quot;0&quot;,&quot;copyright&quot;:&quot;&quot;,&quot;focal_length&quot;:&quot;0&quot;,&quot;iso&quot;:&quot;0&quot;,&quot;shutter_speed&quot;:&quot;0&quot;,&quot;title&quot;:&quot;&quot;}\" data-image-title=\"chiavi l&#8217;aquila\" data-image-description=\"\" data-image-caption=\"\" data-medium-file=\"https:\/\/i0.wp.com\/www.robertosedda.it\/wp-content\/uploads\/2013\/02\/chiavi-laquila.jpg?fit=300%2C225\" data-large-file=\"https:\/\/i0.wp.com\/www.robertosedda.it\/wp-content\/uploads\/2013\/02\/chiavi-laquila.jpg?fit=510%2C383\" decoding=\"async\" loading=\"lazy\" class=\"alignleft size-medium wp-image-2175\" alt=\"chiavi l'aquila\" src=\"https:\/\/i0.wp.com\/www.robertosedda.it\/wp-content\/uploads\/2013\/02\/chiavi-laquila.jpg?resize=300%2C225\" width=\"300\" height=\"225\" srcset=\"https:\/\/i0.wp.com\/www.robertosedda.it\/wp-content\/uploads\/2013\/02\/chiavi-laquila.jpg?resize=300%2C225 300w, https:\/\/i0.wp.com\/www.robertosedda.it\/wp-content\/uploads\/2013\/02\/chiavi-laquila.jpg?resize=1024%2C768 1024w, https:\/\/i0.wp.com\/www.robertosedda.it\/wp-content\/uploads\/2013\/02\/chiavi-laquila.jpg?resize=268%2C200 268w, https:\/\/i0.wp.com\/www.robertosedda.it\/wp-content\/uploads\/2013\/02\/chiavi-laquila.jpg?resize=700%2C525 700w, https:\/\/i0.wp.com\/www.robertosedda.it\/wp-content\/uploads\/2013\/02\/chiavi-laquila.jpg?w=1600 1600w\" sizes=\"(max-width: 300px) 100vw, 300px\" data-recalc-dims=\"1\" \/><\/a>Allora: sono perplesso. \u00c8 vero che nelle mani di uno sceneggiatore poco accorto la cosa poteva diventare scivolosa (o retorica), ma <em>Dampyr<\/em> ha trattato molti temi attuali spinosi senza ritrarsi dal dare un proprio giudizio. Qui Cajelli sceglie, forse per pudore, una chiave minore: Harlan e Kurjak arrivano in citt\u00e0, vedono le macerie e parlano del terremoto mentre girano per le strade, come farebbero due\u00a0stranieri casuali, uno dei quali legge i giornali e pu\u00f2 spiegare all&#8217;altro, pi\u00f9 ignorante, cos&#8217;\u00e8 successo e come mai a distanza di tre anni \u00e8 ancora tutto per aria.<\/p>\n<p>Funziona? Cos\u00ec cos\u00ec: intanto perch\u00e9 essendo quattro pagine di passaggio avulse dalla trama tutto \u00e8 affidato ai dialoghi e il rischio della retorica \u00e8 comunque sfiorato\u00a0e forse superato quando si lodano gli abitanti dell&#8217;Aquila che resistono &#8211; lodi meritate, ovviamente, ma non \u00e8 questo il punto &#8211; e poi\u00a0perch\u00e9, <em>esattamente<\/em> come in una discussione da bar, Harlan spiega a Kurjak l&#8217;ovvio e il banale, e si trincera dietro una serie di luoghi comuni: una storia italiana, la burocrazia, quando ci sono tanti soldi in giro qualcuno se li intasca&#8230; il che pu\u00f2 andar bene in un <em>reportage<\/em> realistico di una\u00a0conversazione sulla metropolitana, va meno bene in una storia di finzione in cui il lettore \u00e8 autorizzato ad attendersi dal narratore, che si \u00e8 preso tutta questa briga per dire una parola su L&#8217;Aquila, il terremoto e la ricostruzione, che questa parola sia <em>pesante<\/em>.<\/p>\n<h3><a href=\"https:\/\/i0.wp.com\/www.robertosedda.it\/wp-content\/uploads\/2013\/02\/aquila-1.jpg\"><img data-attachment-id=\"2176\" data-permalink=\"http:\/\/www.robertosedda.it\/?attachment_id=2176\" data-orig-file=\"https:\/\/i0.wp.com\/www.robertosedda.it\/wp-content\/uploads\/2013\/02\/aquila-1.jpg?fit=275%2C390\" data-orig-size=\"275,390\" data-comments-opened=\"1\" data-image-meta=\"{&quot;aperture&quot;:&quot;0&quot;,&quot;credit&quot;:&quot;&quot;,&quot;camera&quot;:&quot;&quot;,&quot;caption&quot;:&quot;&quot;,&quot;created_timestamp&quot;:&quot;0&quot;,&quot;copyright&quot;:&quot;&quot;,&quot;focal_length&quot;:&quot;0&quot;,&quot;iso&quot;:&quot;0&quot;,&quot;shutter_speed&quot;:&quot;0&quot;,&quot;title&quot;:&quot;&quot;}\" data-image-title=\"aquila-1\" data-image-description=\"\" data-image-caption=\"\" data-medium-file=\"https:\/\/i0.wp.com\/www.robertosedda.it\/wp-content\/uploads\/2013\/02\/aquila-1.jpg?fit=211%2C300\" data-large-file=\"https:\/\/i0.wp.com\/www.robertosedda.it\/wp-content\/uploads\/2013\/02\/aquila-1.jpg?fit=275%2C390\" decoding=\"async\" loading=\"lazy\" class=\"alignright size-medium wp-image-2176\" alt=\"aquila-1\" src=\"https:\/\/i0.wp.com\/www.robertosedda.it\/wp-content\/uploads\/2013\/02\/aquila-1.jpg?resize=211%2C300\" width=\"211\" height=\"300\" srcset=\"https:\/\/i0.wp.com\/www.robertosedda.it\/wp-content\/uploads\/2013\/02\/aquila-1.jpg?resize=211%2C300 211w, https:\/\/i0.wp.com\/www.robertosedda.it\/wp-content\/uploads\/2013\/02\/aquila-1.jpg?w=275 275w\" sizes=\"(max-width: 211px) 100vw, 211px\" data-recalc-dims=\"1\" \/><\/a>Chiedendo una parola<\/h3>\n<p>\u00c8 troppo? \u00c8 vero che si applica anche al fumetto quel che dice Guccini delle canzoni<\/p>\n<blockquote><p>per\u00f2 non ho mai detto che a canzoni<br \/>\nsi fan rivoluzioni<br \/>\nsi possa far poesia<\/p><\/blockquote>\n<p>per\u00f2 il riferimento non \u00e8 preciso.\u00a0Illustra meglio il punto Montale<\/p>\n<blockquote><p>Non chiederci la parola che squadri da ogni lato<br \/>\nl&#8217;animo nostro informe, e a lettere di fuoco<br \/>\nlo dichiari e risplenda come un croco<br \/>\nperduto in mezzo a un polveroso prato.<\/p>\n<p>[&#8230;]<\/p>\n<p>Non domandarci la formula che mondi possa aprirti,<br \/>\ns\u00ec qualche storta sillaba e secca come un ramo.<br \/>\nCodesto solo oggi possiamo dirti,<br \/>\nci\u00f2 che non siamo, ci\u00f2 che non vogliamo.<\/p><\/blockquote>\n<p>Se non possiamo chiedere a Cajelli e a Harlan Draka una parola di <em>giudizio<\/em> a lettere di fuoco, possiamo almeno chiedere, visto che si sono presi il disturbo di andare fino all&#8217;Aquila, di dirci ci\u00f2 che sono e non sono, ci\u00f2 che vogliono e non vogliono, in una parola da che parte stanno. Ma questo avrebbe richiesto che la gente dell&#8217;Aquila e la citt\u00e0 stessa fossero i protagonisti della storia, e non un mero fondale, o un pretesto; detto in altro modo se proprio proprio la redazione aveva bisogno di una storia in cui ripresentare il Maestro Rakoczy-Saint Germain contro il barone Vassago, far andare avanti la loro inimicizia, presentare un Nuovo e Potentissimo Artifatto e creare uno <em>spin off<\/em> della sottotrama dei Lupi Azzurri poteva ambientare la storia a <a href=\"http:\/\/it.wikipedia.org\/wiki\/Phuentsholing\">Phuentsholing<\/a>: almeno sarebbero stati sicuri che l\u00e0 non c&#8217;\u00e8 nessuno che sia conosciuto dai lettori o di cui ai lettori importi qualcosa &#8211; e parlare dell&#8217;Aquila quando potevano farlo fino in fondo.<\/p>\n","protected":false},"excerpt":{"rendered":"<p>Dampyr 155, Il sigillo di Lazzaro Storia ambientata a L&#8217;Aquila della serie Bonelli sui cacciatori di vampiri (lo so che<\/p>\n","protected":false},"author":1,"featured_media":2173,"comment_status":"open","ping_status":"open","sticky":false,"template":"","format":"standard","meta":{"_mi_skip_tracking":false,"_monsterinsights_sitenote_active":false,"_monsterinsights_sitenote_note":"","_monsterinsights_sitenote_category":0,"jetpack_post_was_ever_published":false,"_jetpack_newsletter_access":"","jetpack_publicize_message":"","jetpack_is_tweetstorm":false,"jetpack_publicize_feature_enabled":true,"jetpack_social_post_already_shared":false,"jetpack_social_options":{"image_generator_settings":{"template":"highway","enabled":false}}},"categories":[52,20,56,82,12],"tags":[],"jetpack_publicize_connections":[],"jetpack_featured_media_url":"https:\/\/i0.wp.com\/www.robertosedda.it\/wp-content\/uploads\/2013\/02\/facebook_l_aquila_foto_massimo_alesi.jpg?fit=738%2C462","jetpack_sharing_enabled":true,"jetpack_shortlink":"https:\/\/wp.me\/p4jV2T-yY","jetpack_likes_enabled":true,"jetpack-related-posts":[{"id":4433,"url":"http:\/\/www.robertosedda.it\/?p=4433","url_meta":{"origin":2168,"position":0},"title":"Citt\u00e0 di ossa","author":"Rufus","date":"12\/09\/2013","format":"video","excerpt":"Ho visto Citt\u00e0 di ossa, trasposizione della prima puntata della serie Shadowhunters (e l'ho inflitto a Maria Bonaria, la quale avrebbe preferito tenersene alla larga), per due motivi: perch\u00e9 il libro da cui \u00e8 tratto \u00e8 uno dei maggiori successi del genere urban fantasy o\u00a0paranormal romantic che dir si voglia,\u2026","rel":"","context":"In &quot;Coordinate&quot;","block_context":{"text":"Coordinate","link":"http:\/\/www.robertosedda.it\/?cat=52"},"img":{"alt_text":"","src":"https:\/\/i0.wp.com\/img.youtube.com\/vi\/MkdQBTzZoVE\/0.jpg?resize=350%2C200","width":350,"height":200},"classes":[]},{"id":11872,"url":"http:\/\/www.robertosedda.it\/?p=11872","url_meta":{"origin":2168,"position":1},"title":"Dampyr a Cagliari: la recensione","author":"Rufus","date":"26\/04\/2016","format":false,"excerpt":"I misteri di Cagliari\u00a0(Dampyr\u00a0193, Boselli e Genzianella) Non ho avuto occasione avuto ancora occasione di parlare de\u00a0I misteri di Cagliari, l'albo di\u00a0Dampyr\u00a0ambientato in Sardegna. L'albo esibisce tutte le caratteristiche abituali della collana (meno una, sulla quale torneremo): a fronte di alcuni scenari ricorrenti (Praga, soprattutto, ma anche Londra, la California,\u2026","rel":"","context":"In &quot;Coordinate&quot;","block_context":{"text":"Coordinate","link":"http:\/\/www.robertosedda.it\/?cat=52"},"img":{"alt_text":"","src":"https:\/\/i0.wp.com\/www.robertosedda.it\/wp-content\/uploads\/2016\/04\/Dampyr-193-Cagliari.jpg?fit=640%2C840&resize=350%2C200","width":350,"height":200},"classes":[]},{"id":8620,"url":"http:\/\/www.robertosedda.it\/?p=8620","url_meta":{"origin":2168,"position":2},"title":"L&#8217;innegabile fascino di Dracula il vampiro","author":"Rufus","date":"10\/10\/2014","format":"video","excerpt":"Ho caricato oggi la puntata di\u00a0Oggi parliamo di libri caricata a Dracula di Bram Stoker. Avevo deciso da moltissimo tempo che se avessi fatto un ciclo di puntate dedicato alla letteratura\u00a0sentimentale e alle storie d'amore avrei incluso\u00a0Dracula: durante la puntata ho giustificato la scelta, in\u00a0parte, con il collegamento al \"catalogo\"\u2026","rel":"","context":"In &quot;Coordinate&quot;","block_context":{"text":"Coordinate","link":"http:\/\/www.robertosedda.it\/?cat=52"},"img":{"alt_text":"","src":"https:\/\/i0.wp.com\/www.robertosedda.it\/wp-content\/uploads\/2014\/10\/lettori.jpg?resize=350%2C200","width":350,"height":200,"srcset":"https:\/\/i0.wp.com\/www.robertosedda.it\/wp-content\/uploads\/2014\/10\/lettori.jpg?resize=350%2C200 1x, https:\/\/i0.wp.com\/www.robertosedda.it\/wp-content\/uploads\/2014\/10\/lettori.jpg?resize=700%2C400 2x, https:\/\/i0.wp.com\/www.robertosedda.it\/wp-content\/uploads\/2014\/10\/lettori.jpg?resize=1050%2C600 3x"},"classes":[]},{"id":232,"url":"http:\/\/www.robertosedda.it\/?p=232","url_meta":{"origin":2168,"position":3},"title":"Fra Dashiell Hammett e la Rowlings&#8230;","author":"Rufus","date":"21\/08\/2012","format":false,"excerpt":"... potrebbe esserci un ipotetico punto di equilibrio. Si potrebbe scrivere, cio\u00e8, un romanzo in cui un detective un po' spiegazzato dalle vicende della vita, cinico e solitario, si aggira per la giungla d'asfalto, fra poliziotti tosti, criminali di mezza tacca, gangster pericolosi, biscazzieri e donne fatali, e risolve casi\u2026","rel":"","context":"In &quot;Coordinate&quot;","block_context":{"text":"Coordinate","link":"http:\/\/www.robertosedda.it\/?cat=52"},"img":{"alt_text":"","src":"https:\/\/i0.wp.com\/www.robertosedda.it\/wp-content\/uploads\/2012\/08\/Dresden-Files-Book-1-Storm-Front-Jim-Butcher-Orbit.jpg?fit=265%2C438&resize=350%2C200","width":350,"height":200},"classes":[]},{"id":16310,"url":"http:\/\/www.robertosedda.it\/?p=16310","url_meta":{"origin":2168,"position":4},"title":"Expertise specialistiche","author":"Rufus","date":"06\/03\/2019","format":false,"excerpt":"Come vi ho raccontato a proposito dell'abito in velluto, nei giorni scorsi sono stato a Roma per partecipare al convegno Produzione e commercio di armi: le nostre responsabilit\u00e0, un'occasione molto interessante della quale conto di raccontarvi le impressioni quanto prima. Al termine del convegno uno dei relatori, Kiflemariam Gebrewold, che\u2026","rel":"","context":"In &quot;Coordinate&quot;","block_context":{"text":"Coordinate","link":"http:\/\/www.robertosedda.it\/?cat=52"},"img":{"alt_text":"","src":"https:\/\/i0.wp.com\/www.robertosedda.it\/wp-content\/uploads\/2019\/03\/Vampire-hunter-kit-2.jpg?fit=852%2C1080&resize=350%2C200","width":350,"height":200,"srcset":"https:\/\/i0.wp.com\/www.robertosedda.it\/wp-content\/uploads\/2019\/03\/Vampire-hunter-kit-2.jpg?fit=852%2C1080&resize=350%2C200 1x, https:\/\/i0.wp.com\/www.robertosedda.it\/wp-content\/uploads\/2019\/03\/Vampire-hunter-kit-2.jpg?fit=852%2C1080&resize=700%2C400 2x"},"classes":[]},{"id":2369,"url":"http:\/\/www.robertosedda.it\/?p=2369","url_meta":{"origin":2168,"position":5},"title":"Maschi, politica, donne e fucili","author":"Rufus","date":"27\/02\/2013","format":false,"excerpt":"Al chiosco del caff\u00e9 una delle conversazioni pi\u00f9 cicliche a cui mi sia capitato di assistere. Tre giovanotti, studenti di Giurisprudenza.\u00a0 Discutono di elezioni. Prima parlano male del candidato Cinque Stelle di Cagliari (immagino Roberto Cotti) che in piazza dei Centomila ha proposto di chiudere immediatamente la Saras: non \u00e8\u2026","rel":"","context":"In &quot;Coordinate&quot;","block_context":{"text":"Coordinate","link":"http:\/\/www.robertosedda.it\/?cat=52"},"img":{"alt_text":"","src":"","width":0,"height":0},"classes":[]}],"_links":{"self":[{"href":"http:\/\/www.robertosedda.it\/index.php?rest_route=\/wp\/v2\/posts\/2168"}],"collection":[{"href":"http:\/\/www.robertosedda.it\/index.php?rest_route=\/wp\/v2\/posts"}],"about":[{"href":"http:\/\/www.robertosedda.it\/index.php?rest_route=\/wp\/v2\/types\/post"}],"author":[{"embeddable":true,"href":"http:\/\/www.robertosedda.it\/index.php?rest_route=\/wp\/v2\/users\/1"}],"replies":[{"embeddable":true,"href":"http:\/\/www.robertosedda.it\/index.php?rest_route=%2Fwp%2Fv2%2Fcomments&post=2168"}],"version-history":[{"count":10,"href":"http:\/\/www.robertosedda.it\/index.php?rest_route=\/wp\/v2\/posts\/2168\/revisions"}],"predecessor-version":[{"id":20949,"href":"http:\/\/www.robertosedda.it\/index.php?rest_route=\/wp\/v2\/posts\/2168\/revisions\/20949"}],"wp:featuredmedia":[{"embeddable":true,"href":"http:\/\/www.robertosedda.it\/index.php?rest_route=\/wp\/v2\/media\/2173"}],"wp:attachment":[{"href":"http:\/\/www.robertosedda.it\/index.php?rest_route=%2Fwp%2Fv2%2Fmedia&parent=2168"}],"wp:term":[{"taxonomy":"category","embeddable":true,"href":"http:\/\/www.robertosedda.it\/index.php?rest_route=%2Fwp%2Fv2%2Fcategories&post=2168"},{"taxonomy":"post_tag","embeddable":true,"href":"http:\/\/www.robertosedda.it\/index.php?rest_route=%2Fwp%2Fv2%2Ftags&post=2168"}],"curies":[{"name":"wp","href":"https:\/\/api.w.org\/{rel}","templated":true}]}}