{"id":2100,"date":"2013-01-28T12:38:59","date_gmt":"2013-01-28T11:38:59","guid":{"rendered":"http:\/\/www.robertosedda.it\/?p=2100"},"modified":"2013-02-19T08:55:57","modified_gmt":"2013-02-19T07:55:57","slug":"a-cagliari-il-2-e-3-marzo-il-corso-il-web-2-0-e-la-sostenibilita","status":"publish","type":"post","link":"http:\/\/www.robertosedda.it\/?p=2100","title":{"rendered":"A Cagliari il 2 e 3 marzo il corso &#8220;Il web 2.0 e la sostenibilit\u00e0&#8221;"},"content":{"rendered":"<p>Dopo un paio di spostamenti di date finalmente arriva a Cagliari <em>Il web 2.0 e la sostenibilit\u00e0<\/em>, corso di formazione sulle dinamiche di rete per le aziende e i cittadini sostenibili e responsabili, organizzato dalla <em>Fondazione Culturale Responsabilit\u00e0 Etica <\/em>(la fondazione culturale di Banca Etica) che si \u00e8 tenuto sinora fra Firenze e il Veneto e <a href=\"https:\/\/i0.wp.com\/www.robertosedda.it\/wp-content\/uploads\/2013\/01\/logo-zoes-rgb.jpg\"><img data-attachment-id=\"2105\" data-permalink=\"http:\/\/www.robertosedda.it\/?attachment_id=2105\" data-orig-file=\"https:\/\/i0.wp.com\/www.robertosedda.it\/wp-content\/uploads\/2013\/01\/logo-zoes-rgb.jpg?fit=220%2C138\" data-orig-size=\"220,138\" data-comments-opened=\"1\" data-image-meta=\"{&quot;aperture&quot;:&quot;0&quot;,&quot;credit&quot;:&quot;&quot;,&quot;camera&quot;:&quot;&quot;,&quot;caption&quot;:&quot;&quot;,&quot;created_timestamp&quot;:&quot;0&quot;,&quot;copyright&quot;:&quot;&quot;,&quot;focal_length&quot;:&quot;0&quot;,&quot;iso&quot;:&quot;0&quot;,&quot;shutter_speed&quot;:&quot;0&quot;,&quot;title&quot;:&quot;&quot;}\" data-image-title=\"logo-zoes-rgb\" data-image-description=\"\" data-image-caption=\"\" data-medium-file=\"https:\/\/i0.wp.com\/www.robertosedda.it\/wp-content\/uploads\/2013\/01\/logo-zoes-rgb.jpg?fit=220%2C138\" data-large-file=\"https:\/\/i0.wp.com\/www.robertosedda.it\/wp-content\/uploads\/2013\/01\/logo-zoes-rgb.jpg?fit=220%2C138\" decoding=\"async\" loading=\"lazy\" class=\"alignright size-full wp-image-2105\" alt=\"logo-zoes-rgb\" src=\"https:\/\/i0.wp.com\/www.robertosedda.it\/wp-content\/uploads\/2013\/01\/logo-zoes-rgb.jpg?resize=220%2C138\" width=\"220\" height=\"138\" data-recalc-dims=\"1\" \/><\/a>che in questa occasione scende decisamente molto pi\u00f9 a sud (oltre ad attraversare il mare), avvalendosi anche della collaborazione di <a href=\"http:\/\/www.etandu.it\/\"><em>e-tandu <\/em><\/a>di Andrea Salidu (scettico residente di questo <em>blog<\/em> e anche uno dei <a href=\"http:\/\/www.fabbricastorie.it\"><em>Fabbricastorie<\/em><\/a>).<\/p>\n<p>Tutti i particolari organizzativi del corso e il programma con i titoli di ogni attivit\u00e0 didattica sono riportati sulla <a href=\"http:\/\/www.zoes.it\/appunto\/appunti\/2-3-marzo-2013-cagliari-corso-formazione-web-20-sostenibilita\">apposita pagina su <\/a><em><a href=\"http:\/\/www.zoes.it\/appunto\/appunti\/2-3-marzo-2013-cagliari-corso-formazione-web-20-sostenibilita\">Zoes<\/a>, <\/em>da cui riprendo obiettivi e finalit\u00e0:<\/p>\n<blockquote><p>Il corso \u00e8 aperto anche ai principianti e vi permetter\u00e0 di iniziare a padroneggiare i principali strumenti del\u00a0web sociale (social network e social media). Assieme ai nostri docenti qualificati, grazie ad una serie di esercitazioni pratiche, imparerete a comunicare secondo le strategie del web 2.0, a promuovere la vostra attivit\u00e0, ad intervenire ed a gestire una community e a ideare un progetto ai tempi della rete.<\/p><\/blockquote>\n<p>Sulla stessa pagina ci sono anche i nomi dei &#8220;docenti qualificati&#8221;, tutti consulenti di strategia sulla rete con grandissima esperienza: Gianluca Diegoli (il cui sito\u00a0<a href=\"http:\/\/www.minimarketing.it\/\"><em>minimarketing<\/em><\/a> \u00e8\u00a0presente fra i miei <em>link<\/em> consigliati), <a href=\"http:\/\/www.domitillaferrari.com\/semerssuaq\/info\/\">Domitilla Ferrari<\/a>, <a href=\"http:\/\/www.internetfestival.it\/\">Adriana De Cesare<\/a> e <a href=\"http:\/\/www.sisifo.eu\/\">Giuseppe Lanzi<\/a>. Un gruppo che io per primo non vedo l&#8217;ora di ascoltare.<\/p>\n<h3>Nota importante<\/h3>\n<p>Le adesioni vanno mandate entro il 19 febbraio: segnatevi la data e provvedete!<\/p>\n<p>La quota di partecipazione \u00e8 di <strong>\u20ac 300 (intera) <\/strong>o di <strong>\u20ac 270<\/strong> (<strong>ridotta per i soci di Banca Etica e gli studenti<\/strong>). Lo so che non \u00e8 poco, per\u00f2 ne vale davvero al pena.<\/p>\n<h3>Nota importantissima<\/h3>\n<p>Mettiamo che siete soci di Banca Etica, vivete oltre mare, non avete mai visto Cagliari, il corso vi piacerebbe farlo ma oltre alla quota di partecipazione e al viaggio vi secca dover spendere anche per l&#8217;alloggio: mandatemi una <a href=\"mailto:rsedda@tiscali.it\"><em>mail<\/em><\/a>, qualcosa fra me e i soci di Banca Etica locali riusciremo a fare (e vi tratteremo con la consueta ospitalit\u00e0 sarda). Lo stesso vale per i soci sardi che non sono di Cagliari.<\/p>\n","protected":false},"excerpt":{"rendered":"<p>Dopo un paio di spostamenti di date finalmente arriva a Cagliari Il web 2.0 e la sostenibilit\u00e0, corso di formazione<\/p>\n","protected":false},"author":1,"featured_media":2105,"comment_status":"open","ping_status":"open","sticky":false,"template":"","format":"standard","meta":{"_mi_skip_tracking":false,"_monsterinsights_sitenote_active":false,"_monsterinsights_sitenote_note":"","_monsterinsights_sitenote_category":0,"jetpack_post_was_ever_published":false,"_jetpack_newsletter_access":"","jetpack_publicize_message":"","jetpack_is_tweetstorm":false,"jetpack_publicize_feature_enabled":true,"jetpack_social_post_already_shared":false,"jetpack_social_options":{"image_generator_settings":{"template":"highway","enabled":false}}},"categories":[52,64,55,17,16],"tags":[],"jetpack_publicize_connections":[],"jetpack_featured_media_url":"https:\/\/i0.wp.com\/www.robertosedda.it\/wp-content\/uploads\/2013\/01\/logo-zoes-rgb.jpg?fit=220%2C138","jetpack_sharing_enabled":true,"jetpack_shortlink":"https:\/\/wp.me\/p4jV2T-xS","jetpack_likes_enabled":true,"jetpack-related-posts":[{"id":1339,"url":"http:\/\/www.robertosedda.it\/?p=1339","url_meta":{"origin":2100,"position":0},"title":"Ci vediamo nel week end","author":"Rufus","date":"15\/11\/2012","format":false,"excerpt":"Come vedete dalla locandina qui sotto il prossimo fine settimana c'\u00e8 il festival di Scirarindi. Sar\u00f2 l\u00ec, con i soci di Banca Etica della Sardegna, nel nostro stand (cercateci vicino alle foto della mostra di Letizia Battaglia) credo per tutto il fine settimana, tranne brevi pause per la Messa, andare\u2026","rel":"","context":"In &quot;Banche e finanza&quot;","block_context":{"text":"Banche e finanza","link":"http:\/\/www.robertosedda.it\/?cat=72"},"img":{"alt_text":"","src":"https:\/\/i0.wp.com\/www.robertosedda.it\/wp-content\/uploads\/2012\/11\/persito_preview.jpg?fit=320%2C454&resize=350%2C200","width":350,"height":200},"classes":[]},{"id":1285,"url":"http:\/\/www.robertosedda.it\/?p=1285","url_meta":{"origin":2100,"position":1},"title":"Leggere la crisi con Andrea Baranes","author":"Rufus","date":"07\/11\/2012","format":false,"excerpt":"Da venerd\u00ec 9 a domenica 11 novembre, al Teatro Piccolo Auditorium di Cagliari, i Pres\u00ecdi del libro della Sardegna\u00a0propongono la rassegna Il tramonto dell'Occidente. Leggendo il programma sembra, ed \u00e8, un vero e proprio festival letterario culturale, articolato su tavole rotonde, readings e proiezioni. Tutto molto colto e profondo, forse\u2026","rel":"","context":"In &quot;Banche e finanza&quot;","block_context":{"text":"Banche e finanza","link":"http:\/\/www.robertosedda.it\/?cat=72"},"img":{"alt_text":"","src":"","width":0,"height":0},"classes":[]},{"id":2109,"url":"http:\/\/www.robertosedda.it\/?p=2109","url_meta":{"origin":2100,"position":2},"title":"Le impreviste delusioni di padre Spadaro (e quel certo moralismo&#8230;)","author":"Rufus","date":"30\/01\/2013","format":false,"excerpt":"Aperture di credito Qualche settimana fa grazie a un articolo sul sito dell'Azione Cattolica ho scoperto padre Antonio Spadaro: gesuita, direttore della Civilt\u00e0 Cattolica, teologo esperto delle dinamiche del web, animatore culturale e acuto critico di Flannery O'Connor\u00a0(si dice anche che sia lui il consulente principale del Papa per la\u2026","rel":"","context":"In &quot;Coordinate&quot;","block_context":{"text":"Coordinate","link":"http:\/\/www.robertosedda.it\/?cat=52"},"img":{"alt_text":"","src":"https:\/\/i0.wp.com\/www.robertosedda.it\/wp-content\/uploads\/2013\/01\/Web-2.0-Spadaro.jpg?fit=276%2C437&resize=350%2C200","width":350,"height":200},"classes":[]},{"id":11252,"url":"http:\/\/www.robertosedda.it\/?p=11252","url_meta":{"origin":2100,"position":3},"title":"Cambiamenti climatici e clima della finanza","author":"Rufus","date":"04\/12\/2015","format":false,"excerpt":"Ripropongo anche su questo\u00a0blog la posizione di Banca Etica sulla conferenza sul clima in svolgimento in questi giorni a Parigi. Lo sapete vero che Cagliari \u00e8 fra le citt\u00e0 che si pensa possano scomparire sotto l'acqua fra poche decine d'anni? Ma l'articolo mi sembra interessante perch\u00e9 lega, come dice nelle\u2026","rel":"","context":"In &quot;Banche e finanza&quot;","block_context":{"text":"Banche e finanza","link":"http:\/\/www.robertosedda.it\/?cat=72"},"img":{"alt_text":"","src":"","width":0,"height":0},"classes":[]},{"id":1010,"url":"http:\/\/www.robertosedda.it\/?p=1010","url_meta":{"origin":2100,"position":4},"title":"Nel frattempo&#8230;","author":"Rufus","date":"10\/10\/2012","format":false,"excerpt":"Avevo\u00a0promesso che non avrei fatto molti post riassuntivi in cui mettere insieme una marea di link e aggiornamenti,\u00a0e invece questo \u00e8 il terzo della serie (cadono tutti sotto la categoria Il web). D'altra parte, come diceva Ippocrate, la vita e breve e la rete molto interconnessa - o gi\u00f9 di\u2026","rel":"","context":"In &quot;Coordinate&quot;","block_context":{"text":"Coordinate","link":"http:\/\/www.robertosedda.it\/?cat=52"},"img":{"alt_text":"","src":"https:\/\/i0.wp.com\/www.robertosedda.it\/wp-content\/uploads\/2012\/10\/wmw-toymaker-4.jpg?fit=660%2C490&resize=350%2C200","width":350,"height":200},"classes":[]},{"id":6087,"url":"http:\/\/www.robertosedda.it\/?p=6087","url_meta":{"origin":2100,"position":5},"title":"Peccato, non sono potuto andare&#8230;","author":"Rufus","date":"01\/02\/2014","format":"gallery","excerpt":"Stamattina io e Andrea Salidu abbiamo ripreso in mano i contenuti del seminario su Impariamo a stare in rete e li abbiamo proposti al GIT di Cagliari di Banca Etica, come occasione di formazione interna. \u00c8 stata una mattinata molto piacevole e insomma grazie a tutti dell'attenzione e a Gaetano\u2026","rel":"","context":"In &quot;Coordinate&quot;","block_context":{"text":"Coordinate","link":"http:\/\/www.robertosedda.it\/?cat=52"},"img":{"alt_text":"","src":"https:\/\/i0.wp.com\/www.robertosedda.it\/wp-content\/uploads\/2014\/02\/Impariamo-a-stare-in-rete-GIT-1.jpg?resize=350%2C200","width":350,"height":200},"classes":[]}],"_links":{"self":[{"href":"http:\/\/www.robertosedda.it\/index.php?rest_route=\/wp\/v2\/posts\/2100"}],"collection":[{"href":"http:\/\/www.robertosedda.it\/index.php?rest_route=\/wp\/v2\/posts"}],"about":[{"href":"http:\/\/www.robertosedda.it\/index.php?rest_route=\/wp\/v2\/types\/post"}],"author":[{"embeddable":true,"href":"http:\/\/www.robertosedda.it\/index.php?rest_route=\/wp\/v2\/users\/1"}],"replies":[{"embeddable":true,"href":"http:\/\/www.robertosedda.it\/index.php?rest_route=%2Fwp%2Fv2%2Fcomments&post=2100"}],"version-history":[{"count":11,"href":"http:\/\/www.robertosedda.it\/index.php?rest_route=\/wp\/v2\/posts\/2100\/revisions"}],"predecessor-version":[{"id":2252,"href":"http:\/\/www.robertosedda.it\/index.php?rest_route=\/wp\/v2\/posts\/2100\/revisions\/2252"}],"wp:featuredmedia":[{"embeddable":true,"href":"http:\/\/www.robertosedda.it\/index.php?rest_route=\/wp\/v2\/media\/2105"}],"wp:attachment":[{"href":"http:\/\/www.robertosedda.it\/index.php?rest_route=%2Fwp%2Fv2%2Fmedia&parent=2100"}],"wp:term":[{"taxonomy":"category","embeddable":true,"href":"http:\/\/www.robertosedda.it\/index.php?rest_route=%2Fwp%2Fv2%2Fcategories&post=2100"},{"taxonomy":"post_tag","embeddable":true,"href":"http:\/\/www.robertosedda.it\/index.php?rest_route=%2Fwp%2Fv2%2Ftags&post=2100"}],"curies":[{"name":"wp","href":"https:\/\/api.w.org\/{rel}","templated":true}]}}