{"id":2091,"date":"2013-01-27T19:58:45","date_gmt":"2013-01-27T18:58:45","guid":{"rendered":"http:\/\/www.robertosedda.it\/?p=2091"},"modified":"2022-02-03T10:15:06","modified_gmt":"2022-02-03T09:15:06","slug":"prigioni-rivolte-e-condanne-a-morte","status":"publish","type":"post","link":"http:\/\/www.robertosedda.it\/?p=2091","title":{"rendered":"Prigioni, rivolte e condanne a morte"},"content":{"rendered":"<p>Oggi appunto qui sopra due fatti del tutto scollegati fra loro se non per il fatto che ne ho letto la notizia lo stesso giorno e per il fatto che genericamente hanno a che fare con le carceri e il sistema giudiziario &#8211; e quindi le condizioni sociali &#8211; di due paesi peraltro lontanissimi fra loro. Un po&#8217; ci ricordano anche che il <em>cyberpunk<\/em> \u00e8 gi\u00e0 fra noi&#8230;<\/p>\n<h2>Rivolta a Porto Said<\/h2>\n<p><a href=\"https:\/\/i0.wp.com\/www.robertosedda.it\/wp-content\/uploads\/2013\/01\/Port-Said-rivolta.jpg\"><img data-attachment-id=\"2096\" data-permalink=\"http:\/\/www.robertosedda.it\/?attachment_id=2096\" data-orig-file=\"https:\/\/i0.wp.com\/www.robertosedda.it\/wp-content\/uploads\/2013\/01\/Port-Said-rivolta.jpg?fit=459%2C304\" data-orig-size=\"459,304\" data-comments-opened=\"1\" data-image-meta=\"{&quot;aperture&quot;:&quot;0&quot;,&quot;credit&quot;:&quot;&quot;,&quot;camera&quot;:&quot;&quot;,&quot;caption&quot;:&quot;&quot;,&quot;created_timestamp&quot;:&quot;0&quot;,&quot;copyright&quot;:&quot;&quot;,&quot;focal_length&quot;:&quot;0&quot;,&quot;iso&quot;:&quot;0&quot;,&quot;shutter_speed&quot;:&quot;0&quot;,&quot;title&quot;:&quot;&quot;}\" data-image-title=\"Port Said rivolta\" data-image-description=\"\" data-image-caption=\"\" data-medium-file=\"https:\/\/i0.wp.com\/www.robertosedda.it\/wp-content\/uploads\/2013\/01\/Port-Said-rivolta.jpg?fit=300%2C198\" data-large-file=\"https:\/\/i0.wp.com\/www.robertosedda.it\/wp-content\/uploads\/2013\/01\/Port-Said-rivolta.jpg?fit=459%2C304\" decoding=\"async\" loading=\"lazy\" class=\"alignright size-medium wp-image-2096\" alt=\"Port Said rivolta\" src=\"https:\/\/i0.wp.com\/www.robertosedda.it\/wp-content\/uploads\/2013\/01\/Port-Said-rivolta.jpg?resize=300%2C198\" width=\"300\" height=\"198\" srcset=\"https:\/\/i0.wp.com\/www.robertosedda.it\/wp-content\/uploads\/2013\/01\/Port-Said-rivolta.jpg?resize=300%2C198 300w, https:\/\/i0.wp.com\/www.robertosedda.it\/wp-content\/uploads\/2013\/01\/Port-Said-rivolta.jpg?w=459 459w\" sizes=\"(max-width: 300px) 100vw, 300px\" data-recalc-dims=\"1\" \/><\/a>In un Egitto gi\u00e0 attraversato da fuochi di rivolta l&#8217;esercito \u00e8 stato schierato a difesa del tribunale di Porto Said per proteggerlo dalla folla dopo che erano appena state comminate ventuno condanne a morte, tutte assieme (vale la pena di ricordare che in tutto l&#8217;anno scorso in Egitto c&#8217;\u00e8 stata una sola condanna a morte). Gli <em>ultras<\/em> della squadra di calcio e i parenti dei condannati\u00a0hanno tentato di assaltare il tribunale e la prigione per liberarli, e gli scontri avrebbero originato una trentina di morti. La citt\u00e0 \u00e8 stata posta sostanzialmente sotto legge marziale mentre al Cairo un&#8217;altra folla esultava per le condanne: erano gli <em>ultras<\/em> di una squadra di calcio locale che si erano tenuti pronti a festeggiare oppure, viceversa, ad assaltare gli edifici pubblici locali in caso di assoluzione.<\/p>\n<p>Le condanne si rifanno, infatti, alla <a href=\"http:\/\/www.ilfattoquotidiano.it\/2012\/02\/01\/egitto-strage-allo-stadio-port-said-morti-quasi-mille-feriti\/188330\/\">strage allo stadio di Porto Said<\/a> di due anni fa, causata da scontri fra tifosi locali e cairoti, in cui questi ultimi ebbero decisamente la pegggio: si contarono quasi ottanta morti, fra vittime dirette degli scontri e persone calpestate nella ressa. Gli imputati erano tifosi partecipanti al tumulto e pubblici ufficiali accusati di averli fomentati o permessi. La notizia \u00e8 riprotata da <a href=\"http:\/\/www.gazzetta.it\/Calcio_Estero\/Primo_Piano\/26-01-2013\/tragedia-port-said-21-condannati-morte-scontri-al-carcere-8-vittime-913995735679.shtml\">diversi giornali italiani<\/a> e anche da <a href=\"http:\/\/www.aljazeera.com\/news\/middleeast\/2013\/01\/20131268947448319.html\"><em>Al Jazeera<\/em><\/a>.<\/p>\n<h2>Nel frattempo in Venezuela, nella prigione di Uribana&#8230;<\/h2>\n<p><a href=\"https:\/\/i0.wp.com\/www.robertosedda.it\/wp-content\/uploads\/2013\/01\/Rivolta-carcere-venezuela.jpg\"><img data-attachment-id=\"2097\" data-permalink=\"http:\/\/www.robertosedda.it\/?attachment_id=2097\" data-orig-file=\"https:\/\/i0.wp.com\/www.robertosedda.it\/wp-content\/uploads\/2013\/01\/Rivolta-carcere-venezuela.jpg?fit=464%2C261\" data-orig-size=\"464,261\" data-comments-opened=\"1\" data-image-meta=\"{&quot;aperture&quot;:&quot;0&quot;,&quot;credit&quot;:&quot;&quot;,&quot;camera&quot;:&quot;&quot;,&quot;caption&quot;:&quot;&quot;,&quot;created_timestamp&quot;:&quot;0&quot;,&quot;copyright&quot;:&quot;&quot;,&quot;focal_length&quot;:&quot;0&quot;,&quot;iso&quot;:&quot;0&quot;,&quot;shutter_speed&quot;:&quot;0&quot;,&quot;title&quot;:&quot;&quot;}\" data-image-title=\"Rivolta carcere venezuela\" data-image-description=\"\" data-image-caption=\"\" data-medium-file=\"https:\/\/i0.wp.com\/www.robertosedda.it\/wp-content\/uploads\/2013\/01\/Rivolta-carcere-venezuela.jpg?fit=300%2C168\" data-large-file=\"https:\/\/i0.wp.com\/www.robertosedda.it\/wp-content\/uploads\/2013\/01\/Rivolta-carcere-venezuela.jpg?fit=464%2C261\" decoding=\"async\" loading=\"lazy\" class=\"size-medium wp-image-2097 alignleft\" alt=\"Rivolta carcere venezuela\" src=\"https:\/\/i0.wp.com\/www.robertosedda.it\/wp-content\/uploads\/2013\/01\/Rivolta-carcere-venezuela.jpg?resize=300%2C168\" width=\"300\" height=\"168\" srcset=\"https:\/\/i0.wp.com\/www.robertosedda.it\/wp-content\/uploads\/2013\/01\/Rivolta-carcere-venezuela.jpg?resize=300%2C168 300w, https:\/\/i0.wp.com\/www.robertosedda.it\/wp-content\/uploads\/2013\/01\/Rivolta-carcere-venezuela.jpg?w=464 464w\" sizes=\"(max-width: 300px) 100vw, 300px\" data-recalc-dims=\"1\" \/><\/a>Pi\u00f9 di trecento persone sono morte nelle carceri venezuelane nel corso del 2012. Il 2013 si annuncia decisamente peggio, considerato che venerd\u00ec scorso una rivolta nel carcere di Uribana ha gi\u00e0 causato sessantuno vittime.<\/p>\n<p>Leggendo <a href=\"http:\/\/www.bbc.co.uk\/news\/world-latin-america-21208692\">la notizia<\/a> ho passato alcuni stadi successivi. Ho cominciato con: <em>sessantuno morti?! E perch\u00e9? <\/em>Risposta (la fonte \u00e8 la <em>BBC<\/em>):<\/p>\n<blockquote><p>The riot was triggered when local media broadcast news that soldiers had been sent to Uribana prison in Barquisimeto to search for weapons<\/p><\/blockquote>\n<p>cio\u00e8 la rivolta \u00e8 scoppiata perch\u00e9 ai prigioneri \u00e8 giunta voce, via radio e TV locali, che dei militari sarebbero entrati nella prigione per sequestrare armi. Fermi tutti. <em>Armi<\/em>? Come, &#8220;armi&#8221;? Che armi avranno i carcerati? La <em>BBC<\/em> non lo dice, ma ammette che<\/p>\n<blockquote><p>Venezuela&#8217;s prisons are blighted by overcrowding and the proliferation of weapons and drugs [&#8230;] It is thought that the search was aimed at disarming gangs within the prison and had been planned for some time<\/p><\/blockquote>\n<p>dipingendo un quadro di carceri piagate da violenza e traffico di droga e divise in violente fazioni criminali rivali (<em>gangs<\/em>). Sembra comunque abbastanza probabile che, nel caso specifico, sia per il preavviso ricevuto dai prigionieri, sia per la propensione ad usare con eccessiva facilit\u00e0 le armi che ad ogni latitudine unisce le forza armate quando si trovano a gestire situazioni di ordine pubblico, la situazione sia del tutto sfuggita di mano e che la maggior parte delle vittime sia legata all&#8217;azione indiscriminata dei militari (\u00e8, sostanzialmente, la versione suggerita da <a href=\"http:\/\/world.time.com\/2013\/01\/26\/dozens-reported-killed-in-venezuela-prison-riot\/\"><em>Time <\/em><\/a>&#8211; naturalmente il tono delle notizie in qualche modo dipende anche della valutazione che la testata di orgine d\u00e0 del governo Chavez: in ogni caso, la foto dei parenti dei carcerati che alle porte del carcere elemosinano notizie sui loro congiunti spezza il cuore).<\/p>\n<h2>Narcotica, di Alessandro Scotti (ISBN, \u20ac 12)<\/h2>\n<p><a href=\"https:\/\/i0.wp.com\/www.robertosedda.it\/wp-content\/uploads\/2013\/01\/Narcotica.jpeg\"><img data-attachment-id=\"2095\" data-permalink=\"http:\/\/www.robertosedda.it\/?attachment_id=2095\" data-orig-file=\"https:\/\/i0.wp.com\/www.robertosedda.it\/wp-content\/uploads\/2013\/01\/Narcotica.jpeg?fit=170%2C266\" data-orig-size=\"170,266\" data-comments-opened=\"1\" data-image-meta=\"{&quot;aperture&quot;:&quot;0&quot;,&quot;credit&quot;:&quot;&quot;,&quot;camera&quot;:&quot;&quot;,&quot;caption&quot;:&quot;&quot;,&quot;created_timestamp&quot;:&quot;0&quot;,&quot;copyright&quot;:&quot;&quot;,&quot;focal_length&quot;:&quot;0&quot;,&quot;iso&quot;:&quot;0&quot;,&quot;shutter_speed&quot;:&quot;0&quot;,&quot;title&quot;:&quot;&quot;}\" data-image-title=\"Narcotica\" data-image-description=\"\" data-image-caption=\"\" data-medium-file=\"https:\/\/i0.wp.com\/www.robertosedda.it\/wp-content\/uploads\/2013\/01\/Narcotica.jpeg?fit=170%2C266\" data-large-file=\"https:\/\/i0.wp.com\/www.robertosedda.it\/wp-content\/uploads\/2013\/01\/Narcotica.jpeg?fit=170%2C266\" decoding=\"async\" loading=\"lazy\" class=\"alignright size-full wp-image-2095\" alt=\"Narcotica\" src=\"https:\/\/i0.wp.com\/www.robertosedda.it\/wp-content\/uploads\/2013\/01\/Narcotica.jpeg?resize=170%2C266\" width=\"170\" height=\"266\" data-recalc-dims=\"1\" \/><\/a>La combinazione di condizioni carcerarie disperanti e dell&#8217;illegalit\u00e0 diffusa legata al traffico di droga \u00e8 il tema di un gran libro di Alessandro Scotti, <em>Narcotica<\/em>. L&#8217;autore ha fatto una sorta di giro del mondo sulle tracce dei grandi traffici della droga, e racconta paese per paese cosa questo voglia dire nella vita quotidiana delle persone, soprattutto di quelle che sono pi\u00f9 toccate dal traffico: produttori di droga, poliziotti, consumatori, militari, magistrati e, appunto, carcerati (nel libro c&#8217;\u00e8 sul tema un&#8217;attenizone particolare) &#8211; alcuni dei quali del tutto inaspettati.<\/p>\n<p>\u00c8 un libro che ho letto un paio di anni fa e non ce l&#8217;ho pi\u00f9 freschissimo, per cui non mi sento di farne una vera recensione, ma lo consiglio senza riserve: \u00e8 un buon punto di partenza per farsi un minimo di consapevolezza sia sul tema dei grandi traffici di droga sia sulle condizione delle carceri in giro per il mondo.<\/p>\n","protected":false},"excerpt":{"rendered":"<p>Oggi appunto qui sopra due fatti del tutto scollegati fra loro se non per il fatto che ne ho letto<\/p>\n","protected":false},"author":1,"featured_media":2096,"comment_status":"open","ping_status":"open","sticky":false,"template":"","format":"standard","meta":{"_mi_skip_tracking":false,"_monsterinsights_sitenote_active":false,"_monsterinsights_sitenote_note":"","_monsterinsights_sitenote_category":0,"jetpack_post_was_ever_published":false,"_jetpack_newsletter_access":"","jetpack_publicize_message":"","jetpack_is_tweetstorm":false,"jetpack_publicize_feature_enabled":true,"jetpack_social_post_already_shared":false,"jetpack_social_options":{"image_generator_settings":{"template":"highway","enabled":false}}},"categories":[52,55,77,19],"tags":[],"jetpack_publicize_connections":[],"jetpack_featured_media_url":"https:\/\/i0.wp.com\/www.robertosedda.it\/wp-content\/uploads\/2013\/01\/Port-Said-rivolta.jpg?fit=459%2C304","jetpack_sharing_enabled":true,"jetpack_shortlink":"https:\/\/wp.me\/p4jV2T-xJ","jetpack_likes_enabled":true,"jetpack-related-posts":[{"id":14820,"url":"http:\/\/www.robertosedda.it\/?p=14820","url_meta":{"origin":2091,"position":0},"title":"Dura la vita in Egitto per le cantanti pop","author":"Rufus","date":"13\/03\/2018","format":"video","excerpt":"Credo che molti abbiano visto passare in giro, magari sui social o come messaggio da amici su Whatsapp, un video nel quale un tizio che si dichiara ateo viene scacciato da un dibattito televisivo su un canale egiziano. https:\/\/youtu.be\/t6nxYT6REr0 In realt\u00e0 non voglio parlare del video in s\u00e9, prima di\u2026","rel":"","context":"In &quot;Coordinate&quot;","block_context":{"text":"Coordinate","link":"http:\/\/www.robertosedda.it\/?cat=52"},"img":{"alt_text":"","src":"https:\/\/i0.wp.com\/www.robertosedda.it\/wp-content\/uploads\/2018\/03\/Sherine.jpg?fit=710%2C434&resize=350%2C200","width":350,"height":200,"srcset":"https:\/\/i0.wp.com\/www.robertosedda.it\/wp-content\/uploads\/2018\/03\/Sherine.jpg?fit=710%2C434&resize=350%2C200 1x, https:\/\/i0.wp.com\/www.robertosedda.it\/wp-content\/uploads\/2018\/03\/Sherine.jpg?fit=710%2C434&resize=700%2C400 2x"},"classes":[]},{"id":1957,"url":"http:\/\/www.robertosedda.it\/?p=1957","url_meta":{"origin":2091,"position":1},"title":"Vivere in Arabia Saudita","author":"Rufus","date":"17\/01\/2013","format":false,"excerpt":"Avrete visto che quando ho scritto la recensione de La bicicletta verde mi sono chiesto come si viva veramente in Arabia Saudita. La risposta non la so, naturalmente, ma a quanto pare dovrebbe essere: male, se sei un lavoratore straniero, e soprattutto una lavoratrice. Il caso di Rizana Nafeek Il\u2026","rel":"","context":"In &quot;Coordinate&quot;","block_context":{"text":"Coordinate","link":"http:\/\/www.robertosedda.it\/?cat=52"},"img":{"alt_text":"","src":"https:\/\/i0.wp.com\/www.robertosedda.it\/wp-content\/uploads\/2013\/01\/demonstrator-sri-lanka.jpg?fit=629%2C409&resize=350%2C200","width":350,"height":200},"classes":[]},{"id":14569,"url":"http:\/\/www.robertosedda.it\/?p=14569","url_meta":{"origin":2091,"position":2},"title":"Niente da scherzare","author":"Rufus","date":"16\/01\/2018","format":false,"excerpt":"Ricorderete forse un\u00a0post qui sul blog nel quale raccontavo, fra il serio e il faceto, la storia del professore di fisica che, credendo di avere conquistato il cuore della modella si era ritrovato in galera per traffico di droga. \u00c8 un articolo che, soprattutto per un periodo, ha avuto un\u2026","rel":"","context":"In &quot;Coordinate&quot;","block_context":{"text":"Coordinate","link":"http:\/\/www.robertosedda.it\/?cat=52"},"img":{"alt_text":"","src":"https:\/\/i0.wp.com\/www.robertosedda.it\/wp-content\/uploads\/2018\/01\/Exposto-Kuala-Lumpur.jpg?fit=560%2C681&resize=350%2C200","width":350,"height":200},"classes":[]},{"id":15453,"url":"http:\/\/www.robertosedda.it\/?p=15453","url_meta":{"origin":2091,"position":3},"title":"La strada di Firenze","author":"Rufus","date":"11\/07\/2018","format":false,"excerpt":"L'altro giorno mi \u00e8 stato commissionato un breve articolo a commento della proclamazione della venerabilit\u00e0 di Giorgio La Pira; per scriverlo sono andato a rivedermi, fra le altre cose, la Premessa di Cagliari, cio\u00e8 il discorso che La Pira tenne a Cagliari nel 1973 per introdurre il convegno dell'IPALMO, l'Istituto\u2026","rel":"","context":"In &quot;Coordinate&quot;","block_context":{"text":"Coordinate","link":"http:\/\/www.robertosedda.it\/?cat=52"},"img":{"alt_text":"","src":"https:\/\/i0.wp.com\/www.robertosedda.it\/wp-content\/uploads\/2018\/07\/La-Pira-2.jpg?fit=720%2C625&resize=350%2C200","width":350,"height":200,"srcset":"https:\/\/i0.wp.com\/www.robertosedda.it\/wp-content\/uploads\/2018\/07\/La-Pira-2.jpg?fit=720%2C625&resize=350%2C200 1x, https:\/\/i0.wp.com\/www.robertosedda.it\/wp-content\/uploads\/2018\/07\/La-Pira-2.jpg?fit=720%2C625&resize=700%2C400 2x"},"classes":[]},{"id":8157,"url":"http:\/\/www.robertosedda.it\/?p=8157","url_meta":{"origin":2091,"position":4},"title":"Piccola nota per gli amanti di cose sarde (e anche no)","author":"Rufus","date":"06\/08\/2014","format":false,"excerpt":"Sto leggendo The road to Hel proprio cos\u00ec, con una sola \"l\", perch\u00e9 Hel non \u00e8 l'inferno ma la dimora dei morti nella concezione dei popoli del Nord Europa, quelli che noi chiamiamo comunemente vichinghi. L'autrice \u00e8 Hilda Roderick Ellis Davidson, una grande esperta della cultura medievale scandinava, di cui\u2026","rel":"","context":"In &quot;Coordinate&quot;","block_context":{"text":"Coordinate","link":"http:\/\/www.robertosedda.it\/?cat=52"},"img":{"alt_text":"","src":"https:\/\/i0.wp.com\/www.robertosedda.it\/wp-content\/uploads\/2014\/08\/navicella-nuragica.jpeg?fit=584%2C430&resize=350%2C200","width":350,"height":200},"classes":[]},{"id":18217,"url":"http:\/\/www.robertosedda.it\/?p=18217","url_meta":{"origin":2091,"position":5},"title":"Il grande amore del suo cuore","author":"Rufus","date":"21\/07\/2020","format":false,"excerpt":"Tempo fa mi \u00e8 capitato di imbattermi nel Racconto di marzo di Neil Gaiman. \u00c8 un racconto brevissimo, e fa parte di un progetto collaborativo col pubblico sponsorizzato da Blackberry anni fa. Al tempo Gaiman ha scritto una serie di tweet, uno per ogni mese, facendo delle domande ai lettori:\u2026","rel":"","context":"In &quot;Cappe e spade&quot;","block_context":{"text":"Cappe e spade","link":"http:\/\/www.robertosedda.it\/?cat=70"},"img":{"alt_text":"","src":"https:\/\/i0.wp.com\/www.robertosedda.it\/wp-content\/uploads\/2020\/07\/March-tale-inspiration.png?fit=445%2C406&resize=350%2C200","width":350,"height":200},"classes":[]}],"_links":{"self":[{"href":"http:\/\/www.robertosedda.it\/index.php?rest_route=\/wp\/v2\/posts\/2091"}],"collection":[{"href":"http:\/\/www.robertosedda.it\/index.php?rest_route=\/wp\/v2\/posts"}],"about":[{"href":"http:\/\/www.robertosedda.it\/index.php?rest_route=\/wp\/v2\/types\/post"}],"author":[{"embeddable":true,"href":"http:\/\/www.robertosedda.it\/index.php?rest_route=\/wp\/v2\/users\/1"}],"replies":[{"embeddable":true,"href":"http:\/\/www.robertosedda.it\/index.php?rest_route=%2Fwp%2Fv2%2Fcomments&post=2091"}],"version-history":[{"count":7,"href":"http:\/\/www.robertosedda.it\/index.php?rest_route=\/wp\/v2\/posts\/2091\/revisions"}],"predecessor-version":[{"id":6035,"href":"http:\/\/www.robertosedda.it\/index.php?rest_route=\/wp\/v2\/posts\/2091\/revisions\/6035"}],"wp:featuredmedia":[{"embeddable":true,"href":"http:\/\/www.robertosedda.it\/index.php?rest_route=\/wp\/v2\/media\/2096"}],"wp:attachment":[{"href":"http:\/\/www.robertosedda.it\/index.php?rest_route=%2Fwp%2Fv2%2Fmedia&parent=2091"}],"wp:term":[{"taxonomy":"category","embeddable":true,"href":"http:\/\/www.robertosedda.it\/index.php?rest_route=%2Fwp%2Fv2%2Fcategories&post=2091"},{"taxonomy":"post_tag","embeddable":true,"href":"http:\/\/www.robertosedda.it\/index.php?rest_route=%2Fwp%2Fv2%2Ftags&post=2091"}],"curies":[{"name":"wp","href":"https:\/\/api.w.org\/{rel}","templated":true}]}}