{"id":2080,"date":"2013-01-26T11:49:23","date_gmt":"2013-01-26T10:49:23","guid":{"rendered":"http:\/\/www.robertosedda.it\/?p=2080"},"modified":"2022-01-27T10:23:19","modified_gmt":"2022-01-27T09:23:19","slug":"cose-che-proseguono","status":"publish","type":"post","link":"http:\/\/www.robertosedda.it\/?p=2080","title":{"rendered":"Cose che proseguono"},"content":{"rendered":"<p>Non ho intenzione di tenere conto su questo <em>blog<\/em> di come evolvono tutte\u00a0le cose di cui mi capita di parlare, ma ogni tanto mi arrivano sotto mano aggiornamenti che mi fa piacere condividere.<\/p>\n<h2>Il marchio della bestia e gli attrezzi per tracciare gli studenti<\/h2>\n<p><a href=\"https:\/\/i0.wp.com\/www.robertosedda.it\/wp-content\/uploads\/2012\/11\/rfidpic.png\"><img data-attachment-id=\"1546\" data-permalink=\"http:\/\/www.robertosedda.it\/?attachment_id=1546\" data-orig-file=\"https:\/\/i0.wp.com\/www.robertosedda.it\/wp-content\/uploads\/2012\/11\/rfidpic.png?fit=660%2C512\" data-orig-size=\"660,512\" data-comments-opened=\"1\" data-image-meta=\"{&quot;aperture&quot;:&quot;0&quot;,&quot;credit&quot;:&quot;&quot;,&quot;camera&quot;:&quot;&quot;,&quot;caption&quot;:&quot;&quot;,&quot;created_timestamp&quot;:&quot;0&quot;,&quot;copyright&quot;:&quot;&quot;,&quot;focal_length&quot;:&quot;0&quot;,&quot;iso&quot;:&quot;0&quot;,&quot;shutter_speed&quot;:&quot;0&quot;,&quot;title&quot;:&quot;&quot;}\" data-image-title=\"rfidpic\" data-image-description=\"\" data-image-caption=\"\" data-medium-file=\"https:\/\/i0.wp.com\/www.robertosedda.it\/wp-content\/uploads\/2012\/11\/rfidpic.png?fit=300%2C232\" data-large-file=\"https:\/\/i0.wp.com\/www.robertosedda.it\/wp-content\/uploads\/2012\/11\/rfidpic.png?fit=510%2C396\" decoding=\"async\" loading=\"lazy\" class=\"alignleft size-medium wp-image-1546\" alt=\"rfidpic\" src=\"https:\/\/i0.wp.com\/www.robertosedda.it\/wp-content\/uploads\/2012\/11\/rfidpic.png?resize=300%2C232\" width=\"300\" height=\"232\" srcset=\"https:\/\/i0.wp.com\/www.robertosedda.it\/wp-content\/uploads\/2012\/11\/rfidpic.png?resize=300%2C232 300w, https:\/\/i0.wp.com\/www.robertosedda.it\/wp-content\/uploads\/2012\/11\/rfidpic.png?w=660 660w\" sizes=\"(max-width: 300px) 100vw, 300px\" data-recalc-dims=\"1\" \/><\/a>Andrea Hernandez, <a title=\"L\u2019hanno fatto di nuovo (e il marchio di Satana)\" href=\"http:\/\/www.robertosedda.it\/?p=1544\">la studentessa texana che si rifiutava di indossare a scuola un <em>badge<\/em> dotato di rilevatore elettronico di presenza<\/a>, ha perso la sua causa.<\/p>\n<p>O meglio: se avesse voluto, l&#8217;avrebbe vinta. Perch\u00e9 la scuola si era offerta di rimuovere il <em>chip<\/em> elettronico dal <em>badge<\/em>, lasciando solo la targhetta identificativa. La ragazza per\u00f2 non ha accettato questo compromesso (tutti i procedimenti vari e le trattative sono dettagliate nella <a href=\"https:\/\/www.rutherford.org\/files_images\/general\/01-08-2013_Hernandez_Ruling.pdf\">sentenza<\/a>), e a quel punto il giudice le ha dato torto.<\/p>\n<p>Probabilmente, oltre l&#8217;atteggiamento accomodante assunto dalla scuola, ha pesato anche la considerazione che <em>badge<\/em> e anche <em>rilevatori elettronici<\/em>, pur invasivi, migliorano la sicurezza nei <em>campus<\/em>, argomento che in questo momento negli USA \u00e8 molto sentito (la scuola ha intelligentemente proposto\u00a0 fra le sue motivazioni\u00a0il fatto che i rilevatori consentono al personale di rintracciare velocemente gli studenti durante un&#8217;emergenza &#8211; quanto questo possa essere vero nel momento in cui uno entrasse a scuola con un fucile d&#8217;assalto rimane, ovviamente, discutibile).<\/p>\n<p>Nel frattempo la battaglia legale continua, con minacce di ricorsi in appello eccetera: un utile riassunto della polemica (compresa la questione del finanziamento alle scuole basato sui tassi di frequenza degli studenti), che mi diverte molto e comunque mi sembra significativa, \u00e8 su <a href=\"http:\/\/www.wired.com\/threatlevel\/2013\/01\/student-rfid-suspension\/\"><em>Wired<\/em><\/a> e su un <a href=\"http:\/\/www.mysanantonio.com\/news\/education\/article\/Judge-rejects-lawsuit-against-Northside-s-student-4176148.php\">giornale locale<\/a>.<\/p>\n<h2>Il ritorno di Lara Manni&#8230;<\/h2>\n<p><a href=\"https:\/\/i0.wp.com\/www.robertosedda.it\/wp-content\/uploads\/2013\/01\/Cattura1.jpg\"><img data-attachment-id=\"2081\" data-permalink=\"http:\/\/www.robertosedda.it\/?attachment_id=2081\" data-orig-file=\"https:\/\/i0.wp.com\/www.robertosedda.it\/wp-content\/uploads\/2013\/01\/Cattura1.jpg?fit=1113%2C483\" data-orig-size=\"1113,483\" data-comments-opened=\"1\" data-image-meta=\"{&quot;aperture&quot;:&quot;0&quot;,&quot;credit&quot;:&quot;Roberto Sedda&quot;,&quot;camera&quot;:&quot;&quot;,&quot;caption&quot;:&quot;&quot;,&quot;created_timestamp&quot;:&quot;1359200714&quot;,&quot;copyright&quot;:&quot;&quot;,&quot;focal_length&quot;:&quot;0&quot;,&quot;iso&quot;:&quot;0&quot;,&quot;shutter_speed&quot;:&quot;0&quot;,&quot;title&quot;:&quot;&quot;}\" data-image-title=\"Cattura\" data-image-description=\"\" data-image-caption=\"\" data-medium-file=\"https:\/\/i0.wp.com\/www.robertosedda.it\/wp-content\/uploads\/2013\/01\/Cattura1.jpg?fit=300%2C130\" data-large-file=\"https:\/\/i0.wp.com\/www.robertosedda.it\/wp-content\/uploads\/2013\/01\/Cattura1.jpg?fit=510%2C221\" decoding=\"async\" loading=\"lazy\" class=\"alignright size-medium wp-image-2081\" alt=\"Cattura\" src=\"https:\/\/i0.wp.com\/www.robertosedda.it\/wp-content\/uploads\/2013\/01\/Cattura1.jpg?resize=300%2C130\" width=\"300\" height=\"130\" srcset=\"https:\/\/i0.wp.com\/www.robertosedda.it\/wp-content\/uploads\/2013\/01\/Cattura1.jpg?resize=300%2C130 300w, https:\/\/i0.wp.com\/www.robertosedda.it\/wp-content\/uploads\/2013\/01\/Cattura1.jpg?resize=1024%2C444 1024w, https:\/\/i0.wp.com\/www.robertosedda.it\/wp-content\/uploads\/2013\/01\/Cattura1.jpg?resize=700%2C303 700w, https:\/\/i0.wp.com\/www.robertosedda.it\/wp-content\/uploads\/2013\/01\/Cattura1.jpg?w=1113 1113w\" sizes=\"(max-width: 300px) 100vw, 300px\" data-recalc-dims=\"1\" \/><\/a>&#8230; o di chi per lei. La mia <a title=\"Per NON parlare di Lipperini-Manni\" href=\"http:\/\/www.robertosedda.it\/?p=73\">opinione<\/a> rimane quella che ho pubblicato ormai un sacco di tempo fa, ma mi sembrava opportuno segnalare la (parziale) resurrezione, consistente in un <a href=\"http:\/\/dustypagesinwonderland.blogspot.it\/2012\/12\/christmas-tales-3rd-edition-rosa-virgo.html\">nuovo racconto<\/a>, anche perch\u00e9 la notizia dopo un mese \u00e8 arrivata di nuovo su <a href=\"http:\/\/www.anobii.com\/forum_thread?topicId=3197544#new_thread\"><em>Anobii<\/em><\/a> e si annuncia possibile la ripresa delle solite polemiche.<\/p>\n","protected":false},"excerpt":{"rendered":"<p>Non ho intenzione di tenere conto su questo blog di come evolvono tutte\u00a0le cose di cui mi capita di parlare,<\/p>\n","protected":false},"author":1,"featured_media":1546,"comment_status":"open","ping_status":"open","sticky":false,"template":"","format":"standard","meta":{"_mi_skip_tracking":false,"_monsterinsights_sitenote_active":false,"_monsterinsights_sitenote_note":"","_monsterinsights_sitenote_category":0,"jetpack_post_was_ever_published":false,"_jetpack_newsletter_access":"","jetpack_publicize_message":"","jetpack_is_tweetstorm":false,"jetpack_publicize_feature_enabled":true,"jetpack_social_post_already_shared":false,"jetpack_social_options":{"image_generator_settings":{"template":"highway","enabled":false}}},"categories":[52,64,55,17,16],"tags":[],"jetpack_publicize_connections":[],"jetpack_featured_media_url":"https:\/\/i0.wp.com\/www.robertosedda.it\/wp-content\/uploads\/2012\/11\/rfidpic.png?fit=660%2C512","jetpack_sharing_enabled":true,"jetpack_shortlink":"https:\/\/wp.me\/p4jV2T-xy","jetpack_likes_enabled":true,"jetpack-related-posts":[{"id":1544,"url":"http:\/\/www.robertosedda.it\/?p=1544","url_meta":{"origin":2080,"position":0},"title":"L&#8217;hanno fatto di nuovo (e il marchio di Satana)","author":"Rufus","date":"30\/11\/2012","format":false,"excerpt":"Chi legge questo blog sa che seguo da un po' di tempo le strane cose che succedono nelle scuole americane, segno dei tempi. Ora Wired riporta che una studentessa di una scuola texana \u00e8 stata sospesa per aver rifiutato di indossare a scuola un badge identificativo dotato di un ricetrasmettitore\u2026","rel":"","context":"In &quot;Coordinate&quot;","block_context":{"text":"Coordinate","link":"http:\/\/www.robertosedda.it\/?cat=52"},"img":{"alt_text":"","src":"https:\/\/i0.wp.com\/www.robertosedda.it\/wp-content\/uploads\/2012\/11\/rfidpic.png?fit=660%2C512&resize=350%2C200","width":350,"height":200},"classes":[]},{"id":8278,"url":"http:\/\/www.robertosedda.it\/?p=8278","url_meta":{"origin":2080,"position":1},"title":"Ho salvato due turisti in viale Cimitero (\u00e8 per questo che il turismo cos\u00ec tanto svilupp\u00f2)","author":"Rufus","date":"01\/09\/2014","format":false,"excerpt":"Anni fa sono stato a Genova con Maria Bonaria, per un seminario formativo del\u00a0CPPP (che sarebbe il\u00a0Centro psicopedagogico per la pace\u00a0di Daniele Novara) e un po' di turismo. Una cosa che ci aveva colpito \u00e8 che appena tiravamo fuori la cartina c'era subito qualcuno, gentilissimo, che ci diceva: \u00abVi servono\u2026","rel":"","context":"In &quot;Coordinate&quot;","block_context":{"text":"Coordinate","link":"http:\/\/www.robertosedda.it\/?cat=52"},"img":{"alt_text":"","src":"https:\/\/i0.wp.com\/www.robertosedda.it\/wp-content\/uploads\/2014\/09\/DSCN0873.jpg?fit=1200%2C900&resize=350%2C200","width":350,"height":200,"srcset":"https:\/\/i0.wp.com\/www.robertosedda.it\/wp-content\/uploads\/2014\/09\/DSCN0873.jpg?fit=1200%2C900&resize=350%2C200 1x, https:\/\/i0.wp.com\/www.robertosedda.it\/wp-content\/uploads\/2014\/09\/DSCN0873.jpg?fit=1200%2C900&resize=700%2C400 2x, https:\/\/i0.wp.com\/www.robertosedda.it\/wp-content\/uploads\/2014\/09\/DSCN0873.jpg?fit=1200%2C900&resize=1050%2C600 3x"},"classes":[]},{"id":10497,"url":"http:\/\/www.robertosedda.it\/?p=10497","url_meta":{"origin":2080,"position":2},"title":"Purpuzza e giochi di ruolo nelle piazze di Gavoi","author":"Rufus","date":"09\/07\/2015","format":false,"excerpt":"Come vi raccontavo la scorsa settimana\u00a0tre\u00a0Fabbricastorie su quattro, con l'aggiunta di Maria Bonaria, sono stati alla\u00a0XII edizione di\u00a0Isola delle storie\u00a0a Gavoi. Nessuno di noi era mai stato al\u00a0festival, anche se io l'avevo sfiorato pi\u00f9 volte: ma per tutti noi il periodo in cui si tiene la manifestazione \u00e8 sfortunato dal\u2026","rel":"","context":"In &quot;Coordinate&quot;","block_context":{"text":"Coordinate","link":"http:\/\/www.robertosedda.it\/?cat=52"},"img":{"alt_text":"","src":"https:\/\/i0.wp.com\/www.robertosedda.it\/wp-content\/uploads\/2015\/07\/Gavoi-Fabbricastorie-Isola-delle-storie.jpg?fit=800%2C533&resize=350%2C200","width":350,"height":200,"srcset":"https:\/\/i0.wp.com\/www.robertosedda.it\/wp-content\/uploads\/2015\/07\/Gavoi-Fabbricastorie-Isola-delle-storie.jpg?fit=800%2C533&resize=350%2C200 1x, https:\/\/i0.wp.com\/www.robertosedda.it\/wp-content\/uploads\/2015\/07\/Gavoi-Fabbricastorie-Isola-delle-storie.jpg?fit=800%2C533&resize=700%2C400 2x"},"classes":[]},{"id":8597,"url":"http:\/\/www.robertosedda.it\/?p=8597","url_meta":{"origin":2080,"position":3},"title":"Foto infernali di studenti sprovveduti. O forse no&#8230;","author":"Rufus","date":"07\/10\/2014","format":false,"excerpt":"Da quest'anno non \u00e8 pi\u00f9 necessario, per i nostri studenti, presentare due foto formato tessera insieme con la domanda di immatricolazione. Ci siamo evoluti: la foto viene caricata dallo studente direttamente nella sua area riservata e da l\u00ec inserita automaticamente sul suo\u00a0badge, che sostituir\u00e0 il vecchio libretto. Ai primi avvisi\u2026","rel":"","context":"In &quot;Coordinate&quot;","block_context":{"text":"Coordinate","link":"http:\/\/www.robertosedda.it\/?cat=52"},"img":{"alt_text":"","src":"https:\/\/i0.wp.com\/www.robertosedda.it\/wp-content\/uploads\/2013\/10\/Rufus-clown.jpg?fit=604%2C415&resize=350%2C200","width":350,"height":200},"classes":[]},{"id":3274,"url":"http:\/\/www.robertosedda.it\/?p=3274","url_meta":{"origin":2080,"position":4},"title":"Personale viaggiante","author":"Rufus","date":"27\/05\/2013","format":false,"excerpt":"Sabato sono andato a Bologna (e poi a Roma) per questioni varie di Banca Etica, fra le quali un invito del C.R.E.S.E.R. (Coordinamento Regionale per l'Economia Solidale Emilia-Romagna) a fare un intervento a una tavola rotonda in occasione di Terra Equa, dove erano tutti pi\u00f9 importanti di me e dove\u2026","rel":"","context":"In &quot;Coordinate&quot;","block_context":{"text":"Coordinate","link":"http:\/\/www.robertosedda.it\/?cat=52"},"img":{"alt_text":"","src":"https:\/\/i0.wp.com\/www.robertosedda.it\/wp-content\/uploads\/2013\/05\/2012-04-05_Stazione_VVFF_Roma_Ostiense-scaled.jpg?fit=1200%2C899&resize=350%2C200","width":350,"height":200,"srcset":"https:\/\/i0.wp.com\/www.robertosedda.it\/wp-content\/uploads\/2013\/05\/2012-04-05_Stazione_VVFF_Roma_Ostiense-scaled.jpg?fit=1200%2C899&resize=350%2C200 1x, https:\/\/i0.wp.com\/www.robertosedda.it\/wp-content\/uploads\/2013\/05\/2012-04-05_Stazione_VVFF_Roma_Ostiense-scaled.jpg?fit=1200%2C899&resize=700%2C400 2x, https:\/\/i0.wp.com\/www.robertosedda.it\/wp-content\/uploads\/2013\/05\/2012-04-05_Stazione_VVFF_Roma_Ostiense-scaled.jpg?fit=1200%2C899&resize=1050%2C600 3x"},"classes":[]},{"id":10785,"url":"http:\/\/www.robertosedda.it\/?p=10785","url_meta":{"origin":2080,"position":5},"title":"REBLOG: Dieci cose non cos\u00ec ovvie sulla lettura a scuola (primaria, ma non solo)","author":"Rufus","date":"08\/09\/2015","format":false,"excerpt":"Dal nuovo\u00a0blog di Beniamino Sidoti alcune cose non proprio scontate sulla lettura nella scuola primaria e non solo, sulla gestione delle biblioteche e sul rapporto da costruire fra libri e bambini e ragazzi.","rel":"","context":"In &quot;Segnalazioni&quot;","block_context":{"text":"Segnalazioni","link":"http:\/\/www.robertosedda.it\/?cat=95"},"img":{"alt_text":"","src":"","width":0,"height":0},"classes":[]}],"_links":{"self":[{"href":"http:\/\/www.robertosedda.it\/index.php?rest_route=\/wp\/v2\/posts\/2080"}],"collection":[{"href":"http:\/\/www.robertosedda.it\/index.php?rest_route=\/wp\/v2\/posts"}],"about":[{"href":"http:\/\/www.robertosedda.it\/index.php?rest_route=\/wp\/v2\/types\/post"}],"author":[{"embeddable":true,"href":"http:\/\/www.robertosedda.it\/index.php?rest_route=\/wp\/v2\/users\/1"}],"replies":[{"embeddable":true,"href":"http:\/\/www.robertosedda.it\/index.php?rest_route=%2Fwp%2Fv2%2Fcomments&post=2080"}],"version-history":[{"count":8,"href":"http:\/\/www.robertosedda.it\/index.php?rest_route=\/wp\/v2\/posts\/2080\/revisions"}],"predecessor-version":[{"id":19119,"href":"http:\/\/www.robertosedda.it\/index.php?rest_route=\/wp\/v2\/posts\/2080\/revisions\/19119"}],"wp:featuredmedia":[{"embeddable":true,"href":"http:\/\/www.robertosedda.it\/index.php?rest_route=\/wp\/v2\/media\/1546"}],"wp:attachment":[{"href":"http:\/\/www.robertosedda.it\/index.php?rest_route=%2Fwp%2Fv2%2Fmedia&parent=2080"}],"wp:term":[{"taxonomy":"category","embeddable":true,"href":"http:\/\/www.robertosedda.it\/index.php?rest_route=%2Fwp%2Fv2%2Fcategories&post=2080"},{"taxonomy":"post_tag","embeddable":true,"href":"http:\/\/www.robertosedda.it\/index.php?rest_route=%2Fwp%2Fv2%2Ftags&post=2080"}],"curies":[{"name":"wp","href":"https:\/\/api.w.org\/{rel}","templated":true}]}}