{"id":20583,"date":"2025-05-05T21:08:12","date_gmt":"2025-05-05T19:08:12","guid":{"rendered":"https:\/\/www.robertosedda.it\/?p=20583"},"modified":"2026-02-05T09:42:19","modified_gmt":"2026-02-05T08:42:19","slug":"sul-percorso-elettorale-di-banca-etica","status":"publish","type":"post","link":"http:\/\/www.robertosedda.it\/?p=20583","title":{"rendered":"Sul percorso elettorale di Banca Etica"},"content":{"rendered":"\n<figure class=\"wp-block-image alignright size-medium\"><img data-attachment-id=\"17018\" data-permalink=\"http:\/\/www.robertosedda.it\/?attachment_id=17018\" data-orig-file=\"https:\/\/i0.wp.com\/www.robertosedda.it\/wp-content\/uploads\/2019\/08\/Rufus-1.png?fit=834%2C720\" data-orig-size=\"834,720\" data-comments-opened=\"1\" data-image-meta=\"{&quot;aperture&quot;:&quot;0&quot;,&quot;credit&quot;:&quot;&quot;,&quot;camera&quot;:&quot;&quot;,&quot;caption&quot;:&quot;&quot;,&quot;created_timestamp&quot;:&quot;0&quot;,&quot;copyright&quot;:&quot;&quot;,&quot;focal_length&quot;:&quot;0&quot;,&quot;iso&quot;:&quot;0&quot;,&quot;shutter_speed&quot;:&quot;0&quot;,&quot;title&quot;:&quot;&quot;,&quot;orientation&quot;:&quot;0&quot;}\" data-image-title=\"Rufus (1)\" data-image-description=\"\" data-image-caption=\"\" data-medium-file=\"https:\/\/i0.wp.com\/www.robertosedda.it\/wp-content\/uploads\/2019\/08\/Rufus-1.png?fit=300%2C259\" data-large-file=\"https:\/\/i0.wp.com\/www.robertosedda.it\/wp-content\/uploads\/2019\/08\/Rufus-1.png?fit=510%2C440\" decoding=\"async\" loading=\"lazy\" width=\"300\" height=\"259\" src=\"https:\/\/i0.wp.com\/www.robertosedda.it\/wp-content\/uploads\/2019\/08\/Rufus-1-300x259.png?resize=300%2C259&#038;ssl=1\" alt=\"\" class=\"wp-image-17018\" srcset=\"https:\/\/i0.wp.com\/www.robertosedda.it\/wp-content\/uploads\/2019\/08\/Rufus-1.png?resize=300%2C259 300w, https:\/\/i0.wp.com\/www.robertosedda.it\/wp-content\/uploads\/2019\/08\/Rufus-1.png?resize=150%2C129 150w, https:\/\/i0.wp.com\/www.robertosedda.it\/wp-content\/uploads\/2019\/08\/Rufus-1.png?resize=510%2C440 510w, https:\/\/i0.wp.com\/www.robertosedda.it\/wp-content\/uploads\/2019\/08\/Rufus-1.png?w=834 834w\" sizes=\"(max-width: 300px) 100vw, 300px\" data-recalc-dims=\"1\" \/><\/figure>\n\n\n\n<p>Premessa: questo articolo \u00e8 scritto un po&#8217; come una cipolla, a strati. Se vi interessa solo sapere chi voter\u00f2, potete fermarvi all&#8217;inizio. Se volete le motivazioni e un po&#8217; di ulteriori riflessioni, andate avanti. <\/p>\n\n\n\n<p>L&#8217;immagine qui a fianco serve a dire che s\u00ec, non \u00e8 solo una dichiarazione di appoggio, ma un ingresso nella conversazione: come nelle vecchie BBS, Rufus \u00e8 entrato nella stanza.<\/p>\n\n\n\n<p>Per quanto riguarda le altre immagini, tranne un logo le foto sono di cose che ho fatto in\/per Banca Etica negli anni.<\/p>\n\n\n\n<h2>Dichiarazione di voto<\/h2>\n\n\n\n<p>Il prossimo 17 maggio si tiene l&#8217;Assemblea annuale di Banca Etica; \u00e8 una Assemblea particolarmente importante, perch\u00e9 elegge il nuovo Consiglio di Amministrazione per il prossimo triennio, e con esso il Presidente. Sar\u00e0 per forza un Presidente <em>nuovo<\/em>, cio\u00e8 al primo mandato nella carica. Nella nostra storia venticinquennale non abbiamo avuto tanti presidenti (solo tre e questo sar\u00e0 il quarto), quindi \u00e8 evidentemente un passaggio importante, quasi epocale.<\/p>\n\n\n\n<p>Si confrontano due candidati presidenti e due liste collegate, pi\u00f9 alcuni candidati singoli:<strong> il mio voto andr\u00e0 alla <\/strong><a href=\"https:\/\/listapartecipativa.eu\/persone-candidate\/aldo-soldi\/\"><strong>lista-P (partecipativa) <em>Per una&nbsp;Banca Etica, inclusiva e dialogante<\/em><\/strong><\/a>, candidato presidente <strong>Aldo Soldi<\/strong>, attuale vicepresidente. Fra i candidati singoli voter\u00f2 <strong>Roberto Barnaba Trinca<\/strong>, espresso a suo tempo dall&#8217;Area Centro. <\/p>\n\n\n\n<figure class=\"wp-block-image alignleft size-large\"><img data-attachment-id=\"20599\" data-permalink=\"http:\/\/www.robertosedda.it\/?attachment_id=20599\" data-orig-file=\"https:\/\/i0.wp.com\/www.robertosedda.it\/wp-content\/uploads\/2025\/05\/Lista-Partecipativa-logo.png?fit=750%2C146\" data-orig-size=\"750,146\" data-comments-opened=\"1\" data-image-meta=\"{&quot;aperture&quot;:&quot;0&quot;,&quot;credit&quot;:&quot;&quot;,&quot;camera&quot;:&quot;&quot;,&quot;caption&quot;:&quot;&quot;,&quot;created_timestamp&quot;:&quot;0&quot;,&quot;copyright&quot;:&quot;&quot;,&quot;focal_length&quot;:&quot;0&quot;,&quot;iso&quot;:&quot;0&quot;,&quot;shutter_speed&quot;:&quot;0&quot;,&quot;title&quot;:&quot;&quot;,&quot;orientation&quot;:&quot;0&quot;}\" data-image-title=\"Lista-Partecipativa-logo\" data-image-description=\"\" data-image-caption=\"\" data-medium-file=\"https:\/\/i0.wp.com\/www.robertosedda.it\/wp-content\/uploads\/2025\/05\/Lista-Partecipativa-logo.png?fit=300%2C58\" data-large-file=\"https:\/\/i0.wp.com\/www.robertosedda.it\/wp-content\/uploads\/2025\/05\/Lista-Partecipativa-logo.png?fit=510%2C99\" decoding=\"async\" loading=\"lazy\" width=\"510\" height=\"99\" src=\"https:\/\/i0.wp.com\/www.robertosedda.it\/wp-content\/uploads\/2025\/05\/Lista-Partecipativa-logo-510x99.png?resize=510%2C99&#038;ssl=1\" alt=\"\" class=\"wp-image-20599\" srcset=\"https:\/\/i0.wp.com\/www.robertosedda.it\/wp-content\/uploads\/2025\/05\/Lista-Partecipativa-logo.png?resize=510%2C99 510w, https:\/\/i0.wp.com\/www.robertosedda.it\/wp-content\/uploads\/2025\/05\/Lista-Partecipativa-logo.png?resize=300%2C58 300w, https:\/\/i0.wp.com\/www.robertosedda.it\/wp-content\/uploads\/2025\/05\/Lista-Partecipativa-logo.png?resize=150%2C29 150w, https:\/\/i0.wp.com\/www.robertosedda.it\/wp-content\/uploads\/2025\/05\/Lista-Partecipativa-logo.png?w=750 750w\" sizes=\"(max-width: 510px) 100vw, 510px\" data-recalc-dims=\"1\" \/><\/figure>\n\n\n\n<p>Fatto l&#8217;annuncio, e prima di andare alle motivazioni, mi prendo un secondo per una spiegazione di servizio: nel sistema elettorale di Banca Popolare Etica esistono due tipologie di liste; quella partecipativa (familiarmente: lista-P) ottiene il via libera e assembla la lista col via libera dei rappresentanti di almeno tre delle sette grandi categorie di soci (i soci di una delle cinque Aree territoriali &#8211; Sud, Centro, Nordest, Nordovest e Spagna -, i soci lavoratori e il gruppo delle grandi realt\u00e0 associative fondatrici o di riferimento); quella autonoma (sempre familiarmente: lista-A) si forma senza alcun filtro se non l&#8217;esigenza di raccogliere 200 firme fra i soci. In questa tornata elettorale ci sono due liste: la lista-P, che sostengo, ha ottenuto l&#8217;appoggio di tutti i sette &#8220;portatori di valore&#8221;; l&#8217;altra \u00e8 una lista autonoma, guidata da un ex Direttore generale della Banca, Alessandro Messina.<\/p>\n\n\n\n<p>Chiusa la parentesi terminologica, andiamo alle motivazioni.<\/p>\n\n\n\n<h2>Perch\u00e9 ho deciso di votare cos\u00ec?<\/h2>\n\n\n\n<figure class=\"wp-block-image alignright size-large\"><img data-attachment-id=\"7320\" data-permalink=\"http:\/\/www.robertosedda.it\/?attachment_id=7320\" data-orig-file=\"https:\/\/i0.wp.com\/www.robertosedda.it\/wp-content\/uploads\/2014\/05\/Assemblea-Nazionale-Banca-Etica.jpg?fit=800%2C600\" data-orig-size=\"800,600\" data-comments-opened=\"1\" data-image-meta=\"{&quot;aperture&quot;:&quot;5.2&quot;,&quot;credit&quot;:&quot;&quot;,&quot;camera&quot;:&quot;FinePix J10&quot;,&quot;caption&quot;:&quot;&quot;,&quot;created_timestamp&quot;:&quot;1274542467&quot;,&quot;copyright&quot;:&quot;&quot;,&quot;focal_length&quot;:&quot;18.6&quot;,&quot;iso&quot;:&quot;1600&quot;,&quot;shutter_speed&quot;:&quot;0.016666666666667&quot;,&quot;title&quot;:&quot;&quot;}\" data-image-title=\"Assemblea Nazionale Banca Etica\" data-image-description=\"\" data-image-caption=\"\" data-medium-file=\"https:\/\/i0.wp.com\/www.robertosedda.it\/wp-content\/uploads\/2014\/05\/Assemblea-Nazionale-Banca-Etica.jpg?fit=300%2C225\" data-large-file=\"https:\/\/i0.wp.com\/www.robertosedda.it\/wp-content\/uploads\/2014\/05\/Assemblea-Nazionale-Banca-Etica.jpg?fit=510%2C382\" decoding=\"async\" loading=\"lazy\" width=\"510\" height=\"382\" src=\"https:\/\/i0.wp.com\/www.robertosedda.it\/wp-content\/uploads\/2014\/05\/Assemblea-Nazionale-Banca-Etica-510x382.jpg?resize=510%2C382&#038;ssl=1\" alt=\"\" class=\"wp-image-7320\" srcset=\"https:\/\/i0.wp.com\/www.robertosedda.it\/wp-content\/uploads\/2014\/05\/Assemblea-Nazionale-Banca-Etica.jpg?resize=510%2C382 510w, https:\/\/i0.wp.com\/www.robertosedda.it\/wp-content\/uploads\/2014\/05\/Assemblea-Nazionale-Banca-Etica.jpg?resize=150%2C112 150w, https:\/\/i0.wp.com\/www.robertosedda.it\/wp-content\/uploads\/2014\/05\/Assemblea-Nazionale-Banca-Etica.jpg?resize=300%2C225 300w, https:\/\/i0.wp.com\/www.robertosedda.it\/wp-content\/uploads\/2014\/05\/Assemblea-Nazionale-Banca-Etica.jpg?resize=268%2C200 268w, https:\/\/i0.wp.com\/www.robertosedda.it\/wp-content\/uploads\/2014\/05\/Assemblea-Nazionale-Banca-Etica.jpg?resize=700%2C525 700w, https:\/\/i0.wp.com\/www.robertosedda.it\/wp-content\/uploads\/2014\/05\/Assemblea-Nazionale-Banca-Etica.jpg?w=800 800w\" sizes=\"(max-width: 510px) 100vw, 510px\" data-recalc-dims=\"1\" \/><figcaption class=\"wp-element-caption\">Assemblee di epoche fa&#8230;<\/figcaption><\/figure>\n\n\n\n<p>Milito nella Banca Etica dalla sua fondazione: <strong>chi mi conosce bene<\/strong>, sia fra i soci della Banca che fra gli altri amici, <strong>non credo sia sorpreso dalla mia dichiarazione di voto<\/strong>: per uno come me, la scelta \u00e8 pressoch\u00e9 automatica fra una lista partecipata sostenuta da tutti i portatori di valore, che fa base del proprio programma il piano strategico della Banca costruito l&#8217;anno scorso in maniera partecipata, che si pone in continuit\u00e0 con la storia costruita sinora dalla Banca, che \u00e8 composta da persone per la maggioranza socie e che \u00e8 guidata da un signore garbato che sa ascoltare e che non ha nella Banca alcuna ambizione di carriera, e dall&#8217;altra parte una lista autonoma che, fra le altre cose, propone di sopprimere i portatori di valore e abolire i gruppi locali dei soci, abbandonare sostanzialmente la Spagna, \u00e8 composta principalmente di persone che non sono socie e che nei dibattiti sinora non hanno dato l&#8217;impressione di sapere nel concreto granch\u00e9 della Banca (pi\u00f9 una che a suo tempo ha scritto che il sistema industriale-miliare di Israele era un modello di sviluppo da imitare) e che, infine, \u00e8 guidata da una persona che, quando era Direttore, ho potuto constare direttamente &#8211; ero Referente dei soci del Centro Italia &#8211; avere un&#8217;idea della Banca piuttosto diversa dalla mia.<\/p>\n\n\n\n<p><strong>Sono anche molto infastidito dallo stile della campagna elettorale fatta dalla lista-A<\/strong>, che \u00e8 stata molto aggressiva e con toni molto accesi, con poca cura della dimensione reputazionale della Banca nonostante le raccomandazioni iniziali del Comitato Etico: la campagna elettorale ha visto un susseguirsi di dichiarazioni pesanti con necessit\u00e0 di precisazioni successive da parte della Banca stessa, di gruppi di dipendenti, di GIT chiamati in causa, dello stesso Comitato Etico, e non mi \u00e8 sembrato bello. <\/p>\n\n\n\n<p>Sono stato di persona al dibattito fra i candidati presidenti a Firenze, e all&#8217;ingresso ho salutato una socia che non vedevo da tempo e che mi ha presentato il compagno, che non conoscevo. \u00abSei anche tu socio?\u00bb, ho chiesto, e loro tutti contenti mi hanno detto che lui ci stava pensando e che lei l&#8217;aveva portato l\u00ec perch\u00e9 vedesse dal vivo la bella vita democratica della Banca. Ho fatto una mezza smorfia e ho abbozzato qualcosa tipo: \u00abSai, forse non \u00e8 il momento migliore&#8230; c&#8217;\u00e8 molta tensione&#8230;\u00bb. Tempo dieci minuti dall&#8217;inizio e siamo partiti col botto. Un secondo dopo mi \u00e8 giunto un messaggio su <em>WhatsApp<\/em>: \u00abHo capito cosa intendevi. Noi adesso andiamo via&#8230;\u00bb. Ecco, \u00e8 stata la peggiore campagna elettorale della Banca che io abbia mai visto, e ne ritengo responsabile la lista-A e il suo candidato Presidente.<\/p>\n\n\n\n<figure class=\"wp-block-image alignleft size-full is-resized\"><img data-attachment-id=\"6784\" data-permalink=\"http:\/\/www.robertosedda.it\/?attachment_id=6784\" data-orig-file=\"https:\/\/i0.wp.com\/www.robertosedda.it\/wp-content\/uploads\/2014\/03\/Festa-15-anni-Banca-Etica-2.jpg?fit=960%2C540\" data-orig-size=\"960,540\" data-comments-opened=\"1\" data-image-meta=\"{&quot;aperture&quot;:&quot;0&quot;,&quot;credit&quot;:&quot;&quot;,&quot;camera&quot;:&quot;&quot;,&quot;caption&quot;:&quot;&quot;,&quot;created_timestamp&quot;:&quot;0&quot;,&quot;copyright&quot;:&quot;&quot;,&quot;focal_length&quot;:&quot;0&quot;,&quot;iso&quot;:&quot;0&quot;,&quot;shutter_speed&quot;:&quot;0&quot;,&quot;title&quot;:&quot;&quot;}\" data-image-title=\"Festa 15 anni Banca Etica 2\" data-image-description=\"\" data-image-caption=\"\" data-medium-file=\"https:\/\/i0.wp.com\/www.robertosedda.it\/wp-content\/uploads\/2014\/03\/Festa-15-anni-Banca-Etica-2.jpg?fit=300%2C168\" data-large-file=\"https:\/\/i0.wp.com\/www.robertosedda.it\/wp-content\/uploads\/2014\/03\/Festa-15-anni-Banca-Etica-2.jpg?fit=510%2C287\" decoding=\"async\" loading=\"lazy\" src=\"https:\/\/i0.wp.com\/www.robertosedda.it\/wp-content\/uploads\/2014\/03\/Festa-15-anni-Banca-Etica-2.jpg?resize=480%2C270&#038;ssl=1\" alt=\"\" class=\"wp-image-6784\" width=\"480\" height=\"270\" srcset=\"https:\/\/i0.wp.com\/www.robertosedda.it\/wp-content\/uploads\/2014\/03\/Festa-15-anni-Banca-Etica-2.jpg?w=960 960w, https:\/\/i0.wp.com\/www.robertosedda.it\/wp-content\/uploads\/2014\/03\/Festa-15-anni-Banca-Etica-2.jpg?resize=150%2C84 150w, https:\/\/i0.wp.com\/www.robertosedda.it\/wp-content\/uploads\/2014\/03\/Festa-15-anni-Banca-Etica-2.jpg?resize=300%2C168 300w, https:\/\/i0.wp.com\/www.robertosedda.it\/wp-content\/uploads\/2014\/03\/Festa-15-anni-Banca-Etica-2.jpg?resize=700%2C393 700w\" sizes=\"(max-width: 480px) 100vw, 480px\" data-recalc-dims=\"1\" \/><\/figure>\n\n\n\n<p>Infine, <strong>per me non contano solo i programmi, ma anche la credibilit\u00e0 delle persone che se ne fanno portatrici<\/strong>, e su alcuni punti del programma &#8211; anche senza discuterne le specifiche &#8211; Alessandro Messina semplicemente non \u00e8 credibile, per mia conoscenza diretta. <strong>Non posso credere che chi ha sempre considerato la presenza dei soci un noioso fastidio per il manovratore e l&#8217;organizzazione territoriale dei soci un inutile orpello, possa oggi farsi paladino della partecipazione dentro la Banca<\/strong> (sono abbastanza sicuro che quando ho sentito il bisogno di ricordare qui sul <em>blog<\/em> che nella nostra Banca <a href=\"https:\/\/www.robertosedda.it\/?p=12635\" data-type=\"post\" data-id=\"12635\">i soci <em>comandano<\/em><\/a> pensassi <em>esattamente <\/em>a un certo stile della Direzione dell&#8217;epoca). Lo stesso discorso vale per la valorizzazione dei dipendenti. E il bilancio della sua attivit\u00e0 sulle banche armate e su altri temi sensibili nel rapporto con il sistema bancario non corrisponde n\u00e9 alle sue posizioni precedenti alla nomina n\u00e9 a quelle espresse adesso in campagna elettorale, e uno non pu\u00f2 essere incendiario o pompiere a seconda dei tempi, anche considerando la diversit\u00e0 dei ruoli. E infine, francamente, ai tempi la sua mi \u00e8 apparsa una direzione di taglio fortemente aziendalista ed efficientista, e non proprio incline a quel movimentismo a cui adesso chiede il voto.<\/p>\n\n\n\n<p>Sulla partecipazione dei soci torner\u00f2 pi\u00f9 avanti. Ma prima \u00e8 giunto il momento di un altro strato della cipolla, che chiameremo:<\/p>\n\n\n\n<h2>Il male minore, o no?<\/h2>\n\n\n\n<p>Un paio di mesi fa, quando si annunciavano appena i candidati alla presidenza, durante una riunione del gruppo soci il coordinatore mi ha chiesto di raccontare cosa sapessi dei due (sono evidentemente entrato nella <em>fase<\/em> <em>nonno<\/em>, in cui fai la memoria storica). Ho detto di aver incontrato Aldo Soldi, che attualmente \u00e8 vicepresidente della Banca, in un paio di eventi nazionali e di averne riportato una discreta impressione; su Alessandro, come si deve essere capito, avevo molto di pi\u00f9 da dire.<\/p>\n\n\n\n<p>Qualcuno mi ha chiesto, esplicitamente, se stessi descrivendo la solita situazione a sinistra nella quale, per non far passare Sauron, ti devi accontentare del male minore, dopodich\u00e9 alla volta dopo ci sar\u00e0 sempre un altro Sauron e un altro male minore &#8211; chi vota a sinistra credo che capisca benissimo quello che sto dicendo.<\/p>\n\n\n\n<figure class=\"wp-block-image alignright size-large\"><img data-attachment-id=\"20416\" data-permalink=\"http:\/\/www.robertosedda.it\/?attachment_id=20416\" data-orig-file=\"https:\/\/i0.wp.com\/www.robertosedda.it\/wp-content\/uploads\/2023\/12\/Intervista-Biggeri2.jpg?fit=899%2C603\" data-orig-size=\"899,603\" data-comments-opened=\"1\" data-image-meta=\"{&quot;aperture&quot;:&quot;0&quot;,&quot;credit&quot;:&quot;&quot;,&quot;camera&quot;:&quot;&quot;,&quot;caption&quot;:&quot;&quot;,&quot;created_timestamp&quot;:&quot;0&quot;,&quot;copyright&quot;:&quot;&quot;,&quot;focal_length&quot;:&quot;0&quot;,&quot;iso&quot;:&quot;0&quot;,&quot;shutter_speed&quot;:&quot;0&quot;,&quot;title&quot;:&quot;&quot;,&quot;orientation&quot;:&quot;0&quot;}\" data-image-title=\"Intervista Biggeri2\" data-image-description=\"\" data-image-caption=\"\" data-medium-file=\"https:\/\/i0.wp.com\/www.robertosedda.it\/wp-content\/uploads\/2023\/12\/Intervista-Biggeri2.jpg?fit=300%2C201\" data-large-file=\"https:\/\/i0.wp.com\/www.robertosedda.it\/wp-content\/uploads\/2023\/12\/Intervista-Biggeri2.jpg?fit=510%2C342\" decoding=\"async\" loading=\"lazy\" width=\"510\" height=\"342\" src=\"https:\/\/i0.wp.com\/www.robertosedda.it\/wp-content\/uploads\/2023\/12\/Intervista-Biggeri2.jpg?resize=510%2C342\" alt=\"\" class=\"wp-image-20416\" srcset=\"https:\/\/i0.wp.com\/www.robertosedda.it\/wp-content\/uploads\/2023\/12\/Intervista-Biggeri2.jpg?resize=510%2C342 510w, https:\/\/i0.wp.com\/www.robertosedda.it\/wp-content\/uploads\/2023\/12\/Intervista-Biggeri2.jpg?resize=300%2C201 300w, https:\/\/i0.wp.com\/www.robertosedda.it\/wp-content\/uploads\/2023\/12\/Intervista-Biggeri2.jpg?resize=150%2C101 150w, https:\/\/i0.wp.com\/www.robertosedda.it\/wp-content\/uploads\/2023\/12\/Intervista-Biggeri2.jpg?w=899 899w\" sizes=\"(max-width: 510px) 100vw, 510px\" data-recalc-dims=\"1\" \/><\/figure>\n\n\n\n<p>Ecco: no, non sto dicendo questo, e anzi credo che ci dobbiamo liberare di certi automatismi di pensiero, noi vecchi votanti di sinistra. Se in questo articolo si \u00e8 parlato e si parler\u00e0 soprattutto della lista-A (il cui candidato presidente, a scanso di equivoci, non \u00e8 Sauron) \u00e8, certo, perch\u00e9 della lista-P invece non c&#8217;\u00e8 molto da dire: \u00e8 una normale lista di dirigenti di Banca Etica sulla quale si pu\u00f2 anche discutere ma che \u00e8 ampiamente sopra la sufficienza, come tanti altri che volta a volta sinora ci hanno permesso di navigare situazioni ogni volta a loro modo sfidanti. <strong>Normalit\u00e0 non vuol dire male minore<\/strong>, evidentemente. Dall&#8217;altra parte, la lista-A \u00e8 una operazione a mio parere inaccettabile che deve perdere e perdere male.<\/p>\n\n\n\n<p>A mio parere, evidentemente.<\/p>\n\n\n\n<p>Ora, prevengo anche una seconda critica: <em>perdere e perdere male<\/em> \u00e8 un po&#8217; sanguigno, no? Spero che non vi abbia scandalizzato. Per parte mia sono consapevole del rischio, come racconta anche Brecht: <strong>\u00abAnche l&#8217;ira per l&#8217;ingiustizia \/ fa roca la voce\u00bb<\/strong> e, diciamo, \u00e8 chiaro che non si pu\u00f2 insistere troppo a urlare, perch\u00e9 non fa bene prima di tutto a se stessi. <\/p>\n\n\n\n<p>D&#8217;altra parte c&#8217;\u00e8 un certo costume, anche nella nostra attuale campagna elettorale, che sembra considerare <em>comunicazione violenta<\/em> ogni palese contrapposizione, e invita a <strong>parlare solo del bene della propria parte evitando la critica altrui<\/strong>: francamente, anche in un ambito etico come il nostro, <strong>mi sembra una posizione al meglio ingenua e al peggio strumentale<\/strong>, che non mi appartiene. In linea di principio sottoscrivo la famosa citazione gramsciana: \u00abOdio gli indifferenti. Credo che vivere voglia dire essere partigiani&#8230;\u00bb ma soprattutto, da un punto di vista pratico la polemica politica \u00e8, appunto, <em>polemic<\/em>a. Per esempio, se io dico che trovo incoerenza fra un programma presentato e le persone che se ne fanno espressione, <strong>non sto facendo un attacco <em>ad personam<\/em><\/strong> ma sto rilevando quello che secondo me \u00e8 un fatto oggettivo e pertinente. Sarebbe troppo comodo mettere la regola che si pu\u00f2 solo parlare del proprio bene o solo dei programmi, come se fossimo a un dibattito aristotelico &#8211; oltretutto di solito quelli che lo pretendono hanno la coda di paglia; per quanto mi secchi citarlo, trovo che avesse ragione quell&#8217;altro: \u00abLa rivoluzione non \u00e8 un pranzo di gala, non \u00e8 una festa letteraria, non \u00e8 un disegno o un ricamo, non si pu\u00f2 fare con tanta eleganza, con tanta serenit\u00e0 e delicatezza, con tanta grazia e cortesia, la rivoluzione \u00e8 un atto di violenza\u00bb. Banca Etica \u00e8 una rivoluzione economica, mica il circolo delle buone intenzioni.<\/p>\n\n\n\n<p>Poi \u00e8 chiaro che l&#8217;essere partigiani non deve trascendere nella partigianeria, personalmente <strong>non sono disposto a far scorrere fiumi di sangue (neanche gocce di sangue) per fare la rivoluzione<\/strong> e non sottoscrivo, se non in maniera figurata, il richiamo alla violenza rivoluzionaria, ma spero che ci siamo capiti.<\/p>\n\n\n\n<p>In ogni caso, se in questo articolo si \u00e8 parlato e si parler\u00e0 soprattutto della lista-A, non \u00e8 tanto per il fatto che sono irritato con loro, ma paradossalmente \u00e8 perch\u00e9 la trovo pi\u00f9 <em>interessante<\/em>, o meglio, credo che la sua esistenza e il suo agire ponga problemi interessanti che vale la pena di discutere, per la Banca ma non solo. E questo ci porta al prossimo strato della cipolla.<\/p>\n\n\n\n<h2>Quattro incomprensioni<\/h2>\n\n\n\n<p>A me pare che buona parte delle debolezze della lista-A si basino su quattro incomprensioni della realt\u00e0. Sono incomprensioni che non sono complessivamente specifiche di Banca Etica, ma che possono verificarsi anche altrove, nell&#8217;economia sociale o nella politica, e che pertanto \u00e8 interessante analizzare e discutere anche qui.<\/p>\n\n\n\n<h4>Prima incomprensione: la partecipazione e la cooperativa<\/h4>\n\n\n\n<figure class=\"wp-block-image alignright size-large is-resized\"><img data-attachment-id=\"20615\" data-permalink=\"http:\/\/www.robertosedda.it\/?attachment_id=20615\" data-orig-file=\"https:\/\/i0.wp.com\/www.robertosedda.it\/wp-content\/uploads\/2025\/05\/IMG20231229161358-scaled.jpg?fit=2560%2C1920\" data-orig-size=\"2560,1920\" data-comments-opened=\"1\" data-image-meta=\"{&quot;aperture&quot;:&quot;1.88&quot;,&quot;credit&quot;:&quot;&quot;,&quot;camera&quot;:&quot;OnePlus Nord 2T 5G&quot;,&quot;caption&quot;:&quot;&quot;,&quot;created_timestamp&quot;:&quot;1703866438&quot;,&quot;copyright&quot;:&quot;&quot;,&quot;focal_length&quot;:&quot;5.59&quot;,&quot;iso&quot;:&quot;101&quot;,&quot;shutter_speed&quot;:&quot;0.00326&quot;,&quot;title&quot;:&quot;&quot;,&quot;orientation&quot;:&quot;1&quot;}\" data-image-title=\"IMG20231229161358\" data-image-description=\"\" data-image-caption=\"\" data-medium-file=\"https:\/\/i0.wp.com\/www.robertosedda.it\/wp-content\/uploads\/2025\/05\/IMG20231229161358-scaled.jpg?fit=300%2C225\" data-large-file=\"https:\/\/i0.wp.com\/www.robertosedda.it\/wp-content\/uploads\/2025\/05\/IMG20231229161358-scaled.jpg?fit=510%2C383\" decoding=\"async\" loading=\"lazy\" src=\"https:\/\/i0.wp.com\/www.robertosedda.it\/wp-content\/uploads\/2025\/05\/IMG20231229161358-510x383.jpg?resize=383%2C287&#038;ssl=1\" alt=\"\" class=\"wp-image-20615\" width=\"383\" height=\"287\" srcset=\"https:\/\/i0.wp.com\/www.robertosedda.it\/wp-content\/uploads\/2025\/05\/IMG20231229161358-scaled.jpg?resize=510%2C383 510w, https:\/\/i0.wp.com\/www.robertosedda.it\/wp-content\/uploads\/2025\/05\/IMG20231229161358-scaled.jpg?resize=300%2C225 300w, https:\/\/i0.wp.com\/www.robertosedda.it\/wp-content\/uploads\/2025\/05\/IMG20231229161358-scaled.jpg?resize=150%2C113 150w, https:\/\/i0.wp.com\/www.robertosedda.it\/wp-content\/uploads\/2025\/05\/IMG20231229161358-scaled.jpg?resize=1536%2C1152 1536w, https:\/\/i0.wp.com\/www.robertosedda.it\/wp-content\/uploads\/2025\/05\/IMG20231229161358-scaled.jpg?resize=2048%2C1536 2048w, https:\/\/i0.wp.com\/www.robertosedda.it\/wp-content\/uploads\/2025\/05\/IMG20231229161358-scaled.jpg?w=1600 1600w, https:\/\/i0.wp.com\/www.robertosedda.it\/wp-content\/uploads\/2025\/05\/IMG20231229161358-scaled.jpg?w=2400 2400w\" sizes=\"(max-width: 383px) 100vw, 383px\" data-recalc-dims=\"1\" \/><\/figure>\n\n\n\n<p>Dietro la proposta, sostanzialmente, di abolire i gruppi dei soci come attualmente esistenti sembra esserci <strong>l&#8217;idea che questi gruppi, attualmente, siano una sorta di <em>tappo<\/em> che inibisce la partecipazione altrui, come se l\u00e0 fuori ci fossero decine di migliaia di persone che aspettano solo che si levi il tappo per precipitarsi a lavorare come volontari per la Banca, cosa che evidentemente non \u00e8<\/strong> (se qualcuno di voi lavora in una cooperativa o associazione pu\u00f2 fare le proprie comparazioni). il punto, naturalmente, sono in particolare i vecchi soci (dichiaro immediatamente il mio conflitto di interesse, qui, perch\u00e9 rientro certamente nella categoria), sospettati di essere aggrappati al ruolo e poco propensi al ricambio. Ora, a parte che conosco bene la struttura della Banca e molto bene quella del Centro Italia, e questo ostruzionismo non mi risulta (c&#8217;\u00e8 anzi un panorama fin troppo mutevole, talvolta), la controprova \u00e8 data dal fatto che quando nel 2021 un nuovo regolamento soci della Banca ha stretto sul numero dei mandati e la possibilit\u00e0 di essere rieletti &#8211; esattamente seguendo le sirene di questa illusione &#8211; l&#8217;unico risultato \u00e8 stato, sostanzialmente, quello di mettere ai margini un certo numero di veterani. Il tema del ricambio \u00e8, oggi, cruciale in tutto l&#8217;associazionismo e la cooperazione, e della crisi della partecipazione si parla (e straparla) ormai da decenni: attraversa mondi diversissimi e con strutture organizzative molto differenti; non pu\u00f2 dipendere dal fatto che si abbiano questa o quella struttura organizzativa.  <\/p>\n\n\n\n<p><strong>Che si ponga il tema della partecipazione, anche in Banca, sarebbe ovviamente salutare, perch\u00e9 non \u00e8 che non ci siano cose da discutere; riproporlo in questi termini \u00e8 roba da \u00e8 arrivato Menevado<\/strong>.<\/p>\n\n\n\n<p>L&#8217;altra faccia della medaglia di questa incomprensione \u00e8 che, comunque, punta alla <strong>disintermediazione dei soci<\/strong>: abolendo i livelli intermedi rimane solo il centro (che \u00e8 forte per definizione) e il livello base; vedo che per riempire l&#8217;intervallo si torna all&#8217;idea un tempo popolare in politica delle votazioni istantanee e perfino del recupero della <em>blockchain<\/em>, che peraltro neanche il Movimento \u00e8 mai riuscito a implementare. Ora, sulla <strong>fallacia logica<\/strong> dell&#8217;idea che Banca Etica sia un <em>brand<\/em> che possa mantenersi da solo con una comunicazione centralizzata, senza soci <em>veri<\/em> che lo testimonino, e dell&#8217;altra che i soci disintermediati rimangano atomizzati e si formino la loro opinione in maniera libera e individuale senza nessuna relazione fra loro, <a href=\"https:\/\/www.robertosedda.it\/?p=13316\" data-type=\"post\" data-id=\"13316\">ho gi\u00e0 scritto anni fa<\/a> (anche in quella occasione parlavo a nuora perch\u00e9 suocera intendesse, e si vede che volevo entrare almeno indirettamente in un dibattito dentro la Banca, in cui questa idea veniva proposta magari dalle stesse persone di adesso): rispetto al 2017 oggi sono ancora pi\u00f9 scettico: mi immagino che gruppi di soci, privi di riferimenti territoriali e di una struttura di rappresentanza, immediatamente si organizzino dentro milioni di <strong><em>chat<\/em> private nelle quali transitano informazioni di ogni genere<\/strong>, rendendo il dibattito non solo <strong>poco trasparente<\/strong>, ma direttamente illeggibile; d&#8217;altra parte, viste una serie di campagne elettorali <em>vere<\/em> recenti, colgo meglio l&#8217;<strong>autoritarismo latente del modello<\/strong>, nel quale il capo aspira a rapportarsi direttamente con la base. Sotto questo punto di vista la <strong>presenza di gruppi organizzati di soci e di elezioni di rappresentant<\/strong>i a vari livelli <strong>non \u00e8 depotenziamento del ruolo dei soci di base<\/strong>, ma <strong>garanzia<\/strong> a un tempo <strong>di democraticit\u00e0<\/strong> (contro autoritarismo) <strong>e di trasparenza<\/strong> (contro comunicazioni privatizzate).<\/p>\n\n\n\n<h4>Seconda incomprensione: la differenza e la cooperativa<\/h4>\n\n\n\n<p>Quando si \u00e8 steso l&#8217;attuale regolamento elettorale una delle preoccupazioni del gruppo dirigente di allora \u00e8 stata che, qualora si presentassero, rimanessero rappresentate importanti posizioni di minoranza; inoltre \u00e8 stata prevista la possibilit\u00e0 di formare liste-A come meccanismo di salvaguardia dal fallimento della costruzione di liste partecipative e antidoto a meccanismi consociativi (posso dirlo con certezza, perch\u00e9 quel <strong>regolamento elettorale <a href=\"https:\/\/www.robertosedda.it\/?p=11224\">fu scritto per colpa mia<\/a><\/strong>). Se leggete l&#8217;articolo che vi ho appena <em>linkato<\/em> trovate subito dopo il resoconto del lavoro svolto una mia previsione rivelatasi del tutto sballata. Dopo avere descritto i punti salienti del regolamento in termini di teoria dei giochi scrivevo:<\/p>\n\n\n\n<blockquote class=\"wp-block-quote\">\n<p>Pu\u00f2 dare risultati non sensati questo meccanismo? Secondo me no, nel lungo periodo. Nel breve potrebbe farci sputare sangue per capire esattamente come funziona il tutto, ma questo \u00e8 credo inevitabile. \u00c8 peraltro un sistema che ha pi\u00f9 punti di equilibrio stabile: solo la storia ci dir\u00e0 se si faranno&nbsp;<em>sempre<\/em> liste&nbsp;partecipate o &nbsp;invece liste autonome (la presenza ripetuta di entrambe secondo me sar\u00e0 eccezionale).<\/p>\n<\/blockquote>\n\n\n\n<p>In dieci anni abbiamo avuto credo <strong>quattro elezioni con pi\u00f9 di una lista, ed \u00e8 stata sempre una lista-P contro una lista-A<\/strong>, e tanti saluti alle previsioni. In nessuno dei casi c&#8217;erano davvero visioni diverse di Banca quanto piuttosto vicende personali, ma soprattutto <strong>la lista-A sostanzialmente l&#8217;hanno fatta sempre le stesse persone<\/strong>, o perlomeno: l&#8217;hanno sostenuta le stesse persone, un&#8217;ala <em>intransigente<\/em> della Banca attorno a cui si aggregano gli insoddisfatti del momento e che curiosamente ogni volta si trova un candidato presidente&#8230; meno intransigente. <\/p>\n\n\n\n<figure class=\"wp-block-image alignleft size-large\"><img data-attachment-id=\"14952\" data-permalink=\"http:\/\/www.robertosedda.it\/?attachment_id=14952\" data-orig-file=\"https:\/\/i0.wp.com\/www.robertosedda.it\/wp-content\/uploads\/2018\/04\/Relaxione-finazna-etica-Oscar-Romero.jpg?fit=1440%2C994\" data-orig-size=\"1440,994\" data-comments-opened=\"1\" data-image-meta=\"{&quot;aperture&quot;:&quot;0&quot;,&quot;credit&quot;:&quot;&quot;,&quot;camera&quot;:&quot;&quot;,&quot;caption&quot;:&quot;&quot;,&quot;created_timestamp&quot;:&quot;0&quot;,&quot;copyright&quot;:&quot;&quot;,&quot;focal_length&quot;:&quot;0&quot;,&quot;iso&quot;:&quot;0&quot;,&quot;shutter_speed&quot;:&quot;0&quot;,&quot;title&quot;:&quot;&quot;,&quot;orientation&quot;:&quot;0&quot;}\" data-image-title=\"Relaxione finazna etica Oscar Romero\" data-image-description=\"\" data-image-caption=\"\" data-medium-file=\"https:\/\/i0.wp.com\/www.robertosedda.it\/wp-content\/uploads\/2018\/04\/Relaxione-finazna-etica-Oscar-Romero.jpg?fit=300%2C207\" data-large-file=\"https:\/\/i0.wp.com\/www.robertosedda.it\/wp-content\/uploads\/2018\/04\/Relaxione-finazna-etica-Oscar-Romero.jpg?fit=510%2C352\" decoding=\"async\" loading=\"lazy\" width=\"510\" height=\"352\" src=\"https:\/\/i0.wp.com\/www.robertosedda.it\/wp-content\/uploads\/2018\/04\/Relaxione-finazna-etica-Oscar-Romero-510x352.jpg?resize=510%2C352&#038;ssl=1\" alt=\"\" class=\"wp-image-14952\" srcset=\"https:\/\/i0.wp.com\/www.robertosedda.it\/wp-content\/uploads\/2018\/04\/Relaxione-finazna-etica-Oscar-Romero.jpg?resize=510%2C352 510w, https:\/\/i0.wp.com\/www.robertosedda.it\/wp-content\/uploads\/2018\/04\/Relaxione-finazna-etica-Oscar-Romero.jpg?resize=150%2C104 150w, https:\/\/i0.wp.com\/www.robertosedda.it\/wp-content\/uploads\/2018\/04\/Relaxione-finazna-etica-Oscar-Romero.jpg?resize=300%2C207 300w, https:\/\/i0.wp.com\/www.robertosedda.it\/wp-content\/uploads\/2018\/04\/Relaxione-finazna-etica-Oscar-Romero.jpg?resize=700%2C483 700w, https:\/\/i0.wp.com\/www.robertosedda.it\/wp-content\/uploads\/2018\/04\/Relaxione-finazna-etica-Oscar-Romero.jpg?w=1440 1440w\" sizes=\"(max-width: 510px) 100vw, 510px\" data-recalc-dims=\"1\" \/><\/figure>\n\n\n\n<p>Ora, <strong>che la lista-A potesse servire a strutturare una corrente interna non l&#8217;avevamo mai immaginato e non \u00e8 certamente un risultato desiderato<\/strong>, perch\u00e9 ci era molto chiaro che una Banca non \u00e8 lo Stato n\u00e9 un ente locale, Il CdA non \u00e8 il parlamento, e <strong>il mutualismo di una cooperativa non reagisce bene all&#8217;esistenza di parti politiche permanenti, tanto meno di cordate<\/strong>.  Oltre tutto, il fallimento di una previsione del regolamento porta con s\u00e9 il fallimento di altri meccanismi: per esempio il diritto di tribuna dentro il CdA per la lista perdente ma che abbia conseguito un certo risultato elettorale era stato pensato perch\u00e9 ci si immaginava che in caso di forte contrasto strategico e ideale sarebbe stato opportuno che la visione perdente mantenesse una presenza, anche in un&#8217;ottica di ricomposizione e sintesi futura; nella interpretazione recente, a parte costituire motivo di ulteriore rivalsa, \u00e8 diventato il traguardo minimo che giustifica la presentazione di liste sicuramente minoritarie che per\u00f2 possono ambire a una specie di premio di consolazione che gli permetta di proseguire la polemica e la strutturazione della corrente in vista di traguardi futuri, ma per una cooperativa un CdA che funzionasse in questo modo sarebbe esiziale, per non parlare del clima interno alla Banca.<\/p>\n\n\n\n<p>Non \u00e8 un caso che in presenza di questa incomprensione sulla natura delle liste-A e della presenza di minoranze dentro una cooperativa il clima elettorale si faccia rovente. E infatti:<\/p>\n\n\n\n<h4>Terza incomprensione: lo scandalo e la chiamata all&#8217;azione<\/h4>\n\n\n\n<p>Come scrivevo pi\u00f9 sopra, <strong>la campagna elettorale della lista-A <\/strong>si \u00e8 caratterizzata per <strong>critiche molto accese<\/strong> &#8211; nonostante i richiami del Comitato Etico (che \u00e8 stato subito definito come schierato), gli inviti dei padri fondatori ad abbassare i toni, e i segnali di insofferenza presenti nelle domande indirizzate alla lista-A dal pubblico durante i dibattiti.<\/p>\n\n\n\n<p>A me pare che <strong>sul piano tattic<\/strong>o sia stata una <strong>scelta necessitata<\/strong>: non esistendo grandi differenze strategiche nei programmi &#8211; a tutti piacerebbe, che so, fare pi\u00f9 credito, il problema \u00e8 come, e di questo non c&#8217;\u00e8 traccia &#8211; ed <strong>essendo l&#8217;operazione in buona parte personalistica<\/strong> &#8211; in un certo senso <em>Messina &amp; friends<\/em> contro la Banca &#8211; l&#8217;<strong>unica possibilit\u00e0 \u00e8 suonare l&#8217;allarme<\/strong>, agire l&#8217;indignazione e sperare che almeno i soci meno partecipi si mobilitino (fra quelli pi\u00f9 attivi che sanno benissimo le cose far\u00e0 meno presa in ogni caso), creando artificialmente la massa elettorale sufficiente. Come direbbe il <a href=\"https:\/\/www.robertosedda.it\/?p=15775\" data-type=\"post\" data-id=\"15775\">settimo stratagemma<\/a>:<\/p>\n\n\n\n<blockquote class=\"wp-block-quote\">\n<p>\u7121\u4e2d\u751f\u6709\/\u65e0\u4e2d\u751f\u6709,<br \/><em>W\u00fa zh\u014dng sh\u0113ng y\u01d2u<\/em>,<br \/>\u00abcrea qualcosa dal nulla\u00bb<\/p>\n<\/blockquote>\n\n\n\n<p>Solo che ci\u00f2 che non si capisce \u00e8 che di fronte alle accuse la reazione dei soci non \u00e8 quella di scendere in piazza a sistemare le cose, ma di convincersi che Banca Etica non sia quell&#8217;ultimo bastione della rivoluzione sociale che credevano ma il solito posto schifoso come tutto il resto del mondo, e di decidere di andare via. <\/p>\n\n\n\n<p>Ma anche non credendo alle accuse, a nessuno piace stare nei posti dove si litiga; a nessuno piace stare dove volano gli stracci, chiunque abbia ragione, e quindi quando si trovano in quelle situazioni decidono di andare via (\u00e8 per questo che pi\u00f9 sopra mi sono dilungato a cercare di mettere le mani avanti rispetto al fatto che questo \u00e8 un articolo s\u00ec di analisi, ma anche critico nei confronti altrui).<\/p>\n\n\n\n<p><strong>Siccome Banca Etica, invece, \u00e8 <em>davvero<\/em> <a href=\"https:\/\/www.robertosedda.it\/?p=14123\" data-type=\"post\" data-id=\"14123\">un importante bastione<\/a> dei buoni, chi mina la fiducia dei soci nel progetto comune, chi crea le condizioni per l&#8217;abbandono o lo scoramento si assume una responsabilit\u00e0 gravissima. <\/strong><\/p>\n\n\n\n<figure class=\"wp-block-image alignright size-large\"><img data-attachment-id=\"15909\" data-permalink=\"http:\/\/www.robertosedda.it\/?attachment_id=15909\" data-orig-file=\"https:\/\/i0.wp.com\/www.robertosedda.it\/wp-content\/uploads\/2018\/11\/Roberto-Scirarindi.jpg?fit=1440%2C960\" data-orig-size=\"1440,960\" data-comments-opened=\"1\" data-image-meta=\"{&quot;aperture&quot;:&quot;0&quot;,&quot;credit&quot;:&quot;&quot;,&quot;camera&quot;:&quot;&quot;,&quot;caption&quot;:&quot;&quot;,&quot;created_timestamp&quot;:&quot;0&quot;,&quot;copyright&quot;:&quot;&quot;,&quot;focal_length&quot;:&quot;0&quot;,&quot;iso&quot;:&quot;0&quot;,&quot;shutter_speed&quot;:&quot;0&quot;,&quot;title&quot;:&quot;&quot;,&quot;orientation&quot;:&quot;0&quot;}\" data-image-title=\"Roberto Scirarindi\" data-image-description=\"\" data-image-caption=\"\" data-medium-file=\"https:\/\/i0.wp.com\/www.robertosedda.it\/wp-content\/uploads\/2018\/11\/Roberto-Scirarindi.jpg?fit=300%2C200\" data-large-file=\"https:\/\/i0.wp.com\/www.robertosedda.it\/wp-content\/uploads\/2018\/11\/Roberto-Scirarindi.jpg?fit=510%2C340\" decoding=\"async\" loading=\"lazy\" width=\"510\" height=\"340\" src=\"https:\/\/i0.wp.com\/www.robertosedda.it\/wp-content\/uploads\/2018\/11\/Roberto-Scirarindi.jpg?resize=510%2C340\" alt=\"\" class=\"wp-image-15909\" srcset=\"https:\/\/i0.wp.com\/www.robertosedda.it\/wp-content\/uploads\/2018\/11\/Roberto-Scirarindi.jpg?resize=510%2C340 510w, https:\/\/i0.wp.com\/www.robertosedda.it\/wp-content\/uploads\/2018\/11\/Roberto-Scirarindi.jpg?resize=150%2C100 150w, https:\/\/i0.wp.com\/www.robertosedda.it\/wp-content\/uploads\/2018\/11\/Roberto-Scirarindi.jpg?resize=300%2C200 300w, https:\/\/i0.wp.com\/www.robertosedda.it\/wp-content\/uploads\/2018\/11\/Roberto-Scirarindi.jpg?w=1440 1440w\" sizes=\"(max-width: 510px) 100vw, 510px\" data-recalc-dims=\"1\" \/><\/figure>\n\n\n\n<p>Senza contare l&#8217;ingiustizia, perch\u00e9 francamente <strong>noi soci volontari<\/strong> &#8211; ma anche i dipendenti, d&#8217;altra parte &#8211; che tutti i giorni sputiamo sangue sui territori per promuovere la finanza etica <strong>non ci meritiamo tutto questo<\/strong>, non abbiamo fatto nulla di male per meritarci questa campagna elettorale<\/p>\n\n\n\n<p><strong>Qualunque guadagno elettorale non compensa, in nessun caso, n\u00e9 il male fatto alla Banca n\u00e9 il male fatto alle persone. Che chi si candida alla guida di una organizzazione a movente ideale dimostri di non capirlo \u00e8 a un tempo sconcertante e squalificante.<\/strong><\/p>\n\n\n\n<h4>Quarta incomprensione: l&#8217;orologio fermo<\/h4>\n\n\n\n<p>Alla base della presentazione della lista-A, a partire del nome che evoca la ripartenza, c&#8217;\u00e8 l&#8217;idea che Banca Etica abbia perso quanto meno smalto, se non direttamente parte delle motivazioni ideali &#8211; se non la Banca, il gruppo dirigente.<\/p>\n\n\n\n<p>Al contrario delle deduzioni e delle proposte successive, questo punto di partenza del programma un suo fondamento ce l&#8217;ha. La Banca ha compiuto ventisei anni e come io non avr\u00f2 pi\u00f9 i miei vent&#8217;anni cos\u00ec anche la Banca non sar\u00e0 mai pi\u00f9 la fonte di meraviglia continua che era per noi nei suoi primi anni &#8211; parlo della Banca come <em>sistema<\/em>, per il singolo che entra adesso nel progetto la percezione di alternativa e di scoperta rimane molto forte; le innovazioni non verranno pi\u00f9 a catena, ma ognuna dovremo sudarcela e meritarcela. La base sociale invecchia e in molti casi le facce &#8211; di soci e dipendenti &#8211; non sono pi\u00f9 quelle e saranno sempre pi\u00f9 diverse da quelle che abbiamo conosciuto. Il <em>linguaggio<\/em> \u00e8 differente. <\/p>\n\n\n\n<p>Dove c&#8217;\u00e8 una <strong>incomprensione grossolana<\/strong>, per\u00f2, \u00e8 nel <strong>pensare che ci sia stato un cambiamento di idealit\u00e0 e motivazioni<\/strong> &#8211; in una parola, di <em>etica<\/em> &#8211; e non invece un cambiamento della realt\u00e0 circostante: <strong>se la Banca appare differente, oggi, \u00e8 perch\u00e9 \u00e8 cambiato il mondo, non perch\u00e9 \u00e8 cambiata la Banca<\/strong>. Noi siamo nati col movimento contro la globalizzazione, col commercio equo, con un altro associazionismo e un&#8217;altra cooperazione sociale. Dopo l&#8217;89 e prima dell&#8217;Ucraina. Prima dell&#8217;11 settembre. Siamo una Banca del Novecento dentro il secondo decennio del XXI secolo. In ventisei anni la storia \u00e8 un&#8217;altra ed \u00e8 impossibile pensare che il nostro modo di declinare le risposte ai dilemmi etici vecchi e nuovi sia rimasto lo stesso. Ma anche se fosse, con noi sono cambiati anche i nostri mondi di riferimento e i nostri clienti e quelle risposte, in ogni caso, non andrebbero pi\u00f9 bene. Per forza.<\/p>\n\n\n\n<p>Se il richiamo alla Banca che non c&#8217;\u00e8 pi\u00f9 non \u00e8 tatticismo elettorale, \u00e8 un errore grossolano; se \u00e8 tatticismo elettorale, peggio mi sento. In particolare mi sembra incredibile il richiamo ripetuto al Terzo Settore, quando da anni ad esso si sono affiancati come nostri riferimenti altri mondi; del resto, l&#8217;apertura al privato sociale e oltre \u00e8 una caratteristica della direzione di Alessandro Messina (apertura sulla quale, peraltro, io ero e sono del tutto d&#8217;accordo). <\/p>\n\n\n\n<h2>L&#8217;evento sentinella<\/h2>\n\n\n\n<p>Rubo l&#8217;espressione a una cara amica: secondo me, <strong>la presentazione della lista-A \u00e8 un <em>evento sentinella<\/em><\/strong>, un fatto singolo che segnala fenomeni pi\u00f9 grandi e magari ancora nascosti. \u00c8 per questo che trovo interessante la lista e vi ho trascinato fin qui, perch\u00e9 <strong>l&#8217;evento pone <em>questioni<\/em><\/strong>. Domande che faccio prima di tutto a me stesso e che riguardano forse Banca Etica ma certamente non pi\u00f9 la lista-A, che in questo nuovo strato della cipolla lasceremo andare per la sua strada.<\/p>\n\n\n\n<p>Per la Banca l&#8217;evento sentinella segnala l&#8217;ingresso, per la prima volta, di linguaggi e toni sinora sconosciuti; segnala una strutturazione di soci pi\u00f9 orientati all&#8217;influenza elettorale che alla partecipazione; pone sfide al <strong>tema della inclusivit\u00e0 caratteristico della Banca<\/strong>, chiede di chiarire e rafforzare il ruolo degli organismi <em>super partes<\/em> ma anche di riflettere se <strong>il ruolo politico dell&#8217;organizzazione territoriale dei soci vada reso pi\u00f9 incisivo<\/strong>, e come gestire all&#8217;interno di questo ruolo la dimensione delle differenze &#8211; come segnalare, per esempio, il ruolo di posizioni minoritarie senza che queste debbano strutturarsi in alternativa, ma anche come permettere a posizioni maggioritarie di agire sulla base del consenso ottenuto (s\u00ec, sto evocando il <strong>metodo del consenso<\/strong>, ma ci sono millanta altri modi). Chiede di verificare la rispondenza del regolamento elettorale e del regolamento soci del 2021 alle mutate condizioni.<\/p>\n\n\n\n<p>Sono cose da discutere fra soci, quindi passato il prossimo paragrafo lascer\u00f2 andare anche la Banca ai suoi percorsi, per <strong>formulare alcune domande generali<\/strong>, che riguardano secondo me tutte le realt\u00e0 associative e cooperative di medio-grandi dimensioni (e, a cascata, anche quelle piccole che abbiano relazioni con queste) e anche alcune grandi organizzazioni economiche, se a movente ideale come cooperative e associazioni.<\/p>\n\n\n\n<p>Il punto di partenza: la <strong>polarizzazione delle competizioni elettorali<\/strong>, anche la competizione accesa, <strong>non \u00e8 estranea al mondo cooperativo<\/strong> e alle organizzazioni a movente ideale. Per noi per\u00f2 \u00e8 la prima volta che si dipana in maniera importante attraverso strumentazioni relativamente pi\u00f9 sofisticate &#8211; per dire, entrambe le liste hanno un sito, <em>account<\/em> sui <em>social<\/em>, presumibilmente degli addetti alla comunicazione, <em>mailing<\/em> e, a giudicare dal mio <em>WhatsApp<\/em>, catene di messaggi. <strong>Un processo di comunicazione<\/strong> che si sovrappone e in parte si sostituisce a quello ufficiale della Banca. In pi\u00f9, nella lista-A, come detto, la ricerca di una legittimazione attraverso una presenza abbastanza intensa sui mezzi di comunicazione di settore. Mi immagino che queste dinamiche possano riprodursi anche in qualunque altra organizzazione.<\/p>\n\n\n\n<figure class=\"wp-block-image alignleft size-large\"><img data-attachment-id=\"13668\" data-permalink=\"http:\/\/www.robertosedda.it\/?attachment_id=13668\" data-orig-file=\"https:\/\/i0.wp.com\/www.robertosedda.it\/wp-content\/uploads\/2017\/05\/18320612_1752601238100189_8065062830309173904_o.jpg?fit=2048%2C1228\" data-orig-size=\"2048,1228\" data-comments-opened=\"1\" data-image-meta=\"{&quot;aperture&quot;:&quot;0&quot;,&quot;credit&quot;:&quot;&quot;,&quot;camera&quot;:&quot;&quot;,&quot;caption&quot;:&quot;&quot;,&quot;created_timestamp&quot;:&quot;0&quot;,&quot;copyright&quot;:&quot;&quot;,&quot;focal_length&quot;:&quot;0&quot;,&quot;iso&quot;:&quot;0&quot;,&quot;shutter_speed&quot;:&quot;0&quot;,&quot;title&quot;:&quot;&quot;,&quot;orientation&quot;:&quot;0&quot;}\" data-image-title=\"Iglesias run4unity.jpg\" data-image-description=\"\" data-image-caption=\"\" data-medium-file=\"https:\/\/i0.wp.com\/www.robertosedda.it\/wp-content\/uploads\/2017\/05\/18320612_1752601238100189_8065062830309173904_o.jpg?fit=300%2C180\" data-large-file=\"https:\/\/i0.wp.com\/www.robertosedda.it\/wp-content\/uploads\/2017\/05\/18320612_1752601238100189_8065062830309173904_o.jpg?fit=510%2C306\" decoding=\"async\" loading=\"lazy\" width=\"510\" height=\"306\" src=\"https:\/\/i0.wp.com\/www.robertosedda.it\/wp-content\/uploads\/2017\/05\/18320612_1752601238100189_8065062830309173904_o.jpg?resize=510%2C306\" alt=\"\" class=\"wp-image-13668\" srcset=\"https:\/\/i0.wp.com\/www.robertosedda.it\/wp-content\/uploads\/2017\/05\/18320612_1752601238100189_8065062830309173904_o.jpg?resize=510%2C306 510w, https:\/\/i0.wp.com\/www.robertosedda.it\/wp-content\/uploads\/2017\/05\/18320612_1752601238100189_8065062830309173904_o.jpg?resize=150%2C90 150w, https:\/\/i0.wp.com\/www.robertosedda.it\/wp-content\/uploads\/2017\/05\/18320612_1752601238100189_8065062830309173904_o.jpg?resize=300%2C180 300w, https:\/\/i0.wp.com\/www.robertosedda.it\/wp-content\/uploads\/2017\/05\/18320612_1752601238100189_8065062830309173904_o.jpg?resize=700%2C420 700w, https:\/\/i0.wp.com\/www.robertosedda.it\/wp-content\/uploads\/2017\/05\/18320612_1752601238100189_8065062830309173904_o.jpg?w=2048 2048w, https:\/\/i0.wp.com\/www.robertosedda.it\/wp-content\/uploads\/2017\/05\/18320612_1752601238100189_8065062830309173904_o.jpg?w=1600 1600w\" sizes=\"(max-width: 510px) 100vw, 510px\" data-recalc-dims=\"1\" \/><\/figure>\n\n\n\n<p>La prima domanda, allora, \u00e8 <strong>se oggi possano le organizzazioni a movente ideale<\/strong>, che vogliano vivere un processo democratico reale e allargato, <strong>pensare di riuscire a tenere il dibattito elettorale e la relativa comunicazione al proprio interno, in spazi appositi<\/strong>. Perch\u00e9 a me pare che non si possa, soprattutto in presenza di attori spregiudicati, ma questo pone una serie di problemi non da poco, sia sui luoghi (la prossima campagna elettorale di Banca Etica sar\u00e0 su <em>X<\/em>?), sia sulla <strong>possibilit\u00e0 che questi luoghi esterni siano influenzabili da attori esterni<\/strong>, sia sulle tempistiche: perch\u00e9 sui luoghi interni puoi fissare dei limiti temporali al dibattito, sui luoghi esterni si possono svolgere <strong>campagne elettorali ininterrotte<\/strong>.<\/p>\n\n\n\n<p>La seconda domanda, collegata alla precedente, \u00e8: <strong>quanto pu\u00f2 resistere una organizzazione a movente ideale in una situazione del genere, nel quale non controlla gli spazi e i tempi del proprio dibattito interno?<\/strong> O meglio: quanto pu\u00f2 resistere una organizzazione a movente ideale che non controlla gli spazi e i tempi del proprio dibattito interno a una comunicazione aggressiva e continuativa, che alza i toni e la contrapposizione? <\/p>\n\n\n\n<p>Non \u00e8 solo il problema che ho citato pi\u00f9 sopra a proposito della sofferenza dei soci, che dai e dai possono sentirsi respinti e abbandonare. \u00c8 anche il fatto che questa situazione non potrebbe non portare con s\u00e9 polarizzazioni, arroccamenti, autoritarismi, meccanismi difensivi, propagande contrapposte: <strong>se un po&#8217; di contendibilit\u00e0 ringiovanisce l&#8217;organizzazione, questi fenomeni sclerotizzano e, alla lunga, ammazzano<\/strong>. Lo dico anche a livello personale: il desiderio dell&#8217;autoritarismo per combattere l&#8217;autoritarismo \u00e8 una tentazione sempre presente.<\/p>\n\n\n\n<p>Terza domanda: non so se il fare affermazioni forti lasciando la pena della smentita all&#8217;avversario, delegittimare gli attori deputati a far rispettare le regole, gridare all&#8217;attacco <em>ad personam <\/em>e fare le vittime di fronte alle critiche sia uno stile comunicativo che vi ricorda qualcosa. A me s\u00ec. L&#8217;evento sentinella segnala solo che l&#8217;istituto \u00e8 sotto attacco, come diceva Soldi ieri in una intervista, o \u00e8 <strong>lo stile comunicativo rivelatosi vincente in diverse situazioni politiche<\/strong> che dobbiamo aspettarci imitato <strong>anche nei nostri mondi<\/strong>? Questa gente che viene eletta al governo degli stati con questo stile comunicativo &#8211; ognuno si scelga il suo caso &#8211; genera infiniti tentativi di imitazione come la <em>Settimana Enigmistica<\/em> anche a livelli molto diversi e anche nel mondo dei <em>buoni<\/em>? Oppure la similitudine \u00e8 solo apparente, e dipende meramente dallo spirito dei tempi e dall&#8217;<strong>incattivimento generale<\/strong>? Entrambe le risposte, per le organizzazioni a movente ideale, non sono rassicuranti.<\/p>\n\n\n\n<p>Quarta domanda: dicevo che Banca Etica \u00e8 una organizzazione novecentesca. Non lo \u00e8 solo nella generazione all&#8217;interno degli ideali di precisi movimenti storici, ma anche nell&#8217;adesione a certi tipi di modelli organizzativi per quanto riguarda la dimensione associativa: <strong>gruppi circoscrizionali, zone, rappresentanti, coordinamenti<\/strong>. \u00c8 lo stesso modello organizzativo di infinite altre grandi organizzazioni, dagli <em>scout<\/em> al sindacato, dalle ACLI a infinite ONG. Sino a un paio di anni fa tutti abbiamo pensato che in qualche modo il <strong>modello andasse aggiornato<\/strong>, per renderlo pi\u00f9 al passo coi tempi, per renderlo meno rigido, anche senza arrivare alla <em>blockchain<\/em>. Ma il punto \u00e8: \u00e8 possibile che quel <strong>modello organizzativo<\/strong> sia <strong>pi\u00f9 resiliente rispetto agli esiti peggiori delle tre domande che precedono<\/strong>? Se la risposta \u00e8 s\u00ec (secondo me \u00e8 s\u00ec) come si fa a integrarlo e infrastrutturarlo tenendo conto delle dimensioni comunicative e tecnologiche prevalenti? A quali costi? Dentro quali limiti di partecipazione?<\/p>\n\n\n\n<p> <\/p>\n","protected":false},"excerpt":{"rendered":"<p>Premessa: questo articolo \u00e8 scritto un po&#8217; come una cipolla, a strati. Se vi interessa solo sapere chi voter\u00f2, potete<\/p>\n","protected":false},"author":1,"featured_media":17018,"comment_status":"open","ping_status":"open","sticky":false,"template":"","format":"standard","meta":{"_mi_skip_tracking":false,"_monsterinsights_sitenote_active":false,"_monsterinsights_sitenote_note":"","_monsterinsights_sitenote_category":0,"jetpack_post_was_ever_published":false,"_jetpack_newsletter_access":"","jetpack_publicize_message":"","jetpack_is_tweetstorm":false,"jetpack_publicize_feature_enabled":true,"jetpack_social_post_already_shared":true,"jetpack_social_options":{"image_generator_settings":{"template":"highway","enabled":false}}},"categories":[72,52,66,55,17,16],"tags":[],"jetpack_publicize_connections":[],"jetpack_featured_media_url":"https:\/\/i0.wp.com\/www.robertosedda.it\/wp-content\/uploads\/2019\/08\/Rufus-1.png?fit=834%2C720","jetpack_sharing_enabled":true,"jetpack_shortlink":"https:\/\/wp.me\/p4jV2T-5lZ","jetpack_likes_enabled":true,"jetpack-related-posts":[{"id":4744,"url":"http:\/\/www.robertosedda.it\/?p=4744","url_meta":{"origin":20583,"position":0},"title":"Sabato la finanza etica era a Olbia","author":"Rufus","date":"21\/10\/2013","format":"video","excerpt":"Il 19 ottobre sono intervenuto con Carlo Usai al convegno La finanza etica ti toglie un peso. C'era anche Gaetano Lauta, responsabile dei soci di Banca Etica di Cagliari, e sia gli organizzatori che il pubblico erano largamente presenti persone legate al Movimento Cinque Stelle. \u00c8 stato un dibattito molto\u2026","rel":"","context":"In &quot;Banche e finanza&quot;","block_context":{"text":"Banche e finanza","link":"http:\/\/www.robertosedda.it\/?cat=72"},"img":{"alt_text":"","src":"https:\/\/i0.wp.com\/www.robertosedda.it\/wp-content\/uploads\/2013\/10\/Finanza-etica-Olbia-219x300.jpeg?resize=350%2C200","width":350,"height":200},"classes":[]},{"id":6796,"url":"http:\/\/www.robertosedda.it\/?p=6796","url_meta":{"origin":20583,"position":1},"title":"Quel che ho detto alla festa dei quindici anni di Banca Etica a Sassari","author":"Rufus","date":"21\/03\/2014","format":false,"excerpt":"Ieri con Gaetano e Claudio siamo andati in trasferta (piuttosto stancante, devo dire, si vede che non ho pi\u00f9 l'et\u00e0) a Sassari per festeggiare anche l\u00ec i quindici anni di Banca Etica, insieme ai soci della Sardegna Settentrionale in un incontro davvero molto partecipato all'Universit\u00e0. Nell'occasione\u00a0mi hanno chiesto un saluto\u2026","rel":"","context":"In &quot;Banche e finanza&quot;","block_context":{"text":"Banche e finanza","link":"http:\/\/www.robertosedda.it\/?cat=72"},"img":{"alt_text":"","src":"https:\/\/i0.wp.com\/www.robertosedda.it\/wp-content\/uploads\/2014\/03\/Rufus-a-Cinque-su-quindici.jpg?fit=600%2C800&resize=350%2C200","width":350,"height":200},"classes":[]},{"id":12353,"url":"http:\/\/www.robertosedda.it\/?p=12353","url_meta":{"origin":20583,"position":2},"title":"Lo dico sinceramente&#8230;","author":"Rufus","date":"25\/08\/2016","format":false,"excerpt":"\u00c8 stato pubblicato oggi\u00a0sul sito di Banca Etica l'annuncio ufficiale del fatto\u00a0che il 23 settembre inauguriamo ufficialmente la nuova sede del banchiere ambulante a Cagliari. E quindi ciao, arrivederci, \u00e8 stato bello conoscervi: fino al 23 io non esisto pi\u00f9,\u00a0kaputt, c'\u00e8 un monte impressionante di cose da fare, perch\u00e9 ci\u2026","rel":"","context":"In &quot;Banche e finanza&quot;","block_context":{"text":"Banche e finanza","link":"http:\/\/www.robertosedda.it\/?cat=72"},"img":{"alt_text":"","src":"https:\/\/i0.wp.com\/www.robertosedda.it\/wp-content\/uploads\/2016\/08\/Banca-Etica-Cagliari.jpg?fit=962%2C726&resize=350%2C200","width":350,"height":200,"srcset":"https:\/\/i0.wp.com\/www.robertosedda.it\/wp-content\/uploads\/2016\/08\/Banca-Etica-Cagliari.jpg?fit=962%2C726&resize=350%2C200 1x, https:\/\/i0.wp.com\/www.robertosedda.it\/wp-content\/uploads\/2016\/08\/Banca-Etica-Cagliari.jpg?fit=962%2C726&resize=700%2C400 2x"},"classes":[]},{"id":13981,"url":"http:\/\/www.robertosedda.it\/?p=13981","url_meta":{"origin":20583,"position":3},"title":"Prima di noi, dopo di noi","author":"Rufus","date":"21\/07\/2017","format":false,"excerpt":"Non credo di averlo detto con precisione ai miei amici, ma a ottobre finisco il mio terzo mandato da Referente dei soci di Banca Etica del Centro Italia e sar\u00f2 sostituito (tre mandati \u00e8 il massimo che si pu\u00f2 fare e pi\u00f9 passa il tempo e pi\u00f9 sono d'accordo che\u2026","rel":"","context":"In &quot;Coordinate&quot;","block_context":{"text":"Coordinate","link":"http:\/\/www.robertosedda.it\/?cat=52"},"img":{"alt_text":"","src":"https:\/\/i0.wp.com\/www.robertosedda.it\/wp-content\/uploads\/2014\/05\/Banca-Etica-regionale.jpg?fit=1200%2C900&resize=350%2C200","width":350,"height":200,"srcset":"https:\/\/i0.wp.com\/www.robertosedda.it\/wp-content\/uploads\/2014\/05\/Banca-Etica-regionale.jpg?fit=1200%2C900&resize=350%2C200 1x, https:\/\/i0.wp.com\/www.robertosedda.it\/wp-content\/uploads\/2014\/05\/Banca-Etica-regionale.jpg?fit=1200%2C900&resize=700%2C400 2x, https:\/\/i0.wp.com\/www.robertosedda.it\/wp-content\/uploads\/2014\/05\/Banca-Etica-regionale.jpg?fit=1200%2C900&resize=1050%2C600 3x"},"classes":[]},{"id":12481,"url":"http:\/\/www.robertosedda.it\/?p=12481","url_meta":{"origin":20583,"position":4},"title":"Periodo di foto, questo","author":"Rufus","date":"09\/09\/2016","format":false,"excerpt":"Come sapete, il 23 inauguriamo ufficialmente la nuova sede della banchiera ambulante di Banca Etica a Cagliari. Ieri, come parte del percorso preparatorio, abbiamo avuto un piccolo momento conviviale alla Bottega dell'associazione Oscar Romero: un apertivo, la conoscenza di un cliente della Banca, una breve presentazione del programma della festa\u2026","rel":"","context":"In &quot;Banche e finanza&quot;","block_context":{"text":"Banche e finanza","link":"http:\/\/www.robertosedda.it\/?cat=72"},"img":{"alt_text":"","src":"https:\/\/i0.wp.com\/www.robertosedda.it\/wp-content\/uploads\/2016\/09\/ALIM4483.jpg?fit=1200%2C900&resize=350%2C200","width":350,"height":200,"srcset":"https:\/\/i0.wp.com\/www.robertosedda.it\/wp-content\/uploads\/2016\/09\/ALIM4483.jpg?fit=1200%2C900&resize=350%2C200 1x, https:\/\/i0.wp.com\/www.robertosedda.it\/wp-content\/uploads\/2016\/09\/ALIM4483.jpg?fit=1200%2C900&resize=700%2C400 2x, https:\/\/i0.wp.com\/www.robertosedda.it\/wp-content\/uploads\/2016\/09\/ALIM4483.jpg?fit=1200%2C900&resize=1050%2C600 3x"},"classes":[]},{"id":3312,"url":"http:\/\/www.robertosedda.it\/?p=3312","url_meta":{"origin":20583,"position":5},"title":"Quel che ho raccontato a Bologna","author":"Rufus","date":"31\/05\/2013","format":false,"excerpt":"Mi \u00e8 arrivata avantieri una mail che mi ha fatto molto piacere e che, nel ringraziare tanti che hanno collaborato a Terra Equa, tra l'altro dice: Grazie a tutti quelli che hanno partecipato alla tavola rotonda di sabato 25 [...]... a Roberto Sedda (Sardegna) per aver ricordato che le reti\u2026","rel":"","context":"In &quot;Banche e finanza&quot;","block_context":{"text":"Banche e finanza","link":"http:\/\/www.robertosedda.it\/?cat=72"},"img":{"alt_text":"","src":"https:\/\/i0.wp.com\/www.robertosedda.it\/wp-content\/uploads\/2013\/05\/2013-05-25-11.10.44.jpg?fit=640%2C480&resize=350%2C200","width":350,"height":200},"classes":[]}],"_links":{"self":[{"href":"http:\/\/www.robertosedda.it\/index.php?rest_route=\/wp\/v2\/posts\/20583"}],"collection":[{"href":"http:\/\/www.robertosedda.it\/index.php?rest_route=\/wp\/v2\/posts"}],"about":[{"href":"http:\/\/www.robertosedda.it\/index.php?rest_route=\/wp\/v2\/types\/post"}],"author":[{"embeddable":true,"href":"http:\/\/www.robertosedda.it\/index.php?rest_route=\/wp\/v2\/users\/1"}],"replies":[{"embeddable":true,"href":"http:\/\/www.robertosedda.it\/index.php?rest_route=%2Fwp%2Fv2%2Fcomments&post=20583"}],"version-history":[{"count":32,"href":"http:\/\/www.robertosedda.it\/index.php?rest_route=\/wp\/v2\/posts\/20583\/revisions"}],"predecessor-version":[{"id":20639,"href":"http:\/\/www.robertosedda.it\/index.php?rest_route=\/wp\/v2\/posts\/20583\/revisions\/20639"}],"wp:featuredmedia":[{"embeddable":true,"href":"http:\/\/www.robertosedda.it\/index.php?rest_route=\/wp\/v2\/media\/17018"}],"wp:attachment":[{"href":"http:\/\/www.robertosedda.it\/index.php?rest_route=%2Fwp%2Fv2%2Fmedia&parent=20583"}],"wp:term":[{"taxonomy":"category","embeddable":true,"href":"http:\/\/www.robertosedda.it\/index.php?rest_route=%2Fwp%2Fv2%2Fcategories&post=20583"},{"taxonomy":"post_tag","embeddable":true,"href":"http:\/\/www.robertosedda.it\/index.php?rest_route=%2Fwp%2Fv2%2Ftags&post=20583"}],"curies":[{"name":"wp","href":"https:\/\/api.w.org\/{rel}","templated":true}]}}