{"id":20540,"date":"2024-06-20T16:10:36","date_gmt":"2024-06-20T14:10:36","guid":{"rendered":"https:\/\/www.robertosedda.it\/?p=20540"},"modified":"2026-01-29T16:37:53","modified_gmt":"2026-01-29T15:37:53","slug":"oh-comunque-poi-sono-stato-eletto-e-le-cose-che-ho-imparato","status":"publish","type":"post","link":"http:\/\/www.robertosedda.it\/?p=20540","title":{"rendered":"Oh, comunque poi sono stato eletto (e le cose che ho imparato)"},"content":{"rendered":"\n<p>Come ho raccontato, ero candidato al Senato Accademico come rappresentante del personale tecnico, amministrativo e bibliotecario. \u00c8 andata bene, e sotto trovate la lettera di ringraziamento, se avete curiosit\u00e0.<\/p>\n\n\n\n<p>Prima, per\u00f2, vorrei appuntare qui alcune riflessioni che mi sono venute in mente durante la brevissima <em>campagna elettorale<\/em>. <\/p>\n\n\n\n<p>Intanto: \u00e8 molto soddisfacente sentire di far parte di una comunit\u00e0. Non \u00e8 che non lo sapessi, ma la <em>chat<\/em> su <em>WhatsApp<\/em> della CGIL era molto divertente (e utile), il calore dei colleghi gratificante e le informazioni affluivano in gran numero; la sensazione della comunit\u00e0 d\u00e0 senso alle cose che si fanno. Non \u00e8 un&#8217;esperienza da poco n\u00e9 una lezione da nulla, per quanto gi\u00e0 altre volte imparata.<\/p>\n\n\n\n<p>In questi giorni faccio molti raffronti con l&#8217;esperienza di Referente dei soci di Banca Etica per l&#8217;Italia centrale, che \u00e8 certamente l&#8217;esperienza di rappresentanza pi\u00f9 importante che ho fatto in vita mia; stabilire somiglianze e differenze mi aiuta. Ricordo che quando sono stato eletto a quell&#8217;incarico, per molto tempo ho avuto la sensazione di galleggiare sul vuoto: fino a quel momento ero stato responsabile, in Azione Cattolica, di un&#8217;organizzazione della quale conoscevo le persone, da prima di essere eletto, conoscevo abbastanza i loro gruppi e associazioni e conoscevo il territorio; da Referente incontravo per la prima volta persone espresse da gruppi che non avevo mai visto proveniente da citt\u00e0 dove non ero mai stato.<\/p>\n\n\n\n<p>Qui la sensazione al momento \u00e8 ancora diversa: incontro colleghi che conosco gi\u00e0, dentro edifici che anch&#8217;essi conosco, in una citt\u00e0 in cui ho passato tutta la vita, e scopro che per\u00f2 del loro lavoro non so praticamente nulla, anche perch\u00e9 la vita l&#8217;ho passata interamente nelle segreterie studenti. Ho cominciato anche a rileggere regolamenti e normativa, perch\u00e9 una cosa \u00e8 quello che studi con l&#8217;occhio alle tue esigenze lavorative e un&#8217;altra cosa \u00e8 quello che devi sapere a seconda delle pratiche che arriveranno in Senato, e scopro di avere degli abissi di ignoranza sconfinati. E poi ho fatto campagna elettorale pochissimo su <em>Teams<\/em> ma invece girando almeno alcuni uffici e sedi, e i colleghi e le colleghe mi hanno raccontato cose della cui esistenza non avevo il minimo sospetto. Per il momento, tutto sommato, va bene nel senso che studiando e scoprendo di conseguenza mi vengono idee, speriamo che duri.<\/p>\n\n\n\n<p>Parentesi: andare in giro a chiedere il voto \u00e8 anche una grande lezione di umilt\u00e0, e una riflessione sul fatto che mettersi nel mezzo delle cose le fa vedere da altre prospettive; come dicevo l&#8217;altro giorno ai vicini di scrivania: \u00abVi ricordate quando \u00e8 venuto quel collega che si era candidato al Comune e io sbuffavo? Adesso i compagni della CGIL mi hanno portato in giro anche a me, ben mi sta, cos\u00ec imparo a fare il superiore\u00bb. Ci sono cose che hanno le loro regole che ti si impongono e le devi rispettare, come che se fai campagna elettorale e hai deciso di metterci la faccia devi anche avere l&#8217;umilt\u00e0, per esempio, di chiedere; il tema su cui rifletto \u00e8 quando devi decidere che le regole <em>non<\/em> vanno rispettate e fare altrimenti, per\u00f2 andare in giro a trovare i colleghi \u00e8 stata una delle parti migliori di tutto il processo, sono molto contento di averlo fatto e che mi serva di lezione. <\/p>\n\n\n\n<p>Tornando a noi, visto che ho detto  del fatto che studiando e scoprendo mi vengono idee, dir\u00f2 che sto anche riflettendo molto, lo dico sinceramente, sul rischio dell&#8217;immaginazione. Mi \u00e8 capitato di dire fra me e me: \u00abFar\u00f2 cos\u00ec, dir\u00f2 cos\u00ec\u00bb perch\u00e9, per abitudine professionale (ehm), tendo a giocare di ruolo preventivamente le situazioni, per poi rendermi conto che al momento sono tute ipotesi, e quindi meglio stare calmini, per non fare come quello della famosa barzelletta:<\/p>\n\n\n\n<blockquote class=\"wp-block-quote\">\n<p> C&#8217;\u00e8 uno che va dall&#8217;amico a chiedergli in prestito la macchina. Lungo la strada si chiede cosa potrebbe rispondere l&#8217;amico, che obiezioni potrebbe fargli e cosa potrebbe rispondere lui a sua volta. Man mano si infervora, comincia a discutere con se stesso, si pone altre obiezioni che l&#8217;amico potrebbe fargli e si scalda sempre di pi\u00f9.<\/p>\n\n\n\n<p>Infine arriva a casa dell&#8217;amico, suona, quello gli apre e lui gli dice: \u00abE sai cosa ti dico? Tienitelo quel rottame della tua macchina, mi fa schifo!\u00bb<\/p>\n<\/blockquote>\n\n\n\n<p>Nella lettera di candidatura si parlava di schiena dritta e disponibilit\u00e0 a dire di no; basta che sia cos\u00ec, non c&#8217;\u00e8 bisogno di sovraccaricare preventivamente.<\/p>\n\n\n\n<p>Infine, rifletto sulle volpi. Una collega mi ha detto: \u00abIn bocca al lupo!\u00bb e le ho risposto: \u00abSono pi\u00f9 preoccupato delle volpi&#8230;\u00bb, ma di questo credo racconter\u00f2 meglio in futuro. <\/p>\n\n\n\n<figure class=\"wp-block-image aligncenter size-full\"><img data-attachment-id=\"20545\" data-permalink=\"http:\/\/www.robertosedda.it\/?attachment_id=20545\" data-orig-file=\"https:\/\/i0.wp.com\/www.robertosedda.it\/wp-content\/uploads\/2024\/06\/Elezioni-risultati.jpg?fit=546%2C460\" data-orig-size=\"546,460\" data-comments-opened=\"1\" data-image-meta=\"{&quot;aperture&quot;:&quot;0&quot;,&quot;credit&quot;:&quot;Admin&quot;,&quot;camera&quot;:&quot;&quot;,&quot;caption&quot;:&quot;&quot;,&quot;created_timestamp&quot;:&quot;1718899662&quot;,&quot;copyright&quot;:&quot;&quot;,&quot;focal_length&quot;:&quot;0&quot;,&quot;iso&quot;:&quot;0&quot;,&quot;shutter_speed&quot;:&quot;0&quot;,&quot;title&quot;:&quot;&quot;,&quot;orientation&quot;:&quot;0&quot;}\" data-image-title=\"Elezioni-risultati\" data-image-description=\"\" data-image-caption=\"\" data-medium-file=\"https:\/\/i0.wp.com\/www.robertosedda.it\/wp-content\/uploads\/2024\/06\/Elezioni-risultati.jpg?fit=300%2C253\" data-large-file=\"https:\/\/i0.wp.com\/www.robertosedda.it\/wp-content\/uploads\/2024\/06\/Elezioni-risultati.jpg?fit=510%2C430\" decoding=\"async\" loading=\"lazy\" width=\"546\" height=\"460\" src=\"https:\/\/i0.wp.com\/www.robertosedda.it\/wp-content\/uploads\/2024\/06\/Elezioni-risultati.jpg?resize=546%2C460&#038;ssl=1\" alt=\"\" class=\"wp-image-20545\" srcset=\"https:\/\/i0.wp.com\/www.robertosedda.it\/wp-content\/uploads\/2024\/06\/Elezioni-risultati.jpg?w=546 546w, https:\/\/i0.wp.com\/www.robertosedda.it\/wp-content\/uploads\/2024\/06\/Elezioni-risultati.jpg?resize=300%2C253 300w, https:\/\/i0.wp.com\/www.robertosedda.it\/wp-content\/uploads\/2024\/06\/Elezioni-risultati.jpg?resize=510%2C430 510w, https:\/\/i0.wp.com\/www.robertosedda.it\/wp-content\/uploads\/2024\/06\/Elezioni-risultati.jpg?resize=150%2C126 150w\" sizes=\"(max-width: 546px) 100vw, 546px\" data-recalc-dims=\"1\" \/><\/figure>\n\n\n\n<p><em>Care colleghe, cari colleghi<\/em><\/p>\n\n\n\n<p><em>voglio ringraziare di cuore tutti coloro che mi hanno votato e sostenuto nelle elezioni dei rappresentati del personale tecnico, amministrativo e bibliotecario al Senato Accademico: sono risultato il pi\u00f9 votato con 190 voti, che mi sembrano un\u2019enormit\u00e0; sono onorato della vostra fiducia e spero di meritarla col mio impegno futuro.<\/em><\/p>\n\n\n\n<p><em>Grazie ai colleghi e alle colleghe della FLC CGIL che mi hanno proposto di candidarmi e mi hanno sostenuto con forza ed entusiasmo.<\/em><\/p>\n\n\n\n<p><em>Grazie ai colleghi e alle colleghe che mi hanno scritto o telefonato il loro incoraggiamento prima e la loro soddisfazione &nbsp;dopo; grazie anche a quanti hanno scritto o telefonato a Maria Bonaria dicendo che mi votavano sulla fiducia perch\u00e9 ero suo marito (e grazie quindi a Maria Bonaria).<\/em><\/p>\n\n\n\n<p><em>Grazie ai colleghi che mi hanno accolto con interesse nei miei giri per gli uffici nella settimana scorsa, e grazie anche a quelli che hanno sopportato pazientemente la mia&#8230; irruzione.<\/em><\/p>\n\n\n\n<p><em>Non avendo mai partecipato ad altre elezioni, mi sono trovato curiosamente sprovvisto delle conoscenze minime di galateo elettorale; essendo anche un po\u2019 timido (non sembra, ma \u00e8 cos\u00ec) mi sono chiesto: \u00e8 meglio se chiedo il voto, a costo di sembrare importuno, oppure non lo chiedo per non importunare e poi la gente si offende (se vuole il mio voto me lo dovrebbe chiedere\u2026)? Nell\u2019incertezza ho fatto un po\u2019 e un po\u2019: grazie a chi mi ha votato senza che glielo avessi chiesto e grazie a chi ha sopportato la mia faccia tosta.<\/em><\/p>\n\n\n\n<p><em>Grazie, infine, a chi ha votato le altre candidate e candidato: mi sono proposto per far crescere la partecipazione e quindi ho il massimo rispetto per chi si \u00e8 messo in gioco e chi ha votato alle elezioni. Mancano i voti di circa met\u00e0 dei colleghi: spero che grazie anche al mio impegno questo numero sia pi\u00f9 alto alle prossime elezioni.<\/em><\/p>\n\n\n\n<p><em>Il bello inizia adesso (pi\u00f9 esattamente con l\u2019adunanza del Senato di luglio), vi chiedo che ci teniamo in contatto, da parte mia c\u2019\u00e8 la massima disponibilit\u00e0.<\/em><\/p>\n\n\n\n<p><em>Un abbraccio a tutti e tutte.<\/em><\/p>\n\n\n\n<p><em>Roberto Sedda<\/em><\/p>\n","protected":false},"excerpt":{"rendered":"<p>Come ho raccontato, ero candidato al Senato Accademico come rappresentante del personale tecnico, amministrativo e bibliotecario. \u00c8 andata bene, e<\/p>\n","protected":false},"author":1,"featured_media":20545,"comment_status":"open","ping_status":"open","sticky":false,"template":"","format":"standard","meta":{"_mi_skip_tracking":false,"_monsterinsights_sitenote_active":false,"_monsterinsights_sitenote_note":"","_monsterinsights_sitenote_category":0,"jetpack_post_was_ever_published":false,"_jetpack_newsletter_access":"","jetpack_publicize_message":"","jetpack_is_tweetstorm":false,"jetpack_publicize_feature_enabled":true,"jetpack_social_post_already_shared":true,"jetpack_social_options":{"image_generator_settings":{"template":"highway","enabled":false}}},"categories":[52,57,17,59,16],"tags":[],"jetpack_publicize_connections":[],"jetpack_featured_media_url":"https:\/\/i0.wp.com\/www.robertosedda.it\/wp-content\/uploads\/2024\/06\/Elezioni-risultati.jpg?fit=546%2C460","jetpack_sharing_enabled":true,"jetpack_shortlink":"https:\/\/wp.me\/p4jV2T-5li","jetpack_likes_enabled":true,"jetpack-related-posts":[{"id":12472,"url":"http:\/\/www.robertosedda.it\/?p=12472","url_meta":{"origin":20540,"position":0},"title":"Cos\u00ec fin\u00ec Oggi parliamo di libri","author":"Rufus","date":"06\/09\/2016","format":false,"excerpt":"Trovate qui sotto l'ultima puntata della stagione 2015\/2016 di\u00a0Oggi parliamo di libri, dedicata a\u00a0Liol\u00e0\u00a0di Pirandello: si tratta anche dell'ultima puntata in generale della trasmissione, perch\u00e9 per l'anno prossimo mi piacerebbe molto che venisse accettata la mia proposta di parlare di giochi\u00a0(se si parte si parte ad ottobre, ma mi pare\u2026","rel":"","context":"In &quot;Coordinate&quot;","block_context":{"text":"Coordinate","link":"http:\/\/www.robertosedda.it\/?cat=52"},"img":{"alt_text":"","src":"https:\/\/i0.wp.com\/www.robertosedda.it\/wp-content\/uploads\/2016\/09\/Oggi-parliamo-di-libri-1.jpg?fit=480%2C360&resize=350%2C200","width":350,"height":200},"classes":[]},{"id":1805,"url":"http:\/\/www.robertosedda.it\/?p=1805","url_meta":{"origin":20540,"position":1},"title":"Due o tre cose che so sull&#8217;obiezione di coscienza","author":"Rufus","date":"04\/02\/2013","format":false,"excerpt":"Il post dell'altro giorno su Montecitorio e l'obiezione di coscienza \u00e8 legato al fatto che a fine dicembre \u00e8 stata esposta a Cagliari la Madonna di Nagasaki: in quell'occasione la Caritas ha organizzato un convegno per ricordare il trentennale della legge istitutiva del servizio civile. ll convegno \u00e8 stato un\u2026","rel":"","context":"In &quot;Biografie&quot;","block_context":{"text":"Biografie","link":"http:\/\/www.robertosedda.it\/?cat=83"},"img":{"alt_text":"","src":"https:\/\/i0.wp.com\/www.robertosedda.it\/wp-content\/uploads\/2013\/02\/189095_1008070813927_9322_n.jpg?fit=604%2C453&resize=350%2C200","width":350,"height":200},"classes":[]},{"id":15193,"url":"http:\/\/www.robertosedda.it\/?p=15193","url_meta":{"origin":20540,"position":2},"title":"Vent&#8217;anni dopo","author":"Rufus","date":"22\/05\/2018","format":false,"excerpt":"Sabato vado a Roma a un pranzo abbastanza particolare, il raduno pi\u00f9 o meno periodico dei frequentatori di it.arti.cinema. L'altro giorno Maria Bonaria mi ha chiesto: \u00abMa da quanto \u00e8 che fai parte di questo gruppo del cinema?\u00bb. Ho fatto due conti. Dal '97, almeno. Vent'anni. \u00c8 stato un po'\u2026","rel":"","context":"In &quot;Coordinate&quot;","block_context":{"text":"Coordinate","link":"http:\/\/www.robertosedda.it\/?cat=52"},"img":{"alt_text":"","src":"","width":0,"height":0},"classes":[]},{"id":5116,"url":"http:\/\/www.robertosedda.it\/?p=5116","url_meta":{"origin":20540,"position":3},"title":"Abruzzo 2009 e Emilia 2012: un confronto","author":"Rufus","date":"26\/11\/2013","format":false,"excerpt":"Proprio nei giorni dell'alluvione \u00e8 capitato casualmente che il mio amico Roberto Museo, che \u00e8 stato anche componente del Consiglio di amministrazione di Banca Etica, mi ha mandato da leggere un articolo interessante pubblicato su Aggiornamenti sociali, tutto pieno di frasi evidenziate (evidentemente Roberto, che viveva a L'Aquila al tempo\u2026","rel":"","context":"In &quot;Coordinate&quot;","block_context":{"text":"Coordinate","link":"http:\/\/www.robertosedda.it\/?cat=52"},"img":{"alt_text":"","src":"","width":0,"height":0},"classes":[]},{"id":15048,"url":"http:\/\/www.robertosedda.it\/?p=15048","url_meta":{"origin":20540,"position":4},"title":"Reportage dalla scuola di giornalismo&#8230; a Chicago","author":"Rufus","date":"20\/04\/2018","format":false,"excerpt":"Su uno dei siti che ho infilato nell'aggregatore di notizie quotidiano, ProPublica, ho trovato un articolo che illustra cosa \u00e8 successo durante un seminario di giornalismo\u00a0dal basso organizzato da\u00a0ProPublica stessa e da alcune altre organizzazioni di animazione sociale. Nonostante sia un evento piccolissimo e anche un po' ingenuo, mi \u00e8\u2026","rel":"","context":"In &quot;Coordinate&quot;","block_context":{"text":"Coordinate","link":"http:\/\/www.robertosedda.it\/?cat=52"},"img":{"alt_text":"","src":"https:\/\/i0.wp.com\/www.robertosedda.it\/wp-content\/uploads\/2018\/04\/Street-theater-3.jpg?fit=1200%2C800&resize=350%2C200","width":350,"height":200,"srcset":"https:\/\/i0.wp.com\/www.robertosedda.it\/wp-content\/uploads\/2018\/04\/Street-theater-3.jpg?fit=1200%2C800&resize=350%2C200 1x, https:\/\/i0.wp.com\/www.robertosedda.it\/wp-content\/uploads\/2018\/04\/Street-theater-3.jpg?fit=1200%2C800&resize=700%2C400 2x, https:\/\/i0.wp.com\/www.robertosedda.it\/wp-content\/uploads\/2018\/04\/Street-theater-3.jpg?fit=1200%2C800&resize=1050%2C600 3x"},"classes":[]},{"id":8222,"url":"http:\/\/www.robertosedda.it\/?p=8222","url_meta":{"origin":20540,"position":5},"title":"Il nuovo che avanza","author":"Rufus","date":"14\/08\/2014","format":false,"excerpt":"La prima volta ho avuto un piccolo senso di spaesamento. Ero appena uscito da Messa e tornavo a casa. Sulla discesa di Bonaria davanti a me tre signore fra i sessanta e i settanta, minutine, eleganti nei loro abiti della domenica allacciati dietro con l'orlo decorosamente oltre il ginocchio e\u2026","rel":"","context":"In &quot;Coordinate&quot;","block_context":{"text":"Coordinate","link":"http:\/\/www.robertosedda.it\/?cat=52"},"img":{"alt_text":"","src":"https:\/\/i0.wp.com\/www.robertosedda.it\/wp-content\/uploads\/2014\/08\/I-vecchi-che-usano-il-computer-.jpg?fit=730%2C388&resize=350%2C200","width":350,"height":200,"srcset":"https:\/\/i0.wp.com\/www.robertosedda.it\/wp-content\/uploads\/2014\/08\/I-vecchi-che-usano-il-computer-.jpg?fit=730%2C388&resize=350%2C200 1x, https:\/\/i0.wp.com\/www.robertosedda.it\/wp-content\/uploads\/2014\/08\/I-vecchi-che-usano-il-computer-.jpg?fit=730%2C388&resize=700%2C400 2x"},"classes":[]}],"_links":{"self":[{"href":"http:\/\/www.robertosedda.it\/index.php?rest_route=\/wp\/v2\/posts\/20540"}],"collection":[{"href":"http:\/\/www.robertosedda.it\/index.php?rest_route=\/wp\/v2\/posts"}],"about":[{"href":"http:\/\/www.robertosedda.it\/index.php?rest_route=\/wp\/v2\/types\/post"}],"author":[{"embeddable":true,"href":"http:\/\/www.robertosedda.it\/index.php?rest_route=\/wp\/v2\/users\/1"}],"replies":[{"embeddable":true,"href":"http:\/\/www.robertosedda.it\/index.php?rest_route=%2Fwp%2Fv2%2Fcomments&post=20540"}],"version-history":[{"count":5,"href":"http:\/\/www.robertosedda.it\/index.php?rest_route=\/wp\/v2\/posts\/20540\/revisions"}],"predecessor-version":[{"id":20546,"href":"http:\/\/www.robertosedda.it\/index.php?rest_route=\/wp\/v2\/posts\/20540\/revisions\/20546"}],"wp:featuredmedia":[{"embeddable":true,"href":"http:\/\/www.robertosedda.it\/index.php?rest_route=\/wp\/v2\/media\/20545"}],"wp:attachment":[{"href":"http:\/\/www.robertosedda.it\/index.php?rest_route=%2Fwp%2Fv2%2Fmedia&parent=20540"}],"wp:term":[{"taxonomy":"category","embeddable":true,"href":"http:\/\/www.robertosedda.it\/index.php?rest_route=%2Fwp%2Fv2%2Fcategories&post=20540"},{"taxonomy":"post_tag","embeddable":true,"href":"http:\/\/www.robertosedda.it\/index.php?rest_route=%2Fwp%2Fv2%2Ftags&post=20540"}],"curies":[{"name":"wp","href":"https:\/\/api.w.org\/{rel}","templated":true}]}}