{"id":20504,"date":"2024-06-11T15:37:54","date_gmt":"2024-06-11T13:37:54","guid":{"rendered":"https:\/\/www.robertosedda.it\/?p=20504"},"modified":"2025-04-30T13:37:30","modified_gmt":"2025-04-30T11:37:30","slug":"di-candidature","status":"publish","type":"post","link":"http:\/\/www.robertosedda.it\/?p=20504","title":{"rendered":"Di candidature"},"content":{"rendered":"\n<figure class=\"wp-block-image alignleft size-large\"><img data-attachment-id=\"20506\" data-permalink=\"http:\/\/www.robertosedda.it\/?attachment_id=20506\" data-orig-file=\"https:\/\/i0.wp.com\/www.robertosedda.it\/wp-content\/uploads\/2024\/06\/IMG_20201123_132353-scaled.jpg?fit=2560%2C1920\" data-orig-size=\"2560,1920\" data-comments-opened=\"1\" data-image-meta=\"{&quot;aperture&quot;:&quot;2&quot;,&quot;credit&quot;:&quot;&quot;,&quot;camera&quot;:&quot;STF-L09&quot;,&quot;caption&quot;:&quot;&quot;,&quot;created_timestamp&quot;:&quot;1606137833&quot;,&quot;copyright&quot;:&quot;&quot;,&quot;focal_length&quot;:&quot;2.84&quot;,&quot;iso&quot;:&quot;125&quot;,&quot;shutter_speed&quot;:&quot;0.03&quot;,&quot;title&quot;:&quot;&quot;,&quot;orientation&quot;:&quot;0&quot;}\" data-image-title=\"IMG_20201123_132353\" data-image-description=\"\" data-image-caption=\"\" data-medium-file=\"https:\/\/i0.wp.com\/www.robertosedda.it\/wp-content\/uploads\/2024\/06\/IMG_20201123_132353-scaled.jpg?fit=300%2C225\" data-large-file=\"https:\/\/i0.wp.com\/www.robertosedda.it\/wp-content\/uploads\/2024\/06\/IMG_20201123_132353-scaled.jpg?fit=510%2C383\" decoding=\"async\" loading=\"lazy\" width=\"510\" height=\"383\" src=\"https:\/\/i0.wp.com\/www.robertosedda.it\/wp-content\/uploads\/2024\/06\/IMG_20201123_132353-510x383.jpg?resize=510%2C383&#038;ssl=1\" alt=\"\" class=\"wp-image-20506\" srcset=\"https:\/\/i0.wp.com\/www.robertosedda.it\/wp-content\/uploads\/2024\/06\/IMG_20201123_132353-scaled.jpg?resize=510%2C383 510w, https:\/\/i0.wp.com\/www.robertosedda.it\/wp-content\/uploads\/2024\/06\/IMG_20201123_132353-scaled.jpg?resize=300%2C225 300w, https:\/\/i0.wp.com\/www.robertosedda.it\/wp-content\/uploads\/2024\/06\/IMG_20201123_132353-scaled.jpg?resize=150%2C113 150w, https:\/\/i0.wp.com\/www.robertosedda.it\/wp-content\/uploads\/2024\/06\/IMG_20201123_132353-scaled.jpg?resize=1536%2C1152 1536w, https:\/\/i0.wp.com\/www.robertosedda.it\/wp-content\/uploads\/2024\/06\/IMG_20201123_132353-scaled.jpg?resize=2048%2C1536 2048w, https:\/\/i0.wp.com\/www.robertosedda.it\/wp-content\/uploads\/2024\/06\/IMG_20201123_132353-scaled.jpg?w=1600 1600w, https:\/\/i0.wp.com\/www.robertosedda.it\/wp-content\/uploads\/2024\/06\/IMG_20201123_132353-scaled.jpg?w=2400 2400w\" sizes=\"(max-width: 510px) 100vw, 510px\" data-recalc-dims=\"1\" \/><figcaption class=\"wp-element-caption\">Sui selfie possiamo migliorare<\/figcaption><\/figure>\n\n\n\n<p>La settimana scorsa ho accettato la proposta di alcune compagne e compagni della CGIL di candidarmi al Senato Accademico dell&#8217;Universit\u00e0 di Cagliari. Siccome il blog, come sapete, serve soprattutto a me per conservare le cose che scrivo e tenere conto delle cose che faccio, pubblico qui la mia lettera di candidatura (trovate la mia e quelle delle altre candidate e candidato alla <a href=\"https:\/\/www.unica.it\/it\/ateneo\/organizzazione\/elezioni\/senato-accademico\">pagina dedicata<\/a>).<\/p>\n\n\n\n<p>Valeva la pena di pubblicare, anche, perch\u00e9 l&#8217;impegno \u00e8 serio: non dico che si apre un nuovo capitolo della mia vita, ma certo se sar\u00f2 eletto il compito sar\u00e0 impegnativo, dal punto di vista del tempo da spenderci e anche morale.<\/p>\n\n\n\n<p>Avrei anche un paio di riflessioni ulteriori, che vengono da cinque-sei giorni di, boh. chiamarla campagna elettorale sarebbe eccessivo, ma c&#8217;\u00e8 comunque un livello di formalit\u00e0 e un numero di persone coinvolte che rende la campagna molto pi\u00f9 seria e ufficiale di un contesto, poniamo, associativo, ma penso che le proporr\u00f2 pi\u00f9 avanti, dopo averle magari fatte sedimentare di pi\u00f9.<\/p>\n\n\n\n<p>Ecco la lettera di candidatura:<\/p>\n\n\n\n<p><em>Care colleghe e cari colleghi<\/em><\/p>\n\n\n\n<p><em>con questa mail vorrei annunciarvi la mia candidatura al Senato Accademico come rappresentante del personale amministrativo tecnico bibliotecario e chiedere il vostro voto e il vostro sostegno.<\/em><\/p>\n\n\n\n<p><em>Per le colleghe e i colleghi che non mi conoscono aggiungo in coda una breve presentazione, qui mi preme innanzitutto spiegare perch\u00e9 ho accettato la candidatura.<\/em><\/p>\n\n\n\n<p><em>Ciascuno e ciascuna di noi, letteralmente, vive di Universit\u00e0. Non solo per lo stipendio, ma per il tempo che ci passiamo, le relazioni che ci viviamo e lo spazio che occupa nei nostri pensieri. Mi sembra che a causa di questo abbiamo tutti una gran voglia di partecipare di pi\u00f9 alla vita universitaria, di discuterne, di avere ruolo, e per\u00f2 non ne abbiamo la possibilit\u00e0: gli spazi di partecipazione e com-partecipazione sono depressi.<\/em><\/p>\n\n\n\n<p><em>Io mi candido per aiutare a ricostruire questi spazi. Certamente non si pu\u00f2 fare da soli e probabilmente non \u00e8 il Senato Accademico il primo posto dove farlo, per\u00f2 da qualche parte bisogna cominciare.<\/em><\/p>\n\n\n\n<p><em>Aggiungo una nota personale che spero mi perdonerete: quando i compagni e le compagne della FLC CGIL mi hanno proposto la candidatura, ho esitato. Non tutti i colleghi e le colleghe hanno fiducia nelle sigle sindacali e sui processi di rappresentanza ci sono in diversi stanchezza o sfiducia, non sempre immotivata; il nostro Ateneo non \u00e8 in grande salute e l&#8217;universit\u00e0 italiana in generale \u00e8 direttamente in crisi; il Senato Accademico ha pochi poteri, non \u00e8 abituato a meccaniche di partecipazione come quelle che mi auguro e poi, diciamocelo, mi candidano anche perch\u00e9 mi opponga quando c&#8217;\u00e8 da opporsi e, in generale, perch\u00e9 sia disposto a rompere le scatole. Ho pensato che con queste premesse c&#8217;era una certa possibilit\u00e0 di farsi male.<\/em><\/p>\n\n\n\n<p><em>Poi per\u00f2 ho pensato che qualche volta bisogna rinunciare a un po&#8217; di amor proprio, e quindi ho deciso di mettermi a disposizione.<\/em><\/p>\n\n\n\n<p><em>(S\u00ec, Claudio Ranieri \u00e8 un mio idolo.)<\/em><\/p>\n\n\n\n<p><em>(Del resto, il personale sa bene cosa voglia dire mettersi a disposizione, visto che tiriamo quotidianamente la carretta non certo per le soddisfazioni economiche o il riconoscimento sociale che otteniamo.)<\/em><\/p>\n\n\n\n<p><em>Io penso al ruolo in Senato come a un volano per aumentare la dimensione di partecipazione del personale in Ateneo; come vedete dalla mia presentazione sotto \u00e8 un tipo di cosa che penso di saper fare e che ho gi\u00e0 fatto in passato, sempre mantenendo la schiena dritta, e di fatto questo \u00e8 il mio programma elettorale.<\/em><\/p>\n\n\n\n<p><em>Due note finali: ho gi\u00e0 detto che la mia candidatura nasce in seno alla FLC CGIL; non sarebbe reale la mia intenzione di aiutare la crescita della partecipazione del personale amministrativo in Ateneo se non chiarissi che mi metto a disposizione di tutte e tutti, che chiedo l&#8217;aiuto di tutte e tutti e che non intendo in nessun modo vivere la candidatura e, se sar\u00f2 eletto, l&#8217;impegno in Senato Accademico in maniera partigiana a favore di una sigla specifica, ma solo a favore di tutto il personale e della comunit\u00e0 accademica.<\/em><\/p>\n\n\n\n<p><em>Secondo: questa candidatura nasce in ritardo. Ci sar\u00e0 comunque tempo per incontrarsi e conoscersi prima delle elezioni, ma probabilmente non ci sar\u00e0 tempo per un confronto fra i candidati, cosa che mi sembrava una buona idea. Probabilmente non \u00e8 il caso che organizzi io il confronto, per ovvi motivi di conflitto di interessi, ma mi dichiaro disponibile a organizzarlo insieme con eventuali altri candidati, o a partecipare a un confronto organizzato da altri.<\/em><\/p>\n\n\n\n<p><em>Roberto Sedda<\/em><\/p>\n\n\n\n<p><em>* sono nato a Cagliari nel 1964, quindi ho sessant&#8217;anni; sono sposato con una collega bibliotecaria, Maria Bonaria Loi. Lavoro in Ateneo da quasi trent&#8217;anni, compresi un paio d&#8217;anni di precariato, sempre nelle Segreterie studenti, prima in Ingegneria e poi in Giurisprudenza e Scienze Politiche, poi Scienze Politiche e ora in Economia, Giurisprudenza e Scienze Politiche; mi piace lavorare col pubblico e rispondo sempre al telefono, che siano colleghi o studenti. Sono attivo da molti anni nella Banca Popolare Etica, in cui ho svolto anche ruoli da dirigente nella struttura associativa, come fare il rappresentante dei soci del Centro Italia; ora svolgo attivit\u00e0 solo a livello locale e come formatore dei valutatori sociali della banca. Nel restante tempo libero scrivo giochi &nbsp;e mi occupo di cultura ludica, negli ultimi anni soprattutto di narrative design.<\/em><\/p>\n","protected":false},"excerpt":{"rendered":"<p>La settimana scorsa ho accettato la proposta di alcune compagne e compagni della CGIL di candidarmi al Senato Accademico dell&#8217;Universit\u00e0<\/p>\n","protected":false},"author":1,"featured_media":20506,"comment_status":"open","ping_status":"open","sticky":false,"template":"","format":"standard","meta":{"_mi_skip_tracking":false,"_monsterinsights_sitenote_active":false,"_monsterinsights_sitenote_note":"","_monsterinsights_sitenote_category":0,"jetpack_post_was_ever_published":false,"_jetpack_newsletter_access":"","jetpack_publicize_message":"","jetpack_is_tweetstorm":false,"jetpack_publicize_feature_enabled":true,"jetpack_social_post_already_shared":true,"jetpack_social_options":{"image_generator_settings":{"template":"highway","enabled":false}}},"categories":[52,53,17,16],"tags":[],"jetpack_publicize_connections":[],"jetpack_featured_media_url":"https:\/\/i0.wp.com\/www.robertosedda.it\/wp-content\/uploads\/2024\/06\/IMG_20201123_132353-scaled.jpg?fit=2560%2C1920","jetpack_sharing_enabled":true,"jetpack_shortlink":"https:\/\/wp.me\/p4jV2T-5kI","jetpack_likes_enabled":true,"jetpack-related-posts":[{"id":6560,"url":"http:\/\/www.robertosedda.it\/?p=6560","url_meta":{"origin":20504,"position":0},"title":"Elezione del Comitato Etico: un&#8217;opinione","author":"Rufus","date":"24\/02\/2014","format":false,"excerpt":"Alla prossima Assemblea di Banca popolare Etica sar\u00e0 rinnovato il nostro comitato etico, che ha esaurito il suo mandato triennale. Con gli altri Referenti dei soci delle cinque Aree in cui \u00e8 divisa la banca ho sottoscritto un documento per provare a indirizzare il dibattito elettorale nella direzione secondo noi\u2026","rel":"","context":"In &quot;Banche e finanza&quot;","block_context":{"text":"Banche e finanza","link":"http:\/\/www.robertosedda.it\/?cat=72"},"img":{"alt_text":"","src":"https:\/\/i0.wp.com\/www.robertosedda.it\/wp-content\/uploads\/2014\/02\/Banca-Etica-15-anni.jpg?fit=510%2C250&resize=350%2C200","width":350,"height":200},"classes":[]},{"id":20540,"url":"http:\/\/www.robertosedda.it\/?p=20540","url_meta":{"origin":20504,"position":1},"title":"Oh, comunque poi sono stato eletto (e le cose che ho imparato)","author":"Rufus","date":"20\/06\/2024","format":false,"excerpt":"Come ho raccontato, ero candidato al Senato Accademico come rappresentante del personale tecnico, amministrativo e bibliotecario. \u00c8 andata bene, e sotto trovate la lettera di ringraziamento, se avete curiosit\u00e0. Prima, per\u00f2, vorrei appuntare qui alcune riflessioni che mi sono venute in mente durante la brevissima campagna elettorale. Intanto: \u00e8 molto\u2026","rel":"","context":"In &quot;Coordinate&quot;","block_context":{"text":"Coordinate","link":"http:\/\/www.robertosedda.it\/?cat=52"},"img":{"alt_text":"","src":"https:\/\/i0.wp.com\/www.robertosedda.it\/wp-content\/uploads\/2024\/06\/Elezioni-risultati.jpg?fit=546%2C460&resize=350%2C200","width":350,"height":200},"classes":[]},{"id":11224,"url":"http:\/\/www.robertosedda.it\/?p=11224","url_meta":{"origin":20504,"position":2},"title":"Di assemblee, regolamenti elettorali e teoria dei giochi","author":"Rufus","date":"26\/11\/2015","format":false,"excerpt":"Domani presto prendo l'aereo per poter essere, sabato, all'Assemblea straordinaria di Banca Etica a Padova. Approveremo una serie di modifiche statutarie e il nuovo regolamento per l'elezione del Consiglio di Amministrazione della Banca e io ci devo essere perch\u00e9, in un certo senso, \u00e8 tutta colpa mia. Cio\u00e8, non esageriamo.\u2026","rel":"","context":"In &quot;Coordinate&quot;","block_context":{"text":"Coordinate","link":"http:\/\/www.robertosedda.it\/?cat=52"},"img":{"alt_text":"","src":"https:\/\/i0.wp.com\/www.robertosedda.it\/wp-content\/uploads\/2015\/11\/assemblea.jpg?fit=925%2C250&resize=350%2C200","width":350,"height":200,"srcset":"https:\/\/i0.wp.com\/www.robertosedda.it\/wp-content\/uploads\/2015\/11\/assemblea.jpg?fit=925%2C250&resize=350%2C200 1x, https:\/\/i0.wp.com\/www.robertosedda.it\/wp-content\/uploads\/2015\/11\/assemblea.jpg?fit=925%2C250&resize=700%2C400 2x"},"classes":[]},{"id":11202,"url":"http:\/\/www.robertosedda.it\/?p=11202","url_meta":{"origin":20504,"position":3},"title":"Un gioco per parlare di cose. Quali cose? Tutte!","author":"Rufus","date":"20\/11\/2015","format":false,"excerpt":"Stimolato da una conversazione con un'amica insegnante mi \u00e8 venuto in mente un giochino che vi regalo. \u00c8 stato pensato per stimolare discussioni e dibattiti in ambienti educativi, come ad esempio una classe scolastica, per esempio per stimolare degli adolescenti a chiarire a un adulto la loro visione del mondo.\u2026","rel":"","context":"In &quot;Coordinate&quot;","block_context":{"text":"Coordinate","link":"http:\/\/www.robertosedda.it\/?cat=52"},"img":{"alt_text":"","src":"https:\/\/i0.wp.com\/www.robertosedda.it\/wp-content\/uploads\/2015\/11\/ALIM2210.jpg?resize=350%2C200","width":350,"height":200,"srcset":"https:\/\/i0.wp.com\/www.robertosedda.it\/wp-content\/uploads\/2015\/11\/ALIM2210.jpg?resize=350%2C200 1x, https:\/\/i0.wp.com\/www.robertosedda.it\/wp-content\/uploads\/2015\/11\/ALIM2210.jpg?resize=700%2C400 2x, https:\/\/i0.wp.com\/www.robertosedda.it\/wp-content\/uploads\/2015\/11\/ALIM2210.jpg?resize=1050%2C600 3x, https:\/\/i0.wp.com\/www.robertosedda.it\/wp-content\/uploads\/2015\/11\/ALIM2210.jpg?resize=1400%2C800 4x"},"classes":[]},{"id":6491,"url":"http:\/\/www.robertosedda.it\/?p=6491","url_meta":{"origin":20504,"position":4},"title":"Mi espongo alla berlina: elezioni regionali","author":"Rufus","date":"18\/02\/2014","format":false,"excerpt":"Ai bei vecchi tempi di it.arti.cinema si usava il tag \"miespongoallaberlina\" per introdurre post in cui si lodavano film universalmente considerati brutti o si facevano altre cose estremamente imprudenti. Lo metto come titolo a questo articolo perch\u00e9 sto per fare una cosa che davvero non si dovrebbe fare: commentare i\u2026","rel":"","context":"In &quot;Coordinate&quot;","block_context":{"text":"Coordinate","link":"http:\/\/www.robertosedda.it\/?cat=52"},"img":{"alt_text":"","src":"https:\/\/i0.wp.com\/www.robertosedda.it\/wp-content\/uploads\/2014\/02\/Vittoria-Pigliaru.jpg?fit=960%2C637&resize=350%2C200","width":350,"height":200,"srcset":"https:\/\/i0.wp.com\/www.robertosedda.it\/wp-content\/uploads\/2014\/02\/Vittoria-Pigliaru.jpg?fit=960%2C637&resize=350%2C200 1x, https:\/\/i0.wp.com\/www.robertosedda.it\/wp-content\/uploads\/2014\/02\/Vittoria-Pigliaru.jpg?fit=960%2C637&resize=700%2C400 2x"},"classes":[]},{"id":11956,"url":"http:\/\/www.robertosedda.it\/?p=11956","url_meta":{"origin":20504,"position":5},"title":"Appello a un voto che non \u00e8 per me","author":"Rufus","date":"17\/05\/2016","format":false,"excerpt":"L'altro giorno ha suscitato panico l'idea, da me abilmente suggerita, che volessi candidarmi al Consiglio comunale.\u00a0Adesso passo direttamente all'appello al voto; ma \u00e8 per delle elezioni importanti, nelle quali per\u00f2\u00a0non sono candidato io (per fortuna di tutti). Per\u00f2 l'appello vale lo stesso e la lista, coi meccanismi partecipativi propri della\u2026","rel":"","context":"In &quot;Coordinate&quot;","block_context":{"text":"Coordinate","link":"http:\/\/www.robertosedda.it\/?cat=52"},"img":{"alt_text":"","src":"https:\/\/i0.wp.com\/www.robertosedda.it\/wp-content\/uploads\/2016\/05\/Dentico.jpg?fit=400%2C400&resize=350%2C200","width":350,"height":200},"classes":[]}],"_links":{"self":[{"href":"http:\/\/www.robertosedda.it\/index.php?rest_route=\/wp\/v2\/posts\/20504"}],"collection":[{"href":"http:\/\/www.robertosedda.it\/index.php?rest_route=\/wp\/v2\/posts"}],"about":[{"href":"http:\/\/www.robertosedda.it\/index.php?rest_route=\/wp\/v2\/types\/post"}],"author":[{"embeddable":true,"href":"http:\/\/www.robertosedda.it\/index.php?rest_route=\/wp\/v2\/users\/1"}],"replies":[{"embeddable":true,"href":"http:\/\/www.robertosedda.it\/index.php?rest_route=%2Fwp%2Fv2%2Fcomments&post=20504"}],"version-history":[{"count":2,"href":"http:\/\/www.robertosedda.it\/index.php?rest_route=\/wp\/v2\/posts\/20504\/revisions"}],"predecessor-version":[{"id":20508,"href":"http:\/\/www.robertosedda.it\/index.php?rest_route=\/wp\/v2\/posts\/20504\/revisions\/20508"}],"wp:featuredmedia":[{"embeddable":true,"href":"http:\/\/www.robertosedda.it\/index.php?rest_route=\/wp\/v2\/media\/20506"}],"wp:attachment":[{"href":"http:\/\/www.robertosedda.it\/index.php?rest_route=%2Fwp%2Fv2%2Fmedia&parent=20504"}],"wp:term":[{"taxonomy":"category","embeddable":true,"href":"http:\/\/www.robertosedda.it\/index.php?rest_route=%2Fwp%2Fv2%2Fcategories&post=20504"},{"taxonomy":"post_tag","embeddable":true,"href":"http:\/\/www.robertosedda.it\/index.php?rest_route=%2Fwp%2Fv2%2Ftags&post=20504"}],"curies":[{"name":"wp","href":"https:\/\/api.w.org\/{rel}","templated":true}]}}