{"id":20474,"date":"2024-04-24T11:34:39","date_gmt":"2024-04-24T09:34:39","guid":{"rendered":"https:\/\/www.robertosedda.it\/?p=20474"},"modified":"2025-08-29T15:21:58","modified_gmt":"2025-08-29T13:21:58","slug":"storia-di-marco","status":"publish","type":"post","link":"http:\/\/www.robertosedda.it\/?p=20474","title":{"rendered":"Storia di Marco"},"content":{"rendered":"\n<p>\u00c8 per me un periodo intenso sulle narrazioni per videogame, e perci\u00f2 \u00e8 qualche mese che sono bello carico sulle storie, che mi frullano in testa ogni momento. Soprattutto, mi vengono in mente a getto continuo esercizietti e giochini narrativi con cui sbilanciare potenziali partecipanti a attivit\u00e0 formative, che conservo religiosamente in attesa della buona occasione.<\/p>\n\n\n\n<p>Dato che il <em>blog<\/em> mi serve, com&#8217;\u00e8 noto, per tenere conto delle cose che scrivo e spargo per ogni dove, propongo uno dei <em>quiz<\/em> anche qui, pensando che possa interessare a qualcuno.<\/p>\n\n\n\n<h2>Storia di Marco<\/h2>\n\n\n\n<blockquote class=\"wp-block-quote\">\n<p>Marco vive da qualche parte nella Pianura Padana, in una citt\u00e0 di media grandezza. Il suo mondo \u00e8 fatto di palazzoni di periferia, cielo grigio, nebbia, inquinamento.<\/p>\n\n\n\n<p>Tutti i giorni Marco va a scuola. Per arrivarci attraversa un pezzo di zona industriale, parcheggi sterminati, cemento, cani di merda che abbaiano dietro le cancellate di capannoni tutti uguali. Immigrati chini di fatica che vanno al lavoro chiss\u00e0 dove. Marco attraversa la zona a testa bassa, sempre da solo.<\/p>\n<\/blockquote>\n\n\n\n<figure class=\"wp-block-image alignright size-medium\"><img data-attachment-id=\"20475\" data-permalink=\"http:\/\/www.robertosedda.it\/?attachment_id=20475\" data-orig-file=\"https:\/\/i0.wp.com\/www.robertosedda.it\/wp-content\/uploads\/2024\/04\/d702bf53b62e4327970de4215a57a5af-scaled.webp?fit=1778%2C2560\" data-orig-size=\"1778,2560\" data-comments-opened=\"1\" data-image-meta=\"{&quot;aperture&quot;:&quot;0&quot;,&quot;credit&quot;:&quot;&quot;,&quot;camera&quot;:&quot;&quot;,&quot;caption&quot;:&quot;&quot;,&quot;created_timestamp&quot;:&quot;0&quot;,&quot;copyright&quot;:&quot;&quot;,&quot;focal_length&quot;:&quot;0&quot;,&quot;iso&quot;:&quot;0&quot;,&quot;shutter_speed&quot;:&quot;0&quot;,&quot;title&quot;:&quot;&quot;,&quot;orientation&quot;:&quot;0&quot;}\" data-image-title=\"d702bf53b62e4327970de4215a57a5af\" data-image-description=\"\" data-image-caption=\"\" data-medium-file=\"https:\/\/i0.wp.com\/www.robertosedda.it\/wp-content\/uploads\/2024\/04\/d702bf53b62e4327970de4215a57a5af-scaled.webp?fit=208%2C300\" data-large-file=\"https:\/\/i0.wp.com\/www.robertosedda.it\/wp-content\/uploads\/2024\/04\/d702bf53b62e4327970de4215a57a5af-scaled.webp?fit=510%2C734\" decoding=\"async\" loading=\"lazy\" width=\"208\" height=\"300\" src=\"https:\/\/i0.wp.com\/www.robertosedda.it\/wp-content\/uploads\/2024\/04\/d702bf53b62e4327970de4215a57a5af-208x300.webp?resize=208%2C300&#038;ssl=1\" alt=\"\" class=\"wp-image-20475\" srcset=\"https:\/\/i0.wp.com\/www.robertosedda.it\/wp-content\/uploads\/2024\/04\/d702bf53b62e4327970de4215a57a5af-scaled.webp?resize=208%2C300 208w, https:\/\/i0.wp.com\/www.robertosedda.it\/wp-content\/uploads\/2024\/04\/d702bf53b62e4327970de4215a57a5af-scaled.webp?resize=510%2C734 510w, https:\/\/i0.wp.com\/www.robertosedda.it\/wp-content\/uploads\/2024\/04\/d702bf53b62e4327970de4215a57a5af-scaled.webp?resize=104%2C150 104w, https:\/\/i0.wp.com\/www.robertosedda.it\/wp-content\/uploads\/2024\/04\/d702bf53b62e4327970de4215a57a5af-scaled.webp?resize=1067%2C1536 1067w, https:\/\/i0.wp.com\/www.robertosedda.it\/wp-content\/uploads\/2024\/04\/d702bf53b62e4327970de4215a57a5af-scaled.webp?resize=1422%2C2048 1422w, https:\/\/i0.wp.com\/www.robertosedda.it\/wp-content\/uploads\/2024\/04\/d702bf53b62e4327970de4215a57a5af-scaled.webp?w=1778 1778w, https:\/\/i0.wp.com\/www.robertosedda.it\/wp-content\/uploads\/2024\/04\/d702bf53b62e4327970de4215a57a5af-scaled.webp?w=1600 1600w\" sizes=\"(max-width: 208px) 100vw, 208px\" data-recalc-dims=\"1\" \/><\/figure>\n\n\n\n<p>Marco \u00e8 quello che vedete nella foto. La foto non c&#8217;entra (quasi) niente, \u00e8 una pubblicit\u00e0 della Zalando trovata in rete, mi serve per dare un&#8217;impressione.<\/p>\n\n\n\n<blockquote class=\"wp-block-quote\">\n<p>Un giorno Marco incontra una ragazza. lei \u00e8 pi\u00f9 grande, bellissima, sofisticata. E gli rivolge la parola; gli dice che non \u00e8 a suo agio a camminare da sola da quelle parti, gli chiede se possono fare un pezzo di strada assieme.<\/p>\n\n\n\n<p>Mentre camminano i due parlano, parlano. La ragazza sembra sinceramente interessata a Marco, alla sua vita, alle sue aspirazioni. Marco \u00e8 entusiasta che una ragazza cos\u00ec lo ascolti in questo modo.<\/p>\n\n\n\n<p>Dopo quel giorno i due si incrociano altre volte, sempre nella zona industriale. Marco \u00e8 felice.<\/p>\n<\/blockquote>\n\n\n\n<p>La ragazza \u00e8 quella che vedete qui sotto (\u00e8 Tricia Helfer, la Numero 6 di <em>Battlestar Galactica<\/em>). Ovviamente quando Marco la incontra \u00e8 vestita in maniera normale, ma mi serve per far apprezzare il tipo di presenza fisica e di carisma.<\/p>\n\n\n\n<figure class=\"wp-block-image aligncenter size-full\"><img data-attachment-id=\"20477\" data-permalink=\"http:\/\/www.robertosedda.it\/?attachment_id=20477\" data-orig-file=\"https:\/\/i0.wp.com\/www.robertosedda.it\/wp-content\/uploads\/2024\/04\/Lei-storia.jpg?fit=1920%2C1080\" data-orig-size=\"1920,1080\" data-comments-opened=\"1\" data-image-meta=\"{&quot;aperture&quot;:&quot;0&quot;,&quot;credit&quot;:&quot;&quot;,&quot;camera&quot;:&quot;&quot;,&quot;caption&quot;:&quot;&quot;,&quot;created_timestamp&quot;:&quot;0&quot;,&quot;copyright&quot;:&quot;&quot;,&quot;focal_length&quot;:&quot;0&quot;,&quot;iso&quot;:&quot;0&quot;,&quot;shutter_speed&quot;:&quot;0&quot;,&quot;title&quot;:&quot;&quot;,&quot;orientation&quot;:&quot;0&quot;}\" data-image-title=\"Lei-storia\" data-image-description=\"\" data-image-caption=\"\" data-medium-file=\"https:\/\/i0.wp.com\/www.robertosedda.it\/wp-content\/uploads\/2024\/04\/Lei-storia.jpg?fit=300%2C169\" data-large-file=\"https:\/\/i0.wp.com\/www.robertosedda.it\/wp-content\/uploads\/2024\/04\/Lei-storia.jpg?fit=510%2C287\" decoding=\"async\" loading=\"lazy\" width=\"800\" height=\"450\" src=\"https:\/\/i0.wp.com\/www.robertosedda.it\/wp-content\/uploads\/2024\/04\/Lei-storia.jpg?resize=800%2C450&#038;ssl=1\" alt=\"\" class=\"wp-image-20477\" srcset=\"https:\/\/i0.wp.com\/www.robertosedda.it\/wp-content\/uploads\/2024\/04\/Lei-storia.jpg?w=1920 1920w, https:\/\/i0.wp.com\/www.robertosedda.it\/wp-content\/uploads\/2024\/04\/Lei-storia.jpg?resize=300%2C169 300w, https:\/\/i0.wp.com\/www.robertosedda.it\/wp-content\/uploads\/2024\/04\/Lei-storia.jpg?resize=510%2C287 510w, https:\/\/i0.wp.com\/www.robertosedda.it\/wp-content\/uploads\/2024\/04\/Lei-storia.jpg?resize=150%2C84 150w, https:\/\/i0.wp.com\/www.robertosedda.it\/wp-content\/uploads\/2024\/04\/Lei-storia.jpg?resize=1536%2C864 1536w, https:\/\/i0.wp.com\/www.robertosedda.it\/wp-content\/uploads\/2024\/04\/Lei-storia.jpg?w=1600 1600w\" sizes=\"(max-width: 800px) 100vw, 800px\" data-recalc-dims=\"1\" \/><\/figure>\n\n\n\n<blockquote class=\"wp-block-quote\">\n<p>Un giorno Marco arriva a scuola e si accorge che non ha pi\u00f9 un quaderno. \u00c8 strano, perch\u00e9 \u00e8 sicuro di averlo messo in borsa la sera prima.<\/p>\n\n\n\n<p>Anzi, gli sembra di averlo visto anche la mattina, quando si \u00e8 fermato a fare colazione con la ragazza, al bar alla fine della zona industriale. \u00c8 davvero strano.<\/p>\n\n\n\n<p>Quando torna a casa, di pomeriggio, ad aspettarlo trova sua madre e la ragazza. Sono sedute in cucina e chiacchierano. Sua madre sembra entusiasta di avere conosciuto questa bella ragazza, cos\u00ec simpatica e educata.<\/p>\n\n\n\n<p>\u00abVieni Marco\u00bb, gli dice. \u00abGuarda, ha perso un quaderno e questa signorina \u00e8 stata cos\u00ec gentile da riportartelo\u00bb.<\/p>\n<\/blockquote>\n\n\n\n<p>\u00c8 a questo punto la domanda \u00e8: quale famosissima storia sto raccontando, e come andr\u00e0 presumibilmente a finire?<\/p>\n","protected":false},"excerpt":{"rendered":"<p>\u00c8 per me un periodo intenso sulle narrazioni per videogame, e perci\u00f2 \u00e8 qualche mese che sono bello carico sulle<\/p>\n","protected":false},"author":1,"featured_media":20477,"comment_status":"open","ping_status":"open","sticky":false,"template":"","format":"standard","meta":{"_mi_skip_tracking":false,"_monsterinsights_sitenote_active":false,"_monsterinsights_sitenote_note":"","_monsterinsights_sitenote_category":0,"jetpack_post_was_ever_published":false,"_jetpack_newsletter_access":"","jetpack_publicize_message":"Piccolissimo esercizio di narrative design: che famosissima storia sto raccontando, giusto un po' mascherata?","jetpack_is_tweetstorm":false,"jetpack_publicize_feature_enabled":true,"jetpack_social_post_already_shared":false,"jetpack_social_options":{"image_generator_settings":{"template":"highway","enabled":false}}},"categories":[52,56,82,18,16],"tags":[],"jetpack_publicize_connections":[],"jetpack_featured_media_url":"https:\/\/i0.wp.com\/www.robertosedda.it\/wp-content\/uploads\/2024\/04\/Lei-storia.jpg?fit=1920%2C1080","jetpack_sharing_enabled":true,"jetpack_shortlink":"https:\/\/wp.me\/p4jV2T-5ke","jetpack_likes_enabled":true,"jetpack-related-posts":[{"id":15736,"url":"http:\/\/www.robertosedda.it\/?p=15736","url_meta":{"origin":20474,"position":0},"title":"La caccia all&#8217;orso e Giulio Cesare","author":"Rufus","date":"12\/10\/2018","format":false,"excerpt":"Volevo segnalare agli anglofoni che su Slate \u00e8 appena terminata una serie di podcast intitolata Lend me your ears (\"Prestatemi orecchio\", dal discorso di Marco Antonio), che esplora il modo col quale Shakespeare si \u00e8 confrontato con la politica del suo tempo e come i suoi lettori hanno usato le\u2026","rel":"","context":"In &quot;Coordinate&quot;","block_context":{"text":"Coordinate","link":"http:\/\/www.robertosedda.it\/?cat=52"},"img":{"alt_text":"","src":"https:\/\/i0.wp.com\/www.robertosedda.it\/wp-content\/uploads\/2018\/10\/Julius-Caesar-in-the-park.jpg?fit=1200%2C773&resize=350%2C200","width":350,"height":200,"srcset":"https:\/\/i0.wp.com\/www.robertosedda.it\/wp-content\/uploads\/2018\/10\/Julius-Caesar-in-the-park.jpg?fit=1200%2C773&resize=350%2C200 1x, https:\/\/i0.wp.com\/www.robertosedda.it\/wp-content\/uploads\/2018\/10\/Julius-Caesar-in-the-park.jpg?fit=1200%2C773&resize=700%2C400 2x, https:\/\/i0.wp.com\/www.robertosedda.it\/wp-content\/uploads\/2018\/10\/Julius-Caesar-in-the-park.jpg?fit=1200%2C773&resize=1050%2C600 3x"},"classes":[]},{"id":1172,"url":"http:\/\/www.robertosedda.it\/?p=1172","url_meta":{"origin":20474,"position":1},"title":"Cate che avr\u00e0 vent&#8217;anni nel 2020","author":"Rufus","date":"27\/10\/2012","format":"video","excerpt":"Bellas mariposas (Salvatore Mereu, 2012) Caterina ha dodici anni e vive in una famiglia disfunzionale, in un condominio disfunzionale abitato da altre famiglie disfunzionali, in un quartiere disfunzionale, periferia di una citt\u00e0 bellissima che fa finta che quel quartiere - e i suoi abitanti - non esista. Quando dico disfunzionale,\u2026","rel":"","context":"In &quot;Coordinate&quot;","block_context":{"text":"Coordinate","link":"http:\/\/www.robertosedda.it\/?cat=52"},"img":{"alt_text":"","src":"https:\/\/i0.wp.com\/www.robertosedda.it\/wp-content\/uploads\/2012\/10\/bellasmari.jpg_415368877.jpg?resize=350%2C200","width":350,"height":200},"classes":[]},{"id":15271,"url":"http:\/\/www.robertosedda.it\/?p=15271","url_meta":{"origin":20474,"position":2},"title":"Sintesi perfette","author":"Rufus","date":"28\/05\/2018","format":false,"excerpt":"Quest'estate, nella bolgia della Festa dell'Unit\u00e0 ai vecchi mercati generali, un ragazzo e una ragazza si guardavano attorno cercando gli altri amici del loro gruppo, evidentemente dispersi tra la folla. I due allungavano il collo, frugavano con gli occhi qua e l\u00e0: niente. Allora il ragazzo si \u00e8 rivolto cos\u00ec\u2026","rel":"","context":"In &quot;Coordinate&quot;","block_context":{"text":"Coordinate","link":"http:\/\/www.robertosedda.it\/?cat=52"},"img":{"alt_text":"","src":"https:\/\/i0.wp.com\/www.robertosedda.it\/wp-content\/uploads\/2018\/05\/Isole-Lodoli.jpg?fit=290%2C475&resize=350%2C200","width":350,"height":200},"classes":[]},{"id":1535,"url":"http:\/\/www.robertosedda.it\/?p=1535","url_meta":{"origin":20474,"position":3},"title":"Un fil di fumo","author":"Rufus","date":"29\/11\/2012","format":false,"excerpt":"Odore di chiuso di Marco Malvaldi (Sellerio 2011) Odore di chiuso di Marco Malvaldi me l'ha regalato mia madre. Perch\u00e9 nel romanzo c'\u00e8 l'Artusi (Pellegrino Artusi, quello de La scienza in cucina e l'arte di mangiar bene) che \u00e8 sempre stato un eroe familiare (niente facili ironie sul mio peso\u2026","rel":"","context":"In &quot;Coordinate&quot;","block_context":{"text":"Coordinate","link":"http:\/\/www.robertosedda.it\/?cat=52"},"img":{"alt_text":"","src":"https:\/\/i0.wp.com\/www.robertosedda.it\/wp-content\/uploads\/2012\/11\/1499-3.jpg?fit=223%2C313&resize=350%2C200","width":350,"height":200},"classes":[]},{"id":20459,"url":"http:\/\/www.robertosedda.it\/?p=20459","url_meta":{"origin":20474,"position":4},"title":"Al comando di una nave militare","author":"Rufus","date":"16\/01\/2024","format":false,"excerpt":"L'altra notte ho sognato che mi avevano dato il comando di una nave militare. Una bella nave, grande come una fregata o un cacciatorpediniere, che nel sogno aveva l'aspetto di questa, che ho visto dipinta sul muro di una vecchia casermetta dell'antiaerea. Per\u00f2 meno fascista, ovvio. Nel sogno ero proprio\u2026","rel":"","context":"In &quot;Coordinate&quot;","block_context":{"text":"Coordinate","link":"http:\/\/www.robertosedda.it\/?cat=52"},"img":{"alt_text":"","src":"https:\/\/i0.wp.com\/www.robertosedda.it\/wp-content\/uploads\/2024\/01\/La-mia-nave.jpg?fit=1200%2C543&resize=350%2C200","width":350,"height":200,"srcset":"https:\/\/i0.wp.com\/www.robertosedda.it\/wp-content\/uploads\/2024\/01\/La-mia-nave.jpg?fit=1200%2C543&resize=350%2C200 1x, https:\/\/i0.wp.com\/www.robertosedda.it\/wp-content\/uploads\/2024\/01\/La-mia-nave.jpg?fit=1200%2C543&resize=700%2C400 2x, https:\/\/i0.wp.com\/www.robertosedda.it\/wp-content\/uploads\/2024\/01\/La-mia-nave.jpg?fit=1200%2C543&resize=1050%2C600 3x"},"classes":[]},{"id":4447,"url":"http:\/\/www.robertosedda.it\/?p=4447","url_meta":{"origin":20474,"position":5},"title":"L&#8217;arbitro","author":"Rufus","date":"16\/09\/2013","format":"video","excerpt":"Sembra scritto dalla penna di Osvaldo Soriano (e infatti mi \u00e8 subito venuta voglia di rileggere Futbol) L'arbitro di Paolo Zucca. Come faceva Soriano, infatti, Zucca (e Barbara Alberti, co-sceneggiatrice) prende una vicenda di calcio con tutti i suoi classici addentellati - la rivalit\u00e0 fra le tifoserie, gli allenatori come\u2026","rel":"","context":"In &quot;Coordinate&quot;","block_context":{"text":"Coordinate","link":"http:\/\/www.robertosedda.it\/?cat=52"},"img":{"alt_text":"","src":"https:\/\/i0.wp.com\/www.robertosedda.it\/wp-content\/uploads\/2013\/09\/Soriano-Futbol.jpg?fit=458%2C744&resize=350%2C200","width":350,"height":200},"classes":[]}],"_links":{"self":[{"href":"http:\/\/www.robertosedda.it\/index.php?rest_route=\/wp\/v2\/posts\/20474"}],"collection":[{"href":"http:\/\/www.robertosedda.it\/index.php?rest_route=\/wp\/v2\/posts"}],"about":[{"href":"http:\/\/www.robertosedda.it\/index.php?rest_route=\/wp\/v2\/types\/post"}],"author":[{"embeddable":true,"href":"http:\/\/www.robertosedda.it\/index.php?rest_route=\/wp\/v2\/users\/1"}],"replies":[{"embeddable":true,"href":"http:\/\/www.robertosedda.it\/index.php?rest_route=%2Fwp%2Fv2%2Fcomments&post=20474"}],"version-history":[{"count":4,"href":"http:\/\/www.robertosedda.it\/index.php?rest_route=\/wp\/v2\/posts\/20474\/revisions"}],"predecessor-version":[{"id":20563,"href":"http:\/\/www.robertosedda.it\/index.php?rest_route=\/wp\/v2\/posts\/20474\/revisions\/20563"}],"wp:featuredmedia":[{"embeddable":true,"href":"http:\/\/www.robertosedda.it\/index.php?rest_route=\/wp\/v2\/media\/20477"}],"wp:attachment":[{"href":"http:\/\/www.robertosedda.it\/index.php?rest_route=%2Fwp%2Fv2%2Fmedia&parent=20474"}],"wp:term":[{"taxonomy":"category","embeddable":true,"href":"http:\/\/www.robertosedda.it\/index.php?rest_route=%2Fwp%2Fv2%2Fcategories&post=20474"},{"taxonomy":"post_tag","embeddable":true,"href":"http:\/\/www.robertosedda.it\/index.php?rest_route=%2Fwp%2Fv2%2Ftags&post=20474"}],"curies":[{"name":"wp","href":"https:\/\/api.w.org\/{rel}","templated":true}]}}