{"id":20133,"date":"2023-06-21T10:16:52","date_gmt":"2023-06-21T08:16:52","guid":{"rendered":"http:\/\/www.robertosedda.it\/?p=20133"},"modified":"2023-07-06T11:35:58","modified_gmt":"2023-07-06T09:35:58","slug":"dilemma-e-rammarico","status":"publish","type":"post","link":"http:\/\/www.robertosedda.it\/?p=20133","title":{"rendered":"Dilemma e rammarico"},"content":{"rendered":"\n<figure class=\"wp-block-image alignwide size-full\"><img data-attachment-id=\"20134\" data-permalink=\"http:\/\/www.robertosedda.it\/?attachment_id=20134\" data-orig-file=\"https:\/\/i0.wp.com\/www.robertosedda.it\/wp-content\/uploads\/2023\/06\/IMG_20230618_173840.jpg?fit=1043%2C554\" data-orig-size=\"1043,554\" data-comments-opened=\"1\" data-image-meta=\"{&quot;aperture&quot;:&quot;0&quot;,&quot;credit&quot;:&quot;&quot;,&quot;camera&quot;:&quot;&quot;,&quot;caption&quot;:&quot;&quot;,&quot;created_timestamp&quot;:&quot;1687341074&quot;,&quot;copyright&quot;:&quot;&quot;,&quot;focal_length&quot;:&quot;0&quot;,&quot;iso&quot;:&quot;0&quot;,&quot;shutter_speed&quot;:&quot;0&quot;,&quot;title&quot;:&quot;&quot;,&quot;orientation&quot;:&quot;1&quot;}\" data-image-title=\"IMG_20230618_173840\" data-image-description=\"\" data-image-caption=\"\" data-medium-file=\"https:\/\/i0.wp.com\/www.robertosedda.it\/wp-content\/uploads\/2023\/06\/IMG_20230618_173840.jpg?fit=300%2C159\" data-large-file=\"https:\/\/i0.wp.com\/www.robertosedda.it\/wp-content\/uploads\/2023\/06\/IMG_20230618_173840.jpg?fit=510%2C271\" decoding=\"async\" loading=\"lazy\" width=\"800\" height=\"425\" src=\"https:\/\/i0.wp.com\/www.robertosedda.it\/wp-content\/uploads\/2023\/06\/IMG_20230618_173840.jpg?resize=800%2C425\" alt=\"\" class=\"wp-image-20134\" srcset=\"https:\/\/i0.wp.com\/www.robertosedda.it\/wp-content\/uploads\/2023\/06\/IMG_20230618_173840.jpg?w=1043 1043w, https:\/\/i0.wp.com\/www.robertosedda.it\/wp-content\/uploads\/2023\/06\/IMG_20230618_173840.jpg?resize=300%2C159 300w, https:\/\/i0.wp.com\/www.robertosedda.it\/wp-content\/uploads\/2023\/06\/IMG_20230618_173840.jpg?resize=510%2C271 510w, https:\/\/i0.wp.com\/www.robertosedda.it\/wp-content\/uploads\/2023\/06\/IMG_20230618_173840.jpg?resize=150%2C80 150w\" sizes=\"(max-width: 800px) 100vw, 800px\" data-recalc-dims=\"1\" \/><\/figure>\n\n\n\n<p>Sono seduto su una panchina al Poetto intento a togliermi la sabbia dai piedi prima di salire in autobus. Percepisco dietro di me tre ragazzi che cazzeggiano; uno \u00e8 particolarmente rumoroso, si capisce che sta facendo lo <em>show<\/em> &#8211; per s\u00e9, per gli altri e per un pubblico invisibile.<\/p>\n\n\n\n<p>Proprio mentre sto passando dal piede destro al sinistro il ragazzo decide che \u00e8 ora di andarsene. Segue un momento in cui i tre si mandano reciprocamente e fraternamente a quel paese, alternando con darsi appuntamenti serali per cose improbabili, risse, ubriacature (ok, forse non <em>cos\u00ec<\/em> improbabili) finch\u00e9 anche questa fase di saluti, se Dio vuole, passa, e giunge il silenzio.<\/p>\n\n\n\n<p>Il quale silenzio, si vede, inviata alle confidenze, o forse \u00e8 che andato via il buffone del gruppo finalmente si pu\u00f2 passare alle cose serie e quindi alle mie spalle si svolge il seguente dialogo, che riporto esattamente parola per parola (a parte l&#8217;inizio, che mi sono perso).<\/p>\n\n\n\n<p>\u00abCio\u00e8, ho l&#8217;impressione di non andare da nessuna parte\u00bb.<\/p>\n\n\n\n<p>\u00ab&#8230;\u00bb<\/p>\n\n\n\n<p>\u00abMah, l&#8217;altro giorno le ho chiesto se voleva che le spalmassi la crema solare e se l&#8217;\u00e8 fatta spalmare, ma non so, ho l&#8217;impressione di stare perdendo tempo\u00bb.<\/p>\n\n\n\n<p>pausa.<\/p>\n\n\n\n<p>\u00abCio\u00e8, ho la sensazione di stare perdendo tempo, e non vorrei che poi mi sia rovinato l&#8217;ultima estate prima della maturit\u00e0 andando dietro a una che non mi cagava\u00bb.<\/p>\n\n\n\n<p>\u00abBeh, certo, quello sarebbe il rammarico pi\u00f9 grande\u00bb.<\/p>\n\n\n\n<p>\u00abE per\u00f2 non vorrei neanche che invece mi sbagasso tutta l&#8217;estate e invece poteva essere una storia seria\u00bb.<\/p>\n\n\n\n<p>\u00abGuarda, io ti posso dire questo&#8230;\u00bb.<\/p>\n\n\n\n<p>A quel punto \u00e8 arrivato l&#8217;autobus. Non sapremo mai quale potesse essere il consiglio.<\/p>\n","protected":false},"excerpt":{"rendered":"<p>Sono seduto su una panchina al Poetto intento a togliermi la sabbia dai piedi prima di salire in autobus. Percepisco<\/p>\n","protected":false},"author":1,"featured_media":20134,"comment_status":"open","ping_status":"open","sticky":false,"template":"","format":"standard","meta":{"_mi_skip_tracking":false,"_monsterinsights_sitenote_active":false,"_monsterinsights_sitenote_note":"","_monsterinsights_sitenote_category":0,"jetpack_post_was_ever_published":false,"_jetpack_newsletter_access":"","jetpack_publicize_message":"il dubbio del diciottenne \u00e8 quello eterno, e riguarda lei e le sue intenzioni. Il dubbio di chi ascolta \u00e8: \u00abChe avr\u00e0 mai di speciale \"l'ultima estate prima della maturit\u00e0\u00bb?","jetpack_is_tweetstorm":false,"jetpack_publicize_feature_enabled":true,"jetpack_social_post_already_shared":false,"jetpack_social_options":{"image_generator_settings":{"template":"highway","enabled":false}}},"categories":[52,56,18,61,16],"tags":[],"jetpack_publicize_connections":[],"jetpack_featured_media_url":"https:\/\/i0.wp.com\/www.robertosedda.it\/wp-content\/uploads\/2023\/06\/IMG_20230618_173840.jpg?fit=1043%2C554","jetpack_sharing_enabled":true,"jetpack_shortlink":"https:\/\/wp.me\/p4jV2T-5eJ","jetpack_likes_enabled":true,"jetpack-related-posts":[{"id":9685,"url":"http:\/\/www.robertosedda.it\/?p=9685","url_meta":{"origin":20133,"position":0},"title":"La cavalleria \u00e8 morta","author":"Rufus","date":"26\/02\/2015","format":false,"excerpt":"Mercoled\u00ec della settimana scorsa sono stato a Roma per una riunione di Banca Etica. Casualmente ho viaggiato con RyanAir e altrettanto casualmente sono rimasto impigliato nei controlli di sicurezza e sono arrivato al gate fra gli ultimi. Poco avanti a me una ragazza con un trolley piuttosto voluminoso, del quale\u2026","rel":"","context":"In &quot;Coordinate&quot;","block_context":{"text":"Coordinate","link":"http:\/\/www.robertosedda.it\/?cat=52"},"img":{"alt_text":"","src":"https:\/\/i0.wp.com\/www.robertosedda.it\/wp-content\/uploads\/2015\/02\/Fatina-buona.jpg?fit=640%2C480&resize=350%2C200","width":350,"height":200},"classes":[]},{"id":14699,"url":"http:\/\/www.robertosedda.it\/?p=14699","url_meta":{"origin":20133,"position":1},"title":"Dovevano metterci per forza  l&#8217;avventura e rovinarlo?!","author":"Rufus","date":"16\/02\/2018","format":"video","excerpt":"Cloverfield (Reeves, USA 2008) https:\/\/www.youtube.com\/watch?v=bclgFIznm_I Ho recuperato Cloverfield che non avevo mai visto in una visione coi Fabbricastorie sapendone il giusto, cio\u00e8 che era girato in soggettiva come The Blair Witch Project e che, da qualche parte, c'era un ponte. In realt\u00e0 il punto pi\u00f9 interessante arriva presto, quando fortissima\u2026","rel":"","context":"In &quot;Cappe e spade&quot;","block_context":{"text":"Cappe e spade","link":"http:\/\/www.robertosedda.it\/?cat=70"},"img":{"alt_text":"","src":"https:\/\/i0.wp.com\/www.robertosedda.it\/wp-content\/uploads\/2022\/02\/cloverfield.jpg?fit=1200%2C675&resize=350%2C200","width":350,"height":200,"srcset":"https:\/\/i0.wp.com\/www.robertosedda.it\/wp-content\/uploads\/2022\/02\/cloverfield.jpg?fit=1200%2C675&resize=350%2C200 1x, https:\/\/i0.wp.com\/www.robertosedda.it\/wp-content\/uploads\/2022\/02\/cloverfield.jpg?fit=1200%2C675&resize=700%2C400 2x, https:\/\/i0.wp.com\/www.robertosedda.it\/wp-content\/uploads\/2022\/02\/cloverfield.jpg?fit=1200%2C675&resize=1050%2C600 3x"},"classes":[]},{"id":1195,"url":"http:\/\/www.robertosedda.it\/?p=1195","url_meta":{"origin":20133,"position":2},"title":"Di canoni sherlockiani, ragazze ebree e della differenza fra gialli e romanzi d&#8217;avventura","author":"Rufus","date":"02\/11\/2012","format":false,"excerpt":"The beekeeper's apprentice, di Laurie R. King, \u00e8 il primo di una serie di romanzi con protagonista Mary Russell, pubblicato nell'ormai lontano 1994. Le storie di Mary contano ormai una dozzina di episodi e, senza essere mai arrivate alla grande notoriet\u00e0, godono di una solida cerchia di estimatori: proprio quel\u2026","rel":"","context":"In &quot;Coordinate&quot;","block_context":{"text":"Coordinate","link":"http:\/\/www.robertosedda.it\/?cat=52"},"img":{"alt_text":"","src":"","width":0,"height":0},"classes":[]},{"id":4927,"url":"http:\/\/www.robertosedda.it\/?p=4927","url_meta":{"origin":20133,"position":3},"title":"Cosa da fare a Cagliari in questo periodo","author":"Rufus","date":"06\/11\/2013","format":false,"excerpt":"Domenica in cimitero ho notato che c'era una Ceiba speciosa in fiore. La Ceiba \u00e8 quello che chiamano \"albero bottiglia\" perch\u00e9 il tronco ha una forma caratteristica, \"panciuta\". Sono per capirci quegli alberi caratterizzati, oltre che dal tronco che si allarga a un certo punto, dalla corteccia ricoperta di spuntoni,\u2026","rel":"","context":"In &quot;Coordinate&quot;","block_context":{"text":"Coordinate","link":"http:\/\/www.robertosedda.it\/?cat=52"},"img":{"alt_text":"","src":"","width":0,"height":0},"classes":[]},{"id":10145,"url":"http:\/\/www.robertosedda.it\/?p=10145","url_meta":{"origin":20133,"position":4},"title":"I libretti d&#8217;opera a Oggi parliamo di libri","author":"Rufus","date":"28\/04\/2015","format":"video","excerpt":"Ho messo oggi in linea la puntata di\u00a0Oggi parliamo di libri dedicata ai libretti d'opera, una puntata un poco anomala perch\u00e9 l'argomento era in fondo abbastanza sfuggente. https:\/\/www.youtube.com\/watch?v=e48viAGu9TY Nella mia tradizione familiare - come credo in tante altre famiglie borghesi solidamente ancorate, ehm, all'Ottocento - si sono\u00a0sempre usati modi di\u2026","rel":"","context":"In &quot;Cappe e spade&quot;","block_context":{"text":"Cappe e spade","link":"http:\/\/www.robertosedda.it\/?cat=70"},"img":{"alt_text":"","src":"https:\/\/i0.wp.com\/img.youtube.com\/vi\/NxqlTQ6lT0U\/0.jpg?resize=350%2C200","width":350,"height":200},"classes":[]},{"id":12581,"url":"http:\/\/www.robertosedda.it\/?p=12581","url_meta":{"origin":20133,"position":5},"title":"L&#8217;inarrivabile forza di volont\u00e0 del sottoscritto","author":"Rufus","date":"28\/09\/2016","format":false,"excerpt":"Sar\u00e0 anche figo organizzate feste e inaugurazioni di Banca Etica, ma dopo tutto settembre senza mai riuscire a andare al mare francamente non ne potevo pi\u00f9. Gi\u00e0. Poi ho scoperto che il tour di Panorama presenta oggi a Cagliari due improbabili convegni su banche e credito e il senso del\u2026","rel":"","context":"In &quot;Coordinate&quot;","block_context":{"text":"Coordinate","link":"http:\/\/www.robertosedda.it\/?cat=52"},"img":{"alt_text":"","src":"https:\/\/i0.wp.com\/www.robertosedda.it\/wp-content\/uploads\/2016\/09\/20160928_172428-1.jpg?fit=1200%2C900&resize=350%2C200","width":350,"height":200,"srcset":"https:\/\/i0.wp.com\/www.robertosedda.it\/wp-content\/uploads\/2016\/09\/20160928_172428-1.jpg?fit=1200%2C900&resize=350%2C200 1x, https:\/\/i0.wp.com\/www.robertosedda.it\/wp-content\/uploads\/2016\/09\/20160928_172428-1.jpg?fit=1200%2C900&resize=700%2C400 2x, https:\/\/i0.wp.com\/www.robertosedda.it\/wp-content\/uploads\/2016\/09\/20160928_172428-1.jpg?fit=1200%2C900&resize=1050%2C600 3x"},"classes":[]}],"_links":{"self":[{"href":"http:\/\/www.robertosedda.it\/index.php?rest_route=\/wp\/v2\/posts\/20133"}],"collection":[{"href":"http:\/\/www.robertosedda.it\/index.php?rest_route=\/wp\/v2\/posts"}],"about":[{"href":"http:\/\/www.robertosedda.it\/index.php?rest_route=\/wp\/v2\/types\/post"}],"author":[{"embeddable":true,"href":"http:\/\/www.robertosedda.it\/index.php?rest_route=\/wp\/v2\/users\/1"}],"replies":[{"embeddable":true,"href":"http:\/\/www.robertosedda.it\/index.php?rest_route=%2Fwp%2Fv2%2Fcomments&post=20133"}],"version-history":[{"count":1,"href":"http:\/\/www.robertosedda.it\/index.php?rest_route=\/wp\/v2\/posts\/20133\/revisions"}],"predecessor-version":[{"id":20135,"href":"http:\/\/www.robertosedda.it\/index.php?rest_route=\/wp\/v2\/posts\/20133\/revisions\/20135"}],"wp:featuredmedia":[{"embeddable":true,"href":"http:\/\/www.robertosedda.it\/index.php?rest_route=\/wp\/v2\/media\/20134"}],"wp:attachment":[{"href":"http:\/\/www.robertosedda.it\/index.php?rest_route=%2Fwp%2Fv2%2Fmedia&parent=20133"}],"wp:term":[{"taxonomy":"category","embeddable":true,"href":"http:\/\/www.robertosedda.it\/index.php?rest_route=%2Fwp%2Fv2%2Fcategories&post=20133"},{"taxonomy":"post_tag","embeddable":true,"href":"http:\/\/www.robertosedda.it\/index.php?rest_route=%2Fwp%2Fv2%2Ftags&post=20133"}],"curies":[{"name":"wp","href":"https:\/\/api.w.org\/{rel}","templated":true}]}}