{"id":20121,"date":"2023-05-11T17:46:19","date_gmt":"2023-05-11T15:46:19","guid":{"rendered":"http:\/\/www.robertosedda.it\/?p=20121"},"modified":"2024-04-18T10:39:31","modified_gmt":"2024-04-18T08:39:31","slug":"poesia-abbacinante","status":"publish","type":"post","link":"http:\/\/www.robertosedda.it\/?p=20121","title":{"rendered":"Poesia abbacinante"},"content":{"rendered":"\n<figure class=\"wp-block-image alignleft size-medium\"><img data-attachment-id=\"7358\" data-permalink=\"http:\/\/www.robertosedda.it\/?attachment_id=7358\" data-orig-file=\"https:\/\/i0.wp.com\/www.robertosedda.it\/wp-content\/uploads\/2014\/05\/Gita-scolastica.jpg?fit=1576%2C1181\" data-orig-size=\"1576,1181\" data-comments-opened=\"1\" data-image-meta=\"{&quot;aperture&quot;:&quot;0&quot;,&quot;credit&quot;:&quot;&quot;,&quot;camera&quot;:&quot;&quot;,&quot;caption&quot;:&quot;&quot;,&quot;created_timestamp&quot;:&quot;0&quot;,&quot;copyright&quot;:&quot;&quot;,&quot;focal_length&quot;:&quot;0&quot;,&quot;iso&quot;:&quot;0&quot;,&quot;shutter_speed&quot;:&quot;0&quot;,&quot;title&quot;:&quot;&quot;}\" data-image-title=\"Gita scolastica\" data-image-description=\"\" data-image-caption=\"\" data-medium-file=\"https:\/\/i0.wp.com\/www.robertosedda.it\/wp-content\/uploads\/2014\/05\/Gita-scolastica.jpg?fit=300%2C224\" data-large-file=\"https:\/\/i0.wp.com\/www.robertosedda.it\/wp-content\/uploads\/2014\/05\/Gita-scolastica.jpg?fit=510%2C382\" decoding=\"async\" loading=\"lazy\" width=\"300\" height=\"224\" src=\"https:\/\/i0.wp.com\/www.robertosedda.it\/wp-content\/uploads\/2014\/05\/Gita-scolastica.jpg?resize=300%2C224\" alt=\"\" class=\"wp-image-7358\" srcset=\"https:\/\/i0.wp.com\/www.robertosedda.it\/wp-content\/uploads\/2014\/05\/Gita-scolastica.jpg?resize=300%2C224 300w, https:\/\/i0.wp.com\/www.robertosedda.it\/wp-content\/uploads\/2014\/05\/Gita-scolastica.jpg?resize=150%2C112 150w, https:\/\/i0.wp.com\/www.robertosedda.it\/wp-content\/uploads\/2014\/05\/Gita-scolastica.jpg?resize=510%2C382 510w, https:\/\/i0.wp.com\/www.robertosedda.it\/wp-content\/uploads\/2014\/05\/Gita-scolastica.jpg?resize=268%2C200 268w, https:\/\/i0.wp.com\/www.robertosedda.it\/wp-content\/uploads\/2014\/05\/Gita-scolastica.jpg?resize=700%2C524 700w, https:\/\/i0.wp.com\/www.robertosedda.it\/wp-content\/uploads\/2014\/05\/Gita-scolastica.jpg?w=1576 1576w\" sizes=\"(max-width: 300px) 100vw, 300px\" data-recalc-dims=\"1\" \/><figcaption class=\"wp-element-caption\">In gita scolastica<\/figcaption><\/figure>\n\n\n\n<p>Ieri il Subcomandante Marcos, a un certo punto, esprimeva la preoccupazione che la stoltezza insediata in cattedra inducesse la Legale Buona a perdere interesse per la materia preferita &#8211; ma malissimo insegnata &#8211; e io mi sono fatto un appunto mentale di raccontare alle giovani generazioni qualcosa delle mie professoresse: quella buona e gentile ma totalmente matta, la piaciona superficiale, quella bravissima che per\u00f2 alla maturit\u00e0 ci caric\u00f2 freddamente di parti di programma che non avevamo mai fatto, la reazionaria ignorante e violenta che anni dopo, in seguito a una grave malattia, divent\u00f2 improvvisamente buona e amabile e alla quale perci\u00f2 non riesco a pensare con rancore e soprattutto la pazza sadica e mistificatrice che faceva greco e latino, alla quale non posso pensare senza disprezzo.<\/p>\n\n\n\n<p>Un tempo quando non sapevo bene cosa dire regalavo libri. Adesso di solito racconto un episodio del mio passato: sono i privilegi dell&#8217;<a href=\"http:\/\/www.robertosedda.it\/?p=11936\" data-type=\"post\" data-id=\"11936\">essere in giro da un po&#8217;<\/a>. <\/p>\n\n\n\n<p>Quello che pensavo, evidentemente, \u00e8 che se con una simile collezione io mi sono appassionato alle materie pi\u00f9 disparate ed ero perfino bravissimo in chimica allora tutto sommato non ci si deve preoccupare pi\u00f9 di tanto: lo studio ha le sue vie misteriose verso il cuore delle persone e forse la classica battuta che talvolta si sente dire, che quel tale professore ha finito per farti odiare la tal materia, non \u00e8 del tutto vera (neanche falsa, ma qui sto cercando di dire qualcosa di specifico: che oltre al professore c&#8217;\u00e8 il libro, l&#8217;elaborazione collettiva della classe, il sentire dei tempi, la forza della materia, la sete di spiegazioni sul senso della vita e tante altre cose; poi, che i cattivi docenti farebbero meglio a legarsi una macina al collo eccetera \u00e8 un altro discorso). <\/p>\n\n\n\n<p>Pensavo queste cose e improvvisamente mi \u00e8 tornata in mente un&#8217;immagine, che per tanto tempo per me \u00e8 stata molto significativa e che negli ultimi tempi avevo dimenticato. Era credo la seconda liceo &#8211; adesso sarebbe la quarta superiore &#8211; e preparavamo l&#8217;<em>Odissea<\/em> io e Carlo Murru, che era il mio compagno di banco: era credo esattamente l&#8217;<em>incipit<\/em>, ma forse piuttosto un&#8217;altra di quelle infinite occasioni in cui si cita l&#8217;uomo versatile, multiforme, <em>polytropos<\/em>, e la sua gara col destino e tutto quanto e noi eravamo ormai abbastanza sicuri nelle traduzioni ma sempre zoppicanti nella metrica, e leggevamo a turno ad alta voce, con l&#8217;altro pronto a correggere. E a un certo punto Carlo si ferma, lascia aleggiare nel vuoto l&#8217;eco dell&#8217;ultimo verso e fa: \u00abSenti. Senti! <em>\u03c0\u03bf\u03bb\u03cd\u03c4\u03c1\u03bf\u03c0\u03bf\u03c2<\/em>!\u00bb, una bella parola sonora e rotonda, \u00abQuesta \u00e8 grande poesia\u00bb, e lo diceva un po&#8217; per fare il verso alla grande docente ormai agli sgoccioli della carriera prima della (immeritata) pensione e un po&#8217; perch\u00e9 era chiaro a tutti e due che, cazzo, era <em>davvero<\/em> grande poesia. Sono quei momenti abbaglianti che hai da adolescente e che per fortuna nessuno pu\u00f2 toglierti.<\/p>\n\n\n\n<p>C&#8217;\u00e8 speranza per tutti, ho pensato.<\/p>\n\n\n\n<p>E mi sono fatto tutte le obiezioni: ragazzetti del liceo, con famiglie alle spalle, opportunit\u00e0&#8230; fossimo andati in miniera dai dodici anni te la do io la poesia&#8230; e ho pensato ai ragazzini di Truffaut che scappano per vedere il mare e mi sono detto che s\u00ec, c&#8217;\u00e8 speranza per tutti.<\/p>\n","protected":false},"excerpt":{"rendered":"<p>Ieri il Subcomandante Marcos, a un certo punto, esprimeva la preoccupazione che la stoltezza insediata in cattedra inducesse la Legale<\/p>\n","protected":false},"author":1,"featured_media":7358,"comment_status":"open","ping_status":"open","sticky":false,"template":"","format":"standard","meta":{"_mi_skip_tracking":false,"_monsterinsights_sitenote_active":false,"_monsterinsights_sitenote_note":"","_monsterinsights_sitenote_category":0,"jetpack_post_was_ever_published":false,"_jetpack_newsletter_access":"","jetpack_publicize_message":"C'\u00e8 speranza per tutti i ragazzetti.","jetpack_is_tweetstorm":false,"jetpack_publicize_feature_enabled":true,"jetpack_social_post_already_shared":false,"jetpack_social_options":{"image_generator_settings":{"template":"highway","enabled":false}}},"categories":[52,86,53,18,16],"tags":[],"jetpack_publicize_connections":[],"jetpack_featured_media_url":"https:\/\/i0.wp.com\/www.robertosedda.it\/wp-content\/uploads\/2014\/05\/Gita-scolastica.jpg?fit=1576%2C1181","jetpack_sharing_enabled":true,"jetpack_shortlink":"https:\/\/wp.me\/p4jV2T-5ex","jetpack_likes_enabled":true,"jetpack-related-posts":[{"id":14242,"url":"http:\/\/www.robertosedda.it\/?p=14242","url_meta":{"origin":20121,"position":0},"title":"Rullo di tamburi, suonino le trombe e&#8230;","author":"Rufus","date":"20\/10\/2017","format":false,"excerpt":"... sono sedici. Nella buona e nella cattiva sorte - ma principalmente buona, per grazia di Dio. E sempre molto felici!","rel":"","context":"In &quot;Coordinate&quot;","block_context":{"text":"Coordinate","link":"http:\/\/www.robertosedda.it\/?cat=52"},"img":{"alt_text":"","src":"https:\/\/i0.wp.com\/www.robertosedda.it\/wp-content\/uploads\/2017\/10\/Banda.jpg?fit=1200%2C720&resize=350%2C200","width":350,"height":200,"srcset":"https:\/\/i0.wp.com\/www.robertosedda.it\/wp-content\/uploads\/2017\/10\/Banda.jpg?fit=1200%2C720&resize=350%2C200 1x, https:\/\/i0.wp.com\/www.robertosedda.it\/wp-content\/uploads\/2017\/10\/Banda.jpg?fit=1200%2C720&resize=700%2C400 2x, https:\/\/i0.wp.com\/www.robertosedda.it\/wp-content\/uploads\/2017\/10\/Banda.jpg?fit=1200%2C720&resize=1050%2C600 3x"},"classes":[]},{"id":8990,"url":"http:\/\/www.robertosedda.it\/?p=8990","url_meta":{"origin":20121,"position":1},"title":"Back to basics (del perch\u00e9 lo zio Rufus in questo periodo \u00e8 molto contento)","author":"Rufus","date":"03\/12\/2014","format":false,"excerpt":"Non voglio recensire l'incontro che Andrea Salidu ha condotto domenica, per conto dei Fabbricastorie, perch\u00e9 spetta prima di tutto ad Andrea, che sta preparando un articolo apposito per il blog dell'associazione. Voglio per\u00f2 prendere spunto per raccontarvi una piccola riflessione personale. Mi ha molto colpito che Andrea abbia insisitito assai,\u2026","rel":"","context":"In &quot;Coordinate&quot;","block_context":{"text":"Coordinate","link":"http:\/\/www.robertosedda.it\/?cat=52"},"img":{"alt_text":"","src":"https:\/\/i0.wp.com\/www.robertosedda.it\/wp-content\/uploads\/2014\/12\/Dilemmi-diletti-del-gioco.jpg?fit=200%2C277&resize=350%2C200","width":350,"height":200},"classes":[]},{"id":10215,"url":"http:\/\/www.robertosedda.it\/?p=10215","url_meta":{"origin":20121,"position":2},"title":"Poche parole di benvenuto","author":"Rufus","date":"14\/05\/2015","format":false,"excerpt":"Per la comodit\u00e0 dei parenti e la curiosit\u00e0 degli amici pubblico il saluto dello zio Alberto, il decano della nostra famiglia, al raduno dei Delitala, prima di pranzo. Alberto (con la famiglia) \u00e8 giunto appositamente dal Canada per partecipare. Poche parole di \u201cbenvenuto\u201d dette da Alberto Delitala Come decano della\u2026","rel":"","context":"In &quot;Coordinate&quot;","block_context":{"text":"Coordinate","link":"http:\/\/www.robertosedda.it\/?cat=52"},"img":{"alt_text":"","src":"https:\/\/i0.wp.com\/www.robertosedda.it\/wp-content\/uploads\/2015\/04\/ALIM4024.jpg?fit=1024%2C768&resize=350%2C200","width":350,"height":200,"srcset":"https:\/\/i0.wp.com\/www.robertosedda.it\/wp-content\/uploads\/2015\/04\/ALIM4024.jpg?fit=1024%2C768&resize=350%2C200 1x, https:\/\/i0.wp.com\/www.robertosedda.it\/wp-content\/uploads\/2015\/04\/ALIM4024.jpg?fit=1024%2C768&resize=700%2C400 2x"},"classes":[]},{"id":18364,"url":"http:\/\/www.robertosedda.it\/?p=18364","url_meta":{"origin":20121,"position":3},"title":"Inganni dell&#8217;identit\u00e0","author":"Rufus","date":"27\/11\/2020","format":false,"excerpt":"Fra le scoperte spotifaiane di questo periodo c'\u00e8 questa Song of the old communist di Leen Rosselson, una canzone che mi piace molto (anche se secondo me \u00e8 pi\u00f9 bella World turned upside down). https:\/\/www.youtube.com\/watch?v=A5ecU2yGDpM Ora, mentre la riascoltavo riflettevo che, in realt\u00e0, tutta la comunanza che sento con il\u2026","rel":"","context":"In &quot;Antropologia&quot;","block_context":{"text":"Antropologia","link":"http:\/\/www.robertosedda.it\/?cat=97"},"img":{"alt_text":"","src":"https:\/\/i0.wp.com\/www.robertosedda.it\/wp-content\/uploads\/2014\/03\/Rufus-e-Pino.jpg?fit=604%2C453&resize=350%2C200","width":350,"height":200},"classes":[]},{"id":17177,"url":"http:\/\/www.robertosedda.it\/?p=17177","url_meta":{"origin":20121,"position":4},"title":"Prati insostenibili e insopportabili","author":"Rufus","date":"09\/09\/2019","format":false,"excerpt":"Il New York Times racconta l''accuratamente programmata ascesa di un mito americano: il prato all'inglese davanti alla villetta. @nytimes","rel":"","context":"In &quot;Coordinate&quot;","block_context":{"text":"Coordinate","link":"http:\/\/www.robertosedda.it\/?cat=52"},"img":{"alt_text":"","src":"https:\/\/i0.wp.com\/www.robertosedda.it\/wp-content\/uploads\/2019\/09\/Prato-NYTimes.png?fit=1200%2C531&resize=350%2C200","width":350,"height":200,"srcset":"https:\/\/i0.wp.com\/www.robertosedda.it\/wp-content\/uploads\/2019\/09\/Prato-NYTimes.png?fit=1200%2C531&resize=350%2C200 1x, https:\/\/i0.wp.com\/www.robertosedda.it\/wp-content\/uploads\/2019\/09\/Prato-NYTimes.png?fit=1200%2C531&resize=700%2C400 2x, https:\/\/i0.wp.com\/www.robertosedda.it\/wp-content\/uploads\/2019\/09\/Prato-NYTimes.png?fit=1200%2C531&resize=1050%2C600 3x"},"classes":[]},{"id":577,"url":"http:\/\/www.robertosedda.it\/?p=577","url_meta":{"origin":20121,"position":5},"title":"La grande famiglia","author":"Rufus","date":"22\/08\/2012","format":false,"excerpt":"Per otto anni sono stata animatrice parrocchiale nell\u2019Azione Cattolica. Trovo questa frase, per noi abbastanza usuale, ad aprire il secondo capitolo di un libro \u201cdi richiamo\u201d appena uscito, Ave Mary di Michela Murgia, scritttrice ormai affermata dopo aver vinto con Accabbadora il premio Campiello e opinionista seguitissima, sia sul suo\u2026","rel":"","context":"In &quot;Azione Cattolica&quot;","block_context":{"text":"Azione Cattolica","link":"http:\/\/www.robertosedda.it\/?cat=76"},"img":{"alt_text":"","src":"","width":0,"height":0},"classes":[]}],"_links":{"self":[{"href":"http:\/\/www.robertosedda.it\/index.php?rest_route=\/wp\/v2\/posts\/20121"}],"collection":[{"href":"http:\/\/www.robertosedda.it\/index.php?rest_route=\/wp\/v2\/posts"}],"about":[{"href":"http:\/\/www.robertosedda.it\/index.php?rest_route=\/wp\/v2\/types\/post"}],"author":[{"embeddable":true,"href":"http:\/\/www.robertosedda.it\/index.php?rest_route=\/wp\/v2\/users\/1"}],"replies":[{"embeddable":true,"href":"http:\/\/www.robertosedda.it\/index.php?rest_route=%2Fwp%2Fv2%2Fcomments&post=20121"}],"version-history":[{"count":4,"href":"http:\/\/www.robertosedda.it\/index.php?rest_route=\/wp\/v2\/posts\/20121\/revisions"}],"predecessor-version":[{"id":20125,"href":"http:\/\/www.robertosedda.it\/index.php?rest_route=\/wp\/v2\/posts\/20121\/revisions\/20125"}],"wp:featuredmedia":[{"embeddable":true,"href":"http:\/\/www.robertosedda.it\/index.php?rest_route=\/wp\/v2\/media\/7358"}],"wp:attachment":[{"href":"http:\/\/www.robertosedda.it\/index.php?rest_route=%2Fwp%2Fv2%2Fmedia&parent=20121"}],"wp:term":[{"taxonomy":"category","embeddable":true,"href":"http:\/\/www.robertosedda.it\/index.php?rest_route=%2Fwp%2Fv2%2Fcategories&post=20121"},{"taxonomy":"post_tag","embeddable":true,"href":"http:\/\/www.robertosedda.it\/index.php?rest_route=%2Fwp%2Fv2%2Ftags&post=20121"}],"curies":[{"name":"wp","href":"https:\/\/api.w.org\/{rel}","templated":true}]}}