{"id":20070,"date":"2023-06-22T16:22:11","date_gmt":"2023-06-22T14:22:11","guid":{"rendered":"http:\/\/www.robertosedda.it\/?p=20070"},"modified":"2023-12-06T09:17:01","modified_gmt":"2023-12-06T08:17:01","slug":"discutere-con-i-cretini","status":"publish","type":"post","link":"http:\/\/www.robertosedda.it\/?p=20070","title":{"rendered":"Discutere con i cretini"},"content":{"rendered":"\n<p>Premessa: in questo articolo, per proteggere gli innocenti (cio\u00e8 me) dalla riprovazione dei polemisti di professione, non ci si riferir\u00e0 a situazioni reali ma, per prudenza, a cugini inesistenti che discutono di paperi e topi.<\/p>\n\n\n\n<h3>Primo stadio<\/h3>\n\n\n\n<figure class=\"wp-block-image alignleft size-full\"><img data-attachment-id=\"20153\" data-permalink=\"http:\/\/www.robertosedda.it\/?attachment_id=20153\" data-orig-file=\"https:\/\/i0.wp.com\/www.robertosedda.it\/wp-content\/uploads\/2023\/06\/Proverbi.png?fit=373%2C96\" data-orig-size=\"373,96\" data-comments-opened=\"1\" data-image-meta=\"{&quot;aperture&quot;:&quot;0&quot;,&quot;credit&quot;:&quot;&quot;,&quot;camera&quot;:&quot;&quot;,&quot;caption&quot;:&quot;&quot;,&quot;created_timestamp&quot;:&quot;0&quot;,&quot;copyright&quot;:&quot;&quot;,&quot;focal_length&quot;:&quot;0&quot;,&quot;iso&quot;:&quot;0&quot;,&quot;shutter_speed&quot;:&quot;0&quot;,&quot;title&quot;:&quot;&quot;,&quot;orientation&quot;:&quot;0&quot;}\" data-image-title=\"Proverbi\" data-image-description=\"\" data-image-caption=\"\" data-medium-file=\"https:\/\/i0.wp.com\/www.robertosedda.it\/wp-content\/uploads\/2023\/06\/Proverbi.png?fit=300%2C77\" data-large-file=\"https:\/\/i0.wp.com\/www.robertosedda.it\/wp-content\/uploads\/2023\/06\/Proverbi.png?fit=373%2C96\" decoding=\"async\" loading=\"lazy\" width=\"373\" height=\"96\" src=\"https:\/\/i0.wp.com\/www.robertosedda.it\/wp-content\/uploads\/2023\/06\/Proverbi.png?resize=373%2C96\" alt=\"\" class=\"wp-image-20153\" srcset=\"https:\/\/i0.wp.com\/www.robertosedda.it\/wp-content\/uploads\/2023\/06\/Proverbi.png?w=373 373w, https:\/\/i0.wp.com\/www.robertosedda.it\/wp-content\/uploads\/2023\/06\/Proverbi.png?resize=300%2C77 300w, https:\/\/i0.wp.com\/www.robertosedda.it\/wp-content\/uploads\/2023\/06\/Proverbi.png?resize=150%2C39 150w\" sizes=\"(max-width: 373px) 100vw, 373px\" data-recalc-dims=\"1\" \/><figcaption class=\"wp-element-caption\">Libro dei Proverbi, 26,4<\/figcaption><\/figure>\n\n\n\n<p>Riflettevo, in questi giorni, che \u00e8 diffusa la battuta che non si deve discutere coi cretini perch\u00e9 il rischio \u00e8 che quelli che guardano da lontano non capiscano bene chi, fra i due litiganti, \u00e8 il cretino e chi no.<\/p>\n\n\n\n<p>Metti che ti capita come a un mio cugino che tu sei un appassionato di fumetti e uno ti dice che Topolino \u00e8 un papero. \u00abCome\u00bb, gli fai, \u00abvorrai dire un topo&#8230;\u00bb, e quello ti dice, con aria geniale: \u00abAh-ah, un topo&#8230; E allora\u00bb, trionfante, \u00abse Topolino \u00e8 un topo, perch\u00e9 Pluto \u00e8 un cane?\u00bb. Mio cugino si \u00e8 allibito e gli ha detto, con una certa veemenza, che casomai \u00e8 Paperino il papero e Topolino un topo e che la citazione corretta sarebbe: \u00abSe Pippo \u00e8 un cane, perch\u00e9 Pluto \u00e8 un cane?\u00bb e quello gli ha detto che no, non era vero, perch\u00e9 lui aveva letto in un saggio sui fumetti Disney di un certo Steinbeck, <em>Uomini e topi<\/em>, e l\u00ec di Topolino non si parlava, quindi non era un topo.<\/p>\n\n\n\n<p>E insomma, mio cugino era cos\u00ec alterato che ha piegato le braccia, si \u00e8 messo le mani sul petto e agitava i gomiti su e gi\u00f9 gridando: \u00abPa-pe-ro! Pa-pe-ro\u00bb, e poi si \u00e8 messo anche a squittire e gridava: \u00abTo-po! <em>Squiiit<\/em>! T-O-P-O!!\u00bb, ed \u00e8 arrivato un amico di quell&#8217;altro e gli ha detto: \u00abCiao Gianni. Chi \u00e8 questo scemo che grida con cui stai parlando?\u00bb.<\/p>\n\n\n\n<p>\u00c8 successo a mio cugino, giuro.<\/p>\n\n\n\n<p>E quindi: <em>don&#8217;t feed the troll<\/em>, stare attenti a discutere coi cretini, ricordarsi che \u00e8 impossibile spalare tutta la <a href=\"http:\/\/blog.ebruni.it\/blog\/2016\/02\/la-teoria-della-montagna-di-merda-al-quadrato.html\">montagna di merda<\/a> (con rispetto parlando) sono tutte formulazioni pi\u00f9 o meno dello stesso principio.<\/p>\n\n\n\n<h3>Secondo stadio<\/h3>\n\n\n\n<figure class=\"wp-block-image alignright size-large\"><img data-attachment-id=\"20155\" data-permalink=\"http:\/\/www.robertosedda.it\/?attachment_id=20155\" data-orig-file=\"https:\/\/i0.wp.com\/www.robertosedda.it\/wp-content\/uploads\/2023\/06\/Brynner.webp?fit=602%2C379\" data-orig-size=\"602,379\" data-comments-opened=\"1\" data-image-meta=\"{&quot;aperture&quot;:&quot;0&quot;,&quot;credit&quot;:&quot;&quot;,&quot;camera&quot;:&quot;&quot;,&quot;caption&quot;:&quot;&quot;,&quot;created_timestamp&quot;:&quot;0&quot;,&quot;copyright&quot;:&quot;&quot;,&quot;focal_length&quot;:&quot;0&quot;,&quot;iso&quot;:&quot;0&quot;,&quot;shutter_speed&quot;:&quot;0&quot;,&quot;title&quot;:&quot;&quot;,&quot;orientation&quot;:&quot;0&quot;}\" data-image-title=\"Brynner\" data-image-description=\"\" data-image-caption=\"\" data-medium-file=\"https:\/\/i0.wp.com\/www.robertosedda.it\/wp-content\/uploads\/2023\/06\/Brynner.webp?fit=300%2C189\" data-large-file=\"https:\/\/i0.wp.com\/www.robertosedda.it\/wp-content\/uploads\/2023\/06\/Brynner.webp?fit=510%2C321\" decoding=\"async\" loading=\"lazy\" width=\"510\" height=\"321\" src=\"https:\/\/i0.wp.com\/www.robertosedda.it\/wp-content\/uploads\/2023\/06\/Brynner.webp?resize=510%2C321\" alt=\"\" class=\"wp-image-20155\" srcset=\"https:\/\/i0.wp.com\/www.robertosedda.it\/wp-content\/uploads\/2023\/06\/Brynner.webp?resize=510%2C321 510w, https:\/\/i0.wp.com\/www.robertosedda.it\/wp-content\/uploads\/2023\/06\/Brynner.webp?resize=300%2C189 300w, https:\/\/i0.wp.com\/www.robertosedda.it\/wp-content\/uploads\/2023\/06\/Brynner.webp?resize=150%2C94 150w, https:\/\/i0.wp.com\/www.robertosedda.it\/wp-content\/uploads\/2023\/06\/Brynner.webp?resize=600%2C379 600w, https:\/\/i0.wp.com\/www.robertosedda.it\/wp-content\/uploads\/2023\/06\/Brynner.webp?w=602 602w\" sizes=\"(max-width: 510px) 100vw, 510px\" data-recalc-dims=\"1\" \/><figcaption class=\"wp-element-caption\">Yul Brinner qui probabilmente attribuisce a Cocteau una frase creata da lui stesso: \u00abNon metterti mai allo stesso livello degli idioti, perch\u00e9, essendo una persona intelligente, cercherai di trattare con loro a quel livello &#8211; e a quel livello ti batteranno ogni santa volta\u00bb. In America la frase \u00e8 attribuita spesso in forma appena diversa a Mark Twain, in Italia invece di solito \u00e8 riferita a Oscar Wilde.<\/figcaption><\/figure>\n\n\n\n<p>Poi in realt\u00e0 negli ultimi anni abbiamo imparato che \u00e8 anche prudente non <em>leggere<\/em> o <em>ascoltare<\/em> i cretini, per non correre il rischio che ti capiti come a un altro mio cugino, che una volta l&#8217;ho incontrato e mi ha detto: \u00abSai, Michelino mio ha incominciato a leggere <em>Il giornalino topesco<\/em> mai io sono un po&#8217; perplesso&#8230;\u00bb, \u00abAh. E perch\u00e9?\u00bb, gli ho chiesto, e lui mi ha detto perch\u00e9 vuole lo zainetto topesco che costa come un appartamento. <\/p>\n\n\n\n<p>\u00abAh, ok, ciao\u00bb. gli ho detto.<\/p>\n\n\n\n<p>Qualche giorno dopo l&#8217;ho incontrato di nuovo. \u00abBeh, si \u00e8 accontentato Michelino di uno zainetto normale?\u00bb, ho chiesto. A quanto pare s\u00ec, ma il cugino era lo stesso preoccupato. Perch\u00e9 questa cosa dei prezzi degli zainetti lo preoccupava e ne ha parlato con Thomas il barbiere, che ne sa, che dice che i topi e i paperi li ha inventati il governo americano capitalista col chiaro scopo di impoverire le famiglie europee e arricchirsi alle loro spalle con sempre nuovi <em>gadget<\/em>. E allora mio cugino \u00e8 andato su un canale <em>YouTube<\/em> dove ci sono delle famiglie normali, delle famiglie proprio <em>vere<\/em>, autenticissime, che spiegano come la loro vita sia stata rovinata dai topi capitalisti americani. \u00abAdesso scusami, vado a casa a preparare una petizione su <em>Change.org<\/em>\u00bb, ha concluso.<\/p>\n\n\n\n<p>\u00c8 un cugino che non vedo da un po&#8217;, peraltro, da quando gli ho detto che forse in fondo i fumetti, anche quelli topeschi, hanno un loro valore culturale, e lui mi ha detto: \u00abEh, certo, questo \u00e8 quello che dite voi che vi hanno fatto il lavaggio del cervello\u00bb. \u00abA me il lavaggio del cervello?\u00bb, avrei voluto dirgli, ma ho avuto la sensazione che non fosse in una fase ricettiva &#8211; cio\u00e8, era in una fase molto ricettiva, ma nel senso della ricezione delle cose sbagliate &#8211; e ho lasciato perdere. <\/p>\n\n\n\n<p>L&#8217;ultima volta che l&#8217;ho visto \u00e8 stato in televisione. Tentava con altri di impedire una sfilata di Carnevale piena di bambini mascherati da topi. Thomas il barbiere agitava un paio di enormi forbici e indicava le grandi orecchie dei costumi. \u00abLasciatemele tagliare\u00bb, urlava. A me Thomas il barbiere sembrava un cretino, ma mio cugino era l\u00ec, che gli faceva scudo col suo corpo.<\/p>\n\n\n\n<h3>Terzo stadio<\/h3>\n\n\n\n<p>Nell&#8217;ultimo paio d&#8217;anni, per\u00f2, ho cominciato a notare un altro tipo di interazione coi cretini che bisogna imparare a evitare, ed \u00e8 quella di usare gli argomenti dei cretini (e, a maggior ragione, dei malandrini o direttamente dei delinquenti) per farsi dare ragione, anche se a prima vista sono argomenti ragionevoli.<\/p>\n\n\n\n<p>Per esempio, il fatto \u00e8 che io ho una cugina che \u00e8 anche una sceneggiatrice di fumetti topeschi, anzi anche di film, infatti ha scritto la sceneggiatura di un film pieno di criceti carinissimi che ha avuto molto successo e lei ha vinto l&#8217;Oscar, anzi siccome era proprio un bel film le hanno dato direttamente anche il Nobel, e insomma \u00e8 considerata un po&#8217; un&#8217;autorit\u00e0 in materia di roditori di famiglia.<\/p>\n\n\n\n<p>Un po&#8217; di tempo fa \u00e8 uscito un nuovo film rivoluzionario del genere, in cui i criceti erano cannibali. \u00abNonono\u00bb, ha dichiarato lei sulla stampa, \u00abla riflessione ormai consolidata del movimento per la cura dei criceti dimostra che questo \u00e8 del tutto sbagliato. Molto sbagliato. Instillare la diffidenza verso questi poveri animali potrebbe avere conseguenze devastanti per centinaia di migliaia di loro, che potrebbero essere scacciati dalle case dove ora sono ospitati e essere separati dai bambini che tanto li amavano\u00bb.<\/p>\n\n\n\n<p>Il regista del nuovo film ha replicato con scarsa eleganza che la sua era un&#8217;opinione da <em>boomer<\/em>. Allora a mia cugina le \u00e8 venuta un po&#8217; la bava alla bocca e ha detto \u00abLei non sa chi sono io e ho decenni di riflessione roditoria alle spalle\u00bb e quello per tutta risposta ha scritto su <em>Twitter<\/em> che lei e le altre Sceneggiatrici Amanti dei Criceti Zuccherosi potevano prendere la loro statuetta dell&#8217;Oscar e usarla come birillo per il <em>bowling<\/em>. Da allora in poi, ogni volta che mia cugina apre bocca qualcuno comincia a gridare, \u00abSACZ, sei una SACZ, gnegnegne\u00bb, che, lo ammetterete, non \u00e8 gentile, povera donna. E allora lei ha cominciato a discuterci, perch\u00e9 non \u00e8 voleva esprimere la sua opinione, no, voleva proprio avere ragione. Voleva <em>annientarli<\/em>.<\/p>\n\n\n\n<p>Naturalmente in questa foga tu cerchi di trovare il caso assoluto, incontrovertibile, e cos\u00ec anche mia cugina. Ha iniziato relativamente piano, con l&#8217;esempio pietoso di un criceto dell&#8217;Honduras abbandonato sull&#8217;autostrada perch\u00e9 i padroni temevano che potesse mordere il figlio. Era un caso autentico, anche se lo rilanciava il sito <em>Bolle balliste<\/em>. Poi si \u00e8 allargata e dallo stesso sito ha citato il documentario \u00abTopi fra le fiamme\u00bb che raccontava che c&#8217;era gente in Canada che raccoglieva vagonate di criceti orfani per rivenderli in Per\u00f9 dove venivano destinati ai <em>barbecue<\/em> per i turisti. Si vedeva la fiera de Nuestra Se\u00f1ora de Santa Greca con distese enormi di spiedini sulla brace, ma in seguito la parte canadese \u00e8 stata completamente sbugiardata. Per\u00f2 lei l&#8217;ha citata anche dopo: \u00abNon sar\u00e0 vero, ma poteva esserlo\u00bb, ha dichiarato. \u00c8 anche andata al raduno del movimento <em>Criceto e moschetto<\/em>, dicendo che s\u00ec, erano un po&#8217; violenti ma avevano chiare le priorit\u00e0.<\/p>\n\n\n\n<p>L&#8217;ultima volta che l&#8217;ho vista mi ha detto che stava preparandosi a usare un argomento decisivo: Adolf Hitler amava i criceti e aveva rivelato, in una sua opera poco nota, un grave complotto giudeo-pluto-massonico per emarginarli. <\/p>\n\n\n\n<p>\u00abIl film sui criceti cannibali \u00e8 evidentemente l&#8217;ennesimo sporco trucco di questa cospirazione\u00bb, mi ha spiegato.<\/p>\n\n\n\n<p>E ha aggiunto: \u00abForse in qualcosa Hitler ha anche sbagliato, a seconda di come guardi le cose, ma sui criceti rimane un&#8217;autorit\u00e0. E poi, non se ne pu\u00f2 pi\u00f9 di questa cultura <em>woke<\/em>\u00bb.<\/p>\n\n\n\n<h3>Nota<\/h3>\n\n\n\n<p>Questo articolo era in bozza da un po&#8217;, ma non l&#8217;ho mai pubblicato perch\u00e9 la parodia mi sembrava fin troppo scoperta e trovavo che forse dovesse essere pi\u00f9 leggera e ariosa (e, diciamolo: magari anche pi\u00f9 spiritosa).<\/p>\n\n\n\n<p>Poi ieri ho visto un caso di attualit\u00e0, che mi \u00e8 sembrato potesse essere utile segnalare e che era in tema, e quindi ho recuperato tutto il discorso che avete gi\u00e0 letto, a mo&#8217; di premessa. <\/p>\n\n\n\n<p>Il caso \u00e8 questo: c&#8217;\u00e8 in America un medico piuttosto noto, che si chiama Peter Hotez e si occupa di vaccini. \u00c8 evidentemente molto noto agli specialisti, ma \u00e8 arrivato alle cronache negli anni passati anche perch\u00e9 ha una figlia autistica e ha scritto un libro sul (o meglio, <em>contro il<\/em>) presunto rapporto fra autismo e vaccini. Durante il COVID non \u00e8 stato intervistato spesso come Fauci ma comunque \u00e8 stato molto visibile ed \u00e8 anche uno degli sviluppatori del vaccino Corbevax (a basso costo, con brevetto aperto). Hotez ha una posizione abbastanza netta sull&#8217;antiscienza: una macchina politica che riunisce una variet\u00e0 di cattivi attori, fra i quali anche alcuni poteri statali, una delle principali saldature fra Russia e destra internazionale.<\/p>\n\n\n\n<figure class=\"wp-block-image alignwide size-full\"><img data-attachment-id=\"20157\" data-permalink=\"http:\/\/www.robertosedda.it\/?attachment_id=20157\" data-orig-file=\"https:\/\/i0.wp.com\/www.robertosedda.it\/wp-content\/uploads\/2023\/06\/Hogtez.png?fit=894%2C493\" data-orig-size=\"894,493\" data-comments-opened=\"1\" data-image-meta=\"{&quot;aperture&quot;:&quot;0&quot;,&quot;credit&quot;:&quot;&quot;,&quot;camera&quot;:&quot;&quot;,&quot;caption&quot;:&quot;&quot;,&quot;created_timestamp&quot;:&quot;0&quot;,&quot;copyright&quot;:&quot;&quot;,&quot;focal_length&quot;:&quot;0&quot;,&quot;iso&quot;:&quot;0&quot;,&quot;shutter_speed&quot;:&quot;0&quot;,&quot;title&quot;:&quot;&quot;,&quot;orientation&quot;:&quot;0&quot;}\" data-image-title=\"Hogtez\" data-image-description=\"\" data-image-caption=\"\" data-medium-file=\"https:\/\/i0.wp.com\/www.robertosedda.it\/wp-content\/uploads\/2023\/06\/Hogtez.png?fit=300%2C165\" data-large-file=\"https:\/\/i0.wp.com\/www.robertosedda.it\/wp-content\/uploads\/2023\/06\/Hogtez.png?fit=510%2C281\" decoding=\"async\" loading=\"lazy\" width=\"800\" height=\"441\" src=\"https:\/\/i0.wp.com\/www.robertosedda.it\/wp-content\/uploads\/2023\/06\/Hogtez.png?resize=800%2C441\" alt=\"\" class=\"wp-image-20157\" srcset=\"https:\/\/i0.wp.com\/www.robertosedda.it\/wp-content\/uploads\/2023\/06\/Hogtez.png?w=894 894w, https:\/\/i0.wp.com\/www.robertosedda.it\/wp-content\/uploads\/2023\/06\/Hogtez.png?resize=300%2C165 300w, https:\/\/i0.wp.com\/www.robertosedda.it\/wp-content\/uploads\/2023\/06\/Hogtez.png?resize=510%2C281 510w, https:\/\/i0.wp.com\/www.robertosedda.it\/wp-content\/uploads\/2023\/06\/Hogtez.png?resize=150%2C83 150w\" sizes=\"(max-width: 800px) 100vw, 800px\" data-recalc-dims=\"1\" \/><\/figure>\n\n\n\n<p>C&#8217;\u00e8, in America, anche un tizio che tiene un <em>podcast<\/em> e che si chiama Joe Rogan. Nonostante si presenti come un personaggio libero e indipendente, il suo <em>podcast <\/em>\u00e8 uno dei punti di riferimento della destra e dell&#8217;ultra-destra e, <em>\u00e7a va sans dire<\/em>, negli anni si \u00e8 fatto portavoce di tutti i cospirazionismi pi\u00f9 beceri e, in generale, di un sacco di disinformazione. Per capirci, \u00e8 il <em>podcast<\/em> per il quale, a un certo punto, Neil Young ha detto a <em>Spotify<\/em>: \u00abO lui o io\u00bb. Joe Rogan ha milionate e milionate di <em>follower<\/em>, ed \u00e8 ancora su <em>Spotify<\/em>. <\/p>\n\n\n\n<p>Da Joe Rogan, siccome ha milionate e milionate di<em> follower<\/em>, ci va un sacco di gente (peraltro, c&#8217;\u00e8 andato anche Hotez un paio di volte). Da poco c&#8217;\u00e8 andato anche un tizio con un nome importante: Robert Fitzgerald Kennedy, <em>junior<\/em>, il figlio di Bobby Kennedy. RFK jr si \u00e8 fatto un nome, ormai trent&#8217;anni fa e pi\u00f9, come avvocato specializzato in cause ambientali e in generale come attivista a favore dell&#8217;ambiente, ma negli ultimi anni  &#8211; cio\u00e8 pi\u00f9 o meno dal 2005 &#8211; \u00e8 diventato una delle punte di diamante del movimento antivaccinista americano ed ha fatto definitivamente il salto da attivista radicale e alternativo (per quanto possa essere radicale e alternativo un erede Kennedy) a malandrino. Adesso \u00e8 in campagna elettorale per diventare Presidente (democratico) degli Stati Uniti con una piattaforma non lontanissima da quella di Trump, quindi evidentemente aspira a passare da malandrino a delinquente puro.<\/p>\n\n\n\n<p>Parentesi: ogni volta che leggo di uno uscito dalle lotte degli anni &#8217;80 e 90 (ambiente, antiglobalizzazione&#8230;) che \u00e8 diventato malandrino, servo del potere, delinquente o lavoratore pagato in rubli, non posso che chiedermi: \u00abDove abbiamo sbagliato?\u00bb. E soprattutto: \u00e8 chiaro per tutti che non dovremmo avere niente da spartirci, s\u00ec? Anche se usano tutto il nostro linguaggio, tutti i nostri argomenti, e criticano <em>Big Pharma<\/em>, l&#8217;industria delle armi, le grandi multinazionali, il capitalismo, la NATO, i topi di campagna e di citt\u00e0 e i paperi con la tuba? Perch\u00e9 le loro <em>Big Pharma<\/em>, industrie delle armi, grandi multinazionali, sistemi capitalistici, NATO, roditori e volatili anseriformi <em>non<\/em> sono i nostri; sono tutta un&#8217;altra cosa. Fine della parentesi.<\/p>\n\n\n\n<p>Insomma, RFK jr. va ospite da Joe Rogan e parla ovviamente male dei vaccini (forse cade in un trappolone pure lui, perch\u00e9 vedo che nella sua campagna per la presidenza tentava di far passare queste posizioni in secondo piano; ma alla destra serve sia promuoverlo per azzoppare i Democratici che azzopparlo perch\u00e9 nel caso non dia fastidio a Trump; strateghi avanti anni luce, come si vede). Hotez, che non \u00e8 noto per trattenersi, attacca sia Kennedy che Rogan, il quale reagisce proponendo un dibattito: se Hotez \u00e8 cos\u00ec sicuro del suo, venga a discuterne con Kennedy in diretta nella sua trasmissione, e ricever\u00e0 centomila dollari da destinare all&#8217;ente di beneficenza che preferisce.<\/p>\n\n\n\n<p>Vedete ora che la prima parte di questo articolo e questa storia si ritrovano. Perch\u00e9 Hotez, che evidentemente legge i miei articoli anche prima che vengano pubblicati, dice che lui di andare a discutere con un cretino &#8211; si fa per dire, avvocato Kennedy, non mi faccia causa &#8211; non ci pensa minimamente, prch\u00e9 evidentemente non pu\u00f2 venirne fuori niente di buono.<\/p>\n\n\n\n<p>In realt\u00e0, \u00e8 anche peggio, perch\u00e9 non \u00e8 solo il dibattito che risulterebbe strumentale e fazioso; \u00e8 l&#8217;invito stesso che lo \u00e8. Come dice Aaron Rupar sul buon <em>blog<\/em> <em><a href=\"https:\/\/www.publicnotice.co\/\">Public Notice<\/a><\/em><\/p>\n\n\n\n<blockquote class=\"wp-block-quote\">\n<p>\u00abAccetta un dibattito con me\u00bb \u00e8 divenuto uno strumento di propaganda in mala fede per la destra, costruito per legittimare menzogne e mettere in primo piano avversari perch\u00e9 diventino bersaglio di molestie e persecuzioni. \u00c8 una ricetta estratta dal manuale sulla &#8220;libert\u00e0 di opinione&#8221; della destra, che pretende che attori in mala fede debbano comunque avere accesso a ogni pubblico e a ogni piattaforma<\/p>\n<\/blockquote>\n\n\n\n<p>a pena di essere dichiarati antidemocratici o dei codardi o in malafede, con qualcosa da nascondere.<\/p>\n\n\n\n<p>Non \u00e8 neanche un trucco nuovo: leggo proprio in questi giorni che nel 1979 un gruppo di revisionisti offr\u00ec cinquantamila dollari a chi avesse dimostrato pubblicamente che l&#8217;Olocausto era vero. Era evidentemente anche in questo caso un trappolone, perch\u00e9 la pretesa di verit\u00e0 sarebbe stata sottoposta a verifiche impossibili. <\/p>\n\n\n\n<p>\u00abSono stato in campo di concentramento e ho visto come venivano ammazzati gli ebrei\u00bb.  <\/p>\n\n\n\n<p>\u00abE come mai allora lei \u00e8 ancora vivo, eh? EH?\u00bb.<\/p>\n\n\n\n<p>\u00abMa tutta la mia famiglia \u00e8 stata sterminata, nonni, genitori, fratelli&#8230;\u00bb.<\/p>\n\n\n\n<p>\u00abE come mai allora abbiamo qui questa dichiarazione giurata del suo terzo cugino di diciottesimo grado che vive in Malesia e dice che non \u00e8 stato mai perseguitato? Eh? Non risponde niente?!\u00bb.<\/p>\n\n\n\n<p>Non sar\u00e0 un caso che una serie di notori attori in malafede, primo fra tutti Elon Musk, hanno subito rilanciato e aumentato l&#8217;offerta di Rogan. Ovviamente Hotez \u00e8 diventato un bersaglio, non solo <em>social<\/em> ma anche fisico: c&#8217;\u00e8 gente che \u00e8 andato a cercarlo a casa sua, si suppone per portarlo di peso al dibattito.<\/p>\n\n\n\n<p>In realt\u00e0 il tema non riguarda solo il primo stadio di cui parlavo all&#8217;inizio, ma anche gli altri due. I malandrini (e tanto meno i delinquenti) e i loro siti, <em>podcast<\/em>, <em>newsletter<\/em>, non sono una fonte, mai e in ogni caso, perch\u00e9 nonc&#8217;\u00e8 uscitra: o sono stupidi o sono in malafede. In entrambi i casi non possono essere utili per informarsi n\u00e9 sulla produzione degli zainetti topeschi, n\u00e9 sui vaccini, la guerra in Ucraina e in generale su nessuna cosa, e evidentemente neanche sulla politica; e non lo sono neanche per costruire tesi e ragionamenti, che sia sul destino dei criceti abbandonati o sul movimento LGBTQ+, perch\u00e9 i loro argomenti sono <em>sempre<\/em> avvelenati. <\/p>\n\n\n\n<p>In questo campo non ci sono compagni di strada o alleanze tattiche, ci sono solo avversari.<\/p>\n","protected":false},"excerpt":{"rendered":"<p>Premessa: in questo articolo, per proteggere gli innocenti (cio\u00e8 me) dalla riprovazione dei polemisti di professione, non ci si riferir\u00e0<\/p>\n","protected":false},"author":1,"featured_media":20157,"comment_status":"open","ping_status":"open","sticky":false,"template":"","format":"standard","meta":{"_mi_skip_tracking":false,"_monsterinsights_sitenote_active":false,"_monsterinsights_sitenote_note":"","_monsterinsights_sitenote_category":0,"jetpack_post_was_ever_published":false,"_jetpack_newsletter_access":"","jetpack_publicize_message":"In cui si discutono varie ragioni ed esempi del detto della Bibbia: non discutere coi cretini.","jetpack_is_tweetstorm":false,"jetpack_publicize_feature_enabled":true,"jetpack_social_post_already_shared":false,"jetpack_social_options":{"image_generator_settings":{"template":"highway","enabled":false}}},"categories":[52,57,17,59,16],"tags":[],"jetpack_publicize_connections":[],"jetpack_featured_media_url":"https:\/\/i0.wp.com\/www.robertosedda.it\/wp-content\/uploads\/2023\/06\/Hogtez.png?fit=894%2C493","jetpack_sharing_enabled":true,"jetpack_shortlink":"https:\/\/wp.me\/p4jV2T-5dI","jetpack_likes_enabled":true,"jetpack-related-posts":[{"id":18022,"url":"http:\/\/www.robertosedda.it\/?p=18022","url_meta":{"origin":20070,"position":0},"title":"La lista contatti","author":"Rufus","date":"23\/03\/2020","format":false,"excerpt":"Leggo sulle bacheche di molti conoscenti che questo \u00e8 un periodo nel quale fanno scoperte poco gradite a proposito dei loro contatti. Da quel che capisco, sono scoperte un po' tipo lupo-mannaro: non ti eri mai accorto che quello o quella aveva il pelo all'interno e le sopracciglia che si\u2026","rel":"","context":"In &quot;Coordinate&quot;","block_context":{"text":"Coordinate","link":"http:\/\/www.robertosedda.it\/?cat=52"},"img":{"alt_text":"","src":"https:\/\/i0.wp.com\/www.robertosedda.it\/wp-content\/uploads\/2020\/03\/Facebook-amici.png?fit=892%2C451&resize=350%2C200","width":350,"height":200,"srcset":"https:\/\/i0.wp.com\/www.robertosedda.it\/wp-content\/uploads\/2020\/03\/Facebook-amici.png?fit=892%2C451&resize=350%2C200 1x, https:\/\/i0.wp.com\/www.robertosedda.it\/wp-content\/uploads\/2020\/03\/Facebook-amici.png?fit=892%2C451&resize=700%2C400 2x"},"classes":[]},{"id":18659,"url":"http:\/\/www.robertosedda.it\/?p=18659","url_meta":{"origin":20070,"position":1},"title":"Molto ordinario","author":"Rufus","date":"07\/05\/2021","format":false,"excerpt":"Ieri ho visto in rete una battuta di Scott Lynch (l'autore della bella serie di romanzi fantasy su Locke Lamora e un altro degli scrittori che seguo su Twitter) che pi\u00f9 o meno diceva: \u00abHo dei fastidi di salute dalla cause non chiare e ho fatto un'ecografia. Nel referto il\u2026","rel":"","context":"In &quot;Coordinate&quot;","block_context":{"text":"Coordinate","link":"http:\/\/www.robertosedda.it\/?cat=52"},"img":{"alt_text":"","src":"https:\/\/i0.wp.com\/www.robertosedda.it\/wp-content\/uploads\/2021\/05\/Locke-Lamora.gif?fit=782%2C1200&resize=350%2C200","width":350,"height":200,"srcset":"https:\/\/i0.wp.com\/www.robertosedda.it\/wp-content\/uploads\/2021\/05\/Locke-Lamora.gif?fit=782%2C1200&resize=350%2C200 1x, https:\/\/i0.wp.com\/www.robertosedda.it\/wp-content\/uploads\/2021\/05\/Locke-Lamora.gif?fit=782%2C1200&resize=700%2C400 2x"},"classes":[]},{"id":16360,"url":"http:\/\/www.robertosedda.it\/?p=16360","url_meta":{"origin":20070,"position":2},"title":"Morire gonfi","author":"Rufus","date":"18\/03\/2019","format":false,"excerpt":"Mi scuserete se oggi mi concedo una delle rare occasioni in cui questo blog ragiona di pancia. Riflettevo stamattina, a proposito di tutti quelli che criticano Greta Thunberg perch\u00e9 sono di destra, perch\u00e9 sono di sinistra, perch\u00e9 sono troppo furbi, perch\u00e9 la linea non \u00e8 quella giusta, perch\u00e9 i media,\u2026","rel":"","context":"In &quot;Coordinate&quot;","block_context":{"text":"Coordinate","link":"http:\/\/www.robertosedda.it\/?cat=52"},"img":{"alt_text":"","src":"https:\/\/i0.wp.com\/www.robertosedda.it\/wp-content\/uploads\/2019\/03\/apocalypse.jpg?fit=1200%2C650&resize=350%2C200","width":350,"height":200,"srcset":"https:\/\/i0.wp.com\/www.robertosedda.it\/wp-content\/uploads\/2019\/03\/apocalypse.jpg?fit=1200%2C650&resize=350%2C200 1x, https:\/\/i0.wp.com\/www.robertosedda.it\/wp-content\/uploads\/2019\/03\/apocalypse.jpg?fit=1200%2C650&resize=700%2C400 2x, https:\/\/i0.wp.com\/www.robertosedda.it\/wp-content\/uploads\/2019\/03\/apocalypse.jpg?fit=1200%2C650&resize=1050%2C600 3x"},"classes":[]},{"id":15289,"url":"http:\/\/www.robertosedda.it\/?p=15289","url_meta":{"origin":20070,"position":3},"title":"Datevi al baseball. O alla politica","author":"Rufus","date":"29\/05\/2018","format":false,"excerpt":"Citazioni (non) intramontabili Una delle mie citazioni preferite di Brecht fa, pi\u00f9 o meno, Quali tempi son questi, quando un dialogo sugli alberi\u00a0\u00e8 quasi un delitto perch\u00e9 su troppe stragi comporta il silenzio! Nel caso specifico il dialogo sugli alberi era un genere di poesia bucolica, e il combattivo Bertolt\u2026","rel":"","context":"In &quot;Coordinate&quot;","block_context":{"text":"Coordinate","link":"http:\/\/www.robertosedda.it\/?cat=52"},"img":{"alt_text":"","src":"https:\/\/i0.wp.com\/www.robertosedda.it\/wp-content\/uploads\/2018\/05\/Sono-vietate-le-discussioni-politiche.jpg?fit=966%2C212&resize=350%2C200","width":350,"height":200,"srcset":"https:\/\/i0.wp.com\/www.robertosedda.it\/wp-content\/uploads\/2018\/05\/Sono-vietate-le-discussioni-politiche.jpg?fit=966%2C212&resize=350%2C200 1x, https:\/\/i0.wp.com\/www.robertosedda.it\/wp-content\/uploads\/2018\/05\/Sono-vietate-le-discussioni-politiche.jpg?fit=966%2C212&resize=700%2C400 2x"},"classes":[]},{"id":14849,"url":"http:\/\/www.robertosedda.it\/?p=14849","url_meta":{"origin":20070,"position":4},"title":"Tre consigli per renitenti","author":"Rufus","date":"15\/03\/2018","format":false,"excerpt":"Mi sono riletto, ieri l'altro,\u00a0Fare il morto di Enrico Euli, un po' come antidoto al livello asfissiante di propaganda che ci circonda in questo periodo. \u00c8 stata una soluzione di ripiego perch\u00e9 il testo di Enrico pi\u00f9 adatto sarebbe stato Casca il mondo!, ma quello avrebbe richiesto una lettura pi\u00f9\u2026","rel":"","context":"In &quot;Coordinate&quot;","block_context":{"text":"Coordinate","link":"http:\/\/www.robertosedda.it\/?cat=52"},"img":{"alt_text":"","src":"https:\/\/i0.wp.com\/www.robertosedda.it\/wp-content\/uploads\/2018\/03\/Ma-ri-pozzu-toccai.jpg?fit=480%2C480&resize=350%2C200","width":350,"height":200},"classes":[]},{"id":11538,"url":"http:\/\/www.robertosedda.it\/?p=11538","url_meta":{"origin":20070,"position":5},"title":"E intanto la polizia brancola nel buio","author":"Rufus","date":"09\/02\/2016","format":false,"excerpt":"L'altro giorno entro in un bar a prendere un caff\u00e8. Il barista \u00e8 giovane, atletico, anzi muscoloso. Subito dopo di me entra una coppia, salutano calorosamente il barista, evidentemente si conoscono bene. Sento\u00a0distrattamente qualche battuta sul fatto che la coppia questa estate ha gestito un locale. Insieme con un tizio\u2026","rel":"","context":"In &quot;Coordinate&quot;","block_context":{"text":"Coordinate","link":"http:\/\/www.robertosedda.it\/?cat=52"},"img":{"alt_text":"","src":"https:\/\/i0.wp.com\/www.robertosedda.it\/wp-content\/uploads\/2016\/02\/crimine.jpg?fit=594%2C395&resize=350%2C200","width":350,"height":200},"classes":[]}],"_links":{"self":[{"href":"http:\/\/www.robertosedda.it\/index.php?rest_route=\/wp\/v2\/posts\/20070"}],"collection":[{"href":"http:\/\/www.robertosedda.it\/index.php?rest_route=\/wp\/v2\/posts"}],"about":[{"href":"http:\/\/www.robertosedda.it\/index.php?rest_route=\/wp\/v2\/types\/post"}],"author":[{"embeddable":true,"href":"http:\/\/www.robertosedda.it\/index.php?rest_route=\/wp\/v2\/users\/1"}],"replies":[{"embeddable":true,"href":"http:\/\/www.robertosedda.it\/index.php?rest_route=%2Fwp%2Fv2%2Fcomments&post=20070"}],"version-history":[{"count":6,"href":"http:\/\/www.robertosedda.it\/index.php?rest_route=\/wp\/v2\/posts\/20070\/revisions"}],"predecessor-version":[{"id":20161,"href":"http:\/\/www.robertosedda.it\/index.php?rest_route=\/wp\/v2\/posts\/20070\/revisions\/20161"}],"wp:featuredmedia":[{"embeddable":true,"href":"http:\/\/www.robertosedda.it\/index.php?rest_route=\/wp\/v2\/media\/20157"}],"wp:attachment":[{"href":"http:\/\/www.robertosedda.it\/index.php?rest_route=%2Fwp%2Fv2%2Fmedia&parent=20070"}],"wp:term":[{"taxonomy":"category","embeddable":true,"href":"http:\/\/www.robertosedda.it\/index.php?rest_route=%2Fwp%2Fv2%2Fcategories&post=20070"},{"taxonomy":"post_tag","embeddable":true,"href":"http:\/\/www.robertosedda.it\/index.php?rest_route=%2Fwp%2Fv2%2Ftags&post=20070"}],"curies":[{"name":"wp","href":"https:\/\/api.w.org\/{rel}","templated":true}]}}