{"id":2004,"date":"2013-01-23T19:55:56","date_gmt":"2013-01-23T18:55:56","guid":{"rendered":"http:\/\/www.robertosedda.it\/?p=2004"},"modified":"2015-01-23T12:15:24","modified_gmt":"2015-01-23T11:15:24","slug":"conan-a-oggi-parliamo-di-libri","status":"publish","type":"post","link":"http:\/\/www.robertosedda.it\/?p=2004","title":{"rendered":"Conan a &#8220;Oggi parliamo di libri&#8221;"},"content":{"rendered":"<p><a href=\"http:\/\/www.robertosedda.it\/?attachment_id=2055\" rel=\"attachment wp-att-2055\"><img data-attachment-id=\"2055\" data-permalink=\"http:\/\/www.robertosedda.it\/?attachment_id=2055\" data-orig-file=\"https:\/\/i0.wp.com\/www.robertosedda.it\/wp-content\/uploads\/2013\/01\/Conan-the-barbarian.jpg?fit=640%2C960\" data-orig-size=\"640,960\" data-comments-opened=\"1\" data-image-meta=\"{&quot;aperture&quot;:&quot;0&quot;,&quot;credit&quot;:&quot;&quot;,&quot;camera&quot;:&quot;&quot;,&quot;caption&quot;:&quot;&quot;,&quot;created_timestamp&quot;:&quot;0&quot;,&quot;copyright&quot;:&quot;&quot;,&quot;focal_length&quot;:&quot;0&quot;,&quot;iso&quot;:&quot;0&quot;,&quot;shutter_speed&quot;:&quot;0&quot;,&quot;title&quot;:&quot;&quot;}\" data-image-title=\"Conan the barbarian\" data-image-description=\"\" data-image-caption=\"\" data-medium-file=\"https:\/\/i0.wp.com\/www.robertosedda.it\/wp-content\/uploads\/2013\/01\/Conan-the-barbarian.jpg?fit=200%2C300\" data-large-file=\"https:\/\/i0.wp.com\/www.robertosedda.it\/wp-content\/uploads\/2013\/01\/Conan-the-barbarian.jpg?fit=510%2C765\" decoding=\"async\" loading=\"lazy\" class=\"size-medium wp-image-2055 alignleft\" src=\"https:\/\/i0.wp.com\/www.robertosedda.it\/wp-content\/uploads\/2013\/01\/Conan-the-barbarian.jpg?resize=200%2C300\" alt=\"Conan the barbarian\" width=\"200\" height=\"300\" srcset=\"https:\/\/i0.wp.com\/www.robertosedda.it\/wp-content\/uploads\/2013\/01\/Conan-the-barbarian.jpg?resize=200%2C300 200w, https:\/\/i0.wp.com\/www.robertosedda.it\/wp-content\/uploads\/2013\/01\/Conan-the-barbarian.jpg?w=640 640w\" sizes=\"(max-width: 200px) 100vw, 200px\" data-recalc-dims=\"1\" \/><\/a>La quarta puntata di <em>Oggi parliamo di libri<\/em> era dedicata a Conan. La <em>quarta?<\/em> E ormai \u00e8 andata in onda gi\u00e0 la <em>settima!<\/em> Sono in ritardissimo nella trascrizione delle puntate. Me tapino&#8230;<\/p>\n<p>Comunque, la puntata si \u00e8 aperta col botto. Con voce impostata (che temo facesse un po&#8217; ridere) ho letto la classica descrizione di Conan (di Lin Carter, credo):<\/p>\n<blockquote><p>Sappi, oh Principe, che tra gli anni in cui gli oceani inghiottirono Atlantide e le sue splendide citt\u00e0 e gli anni dell&#8217;ascesa dei figli di Aryas, ci fu un&#8217;et\u00e0 di sogno durante la quale fantastici regni erano disseminati nel mondo, come monti celesti sotto le stelle. Nemedia, Ophir, Brythunia, Hyperborea, Zamora con le sue brune donne e le misteriose torri dei ragni, Zingara con la sua cavalleria, Koth confinante con la pastorale Shem, Stygia con le sue tombe protette dalle ombre, Hyrkania i cui cavalieri indossavano acciaio, seta e oro. Ma su tutti i regni del sognante Occidente primeggiava superbo quello di Aquilonia. Qui venne Conan il Cimmero, i capelli neri, lo sguardo cupo, la spada nella mano; un ladro, un predone, un assassino, capace di abissali malinconie e di incontenibili esplosioni di allegria&#8230; venne a schiacciare sotto i suoi piedi i pi\u00f9 preziosi troni della Terra.<\/p><\/blockquote>\n<p><a href=\"http:\/\/www.robertosedda.it\/?attachment_id=2051\" rel=\"attachment wp-att-2051\"><img data-attachment-id=\"2051\" data-permalink=\"http:\/\/www.robertosedda.it\/?attachment_id=2051\" data-orig-file=\"https:\/\/i0.wp.com\/www.robertosedda.it\/wp-content\/uploads\/2013\/01\/Conan-cimmerian.jpg?fit=470%2C720\" data-orig-size=\"470,720\" data-comments-opened=\"1\" data-image-meta=\"{&quot;aperture&quot;:&quot;0&quot;,&quot;credit&quot;:&quot;&quot;,&quot;camera&quot;:&quot;&quot;,&quot;caption&quot;:&quot;&quot;,&quot;created_timestamp&quot;:&quot;0&quot;,&quot;copyright&quot;:&quot;&quot;,&quot;focal_length&quot;:&quot;0&quot;,&quot;iso&quot;:&quot;0&quot;,&quot;shutter_speed&quot;:&quot;0&quot;,&quot;title&quot;:&quot;&quot;}\" data-image-title=\"Conan cimmerian\" data-image-description=\"\" data-image-caption=\"\" data-medium-file=\"https:\/\/i0.wp.com\/www.robertosedda.it\/wp-content\/uploads\/2013\/01\/Conan-cimmerian.jpg?fit=195%2C300\" data-large-file=\"https:\/\/i0.wp.com\/www.robertosedda.it\/wp-content\/uploads\/2013\/01\/Conan-cimmerian.jpg?fit=470%2C720\" decoding=\"async\" loading=\"lazy\" class=\"alignright size-medium wp-image-2051\" src=\"https:\/\/i0.wp.com\/www.robertosedda.it\/wp-content\/uploads\/2013\/01\/Conan-cimmerian.jpg?resize=195%2C300\" alt=\"Conan cimmerian\" width=\"195\" height=\"300\" srcset=\"https:\/\/i0.wp.com\/www.robertosedda.it\/wp-content\/uploads\/2013\/01\/Conan-cimmerian.jpg?resize=195%2C300 195w, https:\/\/i0.wp.com\/www.robertosedda.it\/wp-content\/uploads\/2013\/01\/Conan-cimmerian.jpg?w=470 470w\" sizes=\"(max-width: 195px) 100vw, 195px\" data-recalc-dims=\"1\" \/><\/a>Cerco di dedicare ogni puntata, oltre che a un libro, a un <em>tema<\/em> particolare della <em>fantasy<\/em> o della fantascienza, in modo da offrire in queste trasmissioni uno sguardo il pi\u00f9 possibile ampio sul genere.<em>\u00a0<\/em>Conan si prestava per chiacchierare un po&#8217; di <em>heroic fantasy<\/em>, o di <em>sword &amp; sorcery<\/em>, e perci\u00f2 ho provveduto a descrivere questo sottogenere del <em>fantasy <\/em>(gi\u00e0 la citazione iniziale serviva a chiarire le idee agli ascoltatori!):<\/p>\n<blockquote><p>Siamo nel campo di quella che in inglese viene chiamata &#8220;sword and sorcery&#8221; e che in italiano si tradurrebbe &#8220;spada e stregoneria&#8221;. Si dice anche anche un genere &#8220;heroic fantasy&#8221;, cio\u00e8 una fantasy eroica. Che cosa \u00e8? \u00c8 una storia in cui i guerrieri sono pi\u00f9 grandi della realt\u00e0, sono tutti spadaccini invincibili, in cui le donne sono sempre bellissime, gli stregoni sono potenti oltremisura, gli avversari di portata straordinaria. Le avventure cio\u00e8 sono avventure che trascinano in un altro mondo e in un&#8217;altra dimensione.<\/p><\/blockquote>\n<p>Apriamo una parentesi: durante la puntata sono andato a memoria, ma adesso, preparando questa trascrizione mi \u00e8 un po&#8217; venuta la curiosit\u00e0 e quindi sono andato a vedere la definizione ufficiale di &#8220;<em>sword and sorcery<\/em>&#8220;. Con mia sorpresa ho scoperto che il giro di parole che ho usato io non \u00e8 di Fritz Leiber, a cui si deve la creazione di questa &#8220;etichetta&#8221; per Conan e i suoi epigoni, ma che ho in parte parafrasato L. Sprague deCamp, che per\u00f2 usava l&#8217;espressione per sottolineare il fatto che nal mondo di oggi non si possono risolvere le contestazioni dell&#8217;ufficio delle tasse con la spada in mano, come avrebbe fatto Conan. In compenso, il dizionario dell&#8217;Universit\u00e0 di Oxford usa quasi le mie stesse parole, quindi mi sento soddisfatto:<\/p>\n<blockquote><p><a href=\"http:\/\/www.robertosedda.it\/?attachment_id=2052\" rel=\"attachment wp-att-2052\"><img data-attachment-id=\"2052\" data-permalink=\"http:\/\/www.robertosedda.it\/?attachment_id=2052\" data-orig-file=\"https:\/\/i0.wp.com\/www.robertosedda.it\/wp-content\/uploads\/2013\/01\/Conan-cimmero.jpg?fit=466%2C720\" data-orig-size=\"466,720\" data-comments-opened=\"1\" data-image-meta=\"{&quot;aperture&quot;:&quot;0&quot;,&quot;credit&quot;:&quot;&quot;,&quot;camera&quot;:&quot;&quot;,&quot;caption&quot;:&quot;&quot;,&quot;created_timestamp&quot;:&quot;0&quot;,&quot;copyright&quot;:&quot;&quot;,&quot;focal_length&quot;:&quot;0&quot;,&quot;iso&quot;:&quot;0&quot;,&quot;shutter_speed&quot;:&quot;0&quot;,&quot;title&quot;:&quot;&quot;}\" data-image-title=\"Conan cimmero\" data-image-description=\"\" data-image-caption=\"\" data-medium-file=\"https:\/\/i0.wp.com\/www.robertosedda.it\/wp-content\/uploads\/2013\/01\/Conan-cimmero.jpg?fit=194%2C300\" data-large-file=\"https:\/\/i0.wp.com\/www.robertosedda.it\/wp-content\/uploads\/2013\/01\/Conan-cimmero.jpg?fit=466%2C720\" decoding=\"async\" loading=\"lazy\" class=\"alignright size-medium wp-image-2052\" src=\"https:\/\/i0.wp.com\/www.robertosedda.it\/wp-content\/uploads\/2013\/01\/Conan-cimmero.jpg?resize=194%2C300\" alt=\"Conan cimmero\" width=\"194\" height=\"300\" srcset=\"https:\/\/i0.wp.com\/www.robertosedda.it\/wp-content\/uploads\/2013\/01\/Conan-cimmero.jpg?resize=194%2C300 194w, https:\/\/i0.wp.com\/www.robertosedda.it\/wp-content\/uploads\/2013\/01\/Conan-cimmero.jpg?w=466 466w\" sizes=\"(max-width: 194px) 100vw, 194px\" data-recalc-dims=\"1\" \/><\/a>a subgenre of fantasy which describes the adventures of larger-than life heroes or heroines in bronze-age or medieval settings, and especially their battles with magical or supernatural foes.<\/p><\/blockquote>\n<p>Non si pu\u00f2 capire la <em>sword and sorcery<\/em> senza pensare al suo pubblico di lettori, nell&#8217;America rurale della Grande Depressione, che era l&#8217;ambiente in cui anche Howard viveva, o fra le nuove masse urbane, soprattutto fra i pendolari con pochi soldi e un po&#8217; di tempo da ammazzare in treno o autobus: \u00e8 la letteratura nata per soddisfare le (limitate) esigenze culturali di questi lettori il palcoscenico su cui Howard e altri grandissimi narratori si sono esibiti, il mondo delle rivistine <em>pulp<\/em>.<\/p>\n<p>In trasmissione, spiegando questo, mi sono avventurato in uno strano gioco di parole fra <em>pulp<\/em> nel senso che, come tutti sanno, si trattava di riviste stampate su carta a poco prezzo ricavata dalla polpa del legno, e\u00a0<em>pulp<\/em> nel senso della estrema materialit\u00e0 dei toni e delle narrazioni: <em>pulp<\/em> come carnazza, insomma, per soddisfare i lettori. Poi in maniera un po&#8217; buffa mi sono fermato a met\u00e0 pensando che sulla radio diocesana era meglio non dire: \u00abcarnazza\u00bb (oppure ho avuto paura di me stesso e della direzione che potevo prendere&#8230;).<\/p>\n<p>Ah, dimenticavo invece che mi sono molto divertito a terminare la presentazione del <em>pulp<\/em> con la descrizione delle tipiche<\/p>\n<blockquote><p><a href=\"http:\/\/www.robertosedda.it\/?attachment_id=2053\" rel=\"attachment wp-att-2053\"><img data-attachment-id=\"2053\" data-permalink=\"http:\/\/www.robertosedda.it\/?attachment_id=2053\" data-orig-file=\"https:\/\/i0.wp.com\/www.robertosedda.it\/wp-content\/uploads\/2013\/01\/Conan-il-barbaro.jpg?fit=731%2C960\" data-orig-size=\"731,960\" data-comments-opened=\"1\" data-image-meta=\"{&quot;aperture&quot;:&quot;0&quot;,&quot;credit&quot;:&quot;&quot;,&quot;camera&quot;:&quot;&quot;,&quot;caption&quot;:&quot;&quot;,&quot;created_timestamp&quot;:&quot;0&quot;,&quot;copyright&quot;:&quot;&quot;,&quot;focal_length&quot;:&quot;0&quot;,&quot;iso&quot;:&quot;0&quot;,&quot;shutter_speed&quot;:&quot;0&quot;,&quot;title&quot;:&quot;&quot;}\" data-image-title=\"Conan il barbaro\" data-image-description=\"\" data-image-caption=\"\" data-medium-file=\"https:\/\/i0.wp.com\/www.robertosedda.it\/wp-content\/uploads\/2013\/01\/Conan-il-barbaro.jpg?fit=228%2C300\" data-large-file=\"https:\/\/i0.wp.com\/www.robertosedda.it\/wp-content\/uploads\/2013\/01\/Conan-il-barbaro.jpg?fit=510%2C670\" decoding=\"async\" loading=\"lazy\" class=\"size-medium wp-image-2053 alignleft\" src=\"https:\/\/i0.wp.com\/www.robertosedda.it\/wp-content\/uploads\/2013\/01\/Conan-il-barbaro.jpg?resize=228%2C300\" alt=\"Conan il barbaro\" width=\"228\" height=\"300\" srcset=\"https:\/\/i0.wp.com\/www.robertosedda.it\/wp-content\/uploads\/2013\/01\/Conan-il-barbaro.jpg?resize=228%2C300 228w, https:\/\/i0.wp.com\/www.robertosedda.it\/wp-content\/uploads\/2013\/01\/Conan-il-barbaro.jpg?resize=700%2C919 700w, https:\/\/i0.wp.com\/www.robertosedda.it\/wp-content\/uploads\/2013\/01\/Conan-il-barbaro.jpg?w=731 731w\" sizes=\"(max-width: 228px) 100vw, 228px\" data-recalc-dims=\"1\" \/><\/a>copertine forse un po&#8217; os\u00e9 per l&#8217;epoca, in cui c&#8217;erano guerrieri nerboruti a torso nudo, donne legate in procinto di essere divorate da mostri, stregoni cupi, possibilmente piegati su se stessi e magari con l&#8217;aria un po&#8217; orientale perch\u00e9 il nemico giallo poteva essere alle porte.<\/p><\/blockquote>\n<p>Pu\u00f2 darsi che, come ho detto in trasmissione, si trattasse di storie concepite principalmente per acchiappare il lettore e trascinarlo via dalla sua vita ordinaria, storie rivolte a un pubblico un po&#8217; di bocca buona, per\u00f2 meno male che mi sono ricordato di dire che Howard \u00e8 un narratore di classe:<\/p>\n<blockquote><p>Howard aveva una capacit\u00e0 straordinaria di accattivarsi il lettore. Le storie di Conan sono storie molto ingenue, che forse qualche volta ci lasciano perplessi dal punto di vista del &#8220;messaggio&#8221;, ma che dal punto di vista del puro intrattenimento sono straordinarie: non c&#8217;\u00e8 una pagina di riposo, non c&#8217;\u00e8 una descrizione fuori posto, \u00e8 pura avventura senza nessuna adulterazione. E Conan \u00e8, nonostante tutto, un gran bel personaggio. Prima vi ho forse preoccupato dicendovi che Conan \u00e8 un ladro e un assassino; questo \u00e8 vero: noi attraverso tutti i racconti seguiamo Conan dalle sue prime imprese giovanili, in cui \u00e8 un avventuriero in fondo anche un po&#8217; senza scrupoli, fino all&#8217;et\u00e0 matura in cui diventer\u00e0 Re di Aquilonia, il regno pi\u00f9 potente fra tutti quelli della sua epoca&#8230;<\/p><\/blockquote>\n<p><a href=\"http:\/\/www.robertosedda.it\/?attachment_id=2054\" rel=\"attachment wp-att-2054\"><img data-attachment-id=\"2054\" data-permalink=\"http:\/\/www.robertosedda.it\/?attachment_id=2054\" data-orig-file=\"https:\/\/i0.wp.com\/www.robertosedda.it\/wp-content\/uploads\/2013\/01\/Conan-Nord.jpg?fit=457%2C720\" data-orig-size=\"457,720\" data-comments-opened=\"1\" data-image-meta=\"{&quot;aperture&quot;:&quot;0&quot;,&quot;credit&quot;:&quot;&quot;,&quot;camera&quot;:&quot;&quot;,&quot;caption&quot;:&quot;&quot;,&quot;created_timestamp&quot;:&quot;0&quot;,&quot;copyright&quot;:&quot;&quot;,&quot;focal_length&quot;:&quot;0&quot;,&quot;iso&quot;:&quot;0&quot;,&quot;shutter_speed&quot;:&quot;0&quot;,&quot;title&quot;:&quot;&quot;}\" data-image-title=\"Conan Nord\" data-image-description=\"\" data-image-caption=\"\" data-medium-file=\"https:\/\/i0.wp.com\/www.robertosedda.it\/wp-content\/uploads\/2013\/01\/Conan-Nord.jpg?fit=190%2C300\" data-large-file=\"https:\/\/i0.wp.com\/www.robertosedda.it\/wp-content\/uploads\/2013\/01\/Conan-Nord.jpg?fit=457%2C720\" decoding=\"async\" loading=\"lazy\" class=\"alignright size-medium wp-image-2054\" src=\"https:\/\/i0.wp.com\/www.robertosedda.it\/wp-content\/uploads\/2013\/01\/Conan-Nord.jpg?resize=190%2C300\" alt=\"Conan Nord\" width=\"190\" height=\"300\" srcset=\"https:\/\/i0.wp.com\/www.robertosedda.it\/wp-content\/uploads\/2013\/01\/Conan-Nord.jpg?resize=190%2C300 190w, https:\/\/i0.wp.com\/www.robertosedda.it\/wp-content\/uploads\/2013\/01\/Conan-Nord.jpg?w=457 457w\" sizes=\"(max-width: 190px) 100vw, 190px\" data-recalc-dims=\"1\" \/><\/a>Forse quando ho fatto questa puntata avevo gi\u00e0 in mente la puntata sulla fantascienza femminista (quella della settimana scorsa) o forse ero sotto l&#8217;effetto di qualche lettura utilizzata per documentarmi, perch\u00e9 riascoltandomi noto che continuamente avevo il bisogno quasi di giustificarmi, come in questo pezzo successivo:<\/p>\n<blockquote><p>Naturalmente Conan \u00e8 anche abbastanza discusso, per esempio il trattamento dei personaggi femminili nelle storie di Conan ha suscitato pi\u00f9 di una critica sia da parte dei fan che da parte di altre scrittrici che hanno tenuto a disegnare le loro eroine in maniera assolutamente antitetica a quello delle donne presenti nelle storie di Conan, che per\u00f2 non sono mai delle figure cos\u00ec &#8220;sottomesse&#8221;: ci sono principesse, spadaccine, avventuriere, streghe, sacerdotesse, e cos\u00ec via. Quello che rimane \u00e8 naturalmente il fatto che l&#8217;enfasi \u00e8 quella di una societ\u00e0, come quella in cui scriveva Howard, in cui le donne erano comunque tenute sostanzialmente ai margini.<\/p><\/blockquote>\n<p>Dal punto di vista della biografia non ho raccontato molto di Howard (per esempio non ho raccontato dellle sue vicende personali o del suo suicidio), ma ho raccontato brevemente la sua evoluzione di scrittore: al tempo della morte aveva ormai abbandonato Conan in favore della narrativa <em>western<\/em><\/p>\n<blockquote><p>un giovanotto texano che sognava di scrivere western: all&#8217;epoca il western era il genere letterario di intrattenimento, diciamo cos\u00ec, &#8220;di classe&#8221;, che poteva dare\u00a0 anche l&#8217;accesso a Hollywood, dove si facevano i film western, mentre il fantasy\u00a0 era il genere in un certo senso, di &#8220;serie B&#8221;. Se Howard avesse saputo che al giorno d&#8217;oggi scrivendo Harry Potter si fanno i milioni mentre il western non lo legge pi\u00f9 nessuno resterebbe senz&#8217;altro molto sorpreso,<\/p><\/blockquote>\n<p><a href=\"http:\/\/www.robertosedda.it\/?attachment_id=2050\" rel=\"attachment wp-att-2050\"><img data-attachment-id=\"2050\" data-permalink=\"http:\/\/www.robertosedda.it\/?attachment_id=2050\" data-orig-file=\"https:\/\/i0.wp.com\/www.robertosedda.it\/wp-content\/uploads\/2013\/01\/Conan-il-conquistatore.jpg?fit=306%2C480\" data-orig-size=\"306,480\" data-comments-opened=\"1\" data-image-meta=\"{&quot;aperture&quot;:&quot;0&quot;,&quot;credit&quot;:&quot;&quot;,&quot;camera&quot;:&quot;&quot;,&quot;caption&quot;:&quot;&quot;,&quot;created_timestamp&quot;:&quot;0&quot;,&quot;copyright&quot;:&quot;&quot;,&quot;focal_length&quot;:&quot;0&quot;,&quot;iso&quot;:&quot;0&quot;,&quot;shutter_speed&quot;:&quot;0&quot;,&quot;title&quot;:&quot;&quot;}\" data-image-title=\"Conan il conquistatore\" data-image-description=\"\" data-image-caption=\"\" data-medium-file=\"https:\/\/i0.wp.com\/www.robertosedda.it\/wp-content\/uploads\/2013\/01\/Conan-il-conquistatore.jpg?fit=191%2C300\" data-large-file=\"https:\/\/i0.wp.com\/www.robertosedda.it\/wp-content\/uploads\/2013\/01\/Conan-il-conquistatore.jpg?fit=306%2C480\" decoding=\"async\" loading=\"lazy\" class=\"alignright size-medium wp-image-2050\" src=\"https:\/\/i0.wp.com\/www.robertosedda.it\/wp-content\/uploads\/2013\/01\/Conan-il-conquistatore.jpg?resize=191%2C300\" alt=\"Conan il conquistatore\" width=\"191\" height=\"300\" srcset=\"https:\/\/i0.wp.com\/www.robertosedda.it\/wp-content\/uploads\/2013\/01\/Conan-il-conquistatore.jpg?resize=191%2C300 191w, https:\/\/i0.wp.com\/www.robertosedda.it\/wp-content\/uploads\/2013\/01\/Conan-il-conquistatore.jpg?w=306 306w\" sizes=\"(max-width: 191px) 100vw, 191px\" data-recalc-dims=\"1\" \/><\/a>e ho anche raccontato solo brevemente della complessa storia letteraria di Conan, con l&#8217;intreccio quasi inestricabile fra opere pubblicate mentre Howard era in vita, opere pubblicate postume ma scritte effettivamente da Howard, storie lasciate incomplete e riviste (o manipolate&#8230;) da Sprague DeCamp, Lin Carter e altri, e storie inventate di sana pianta da vari epigoni, per non parlare della seconda vita &#8211; fumettistica &#8211; di Conan. Non so se in trasmissione si \u00e8 capito, ma quel che ho consigliato di leggere, il romanzo <em>Conan il Conquistatore<\/em> e i racconti <em>La torre dell&#8217;Elefante<\/em> e <em>Chiodi rossi<\/em> appartengono al nucleo originale che risale a Howard in persona.<\/p>\n","protected":false},"excerpt":{"rendered":"<p>La quarta puntata di Oggi parliamo di libri era dedicata a Conan. La quarta? E ormai \u00e8 andata in onda<\/p>\n","protected":false},"author":1,"featured_media":2052,"comment_status":"open","ping_status":"open","sticky":false,"template":"","format":"standard","meta":{"_mi_skip_tracking":false,"_monsterinsights_sitenote_active":false,"_monsterinsights_sitenote_note":"","_monsterinsights_sitenote_category":0,"jetpack_post_was_ever_published":false,"_jetpack_newsletter_access":"","jetpack_publicize_message":"","jetpack_is_tweetstorm":false,"jetpack_publicize_feature_enabled":true,"jetpack_social_post_already_shared":false,"jetpack_social_options":{"image_generator_settings":{"template":"highway","enabled":false}}},"categories":[52,63,56,13,12],"tags":[],"jetpack_publicize_connections":[],"jetpack_featured_media_url":"https:\/\/i0.wp.com\/www.robertosedda.it\/wp-content\/uploads\/2013\/01\/Conan-cimmero.jpg?fit=466%2C720","jetpack_sharing_enabled":true,"jetpack_shortlink":"https:\/\/wp.me\/p4jV2T-wk","jetpack_likes_enabled":true,"jetpack-related-posts":[{"id":2188,"url":"http:\/\/www.robertosedda.it\/?p=2188","url_meta":{"origin":2004,"position":0},"title":"Altre tre puntate di &#8220;Oggi parliamo di libri&#8221; in linea","author":"Rufus","date":"08\/02\/2013","format":"video","excerpt":"Ho aggiunto ieri su YouTube altre tre puntate di Oggi parliamo di libri. Con queste ho ultimato il gruppo delle puntate che avevo gi\u00e0 trascritto; prossimamente inizier\u00f2 a mettere quelle pi\u00f9 recenti. Seconda puntata, L'Eternauta Incursione nel mondo del fumetto, della puntata ho gi\u00e0 parlato qui. L'Eternauta mi ha dato\u2026","rel":"","context":"In &quot;Coordinate&quot;","block_context":{"text":"Coordinate","link":"http:\/\/www.robertosedda.it\/?cat=52"},"img":{"alt_text":"","src":"https:\/\/i0.wp.com\/img.youtube.com\/vi\/YEArVX5rwfw\/0.jpg?resize=350%2C200","width":350,"height":200},"classes":[]},{"id":5433,"url":"http:\/\/www.robertosedda.it\/?p=5433","url_meta":{"origin":2004,"position":1},"title":"&#8220;Oggi parliamo di libri&#8221; ricomincia con Sherlock Holmes","author":"Rufus","date":"13\/12\/2013","format":"video","excerpt":"Il 3 ottobre (sembra gi\u00e0 un secolo fa) ho ricominciato ad andare in onda con Oggi parliamo di libri. A oggi abbiamo fatto pi\u00f9 di dieci puntate, quindi sono in ritardissimo con la pubblicazione su YouTube e qui sul blog (approfitto per ringraziare pubblicamente Fabio Figus che mi prepara i\u2026","rel":"","context":"In &quot;Coordinate&quot;","block_context":{"text":"Coordinate","link":"http:\/\/www.robertosedda.it\/?cat=52"},"img":{"alt_text":"","src":"https:\/\/i0.wp.com\/www.robertosedda.it\/wp-content\/uploads\/2013\/12\/Sherlock-Parliamo-di-libri.jpg?fit=766%2C448&resize=350%2C200","width":350,"height":200,"srcset":"https:\/\/i0.wp.com\/www.robertosedda.it\/wp-content\/uploads\/2013\/12\/Sherlock-Parliamo-di-libri.jpg?fit=766%2C448&resize=350%2C200 1x, https:\/\/i0.wp.com\/www.robertosedda.it\/wp-content\/uploads\/2013\/12\/Sherlock-Parliamo-di-libri.jpg?fit=766%2C448&resize=700%2C400 2x"},"classes":[]},{"id":5636,"url":"http:\/\/www.robertosedda.it\/?p=5636","url_meta":{"origin":2004,"position":2},"title":"I bisticci di Nero Wolfe e del suo tirapiedi","author":"Rufus","date":"29\/12\/2013","format":"video","excerpt":"Sulla puntata di Oggi parliamo di libri dedicata a Nero Wolfe non ho molto da dire. Le storie di Rex Stout dedicate all'investigatore ciccione e al suo caustico assistente sono state sicuramente fra i gialli preferiti della mia adolescenza; ne ho poi fatto una rilettura estensiva due anni fa, trovandole\u2026","rel":"","context":"In &quot;Coordinate&quot;","block_context":{"text":"Coordinate","link":"http:\/\/www.robertosedda.it\/?cat=52"},"img":{"alt_text":"","src":"https:\/\/i0.wp.com\/img.youtube.com\/vi\/Ab3GfykqhFY\/0.jpg?resize=350%2C200","width":350,"height":200},"classes":[]},{"id":2853,"url":"http:\/\/www.robertosedda.it\/?p=2853","url_meta":{"origin":2004,"position":3},"title":"Una puntata conclusiva","author":"Rufus","date":"12\/04\/2013","format":"video","excerpt":"Ho messo oggi on line la puntata di Oggi parliamo di libri che concludeva il ciclo dedicatato a fantasy e fantascienza. Durante\u00a0le trasmissioni\u00a0ho presentato, nell'ordine: Lo Hobbit, L'eternauta, Il gioco di Ender, il ciclo di Conan il Barbaro, il ciclo di Harry Potter, La mano sinistra delle tenebre, i libri\u2026","rel":"","context":"In &quot;Coordinate&quot;","block_context":{"text":"Coordinate","link":"http:\/\/www.robertosedda.it\/?cat=52"},"img":{"alt_text":"","src":"https:\/\/i0.wp.com\/www.robertosedda.it\/wp-content\/uploads\/2013\/04\/Fine-fantasy.jpg?fit=1009%2C691&resize=350%2C200","width":350,"height":200,"srcset":"https:\/\/i0.wp.com\/www.robertosedda.it\/wp-content\/uploads\/2013\/04\/Fine-fantasy.jpg?fit=1009%2C691&resize=350%2C200 1x, https:\/\/i0.wp.com\/www.robertosedda.it\/wp-content\/uploads\/2013\/04\/Fine-fantasy.jpg?fit=1009%2C691&resize=700%2C400 2x"},"classes":[]},{"id":3505,"url":"http:\/\/www.robertosedda.it\/?p=3505","url_meta":{"origin":2004,"position":4},"title":"Tarzan e le scimmie a &#8220;Oggi parliamo di libri&#8221;","author":"Rufus","date":"12\/06\/2013","format":"video","excerpt":"La ventiquattresima puntata di Oggi parliamo di libri era dedicata a Tarzan (volevo anche parlare un po' dei \"tarzanidi\", cio\u00e8 di tutti gli epigoni a vario titolo presentati al cinema e nei fumetti, ma come al solito mi \u00e8 passato il tempo). Sto rileggendo in questo periodo tutta la saga\u2026","rel":"","context":"In &quot;Cappe e spade&quot;","block_context":{"text":"Cappe e spade","link":"http:\/\/www.robertosedda.it\/?cat=70"},"img":{"alt_text":"","src":"https:\/\/i0.wp.com\/www.robertosedda.it\/wp-content\/uploads\/2013\/06\/Tarzan_marvel_annual_1.jpg?fit=400%2C624&resize=350%2C200","width":350,"height":200},"classes":[]},{"id":9309,"url":"http:\/\/www.robertosedda.it\/?p=9309","url_meta":{"origin":2004,"position":5},"title":"I libri che ho letto nel 2014","author":"Rufus","date":"08\/01\/2015","format":false,"excerpt":"Anobii mi informa che nel 2014 ho letto meno libri che nel 2013 ma per pi\u00f9 pagine: non posso proprio dire di averci fatto caso, in realt\u00e0, cos\u00ec come l'anno scorso ero rimasto piuttosto sorpreso nello scoprire che era accaduto l'inverso. Ad ogni modo i libri che ho letto sono\u2026","rel":"","context":"In &quot;Coordinate&quot;","block_context":{"text":"Coordinate","link":"http:\/\/www.robertosedda.it\/?cat=52"},"img":{"alt_text":"","src":"https:\/\/i0.wp.com\/www.robertosedda.it\/wp-content\/uploads\/2013\/10\/Gesrusalemme-liberata.jpg?fit=315%2C420&resize=350%2C200","width":350,"height":200},"classes":[]}],"_links":{"self":[{"href":"http:\/\/www.robertosedda.it\/index.php?rest_route=\/wp\/v2\/posts\/2004"}],"collection":[{"href":"http:\/\/www.robertosedda.it\/index.php?rest_route=\/wp\/v2\/posts"}],"about":[{"href":"http:\/\/www.robertosedda.it\/index.php?rest_route=\/wp\/v2\/types\/post"}],"author":[{"embeddable":true,"href":"http:\/\/www.robertosedda.it\/index.php?rest_route=\/wp\/v2\/users\/1"}],"replies":[{"embeddable":true,"href":"http:\/\/www.robertosedda.it\/index.php?rest_route=%2Fwp%2Fv2%2Fcomments&post=2004"}],"version-history":[{"count":24,"href":"http:\/\/www.robertosedda.it\/index.php?rest_route=\/wp\/v2\/posts\/2004\/revisions"}],"predecessor-version":[{"id":9439,"href":"http:\/\/www.robertosedda.it\/index.php?rest_route=\/wp\/v2\/posts\/2004\/revisions\/9439"}],"wp:featuredmedia":[{"embeddable":true,"href":"http:\/\/www.robertosedda.it\/index.php?rest_route=\/wp\/v2\/media\/2052"}],"wp:attachment":[{"href":"http:\/\/www.robertosedda.it\/index.php?rest_route=%2Fwp%2Fv2%2Fmedia&parent=2004"}],"wp:term":[{"taxonomy":"category","embeddable":true,"href":"http:\/\/www.robertosedda.it\/index.php?rest_route=%2Fwp%2Fv2%2Fcategories&post=2004"},{"taxonomy":"post_tag","embeddable":true,"href":"http:\/\/www.robertosedda.it\/index.php?rest_route=%2Fwp%2Fv2%2Ftags&post=2004"}],"curies":[{"name":"wp","href":"https:\/\/api.w.org\/{rel}","templated":true}]}}