{"id":19954,"date":"2023-02-24T12:46:58","date_gmt":"2023-02-24T11:46:58","guid":{"rendered":"http:\/\/www.robertosedda.it\/?p=19954"},"modified":"2026-02-02T12:03:36","modified_gmt":"2026-02-02T11:03:36","slug":"sfregi","status":"publish","type":"post","link":"http:\/\/www.robertosedda.it\/?p=19954","title":{"rendered":"Sfregi"},"content":{"rendered":"\n<figure class=\"wp-block-image alignwide size-full\"><img data-attachment-id=\"19961\" data-permalink=\"http:\/\/www.robertosedda.it\/?attachment_id=19961\" data-orig-file=\"https:\/\/i0.wp.com\/www.robertosedda.it\/wp-content\/uploads\/2023\/02\/Sfregio3.png?fit=1249%2C496\" data-orig-size=\"1249,496\" data-comments-opened=\"1\" data-image-meta=\"{&quot;aperture&quot;:&quot;0&quot;,&quot;credit&quot;:&quot;&quot;,&quot;camera&quot;:&quot;&quot;,&quot;caption&quot;:&quot;&quot;,&quot;created_timestamp&quot;:&quot;0&quot;,&quot;copyright&quot;:&quot;&quot;,&quot;focal_length&quot;:&quot;0&quot;,&quot;iso&quot;:&quot;0&quot;,&quot;shutter_speed&quot;:&quot;0&quot;,&quot;title&quot;:&quot;&quot;,&quot;orientation&quot;:&quot;0&quot;}\" data-image-title=\"Sfregio3\" data-image-description=\"\" data-image-caption=\"\" data-medium-file=\"https:\/\/i0.wp.com\/www.robertosedda.it\/wp-content\/uploads\/2023\/02\/Sfregio3.png?fit=300%2C119\" data-large-file=\"https:\/\/i0.wp.com\/www.robertosedda.it\/wp-content\/uploads\/2023\/02\/Sfregio3.png?fit=510%2C203\" decoding=\"async\" loading=\"lazy\" width=\"800\" height=\"318\" src=\"https:\/\/i0.wp.com\/www.robertosedda.it\/wp-content\/uploads\/2023\/02\/Sfregio3.png?resize=800%2C318\" alt=\"\" class=\"wp-image-19961\" srcset=\"https:\/\/i0.wp.com\/www.robertosedda.it\/wp-content\/uploads\/2023\/02\/Sfregio3.png?w=1249 1249w, https:\/\/i0.wp.com\/www.robertosedda.it\/wp-content\/uploads\/2023\/02\/Sfregio3.png?resize=300%2C119 300w, https:\/\/i0.wp.com\/www.robertosedda.it\/wp-content\/uploads\/2023\/02\/Sfregio3.png?resize=510%2C203 510w, https:\/\/i0.wp.com\/www.robertosedda.it\/wp-content\/uploads\/2023\/02\/Sfregio3.png?resize=150%2C60 150w\" sizes=\"(max-width: 800px) 100vw, 800px\" data-recalc-dims=\"1\" \/><figcaption class=\"wp-element-caption\"><em>Repubblica<\/em> equidistante<\/figcaption><\/figure>\n\n\n\n<p>Ho visto oggi <em>en passant<\/em> un certo stracciarsi le vesti (presumibilmente nere, sotto il doppiopetto gessato) per una manifestazione anarchica in favore di Cospito all&#8217;Altare della Patria.<\/p>\n\n\n\n<figure class=\"wp-block-image alignwide size-full\"><img data-attachment-id=\"19962\" data-permalink=\"http:\/\/www.robertosedda.it\/?attachment_id=19962\" data-orig-file=\"https:\/\/i0.wp.com\/www.robertosedda.it\/wp-content\/uploads\/2023\/02\/Sfregio2.png?fit=802%2C656\" data-orig-size=\"802,656\" data-comments-opened=\"1\" data-image-meta=\"{&quot;aperture&quot;:&quot;0&quot;,&quot;credit&quot;:&quot;&quot;,&quot;camera&quot;:&quot;&quot;,&quot;caption&quot;:&quot;&quot;,&quot;created_timestamp&quot;:&quot;0&quot;,&quot;copyright&quot;:&quot;&quot;,&quot;focal_length&quot;:&quot;0&quot;,&quot;iso&quot;:&quot;0&quot;,&quot;shutter_speed&quot;:&quot;0&quot;,&quot;title&quot;:&quot;&quot;,&quot;orientation&quot;:&quot;0&quot;}\" data-image-title=\"Sfregio2\" data-image-description=\"\" data-image-caption=\"\" data-medium-file=\"https:\/\/i0.wp.com\/www.robertosedda.it\/wp-content\/uploads\/2023\/02\/Sfregio2.png?fit=300%2C245\" data-large-file=\"https:\/\/i0.wp.com\/www.robertosedda.it\/wp-content\/uploads\/2023\/02\/Sfregio2.png?fit=510%2C417\" decoding=\"async\" loading=\"lazy\" width=\"800\" height=\"654\" src=\"https:\/\/i0.wp.com\/www.robertosedda.it\/wp-content\/uploads\/2023\/02\/Sfregio2.png?resize=800%2C654\" alt=\"\" class=\"wp-image-19962\" srcset=\"https:\/\/i0.wp.com\/www.robertosedda.it\/wp-content\/uploads\/2023\/02\/Sfregio2.png?w=802 802w, https:\/\/i0.wp.com\/www.robertosedda.it\/wp-content\/uploads\/2023\/02\/Sfregio2.png?resize=300%2C245 300w, https:\/\/i0.wp.com\/www.robertosedda.it\/wp-content\/uploads\/2023\/02\/Sfregio2.png?resize=510%2C417 510w, https:\/\/i0.wp.com\/www.robertosedda.it\/wp-content\/uploads\/2023\/02\/Sfregio2.png?resize=150%2C123 150w\" sizes=\"(max-width: 800px) 100vw, 800px\" data-recalc-dims=\"1\" \/><figcaption class=\"wp-element-caption\"><em>Il Tempo<\/em> molto meno<\/figcaption><\/figure>\n\n\n\n<p>L&#8217;agitarsi di Crosetto e La Russa mi ha, come suol dirsi, sbloccato un ricordo, perch\u00e9 anch&#8217;io sono andato a manifestare all&#8217;Altare della Patria, nella stressa occasione della mia piccola congiura contro Spadolini e la Caritas di cui ho <a href=\"http:\/\/www.robertosedda.it\/?p=1149\" data-type=\"post\" data-id=\"1149\">raccontato anni fa<\/a>.<\/p>\n\n\n\n<p>Nella stessa occasione andammo con gli altri obiettori Caritas e un po&#8217; di altri pacifisti davanti all&#8217;Altare della Patria, srotolammo uno striscione con scritto <em>Dormi in pace, non ripeteremo gli errori del passato<\/em>, gridammo lo stesso slogan un paio di volte, mantenemmo il presidio per un po&#8217; di tempo e poi la cosa, sostanzialmente, fin\u00ec l\u00ec. Eravamo quattro gatti, non so se si \u00e8 capito, letteralmente attorniati dalla DIGOS guidata da un tizio dall&#8217;aspetto molto dannunziano che mi \u00e8 capitato di vedere in altre manifestazioni; non credo, peraltro, che si presero nemmeno la briga di identificarci. Un paio di turisti passando ci fotografarono, cosa che probabilmente non contribu\u00ec al miglioramento dell&#8217;immagine dell&#8217;Italia nel mondo.<\/p>\n\n\n\n<p>Ripensandoci, e pensando all&#8217;indignazione odierna, direi che la manifestazione di oggi magari prende la situazione un po&#8217; pi\u00f9 per il bavero della giacca (<em>L&#8217;Italia tortura <\/em>\u00e8 molto esplicito) ma il nostro era un attacco molto pi\u00f9 diretto, esattamente al tema dell&#8217;avere un sacrario dedicato a un poveretto fatto a pezzi dalla mitraglia sui monti di Trento e su quello che questo <em>non<\/em> deve significare e quindi, senza dubbio, se oggi \u00e8 sfregio anche io ne sono stato colpevole in passato e francamente, pensando a come pass\u00f2 liscia la cosa all&#8217;epoca, e alla lotta al coltello che invece si teneva nei retrobottega, quella di oggi mi sembra davvero vuota retorica &#8211; che poi segni punti coi benpensanti, questo fa parte delle regole del gioco (a me pare, peraltro, un approccio molto difensivo, che vuol dire che la manifestazione, invece, ha segnato il punto).<\/p>\n","protected":false},"excerpt":{"rendered":"<p>Ho visto oggi en passant un certo stracciarsi le vesti (presumibilmente nere, sotto il doppiopetto gessato) per una manifestazione anarchica<\/p>\n","protected":false},"author":1,"featured_media":19962,"comment_status":"open","ping_status":"open","sticky":false,"template":"","format":"standard","meta":{"_mi_skip_tracking":false,"_monsterinsights_sitenote_active":false,"_monsterinsights_sitenote_note":"","_monsterinsights_sitenote_category":0,"jetpack_post_was_ever_published":false,"_jetpack_newsletter_access":"","jetpack_publicize_message":"","jetpack_is_tweetstorm":false,"jetpack_publicize_feature_enabled":true,"jetpack_social_post_already_shared":true,"jetpack_social_options":{"image_generator_settings":{"template":"highway","enabled":false}}},"categories":[52,57,17,59,16],"tags":[],"jetpack_publicize_connections":[],"jetpack_featured_media_url":"https:\/\/i0.wp.com\/www.robertosedda.it\/wp-content\/uploads\/2023\/02\/Sfregio2.png?fit=802%2C656","jetpack_sharing_enabled":true,"jetpack_shortlink":"https:\/\/wp.me\/s4jV2T-sfregi","jetpack_likes_enabled":true,"jetpack-related-posts":[],"_links":{"self":[{"href":"http:\/\/www.robertosedda.it\/index.php?rest_route=\/wp\/v2\/posts\/19954"}],"collection":[{"href":"http:\/\/www.robertosedda.it\/index.php?rest_route=\/wp\/v2\/posts"}],"about":[{"href":"http:\/\/www.robertosedda.it\/index.php?rest_route=\/wp\/v2\/types\/post"}],"author":[{"embeddable":true,"href":"http:\/\/www.robertosedda.it\/index.php?rest_route=\/wp\/v2\/users\/1"}],"replies":[{"embeddable":true,"href":"http:\/\/www.robertosedda.it\/index.php?rest_route=%2Fwp%2Fv2%2Fcomments&post=19954"}],"version-history":[{"count":4,"href":"http:\/\/www.robertosedda.it\/index.php?rest_route=\/wp\/v2\/posts\/19954\/revisions"}],"predecessor-version":[{"id":20923,"href":"http:\/\/www.robertosedda.it\/index.php?rest_route=\/wp\/v2\/posts\/19954\/revisions\/20923"}],"wp:featuredmedia":[{"embeddable":true,"href":"http:\/\/www.robertosedda.it\/index.php?rest_route=\/wp\/v2\/media\/19962"}],"wp:attachment":[{"href":"http:\/\/www.robertosedda.it\/index.php?rest_route=%2Fwp%2Fv2%2Fmedia&parent=19954"}],"wp:term":[{"taxonomy":"category","embeddable":true,"href":"http:\/\/www.robertosedda.it\/index.php?rest_route=%2Fwp%2Fv2%2Fcategories&post=19954"},{"taxonomy":"post_tag","embeddable":true,"href":"http:\/\/www.robertosedda.it\/index.php?rest_route=%2Fwp%2Fv2%2Ftags&post=19954"}],"curies":[{"name":"wp","href":"https:\/\/api.w.org\/{rel}","templated":true}]}}