{"id":19907,"date":"2022-08-06T14:24:04","date_gmt":"2022-08-06T12:24:04","guid":{"rendered":"http:\/\/www.robertosedda.it\/?p=19907"},"modified":"2022-11-08T14:39:16","modified_gmt":"2022-11-08T13:39:16","slug":"allerta-per-larte","status":"publish","type":"post","link":"http:\/\/www.robertosedda.it\/?p=19907","title":{"rendered":"All&#8217;erta per l&#8217;arte"},"content":{"rendered":"\n<p><a href=\"https:\/\/www.theguardian.com\/artanddesign\/2022\/aug\/03\/antony-gormley-phallic-statue-imperial-college\">Vedo sul <em>Guardian<\/em><\/a> che un gruppo di studenti dell&#8217;<em>Imperial College<\/em> di Londra ha presentato una mozione contro l&#8217;installazione nel <em>campus <\/em>di una scultura prodotta dall&#8217;artista Antony Gormley, perch\u00e9 questa, a-hem, raffigurerebbe un uomo in stato di palese eccitazione sessuale, sarebbe \u00abfallica\u00bb, con una \u00abevidente erezione\u00bb.<\/p>\n\n\n\n<figure class=\"wp-block-image alignwide size-full\"><img data-attachment-id=\"19908\" data-permalink=\"http:\/\/www.robertosedda.it\/?attachment_id=19908\" data-orig-file=\"https:\/\/i0.wp.com\/www.robertosedda.it\/wp-content\/uploads\/2022\/08\/Gormley-statue.png?fit=638%2C541\" data-orig-size=\"638,541\" data-comments-opened=\"1\" data-image-meta=\"{&quot;aperture&quot;:&quot;0&quot;,&quot;credit&quot;:&quot;&quot;,&quot;camera&quot;:&quot;&quot;,&quot;caption&quot;:&quot;&quot;,&quot;created_timestamp&quot;:&quot;0&quot;,&quot;copyright&quot;:&quot;&quot;,&quot;focal_length&quot;:&quot;0&quot;,&quot;iso&quot;:&quot;0&quot;,&quot;shutter_speed&quot;:&quot;0&quot;,&quot;title&quot;:&quot;&quot;,&quot;orientation&quot;:&quot;0&quot;}\" data-image-title=\"Gormley-statue\" data-image-description=\"\" data-image-caption=\"\" data-medium-file=\"https:\/\/i0.wp.com\/www.robertosedda.it\/wp-content\/uploads\/2022\/08\/Gormley-statue.png?fit=300%2C254\" data-large-file=\"https:\/\/i0.wp.com\/www.robertosedda.it\/wp-content\/uploads\/2022\/08\/Gormley-statue.png?fit=510%2C432\" decoding=\"async\" loading=\"lazy\" width=\"638\" height=\"541\" src=\"https:\/\/i0.wp.com\/www.robertosedda.it\/wp-content\/uploads\/2022\/08\/Gormley-statue.png?resize=638%2C541\" alt=\"\" class=\"wp-image-19908\" srcset=\"https:\/\/i0.wp.com\/www.robertosedda.it\/wp-content\/uploads\/2022\/08\/Gormley-statue.png?w=638 638w, https:\/\/i0.wp.com\/www.robertosedda.it\/wp-content\/uploads\/2022\/08\/Gormley-statue.png?resize=300%2C254 300w, https:\/\/i0.wp.com\/www.robertosedda.it\/wp-content\/uploads\/2022\/08\/Gormley-statue.png?resize=510%2C432 510w, https:\/\/i0.wp.com\/www.robertosedda.it\/wp-content\/uploads\/2022\/08\/Gormley-statue.png?resize=150%2C127 150w\" sizes=\"(max-width: 638px) 100vw, 638px\" data-recalc-dims=\"1\" \/><\/figure>\n\n\n\n<p>L&#8217;artista si difende dicendo che la statua rappresenta invece un uomo accosciato, pronto a intraprendere il cammino della ricerca, e che a questo allude il titolo dato all&#8217;opera, <em>Alert<\/em>, cio\u00e8 &#8220;all&#8217;erta&#8221; o &#8220;vigile&#8221;, nome che invece agli studenti sembra un&#8217;ulteriore conferma della loro interpretazione.<\/p>\n\n\n\n<figure class=\"wp-block-image alignleft size-full\"><img data-attachment-id=\"19909\" data-permalink=\"http:\/\/www.robertosedda.it\/?attachment_id=19909\" data-orig-file=\"https:\/\/i0.wp.com\/www.robertosedda.it\/wp-content\/uploads\/2022\/08\/Gormely-interpretation.png?fit=279%2C369\" data-orig-size=\"279,369\" data-comments-opened=\"1\" data-image-meta=\"{&quot;aperture&quot;:&quot;0&quot;,&quot;credit&quot;:&quot;&quot;,&quot;camera&quot;:&quot;&quot;,&quot;caption&quot;:&quot;&quot;,&quot;created_timestamp&quot;:&quot;0&quot;,&quot;copyright&quot;:&quot;&quot;,&quot;focal_length&quot;:&quot;0&quot;,&quot;iso&quot;:&quot;0&quot;,&quot;shutter_speed&quot;:&quot;0&quot;,&quot;title&quot;:&quot;&quot;,&quot;orientation&quot;:&quot;0&quot;}\" data-image-title=\"Gormely-interpretation\" data-image-description=\"\" data-image-caption=\"\" data-medium-file=\"https:\/\/i0.wp.com\/www.robertosedda.it\/wp-content\/uploads\/2022\/08\/Gormely-interpretation.png?fit=227%2C300\" data-large-file=\"https:\/\/i0.wp.com\/www.robertosedda.it\/wp-content\/uploads\/2022\/08\/Gormely-interpretation.png?fit=279%2C369\" decoding=\"async\" loading=\"lazy\" width=\"279\" height=\"369\" src=\"https:\/\/i0.wp.com\/www.robertosedda.it\/wp-content\/uploads\/2022\/08\/Gormely-interpretation.png?resize=279%2C369\" alt=\"\" class=\"wp-image-19909\" srcset=\"https:\/\/i0.wp.com\/www.robertosedda.it\/wp-content\/uploads\/2022\/08\/Gormely-interpretation.png?w=279 279w, https:\/\/i0.wp.com\/www.robertosedda.it\/wp-content\/uploads\/2022\/08\/Gormely-interpretation.png?resize=227%2C300 227w, https:\/\/i0.wp.com\/www.robertosedda.it\/wp-content\/uploads\/2022\/08\/Gormely-interpretation.png?resize=113%2C150 113w\" sizes=\"(max-width: 279px) 100vw, 279px\" data-recalc-dims=\"1\" \/><\/figure>\n\n\n\n<p>Ora, devo dire che a me la statua non dispiace,  probabilmente perch\u00e9 sono affezionato a <a href=\"https:\/\/www.museonivola.it\/\/wp-content\/uploads\/2020\/12\/costruttore.jpg\">certe rappresentazioni della figura maschile da parte di Nivola<\/a> (che, peraltro, non rifuggiva dall&#8217;indicare esplicitamente gli attributi sessuali in alcune di queste opere).<\/p>\n\n\n\n<p>La mia reazione a caldo, lo ammetto, \u00e8 stata pensare che un tempo all&#8217;universit\u00e0 i bigotti erano i professori, e adesso invece sono bigotti gli studenti. Una frase come: \u00abessi fanno notare come non ci sia: \u00abniente di sbagliato in s\u00e9 in una rappresentazione fallica nell&#8217;arte\u00bb, tuttavia l&#8217;attenzione riservata al [presunto] pene causata dall&#8217;interpretazione fallica potrebbe farla considerare inappropriata per un&#8217;opera in mostra in un luogo estremamente pubblico\u00bb, \u00e8 esattamente il tipo di acrobazia verbale usata ipocritamente dai bigotti di tutte le epoche. Non a caso, in un separato <a href=\"https:\/\/www.theguardian.com\/artanddesign\/2022\/aug\/04\/antony-gormley-phallic-sculpture-erect-penis-row-attack-alert\">articolo<\/a>, Jonathan Jones, un critico d&#8217;arte del <em>Guardian<\/em>, parla di: \u00abRitorno dei repressi\u00bb.<\/p>\n\n\n\n<p>La cosa, tuttavia, \u00e8 un po&#8217; pi\u00f9 complicata di cos\u00ec. <\/p>\n\n\n\n<p>Ammetto di non avere mai prima sentito parlare di Gormley, definito da un portavoce dell&#8217;<em>Imperial College<\/em>: \u00abuno degli artisti pi\u00f9 importanti del mondo\u00bb, cos\u00ec mi sono sentito spinto a approfondire, tanto pi\u00f9 che lo stesso articolo del <em>Guardian<\/em> segnalava che Gormley non \u00e8 nuovo a queste contestazioni &#8211; con pi\u00f9 di un briciolo di cattiveria il citato Jonathan Jones spiega cos\u00ec l&#8217;origine delle contestazioni:<\/p>\n\n\n\n<blockquote class=\"wp-block-quote\"><p>Gormley ha costruito la sua reputazione su una sorta di blando umanesimo che non spaventa la classe media &#8211; o non la spaventava [&#8230;]. Ha sempre detto di credere nella &#8220;quota parte dell&#8217;osservatore&#8221;: il significato che chi guarda attribuisce all&#8217;opera. La trasparenza, un  critico potrebbe dire la banalit\u00e0 delle sue immagini, lascia spazio pi\u00f9 che sufficiente all&#8217;immaginazione dello spettatore <\/p><\/blockquote>\n\n\n\n<p>per attribuire all&#8217;artista tutto e il contrario di tutto, parrebbe.<\/p>\n\n\n\n<p>Sar\u00e0. Per\u00f2 sono andato a vedermi la <a href=\"https:\/\/www.theguardian.com\/artanddesign\/shortcuts\/2021\/feb\/17\/sex-on-the-beach-why-gormleys-metal-sculptures-are-flustering-suffolk-residents\">precedente opera di Gormley contestata dal pubblico<\/a> e non mi pare che il tema sia esattamente questo. Sulla spiaggia di Aldeburgh sono state depositate quattro forme &#8211; l&#8217;opera si chiama <em>Quartetto (dormienti)<\/em> &#8211; e fra i residenti della zona si \u00e8 diffusa l&#8217;impressione che si trattasse non di foche a riposo sulla spiaggia ma di una collezione di giocattoli sessuali. Ancora una volta non \u00e8 che facciano discutere contenuti tipici del dibattito sull&#8217;arte contemporanea, come il fatto che sia non naturalistica o non descrittiva, e che quindi non ci si capisca niente, o che sia di cattivo gusto o lontana dai canoni estetici che comunemente si attribuiscono all&#8217;arte; il problema \u00e8 sempre di tipo sessuale.<\/p>\n\n\n\n<figure class=\"wp-block-image alignwide size-full\"><img data-attachment-id=\"19911\" data-permalink=\"http:\/\/www.robertosedda.it\/?attachment_id=19911\" data-orig-file=\"https:\/\/i0.wp.com\/www.robertosedda.it\/wp-content\/uploads\/2022\/08\/Gormley-Aldeburgh.png?fit=654%2C492\" data-orig-size=\"654,492\" data-comments-opened=\"1\" data-image-meta=\"{&quot;aperture&quot;:&quot;0&quot;,&quot;credit&quot;:&quot;&quot;,&quot;camera&quot;:&quot;&quot;,&quot;caption&quot;:&quot;&quot;,&quot;created_timestamp&quot;:&quot;0&quot;,&quot;copyright&quot;:&quot;&quot;,&quot;focal_length&quot;:&quot;0&quot;,&quot;iso&quot;:&quot;0&quot;,&quot;shutter_speed&quot;:&quot;0&quot;,&quot;title&quot;:&quot;&quot;,&quot;orientation&quot;:&quot;0&quot;}\" data-image-title=\"Gormley-Aldeburgh\" data-image-description=\"\" data-image-caption=\"\" data-medium-file=\"https:\/\/i0.wp.com\/www.robertosedda.it\/wp-content\/uploads\/2022\/08\/Gormley-Aldeburgh.png?fit=300%2C226\" data-large-file=\"https:\/\/i0.wp.com\/www.robertosedda.it\/wp-content\/uploads\/2022\/08\/Gormley-Aldeburgh.png?fit=510%2C384\" decoding=\"async\" loading=\"lazy\" width=\"654\" height=\"492\" src=\"https:\/\/i0.wp.com\/www.robertosedda.it\/wp-content\/uploads\/2022\/08\/Gormley-Aldeburgh.png?resize=654%2C492\" alt=\"\" class=\"wp-image-19911\" srcset=\"https:\/\/i0.wp.com\/www.robertosedda.it\/wp-content\/uploads\/2022\/08\/Gormley-Aldeburgh.png?w=654 654w, https:\/\/i0.wp.com\/www.robertosedda.it\/wp-content\/uploads\/2022\/08\/Gormley-Aldeburgh.png?resize=300%2C226 300w, https:\/\/i0.wp.com\/www.robertosedda.it\/wp-content\/uploads\/2022\/08\/Gormley-Aldeburgh.png?resize=510%2C384 510w, https:\/\/i0.wp.com\/www.robertosedda.it\/wp-content\/uploads\/2022\/08\/Gormley-Aldeburgh.png?resize=150%2C113 150w\" sizes=\"(max-width: 654px) 100vw, 654px\" data-recalc-dims=\"1\" \/><\/figure>\n\n\n\n<p>Qualche volta l&#8217;opera ha <em>davvero<\/em> un taglio sessuale. Gli articoli che andavo leggendo ironizzavano, fra l&#8217;altro, sul fatto che in una installazione dell&#8217;artista Joep Van Lieshout si fosse intuita la possibilit\u00e0 di un rapporto sessuale fra uomo e animale, spingendo il Louvre a <a href=\"https:\/\/www.theguardian.com\/world\/2017\/oct\/18\/obscene-pornographic-louvre-sexually-explicit-sculpture-too-risque\">rifiutarsi di accoglierla<\/a> e spingendola verso il meno prestigioso Beaubourg.<\/p>\n\n\n\n<p>\u00abIntuire la possibilit\u00e0\u00bb mio nonno. L&#8217;opera raffigura esattamente quello, come spiega l&#8217;artista sul suo sito &#8211; il grassetto \u00e8 mio: <\/p>\n\n\n\n<blockquote class=\"wp-block-quote\"><p><em>Domestikator<\/em> \u00e8 un&#8217;opera d&#8217;arte di grande formato che serve da totem, tempio e faro. Essa simboleggia il potere dell&#8217;umanit\u00e0 sul mondo e paga il suo tributo all&#8217;inventiva, alla raffinatezza e alle capacit\u00e0 dell&#8217;umanit\u00e0, al potere dell&#8217;organizzazione e all&#8217;uso di questo potere per dominare il mondo naturale. Per sostenere materialmente sette miliardi di persone, l&#8217;agricoltura \u00e8 divenuta un&#8217;industria, con un&#8217;agricoltura di tipo estrattivo e la manipolazione genetica una necessit\u00e0. Questo ci pone di fronte a un dilemma etico, dato che questo tipo di agricoltura sembra sconfinare nell&#8217;abuso. <strong>Allo stesso tempo, l&#8217;abuso evidente di un animale, il rapporto sessuale con esso, \u00e8 uno degli ultimi tab\u00f9 rimanenti. <\/strong>Perch\u00e9 trattare un animale come se fosse un altro umano \u00e8 un atto indicibile, quando trattare un animale come una risorsa per la produzione industriale \u00e8 la norma.<\/p><\/blockquote>\n\n\n\n<figure class=\"wp-block-image alignwide size-full\"><img data-attachment-id=\"19912\" data-permalink=\"http:\/\/www.robertosedda.it\/?attachment_id=19912\" data-orig-file=\"https:\/\/i0.wp.com\/www.robertosedda.it\/wp-content\/uploads\/2022\/08\/Van-Lieshout.png?fit=1164%2C654\" data-orig-size=\"1164,654\" data-comments-opened=\"1\" data-image-meta=\"{&quot;aperture&quot;:&quot;0&quot;,&quot;credit&quot;:&quot;&quot;,&quot;camera&quot;:&quot;&quot;,&quot;caption&quot;:&quot;&quot;,&quot;created_timestamp&quot;:&quot;0&quot;,&quot;copyright&quot;:&quot;&quot;,&quot;focal_length&quot;:&quot;0&quot;,&quot;iso&quot;:&quot;0&quot;,&quot;shutter_speed&quot;:&quot;0&quot;,&quot;title&quot;:&quot;&quot;,&quot;orientation&quot;:&quot;0&quot;}\" data-image-title=\"Van-Lieshout\" data-image-description=\"\" data-image-caption=\"\" data-medium-file=\"https:\/\/i0.wp.com\/www.robertosedda.it\/wp-content\/uploads\/2022\/08\/Van-Lieshout.png?fit=300%2C169\" data-large-file=\"https:\/\/i0.wp.com\/www.robertosedda.it\/wp-content\/uploads\/2022\/08\/Van-Lieshout.png?fit=510%2C287\" decoding=\"async\" loading=\"lazy\" width=\"800\" height=\"449\" src=\"https:\/\/i0.wp.com\/www.robertosedda.it\/wp-content\/uploads\/2022\/08\/Van-Lieshout.png?resize=800%2C449\" alt=\"\" class=\"wp-image-19912\" srcset=\"https:\/\/i0.wp.com\/www.robertosedda.it\/wp-content\/uploads\/2022\/08\/Van-Lieshout.png?w=1164 1164w, https:\/\/i0.wp.com\/www.robertosedda.it\/wp-content\/uploads\/2022\/08\/Van-Lieshout.png?resize=300%2C169 300w, https:\/\/i0.wp.com\/www.robertosedda.it\/wp-content\/uploads\/2022\/08\/Van-Lieshout.png?resize=510%2C287 510w, https:\/\/i0.wp.com\/www.robertosedda.it\/wp-content\/uploads\/2022\/08\/Van-Lieshout.png?resize=150%2C84 150w\" sizes=\"(max-width: 800px) 100vw, 800px\" data-recalc-dims=\"1\" \/><\/figure>\n\n\n\n<p>La cosa interessante, per\u00f2, \u00e8 che lo stesso artista in <a href=\"https:\/\/news.artnet.com\/art-world\/atelier-van-lieshout-domestikator-unveiled-centre-pompidou-1119602\">un&#8217;intervista su <em>ArtNet<\/em><\/a> invece fa lo gnorri: <\/p>\n\n\n\n<figure class=\"wp-block-image alignright size-large\"><img data-attachment-id=\"19916\" data-permalink=\"http:\/\/www.robertosedda.it\/?attachment_id=19916\" data-orig-file=\"https:\/\/i0.wp.com\/www.robertosedda.it\/wp-content\/uploads\/2022\/08\/Domestikator-2.png?fit=573%2C590\" data-orig-size=\"573,590\" data-comments-opened=\"1\" data-image-meta=\"{&quot;aperture&quot;:&quot;0&quot;,&quot;credit&quot;:&quot;&quot;,&quot;camera&quot;:&quot;&quot;,&quot;caption&quot;:&quot;&quot;,&quot;created_timestamp&quot;:&quot;0&quot;,&quot;copyright&quot;:&quot;&quot;,&quot;focal_length&quot;:&quot;0&quot;,&quot;iso&quot;:&quot;0&quot;,&quot;shutter_speed&quot;:&quot;0&quot;,&quot;title&quot;:&quot;&quot;,&quot;orientation&quot;:&quot;0&quot;}\" data-image-title=\"Domestikator-2\" data-image-description=\"\" data-image-caption=\"\" data-medium-file=\"https:\/\/i0.wp.com\/www.robertosedda.it\/wp-content\/uploads\/2022\/08\/Domestikator-2.png?fit=291%2C300\" data-large-file=\"https:\/\/i0.wp.com\/www.robertosedda.it\/wp-content\/uploads\/2022\/08\/Domestikator-2.png?fit=510%2C525\" decoding=\"async\" loading=\"lazy\" width=\"510\" height=\"525\" src=\"https:\/\/i0.wp.com\/www.robertosedda.it\/wp-content\/uploads\/2022\/08\/Domestikator-2.png?resize=510%2C525\" alt=\"\" class=\"wp-image-19916\" srcset=\"https:\/\/i0.wp.com\/www.robertosedda.it\/wp-content\/uploads\/2022\/08\/Domestikator-2.png?resize=510%2C525 510w, https:\/\/i0.wp.com\/www.robertosedda.it\/wp-content\/uploads\/2022\/08\/Domestikator-2.png?resize=291%2C300 291w, https:\/\/i0.wp.com\/www.robertosedda.it\/wp-content\/uploads\/2022\/08\/Domestikator-2.png?resize=146%2C150 146w, https:\/\/i0.wp.com\/www.robertosedda.it\/wp-content\/uploads\/2022\/08\/Domestikator-2.png?w=573 573w\" sizes=\"(max-width: 510px) 100vw, 510px\" data-recalc-dims=\"1\" \/><\/figure>\n\n\n\n<blockquote class=\"wp-block-quote\"><p>Sono rimasto sorpreso [dell&#8217;atteggiamento del Louvre], prima di tutto. Allibito, in realt\u00e0, dato che l&#8217;ultima cosa che mi aspettavo era che qualcuno potesse dire che questo era in lavoro sessualmente esplicito.<\/p><\/blockquote>\n\n\n\n<p>Curiosamente, vedo che anche per un&#8217;altra opera anch&#8217;essa contestata a Parigi, <a href=\"https:\/\/expoitalyart.it\/dirty-corner-vagina-gigante-di-kapoor-versailles\/\">la vagina gigante esposta da Anish Kapoor nei giardini di Versailles<\/a>, i commentatori riportano che l&#8217;artista dice e non dice: \u00abnon ha una connotazione sessuale ben precisa. Potrebbe trattarsi sia di un fallo sia di una vagina. Toccher\u00e0 allo spettatore dare un\u2019interpretazione personale\u00bb.<\/p>\n\n\n\n<p>E quindi boh. magari il sesso \u00e8 l&#8217;ultima frontiera delle provocazioni possibili e agli artisti piace osare ma non troppo, perch\u00e9 poi magari al Louvre non ti prendono (o al <a href=\"https:\/\/news.artnet.com\/art-world\/guggenheim-pulls-controversial-animal-artworks-threats-violence-1095467\">Guggenheim<\/a>, dove per la verit\u00e0 il problema era il maltrattamento degli animali, e per\u00f2 uno dei tre casi controversi prevedeva due maiali che si accoppiavano). Ci si trincera dietro questa trita questione dell&#8217;osservatore che deve trovare la sua propria interpretazione, riservando di svelare le proprie intenzioni ai cataloghi delle mostre, che tanto quelli li leggono solo gli espertie mi critici che non si scandalizzano.<\/p>\n\n\n\n<p>In questo senso magari Gormley non \u00e8 cos\u00ec blando come si crede e invece quelle specie di ferri sulla spiaggia sono veramente una collezione di vibratori, chiss\u00e0. <\/p>\n\n\n\n<p>Magari non tutti hanno il coraggio &#8211; o la linea artistica &#8211; di essere espliciti come Paul McCarthy col suo <a href=\"https:\/\/www.theguardian.com\/artanddesign\/2014\/oct\/20\/paul-mccarthy-butt-plug-sculpture-paris-rightwing-backlash\">presunto albero di Natale<\/a>, sempre a Parigi: <\/p>\n\n\n\n<figure class=\"wp-block-image alignwide size-full\"><img data-attachment-id=\"19918\" data-permalink=\"http:\/\/www.robertosedda.it\/?attachment_id=19918\" data-orig-file=\"https:\/\/i0.wp.com\/www.robertosedda.it\/wp-content\/uploads\/2022\/08\/McCarthy.png?fit=705%2C626\" data-orig-size=\"705,626\" data-comments-opened=\"1\" data-image-meta=\"{&quot;aperture&quot;:&quot;0&quot;,&quot;credit&quot;:&quot;&quot;,&quot;camera&quot;:&quot;&quot;,&quot;caption&quot;:&quot;&quot;,&quot;created_timestamp&quot;:&quot;0&quot;,&quot;copyright&quot;:&quot;&quot;,&quot;focal_length&quot;:&quot;0&quot;,&quot;iso&quot;:&quot;0&quot;,&quot;shutter_speed&quot;:&quot;0&quot;,&quot;title&quot;:&quot;&quot;,&quot;orientation&quot;:&quot;0&quot;}\" data-image-title=\"McCarthy\" data-image-description=\"\" data-image-caption=\"\" data-medium-file=\"https:\/\/i0.wp.com\/www.robertosedda.it\/wp-content\/uploads\/2022\/08\/McCarthy.png?fit=300%2C266\" data-large-file=\"https:\/\/i0.wp.com\/www.robertosedda.it\/wp-content\/uploads\/2022\/08\/McCarthy.png?fit=510%2C453\" decoding=\"async\" loading=\"lazy\" width=\"705\" height=\"626\" src=\"https:\/\/i0.wp.com\/www.robertosedda.it\/wp-content\/uploads\/2022\/08\/McCarthy.png?resize=705%2C626\" alt=\"\" class=\"wp-image-19918\" srcset=\"https:\/\/i0.wp.com\/www.robertosedda.it\/wp-content\/uploads\/2022\/08\/McCarthy.png?w=705 705w, https:\/\/i0.wp.com\/www.robertosedda.it\/wp-content\/uploads\/2022\/08\/McCarthy.png?resize=300%2C266 300w, https:\/\/i0.wp.com\/www.robertosedda.it\/wp-content\/uploads\/2022\/08\/McCarthy.png?resize=510%2C453 510w, https:\/\/i0.wp.com\/www.robertosedda.it\/wp-content\/uploads\/2022\/08\/McCarthy.png?resize=150%2C133 150w\" sizes=\"(max-width: 705px) 100vw, 705px\" data-recalc-dims=\"1\" \/><\/figure>\n\n\n\n<p>Ma la provocazione di McCarthy era esplicita e questo tipo di riferimento \u00e8 costante: il naso del suo Pinocchio \u00e8, questo s\u00ec, <a href=\"https:\/\/www.theguardian.com\/artanddesign\/jonathanjonesblog\/2014\/oct\/20\/paul-mccarthy-paris-tree-sculpture-butt-plug-controversy\">palesemente fallico<\/a>, e la sua opera precedente dedicata al Natale presentava un babbo Natale che teneva in mano lo stesso oggetto raffigurato qua sopra. <\/p>\n\n\n\n<p>Come si vede dal titolo dell&#8217;articolo di <em>ArtNet<\/em> qui sopra, la provocazione di McCarthy ha suscitato reazioni piuttosto accese: un tizio l&#8217;ha schiaffeggiato in piazza e la scultura \u00e8 stata sabotata, costringendo alla rimozione. L&#8217;installazione di Versailles \u00e8 stata sfigurata pi\u00f9 volte con lancio di vernice e scritte varie; la mostra del Guggenheim \u00e8 stata ritirata dopo che sono giunte minacce esplicite da gruppi animalisti;  leggendo ho visto che ci sono molti altri casi: con sorpresa scopro che l&#8217;arte contemporanea suscita passioni capaci, addirittura, di travalicare &#8211; altro che <a href=\"http:\/\/hernani\">battaglia dell&#8217;<em>Hernani<\/em><\/a><em>.<\/em><\/p>\n\n\n\n<p>Mi chiedo come mai tanta propensione alla controversia e alla violenza. Jonathan Jones, il critico che ho citato prima, fa riferimento alla tendenza attuale a voler sempre segnare il proprio punto e prendere posizione, su tutto, senza sconti, polarizzati. Altrove vedo che si fa notare che l&#8217;arte negli spazi pubblici tocca corde molto personali &#8211; d\u00e0 la sensazione di invadere spazi, viola la familiarit\u00e0 che si ha coi luoghi, e cos\u00ec via. E, personalmente, mantengo la mia idea che alcune polemiche facciano leva sui un rapporto irrisolto con la sessualit\u00e0, sia nel pubblico che nella concezione delle provocazioni da parte degli artisti.  <\/p>\n\n\n\n<p>E poi ci sono i bigotti, ovviamente.<\/p>\n\n\n\n<p>Questi quattro elementi sono tutti presenti nell&#8217;ultima polemica sull&#8217;arte pubblica che vi voglio raccontare, anche questa inglese e che riguarda Mary Wollstonecraft, prima autrice di un testo sistematicamente femminista.<\/p>\n\n\n\n<p>Wollstonecraft non aveva da nessuna parte una statua che la celebrasse &#8211; devo dire mi sembra una cosa incredibile &#8211; e quindi \u00e8 stata promossa una raccoltra di fondi, durata dieci anni, per finanziare un&#8217;opera adeguata, affidata all&#8217;artista Maggi Hambling.<\/p>\n\n\n\n<p>Il risultato \u00e8 quello che vedete qui sotto: da una colonna metallica spumeggiante, in cui si riconoscono parziali forme femminili, emerge una statuetta di donna nuda, con gli attributi sessuali abbastanza in evidenza.<\/p>\n\n\n\n<figure class=\"wp-block-image alignwide size-full\"><img data-attachment-id=\"19919\" data-permalink=\"http:\/\/www.robertosedda.it\/?attachment_id=19919\" data-orig-file=\"https:\/\/i0.wp.com\/www.robertosedda.it\/wp-content\/uploads\/2022\/08\/Mary-Wollstonecraft-scaled.jpg?fit=1440%2C2560\" data-orig-size=\"1440,2560\" data-comments-opened=\"1\" data-image-meta=\"{&quot;aperture&quot;:&quot;2.4&quot;,&quot;credit&quot;:&quot;&quot;,&quot;camera&quot;:&quot;SM-G960F&quot;,&quot;caption&quot;:&quot;&quot;,&quot;created_timestamp&quot;:&quot;1605178733&quot;,&quot;copyright&quot;:&quot;&quot;,&quot;focal_length&quot;:&quot;4.3&quot;,&quot;iso&quot;:&quot;50&quot;,&quot;shutter_speed&quot;:&quot;0.0016155088852989&quot;,&quot;title&quot;:&quot;&quot;,&quot;orientation&quot;:&quot;1&quot;}\" data-image-title=\"Mary-Wollstonecraft\" data-image-description=\"\" data-image-caption=\"\" data-medium-file=\"https:\/\/i0.wp.com\/www.robertosedda.it\/wp-content\/uploads\/2022\/08\/Mary-Wollstonecraft-scaled.jpg?fit=169%2C300\" data-large-file=\"https:\/\/i0.wp.com\/www.robertosedda.it\/wp-content\/uploads\/2022\/08\/Mary-Wollstonecraft-scaled.jpg?fit=510%2C907\" decoding=\"async\" loading=\"lazy\" width=\"800\" height=\"1422\" src=\"https:\/\/i0.wp.com\/www.robertosedda.it\/wp-content\/uploads\/2022\/08\/Mary-Wollstonecraft-scaled.jpg?resize=800%2C1422\" alt=\"\" class=\"wp-image-19919\" srcset=\"https:\/\/i0.wp.com\/www.robertosedda.it\/wp-content\/uploads\/2022\/08\/Mary-Wollstonecraft-scaled.jpg?w=1440 1440w, https:\/\/i0.wp.com\/www.robertosedda.it\/wp-content\/uploads\/2022\/08\/Mary-Wollstonecraft-scaled.jpg?resize=169%2C300 169w, https:\/\/i0.wp.com\/www.robertosedda.it\/wp-content\/uploads\/2022\/08\/Mary-Wollstonecraft-scaled.jpg?resize=510%2C907 510w, https:\/\/i0.wp.com\/www.robertosedda.it\/wp-content\/uploads\/2022\/08\/Mary-Wollstonecraft-scaled.jpg?resize=84%2C150 84w, https:\/\/i0.wp.com\/www.robertosedda.it\/wp-content\/uploads\/2022\/08\/Mary-Wollstonecraft-scaled.jpg?resize=864%2C1536 864w, https:\/\/i0.wp.com\/www.robertosedda.it\/wp-content\/uploads\/2022\/08\/Mary-Wollstonecraft-scaled.jpg?resize=1152%2C2048 1152w\" sizes=\"(max-width: 800px) 100vw, 800px\" data-recalc-dims=\"1\" \/><figcaption>Da <em><a href=\"https:\/\/upload.wikimedia.org\/wikipedia\/commons\/8\/85\/Mary_wollstonecraft_statue_2020.jpg\">Wikipedia<\/a><\/em><\/figcaption><\/figure>\n\n\n\n<p>Dico in anticipo che a me la statua non piace particolarmente &#8211; la trovo poco celebrativa, dato lo scopo &#8211; ma mi pare ci si possa intuire un discorso coerente: a me per esempio sembrava una specie di contrappunto alle Veneri che sorgevano dalla spuma delle onde, o le Atene dalla mente di Zeus: qui dalla storia spumeggiante delle donne emerge Mary Wollstonecraft e il femminismo, o dalla mente di Mary Wollestonecraft emerge una donna finalmente liberata. Sono sicuro che sono interpretazioni campate per aria, \u00e8 per dire che io, maschio bianco etero ultracinquantenne, vedendo la statua non ho pensato: \u00abAmmazza, ah\u00f2, che zinne, che figa, anvedi che io due botte gliele darei\u00bb.<\/p>\n\n\n\n<p>Invece la statua ha suscitato polemiche veementi, <em>sit in<\/em>, tentativi di <a href=\"https:\/\/media.timeout.com\/images\/105856233\/image.jpg\">rivestirla<\/a> &#8211; sic &#8211; e richieste di rimuoverla.<\/p>\n\n\n\n<p>Perch\u00e9 \u00e8 nuda. <\/p>\n\n\n\n<p>In parte si vede perfettamente quanto sia meccanica la mente dei bigotti: a cosa uguale corrisponde significato uguale, sempre e comunque. Tutti i peni sono scandalosi, anche se di Michelangelo, e vanno mutandati; tutte le gambe sono peccaminose, anche se delle cassapanche, e vanno coperte; <a href=\"http:\/\/www.robertosedda.it\/?p=17260\" data-type=\"post\" data-id=\"17260\">tutte le facce pitturate sono <em>blackface<\/em><\/a> e quindi razziste; tutte le statue di donne nude giocano sulla sessualizzazione o sulla mercificazione della figura femminile per l&#8217;occhio maschile.<\/p>\n\n\n\n<p>Oh, occhio: non \u00e8 che questo <a href=\"http:\/\/www.robertosedda.it\/?p=2677\">non capiti davvero<\/a>, vedi anche alla voce <em><a href=\"https:\/\/www.ilpost.it\/flashes\/statua-spigolatrice-di-sapri\/\">Spigolatrice di Sapri<\/a><\/em> o l&#8217;incomprensibile statua dedicata a <a href=\"https:\/\/img.corr.it\/images\/2021\/11\/01\/193009929-0153a986-931b-490f-b08e-3340114e5ad6.jpg\">Maria Grazia Cutuli e Ilaria Alpi<\/a>, dico che non sempre la cosa \u00e8 evidentemente cos\u00ec, come nel caso del monumento a <a href=\"https:\/\/www.avvenire.it\/c\/2021\/PublishingImages\/523f1aff84c54a00a16fe3fdfacf7626\/AgenziaFo7177938.jpg?width=1024\">Cristina di Belgioioso<\/a> a Milano o della statua della <em><a href=\"https:\/\/www.inchiestaonline.it\/wp-content\/uploads\/2017\/04\/La-lavandaia-nuda-1-1024x1024.jpg\">Lavandaia<\/a><\/em> di Bologna, con buona pace delle petizioni che ne chiederebbero l&#8217;abbattimento.<\/p>\n\n\n\n<p>Ma non tutti o tutte sono bigotti, e nella polemica sulla statua di Wollstonecraft non c&#8217;\u00e8 solo questo. C&#8217;\u00e8 il senso di possesso nei confronti di una figura che si sente come fonte di ispirazione, il dispiacere per una realizzazione a lungo attesa che si rivela deludente, la sensazione che un luogo amato sia stato sconciato dalla bruttezza e sia ora infrequentabile, il senso di inferiorit\u00e0, e poi di rivalsa, nel rendersi conto che ad altri filosofi onorati nei dintorni &#8211; e le cui statue, peraltro, sono l\u00ec da un sacco di tempo prima &#8211; \u00e8 stato riservato un trattamento diverso: sono statue tradizionali, naturalistiche e, ovviamente, vestite.<\/p>\n\n\n\n<p>Mentre qui c&#8217;\u00e8 una donna nuda. <\/p>\n\n\n\n<p>E quindi gira tutto attorno al sesso. <\/p>\n","protected":false},"excerpt":{"rendered":"<p>Vedo sul Guardian che un gruppo di studenti dell&#8217;Imperial College di Londra ha presentato una mozione contro l&#8217;installazione nel campus<\/p>\n","protected":false},"author":1,"featured_media":19908,"comment_status":"open","ping_status":"open","sticky":false,"template":"","format":"standard","meta":{"_mi_skip_tracking":false,"_monsterinsights_sitenote_active":false,"_monsterinsights_sitenote_note":"","_monsterinsights_sitenote_category":0,"jetpack_post_was_ever_published":false,"_jetpack_newsletter_access":"","jetpack_publicize_message":"Disclaimer: questo post parla di arte contemporanea e arte civica, quindi si discute di organi sessuali maschili e femminili, stati di eccitazione, giocattoli maliziosi, nudit\u00e0, bigotti e altre perversioni.","jetpack_is_tweetstorm":false,"jetpack_publicize_feature_enabled":true,"jetpack_social_post_already_shared":true,"jetpack_social_options":{"image_generator_settings":{"template":"highway","enabled":false}}},"categories":[97,52,57,17,16],"tags":[],"jetpack_publicize_connections":[],"jetpack_featured_media_url":"https:\/\/i0.wp.com\/www.robertosedda.it\/wp-content\/uploads\/2022\/08\/Gormley-statue.png?fit=638%2C541","jetpack_sharing_enabled":true,"jetpack_shortlink":"https:\/\/wp.me\/p4jV2T-5b5","jetpack_likes_enabled":true,"jetpack-related-posts":[{"id":8160,"url":"http:\/\/www.robertosedda.it\/?p=8160","url_meta":{"origin":19907,"position":0},"title":"Le donne negoziano peggio? No, sono gli uomini che gli mentono pi\u00f9 spesso","author":"Rufus","date":"07\/08\/2014","format":false,"excerpt":"Trovo in questo periodo molto interessante la polemica nata negli USA a proposito dell'iniziativa di Women against feminism (\"donne contro il femminismo\") ma mi guardo bene dal commentarlo perch\u00e9 trovo che sia un argomento avvelenato in cui il rischio di tirarsi addosso tutto e il contrario di tutto \u00e8 troppo\u2026","rel":"","context":"In &quot;Coordinate&quot;","block_context":{"text":"Coordinate","link":"http:\/\/www.robertosedda.it\/?cat=52"},"img":{"alt_text":"","src":"https:\/\/i0.wp.com\/www.robertosedda.it\/wp-content\/uploads\/2014\/08\/women-negotiation.jpg?fit=590%2C421&resize=350%2C200","width":350,"height":200},"classes":[]},{"id":10198,"url":"http:\/\/www.robertosedda.it\/?p=10198","url_meta":{"origin":19907,"position":1},"title":"Incentivi alla didattica al chioschetto del caff\u00e8","author":"Rufus","date":"07\/05\/2015","format":false,"excerpt":"Ieri mattina al chioschetto del caff\u00e8 davanti all'ufficio ho notato un capannello di studenti che parlavano fra loro, tutti, in un ottimo inglese. \u00abVedi\u00bb, mi son detto, \u00abi luoghi comuni che si dicono non sono corretti: il cattivo studio delle lingue, l'arretratezza degli studenti italiani, la chiusura verso l'estero, blah\u2026","rel":"","context":"In &quot;Coordinate&quot;","block_context":{"text":"Coordinate","link":"http:\/\/www.robertosedda.it\/?cat=52"},"img":{"alt_text":"","src":"https:\/\/i0.wp.com\/www.robertosedda.it\/wp-content\/uploads\/2015\/05\/Centro-linguistico-di-ateneo.jpg?fit=715%2C205&resize=350%2C200","width":350,"height":200,"srcset":"https:\/\/i0.wp.com\/www.robertosedda.it\/wp-content\/uploads\/2015\/05\/Centro-linguistico-di-ateneo.jpg?fit=715%2C205&resize=350%2C200 1x, https:\/\/i0.wp.com\/www.robertosedda.it\/wp-content\/uploads\/2015\/05\/Centro-linguistico-di-ateneo.jpg?fit=715%2C205&resize=700%2C400 2x"},"classes":[]},{"id":15753,"url":"http:\/\/www.robertosedda.it\/?p=15753","url_meta":{"origin":19907,"position":2},"title":"Luogo di sofferenza","author":"Rufus","date":"19\/10\/2018","format":false,"excerpt":"Un giorno di una decina di anni fa sono uscito dal lavoro, in pausa pranzo, e invece di andare a mangiare sono andato a un appuntamento con un giovane prete appena tornato da studi romani, che era stato nominato responsabile della pastorale universitaria. Parl\u00f2 soprattutto lui e, mentre passeggiavamo lungo\u2026","rel":"","context":"In &quot;Coordinate&quot;","block_context":{"text":"Coordinate","link":"http:\/\/www.robertosedda.it\/?cat=52"},"img":{"alt_text":"","src":"https:\/\/i0.wp.com\/www.robertosedda.it\/wp-content\/uploads\/2018\/10\/Vecchia-ubriaca.jpg?fit=1024%2C683&resize=350%2C200","width":350,"height":200,"srcset":"https:\/\/i0.wp.com\/www.robertosedda.it\/wp-content\/uploads\/2018\/10\/Vecchia-ubriaca.jpg?fit=1024%2C683&resize=350%2C200 1x, https:\/\/i0.wp.com\/www.robertosedda.it\/wp-content\/uploads\/2018\/10\/Vecchia-ubriaca.jpg?fit=1024%2C683&resize=700%2C400 2x"},"classes":[]},{"id":10584,"url":"http:\/\/www.robertosedda.it\/?p=10584","url_meta":{"origin":19907,"position":3},"title":"Professori terrorizzati","author":"Rufus","date":"10\/09\/2015","format":false,"excerpt":"All'articolo della settimana scorsa sul come liberarsi degli stereotipi razzisti faccio seguire, oggi, la traduzione di un pezzo uscito su\u00a0Vox\u00a0che sebbene parli apparentemente d'altro per me si muove almeno in parte sulla stessa linea, diciamo in una dimensione di indagine\u00a0del rapporto complesso fra correttezza politica, studi sull'identit\u00e0 e azione di\u2026","rel":"","context":"In &quot;Coordinate&quot;","block_context":{"text":"Coordinate","link":"http:\/\/www.robertosedda.it\/?cat=52"},"img":{"alt_text":"","src":"https:\/\/i0.wp.com\/www.robertosedda.it\/wp-content\/uploads\/2015\/07\/Zombie-students.jpg?fit=600%2C400&resize=350%2C200","width":350,"height":200},"classes":[]},{"id":5307,"url":"http:\/\/www.robertosedda.it\/?p=5307","url_meta":{"origin":19907,"position":4},"title":"Le poesie del giovane Rufus","author":"Rufus","date":"04\/12\/2013","format":false,"excerpt":"Tranquilli, non sono mie. \u00c8 solo che oggi mi \u00e8 venuta voglia di riprendere in mano una busta, che tengo chiusa in mezzo ai libri sullo scaffale. Dentro ci sono tre quaderni di scuola, piuttosto fini perch\u00e9 strappavo i fogli per farci i disegnini. Sono intitolati Lo que mas quiero,\u2026","rel":"","context":"In &quot;Coordinate&quot;","block_context":{"text":"Coordinate","link":"http:\/\/www.robertosedda.it\/?cat=52"},"img":{"alt_text":"","src":"https:\/\/i0.wp.com\/www.robertosedda.it\/wp-content\/uploads\/2013\/07\/Geek-girl.jpg?fit=900%2C1200&resize=350%2C200","width":350,"height":200,"srcset":"https:\/\/i0.wp.com\/www.robertosedda.it\/wp-content\/uploads\/2013\/07\/Geek-girl.jpg?fit=900%2C1200&resize=350%2C200 1x, https:\/\/i0.wp.com\/www.robertosedda.it\/wp-content\/uploads\/2013\/07\/Geek-girl.jpg?fit=900%2C1200&resize=700%2C400 2x"},"classes":[]},{"id":4717,"url":"http:\/\/www.robertosedda.it\/?p=4717","url_meta":{"origin":19907,"position":5},"title":"Giochi di ruolo di giovani d&#8217;altri tempi","author":"Rufus","date":"17\/10\/2013","format":false,"excerpt":"Racconto a mia madre che sto leggendo La Gerusalemme liberata. \u00abChe bello\u00bb, mi dice, \u00abma allora devi leggere l'Orlando furioso\u00bb. La cosa spinge mia madre a ricordarsi dei suoi trascorsi scolastici. Non so perch\u00e9 ma di Tasso non ha un buon ricordo, Ariosto invece \u00e8 la sua passione. Poi mi\u2026","rel":"","context":"In &quot;Coordinate&quot;","block_context":{"text":"Coordinate","link":"http:\/\/www.robertosedda.it\/?cat=52"},"img":{"alt_text":"","src":"","width":0,"height":0},"classes":[]}],"_links":{"self":[{"href":"http:\/\/www.robertosedda.it\/index.php?rest_route=\/wp\/v2\/posts\/19907"}],"collection":[{"href":"http:\/\/www.robertosedda.it\/index.php?rest_route=\/wp\/v2\/posts"}],"about":[{"href":"http:\/\/www.robertosedda.it\/index.php?rest_route=\/wp\/v2\/types\/post"}],"author":[{"embeddable":true,"href":"http:\/\/www.robertosedda.it\/index.php?rest_route=\/wp\/v2\/users\/1"}],"replies":[{"embeddable":true,"href":"http:\/\/www.robertosedda.it\/index.php?rest_route=%2Fwp%2Fv2%2Fcomments&post=19907"}],"version-history":[{"count":6,"href":"http:\/\/www.robertosedda.it\/index.php?rest_route=\/wp\/v2\/posts\/19907\/revisions"}],"predecessor-version":[{"id":19920,"href":"http:\/\/www.robertosedda.it\/index.php?rest_route=\/wp\/v2\/posts\/19907\/revisions\/19920"}],"wp:featuredmedia":[{"embeddable":true,"href":"http:\/\/www.robertosedda.it\/index.php?rest_route=\/wp\/v2\/media\/19908"}],"wp:attachment":[{"href":"http:\/\/www.robertosedda.it\/index.php?rest_route=%2Fwp%2Fv2%2Fmedia&parent=19907"}],"wp:term":[{"taxonomy":"category","embeddable":true,"href":"http:\/\/www.robertosedda.it\/index.php?rest_route=%2Fwp%2Fv2%2Fcategories&post=19907"},{"taxonomy":"post_tag","embeddable":true,"href":"http:\/\/www.robertosedda.it\/index.php?rest_route=%2Fwp%2Fv2%2Ftags&post=19907"}],"curies":[{"name":"wp","href":"https:\/\/api.w.org\/{rel}","templated":true}]}}