{"id":19783,"date":"2022-06-30T13:18:41","date_gmt":"2022-06-30T11:18:41","guid":{"rendered":"http:\/\/www.robertosedda.it\/?p=19783"},"modified":"2023-03-28T10:59:43","modified_gmt":"2023-03-28T08:59:43","slug":"allimprovviso-la-luce","status":"publish","type":"post","link":"http:\/\/www.robertosedda.it\/?p=19783","title":{"rendered":"All&#8217;improvviso, la luce"},"content":{"rendered":"\n<p>L&#8217;altra sera, uscito dall&#8217;ufficio, sono entrato in un bar a cercare un caff\u00e8. Dentro, in penombra, c&#8217;erano la giovane cameriera, una bruna con labbra di fuoco, e un cliente attempato. Ok, mettiamo la colonna sonora adatta e vi racconto.<\/p>\n\n\n\n<figure class=\"wp-block-embed is-type-video is-provider-youtube wp-block-embed-youtube wp-embed-aspect-4-3 wp-has-aspect-ratio\"><div class=\"wp-block-embed__wrapper\">\n<span class=\"embed-youtube\" style=\"text-align:center; display: block;\"><iframe loading=\"lazy\" class=\"youtube-player\" width=\"800\" height=\"450\" src=\"https:\/\/www.youtube.com\/embed\/6IPuEoxan34?version=3&#038;rel=1&#038;showsearch=0&#038;showinfo=1&#038;iv_load_policy=1&#038;fs=1&#038;hl=it-IT&#038;autohide=2&#038;wmode=transparent\" allowfullscreen=\"true\" style=\"border:0;\" sandbox=\"allow-scripts allow-same-origin allow-popups allow-presentation\"><\/iframe><\/span>\n<\/div><\/figure>\n\n\n\n<p>I due parlavano con cognizione di causa di un argomento a me del tutto sconosciuto, cio\u00e8 i massaggi. <\/p>\n\n\n\n<p>Dico con <em>cognizione di causa<\/em> perch\u00e9 entravano in particolari, tipo: \u00aba me fa anche l&#8217;interno occhi\u00bb, che evocavano pratiche a me del tutto sconosciute, ma invece la cameriera assentiva con aria saputa, e offriva in risposta osservazioni pertinenti, richieste di chiarimento, spunti, perfino, di riflessione.<\/p>\n\n\n\n<p>Non pi\u00f9 di questo: perch\u00e9 a parlare soprattutto era lui, il quale si dilungava tanto &#8211; e che delizia i massaggi che gli fa quella, e come lui quasi si addormenta,  anzi sviene proprio, e questo e quello, e come ne esce rilassato, e felice, e contento &#8211; che nel tempo in cui ho finito il caff\u00e8 lei, poveretta, era esausta e i suoi contributi alla conversazione si erano ridotti a monosillabi.<\/p>\n\n\n\n<p>Che poi, io sono fuori allenamento da pi\u00f9 di trent&#8217;anni, ma non giurerei che il miglior modo per far colpo su una cameriera avvenente sia quello di parlarle all&#8217;infinito di un&#8217;altra donna, per giunta massaggiatrice, ma forse non sono aggiornato.<\/p>\n\n\n\n<p>Comunque, la situazione era questa quando lui nella sua orazione sulla massaggiatrice, sempre sia lodata, ha detto: \u00abChe poi non \u00e8 una qualunque, eh, \u00e8 molto preparata: \u00e8 una massaggiatrice olistica del quinto livello\u00bb.<\/p>\n\n\n\n<p>E improvvisamente, in quella situazione che poteva essere malinconica o romantica, o magari tutt&#8217;e due, si \u00e8 aperta una finestra totalmente aliena, dalla quale una luce squarciava la penombra del locale e in fondo alla quale si vedeva un tavolo e attorno al tavolo quattro giovanotti pronti a iniziare una partita di <em>Dungeons&amp;Dragons<\/em>.<\/p>\n\n\n\n<p>\u00abOk, ragazzi, allora, che personaggi avete portato?\u00bb.<\/p>\n\n\n\n<p>\u00abIo sono un ranger!\u00bb, \u00abIo un guerriero-mago-ladro!\u00bb, \u00abE io un bardo elfo!\u00bb.<\/p>\n\n\n\n<p>\u00abE tu?\u00bb.<\/p>\n\n\n\n<p>\u00abIo sar\u00f2 una massaggiatrice olistica del quinto livello!!\u00bb.<\/p>\n\n\n\n<p>Silenzio. Sconcerto. Ammirazione sconfinata.<\/p>\n","protected":false},"excerpt":{"rendered":"<p>L&#8217;altra sera, uscito dall&#8217;ufficio, sono entrato in un bar a cercare un caff\u00e8. Dentro, in penombra, c&#8217;erano la giovane cameriera,<\/p>\n","protected":false},"author":1,"featured_media":19784,"comment_status":"open","ping_status":"open","sticky":false,"template":"","format":"standard","meta":{"_mi_skip_tracking":false,"_monsterinsights_sitenote_active":false,"_monsterinsights_sitenote_note":"","_monsterinsights_sitenote_category":0,"jetpack_post_was_ever_published":false,"_jetpack_newsletter_access":"","jetpack_publicize_message":"Avevo solo voglia di un caff\u00e8...","jetpack_is_tweetstorm":false,"jetpack_publicize_feature_enabled":true,"jetpack_social_post_already_shared":true,"jetpack_social_options":{"image_generator_settings":{"template":"highway","enabled":false}}},"categories":[52,56,18,61,16],"tags":[],"jetpack_publicize_connections":[],"jetpack_featured_media_url":"https:\/\/i0.wp.com\/www.robertosedda.it\/wp-content\/uploads\/2022\/06\/Ragazzo-bar2.jpg?fit=700%2C525","jetpack_sharing_enabled":true,"jetpack_shortlink":"https:\/\/wp.me\/p4jV2T-595","jetpack_likes_enabled":true,"jetpack-related-posts":[{"id":1730,"url":"http:\/\/www.robertosedda.it\/?p=1730","url_meta":{"origin":19783,"position":0},"title":"Celebrit\u00e0, povere zie e amori","author":"Rufus","date":"20\/12\/2012","format":false,"excerpt":"L'altra mattina in pausa pranzo vado in una piadineria e, al momento di pagare, il proprietario (un ragazzo di rara gentilezza) mi fa: \u00abHo letto i suoi post\u00bb. Io: \u00abEh?!\u00bb Lui: \u00abSul suo blog...\u00bb. Io: \u00abEh?!?!\u00bb. Paziente, spiega: \u00abNo, perch\u00e9 siamo vicini di locale con Piazza Repubblica Libri e lei\u2026","rel":"","context":"In &quot;Coordinate&quot;","block_context":{"text":"Coordinate","link":"http:\/\/www.robertosedda.it\/?cat=52"},"img":{"alt_text":"","src":"https:\/\/i0.wp.com\/www.robertosedda.it\/wp-content\/uploads\/2012\/12\/Gusto-piadineria.jpg?fit=960%2C1200&resize=350%2C200","width":350,"height":200,"srcset":"https:\/\/i0.wp.com\/www.robertosedda.it\/wp-content\/uploads\/2012\/12\/Gusto-piadineria.jpg?fit=960%2C1200&resize=350%2C200 1x, https:\/\/i0.wp.com\/www.robertosedda.it\/wp-content\/uploads\/2012\/12\/Gusto-piadineria.jpg?fit=960%2C1200&resize=700%2C400 2x"},"classes":[]},{"id":4466,"url":"http:\/\/www.robertosedda.it\/?p=4466","url_meta":{"origin":19783,"position":1},"title":"Last of the plainsmen","author":"Rufus","date":"17\/09\/2013","format":false,"excerpt":"Un po' di tempo fa ho trovato e installato sul palmare un certo numero di e-books di Zane Grey, profeta del romanzo western all'inizio del secolo scorso, e ho cominciato a leggiucchiarli ogni tanto, ricavandone anche ogni tanto delle sorprese. Adesso ho finito da poco Last of the plainsmen, che\u2026","rel":"","context":"In &quot;Cappe e spade&quot;","block_context":{"text":"Cappe e spade","link":"http:\/\/www.robertosedda.it\/?cat=70"},"img":{"alt_text":"","src":"https:\/\/i0.wp.com\/www.robertosedda.it\/wp-content\/uploads\/2013\/09\/1820.jpg?fit=260%2C404&resize=350%2C200","width":350,"height":200},"classes":[]},{"id":1085,"url":"http:\/\/www.robertosedda.it\/?p=1085","url_meta":{"origin":19783,"position":2},"title":"L&#8217;ululato di Lance Henson in Piazza Repubblica Libri","author":"Rufus","date":"22\/10\/2012","format":false,"excerpt":"L'altra sera sono andato a vedere la nuova sede di Piazza Repubblica Libri: non ero andato alla festa di inaugurazione e volevo fare gli auguri a Patrizio, Daniela e gli altri, tanto pi\u00f9 che\u00a0adesso sono in una zona della citt\u00e0 lontana dai miei giri e passare \u00e8 meno spontaneo. Cos\u00ec\u2026","rel":"","context":"In &quot;Coordinate&quot;","block_context":{"text":"Coordinate","link":"http:\/\/www.robertosedda.it\/?cat=52"},"img":{"alt_text":"","src":"","width":0,"height":0},"classes":[]},{"id":14970,"url":"http:\/\/www.robertosedda.it\/?p=14970","url_meta":{"origin":19783,"position":3},"title":"La mattina, quando mi alzo&#8230;","author":"Rufus","date":"06\/04\/2018","format":false,"excerpt":"Cagliari Inedei \u00e8 un programma su\u00a0Radio X\u00a0inventato e curato da Cristina Marras che cerca di raccontare la nostra citt\u00e0 e la sua vita attraverso delle piccolissime pillole di racconti della giornata tipo dei suoi abitanti, fatti dalla loro stessa voce raccolta in maniera molto spontanea. Cos'\u00e8 una citt\u00e0 se non\u2026","rel":"","context":"In &quot;Coordinate&quot;","block_context":{"text":"Coordinate","link":"http:\/\/www.robertosedda.it\/?cat=52"},"img":{"alt_text":"","src":"https:\/\/i0.wp.com\/www.robertosedda.it\/wp-content\/uploads\/2018\/04\/cagliari-inedeilogo-620x350.jpg?fit=620%2C350&resize=350%2C200","width":350,"height":200},"classes":[]},{"id":12029,"url":"http:\/\/www.robertosedda.it\/?p=12029","url_meta":{"origin":19783,"position":4},"title":"Ed eccola, l&#8217;Inossidabile","author":"Rufus","date":"30\/05\/2016","format":"image","excerpt":"Grazie a Nicola Loi per la foto, spedita di prima mattina. Al bar e al\u00a0market sotto casa, quando le commesse l'hanno riconosciuta, l'Inossidabile gongolava, ma con modestia. E ha precisato: \u00abSkyline l'ho proprio detto io, cos\u00ec esattamente:\u00a0skyline\u00bb. Del resto, a proposito di lingue straniere, da poco ho scoperto che va\u2026","rel":"","context":"In &quot;Coordinate&quot;","block_context":{"text":"Coordinate","link":"http:\/\/www.robertosedda.it\/?cat=52"},"img":{"alt_text":"","src":"https:\/\/i0.wp.com\/www.robertosedda.it\/wp-content\/uploads\/2016\/05\/Intervista-Graziella-Delitala.jpg?fit=900%2C1200&resize=350%2C200","width":350,"height":200,"srcset":"https:\/\/i0.wp.com\/www.robertosedda.it\/wp-content\/uploads\/2016\/05\/Intervista-Graziella-Delitala.jpg?fit=900%2C1200&resize=350%2C200 1x, https:\/\/i0.wp.com\/www.robertosedda.it\/wp-content\/uploads\/2016\/05\/Intervista-Graziella-Delitala.jpg?fit=900%2C1200&resize=700%2C400 2x"},"classes":[]},{"id":9007,"url":"http:\/\/www.robertosedda.it\/?p=9007","url_meta":{"origin":19783,"position":5},"title":"Virt\u00f9 terapeutiche di Al Bano","author":"Rufus","date":"05\/12\/2014","format":"video","excerpt":"Sabato ero a Linate, di ritorno dall'incontro di rete di Banca Etica. Dopo il check-in e i controlli di sicurezza ho notato un capannello di persone: c'era della gente che aveva incontrato Al Bano, di passaggio anche lui, e si stava facendo\u00a0fotografare con la celebrit\u00e0. Non sarei l'amichevole Rufus che\u2026","rel":"","context":"In &quot;Coordinate&quot;","block_context":{"text":"Coordinate","link":"http:\/\/www.robertosedda.it\/?cat=52"},"img":{"alt_text":"","src":"https:\/\/i0.wp.com\/img.youtube.com\/vi\/r6OkkEdDLV0\/0.jpg?resize=350%2C200","width":350,"height":200},"classes":[]}],"_links":{"self":[{"href":"http:\/\/www.robertosedda.it\/index.php?rest_route=\/wp\/v2\/posts\/19783"}],"collection":[{"href":"http:\/\/www.robertosedda.it\/index.php?rest_route=\/wp\/v2\/posts"}],"about":[{"href":"http:\/\/www.robertosedda.it\/index.php?rest_route=\/wp\/v2\/types\/post"}],"author":[{"embeddable":true,"href":"http:\/\/www.robertosedda.it\/index.php?rest_route=\/wp\/v2\/users\/1"}],"replies":[{"embeddable":true,"href":"http:\/\/www.robertosedda.it\/index.php?rest_route=%2Fwp%2Fv2%2Fcomments&post=19783"}],"version-history":[{"count":3,"href":"http:\/\/www.robertosedda.it\/index.php?rest_route=\/wp\/v2\/posts\/19783\/revisions"}],"predecessor-version":[{"id":19788,"href":"http:\/\/www.robertosedda.it\/index.php?rest_route=\/wp\/v2\/posts\/19783\/revisions\/19788"}],"wp:featuredmedia":[{"embeddable":true,"href":"http:\/\/www.robertosedda.it\/index.php?rest_route=\/wp\/v2\/media\/19784"}],"wp:attachment":[{"href":"http:\/\/www.robertosedda.it\/index.php?rest_route=%2Fwp%2Fv2%2Fmedia&parent=19783"}],"wp:term":[{"taxonomy":"category","embeddable":true,"href":"http:\/\/www.robertosedda.it\/index.php?rest_route=%2Fwp%2Fv2%2Fcategories&post=19783"},{"taxonomy":"post_tag","embeddable":true,"href":"http:\/\/www.robertosedda.it\/index.php?rest_route=%2Fwp%2Fv2%2Ftags&post=19783"}],"curies":[{"name":"wp","href":"https:\/\/api.w.org\/{rel}","templated":true}]}}