{"id":19744,"date":"2022-06-15T14:36:13","date_gmt":"2022-06-15T12:36:13","guid":{"rendered":"http:\/\/www.robertosedda.it\/?p=19744"},"modified":"2022-06-30T13:19:47","modified_gmt":"2022-06-30T11:19:47","slug":"modesta","status":"publish","type":"post","link":"http:\/\/www.robertosedda.it\/?p=19744","title":{"rendered":"Modesta"},"content":{"rendered":"\n<p>Ieri prendevo il caff\u00e8 fuori del lavoro e fra tutta la gente assiepata fra i tavolini ho notato una ragazza, che aveva una gonna lunga che la fasciava e un frontalino che le lasciava tutta la schiena scoperta, e insomma, l&#8217;insieme la rendeva molto sinuosa e l&#8217;ho notata. <\/p>\n\n\n\n<p>Quando poi  ho avuto la tazzina in mano e mi sono girato alla ricerca di posto, l&#8217;ho vista di nuovo: era assieme a un gruppo numeroso tutto di maschi. La cosa strana \u00e8 che stava fuori del cerchio: quelli stavano tutti assieme, indicavano qui e l\u00e0 e guardavano l&#8217;orizzonte &#8211; discutevano evidentemente di dove andare e cosa fare poi: lei invece stava fuori del cerchio, in disparte, ma non in attesa, o separata: piuttosto in un teorico secondo cerchio, pi\u00f9 esterno. Me la sono immaginata la fidanzata di uno, portata a un qualche evento universitario a lei estraneo, o aggregata per caso a un gruppo di semisconosciuti per chiss\u00e0 quale ragione.<\/p>\n\n\n\n<p>Quando ho pagato, e di nuovo mi sono girato, l&#8217;ho vista di nuovo. Il gruppo aveva preso la sua decisione e si stava avviando. Lei si \u00e8 trattenuta a impilare le sede, poi si \u00e8 avviata piano dietro di loro, cinque passi dietro l&#8217;ultimo della fila.<\/p>\n","protected":false},"excerpt":{"rendered":"<p>Ieri prendevo il caff\u00e8 fuori del lavoro e fra tutta la gente assiepata fra i tavolini ho notato una ragazza,<\/p>\n","protected":false},"author":1,"featured_media":19745,"comment_status":"open","ping_status":"open","sticky":false,"template":"","format":"standard","meta":{"_mi_skip_tracking":false,"_monsterinsights_sitenote_active":false,"_monsterinsights_sitenote_note":"","_monsterinsights_sitenote_category":0,"jetpack_post_was_ever_published":false,"_jetpack_newsletter_access":"","jetpack_publicize_message":"Cinque passi indietro.","jetpack_is_tweetstorm":false,"jetpack_publicize_feature_enabled":true,"jetpack_social_post_already_shared":true,"jetpack_social_options":{"image_generator_settings":{"template":"highway","enabled":false}}},"categories":[52,56,82,18,16],"tags":[],"jetpack_publicize_connections":[],"jetpack_featured_media_url":"https:\/\/i0.wp.com\/www.robertosedda.it\/wp-content\/uploads\/2022\/06\/Statuetta-ragazza-e1655296662269.jpg?fit=2526%2C1717","jetpack_sharing_enabled":true,"jetpack_shortlink":"https:\/\/wp.me\/s4jV2T-modesta","jetpack_likes_enabled":true,"jetpack-related-posts":[{"id":12791,"url":"http:\/\/www.robertosedda.it\/?p=12791","url_meta":{"origin":19744,"position":0},"title":"L&#8217;attitudine al gioco","author":"Rufus","date":"16\/11\/2016","format":false,"excerpt":"Questo articolo l'ho scritto per il\u00a0blog dei\u00a0Fabbricastorie la settimana scorsa. Lo riporto qui per tenerne traccia e anche perch\u00e9 magari non tutti quelli che leggono il mio sito sanno che esiste un\u00a0blog dei\u00a0Fabbricastorie. L'attitudine al gioco di Roberto Sedda La settimana scorsa ero nella spiaggia di Buggerru, completamente deserta. Passeggiando\u2026","rel":"","context":"In &quot;Coordinate&quot;","block_context":{"text":"Coordinate","link":"http:\/\/www.robertosedda.it\/?cat=52"},"img":{"alt_text":"","src":"https:\/\/i0.wp.com\/www.robertosedda.it\/wp-content\/uploads\/2016\/11\/Lucertola-sabbia.jpg?fit=1080%2C675&resize=350%2C200","width":350,"height":200,"srcset":"https:\/\/i0.wp.com\/www.robertosedda.it\/wp-content\/uploads\/2016\/11\/Lucertola-sabbia.jpg?fit=1080%2C675&resize=350%2C200 1x, https:\/\/i0.wp.com\/www.robertosedda.it\/wp-content\/uploads\/2016\/11\/Lucertola-sabbia.jpg?fit=1080%2C675&resize=700%2C400 2x, https:\/\/i0.wp.com\/www.robertosedda.it\/wp-content\/uploads\/2016\/11\/Lucertola-sabbia.jpg?fit=1080%2C675&resize=1050%2C600 3x"},"classes":[]},{"id":8728,"url":"http:\/\/www.robertosedda.it\/?p=8728","url_meta":{"origin":19744,"position":1},"title":"Quella volta che ho sceneggiato cartoni animati","author":"Rufus","date":"21\/10\/2014","format":false,"excerpt":"Ho casualmente visto che sono ancora attivi i\u00a0link alle varie edizioni dei cartoni animati\/videogame per bambini su SardegnaOggi. Si tratta\u00a0di un progetto in\u00a0cui il mio socio e compare Andrea Assorgia mi convolse dal 2006 al 2008, in cui sceneggiai complessivamente quindici brevi\u00a0videogame per bambini: i testi erano in italiano e\u2026","rel":"","context":"In &quot;Coordinate&quot;","block_context":{"text":"Coordinate","link":"http:\/\/www.robertosedda.it\/?cat=52"},"img":{"alt_text":"","src":"https:\/\/i0.wp.com\/www.robertosedda.it\/wp-content\/uploads\/2014\/10\/Marras-1.jpg?fit=395%2C245&resize=350%2C200","width":350,"height":200},"classes":[]},{"id":3632,"url":"http:\/\/www.robertosedda.it\/?p=3632","url_meta":{"origin":19744,"position":2},"title":"La Cagliari Unofficial Guide","author":"Rufus","date":"20\/06\/2013","format":"video","excerpt":"\u00c8 successo un po' gradatamente e non tutti ce ne siamo accorti, ma Cagliari \u00e8 diventata una citt\u00e0 turistica. Che sia l'effetto di tutta quella gente che mentre se ne stava a Villasimius o Nora intanto se ne veniva a fare la spesa o passare una giornata in citt\u00e0 (sentita\u2026","rel":"","context":"In &quot;Coordinate&quot;","block_context":{"text":"Coordinate","link":"http:\/\/www.robertosedda.it\/?cat=52"},"img":{"alt_text":"","src":"https:\/\/i0.wp.com\/www.robertosedda.it\/wp-content\/uploads\/2013\/06\/cagliari-unofficial-426x268.png?fit=426%2C268&resize=350%2C200","width":350,"height":200},"classes":[]},{"id":19463,"url":"http:\/\/www.robertosedda.it\/?p=19463","url_meta":{"origin":19744,"position":3},"title":"Diari di progettazione: parlare di conflitto","author":"Rufus","date":"07\/04\/2022","format":false,"excerpt":"Il 30 aprile, a Selegas, i soci di Banca Etica organizzano un seminario sul tema del conflitto, che fa seguito a una attivit\u00e0 precedente sulla gestione delle reti di lavoro. Il seminario lo conduco io, e sono molto in tensione. Intanto perch\u00e9, evidentemente, parlare di conflitto in questo periodo non\u2026","rel":"","context":"In &quot;Coordinate&quot;","block_context":{"text":"Coordinate","link":"http:\/\/www.robertosedda.it\/?cat=52"},"img":{"alt_text":"","src":"https:\/\/i0.wp.com\/www.robertosedda.it\/wp-content\/uploads\/2022\/04\/Galtung.jpg?fit=856%2C1200&resize=350%2C200","width":350,"height":200,"srcset":"https:\/\/i0.wp.com\/www.robertosedda.it\/wp-content\/uploads\/2022\/04\/Galtung.jpg?fit=856%2C1200&resize=350%2C200 1x, https:\/\/i0.wp.com\/www.robertosedda.it\/wp-content\/uploads\/2022\/04\/Galtung.jpg?fit=856%2C1200&resize=700%2C400 2x"},"classes":[]},{"id":10175,"url":"http:\/\/www.robertosedda.it\/?p=10175","url_meta":{"origin":19744,"position":4},"title":"Camera con vista &#8211; Il romanzo","author":"Rufus","date":"05\/05\/2015","format":"video","excerpt":"Camera con vista \u00e8 da sempre uno dei film preferiti mio e di Maria Bonaria, l'avremo visto insieme una quantit\u00e0 di volte. Sino alla puntata di Oggi parliamo di libri, invece,\u00a0al contrario di Bonaria avevo frequentato molto meno il romanzo di Forster, e quindi ho affrontato la rilettura che ne\u2026","rel":"","context":"In &quot;Coordinate&quot;","block_context":{"text":"Coordinate","link":"http:\/\/www.robertosedda.it\/?cat=52"},"img":{"alt_text":"","src":"https:\/\/i0.wp.com\/img.youtube.com\/vi\/wqs7sGPV2TU\/0.jpg?resize=350%2C200","width":350,"height":200},"classes":[]},{"id":13853,"url":"http:\/\/www.robertosedda.it\/?p=13853","url_meta":{"origin":19744,"position":5},"title":"Scollegamenti","author":"Rufus","date":"16\/06\/2017","format":false,"excerpt":"Di solito cerco di scrivere qualcosa sul blog tutti i giorni, escluso il week-end, ma in questi ultimi mesi mi capita di non mantenere affatto questo ritmo: per restare a questa settimana, luned\u00ec e marted\u00ec non ho scritto niente e nemmeno ieri. Ora, non \u00e8 che tenga il blog per\u2026","rel":"","context":"In &quot;Coordinate&quot;","block_context":{"text":"Coordinate","link":"http:\/\/www.robertosedda.it\/?cat=52"},"img":{"alt_text":"","src":"https:\/\/i0.wp.com\/www.robertosedda.it\/wp-content\/uploads\/2017\/06\/Schermata-del-2017-06-16-16-07-30.png?fit=1161%2C462&resize=350%2C200","width":350,"height":200,"srcset":"https:\/\/i0.wp.com\/www.robertosedda.it\/wp-content\/uploads\/2017\/06\/Schermata-del-2017-06-16-16-07-30.png?fit=1161%2C462&resize=350%2C200 1x, https:\/\/i0.wp.com\/www.robertosedda.it\/wp-content\/uploads\/2017\/06\/Schermata-del-2017-06-16-16-07-30.png?fit=1161%2C462&resize=700%2C400 2x, https:\/\/i0.wp.com\/www.robertosedda.it\/wp-content\/uploads\/2017\/06\/Schermata-del-2017-06-16-16-07-30.png?fit=1161%2C462&resize=1050%2C600 3x"},"classes":[]}],"_links":{"self":[{"href":"http:\/\/www.robertosedda.it\/index.php?rest_route=\/wp\/v2\/posts\/19744"}],"collection":[{"href":"http:\/\/www.robertosedda.it\/index.php?rest_route=\/wp\/v2\/posts"}],"about":[{"href":"http:\/\/www.robertosedda.it\/index.php?rest_route=\/wp\/v2\/types\/post"}],"author":[{"embeddable":true,"href":"http:\/\/www.robertosedda.it\/index.php?rest_route=\/wp\/v2\/users\/1"}],"replies":[{"embeddable":true,"href":"http:\/\/www.robertosedda.it\/index.php?rest_route=%2Fwp%2Fv2%2Fcomments&post=19744"}],"version-history":[{"count":2,"href":"http:\/\/www.robertosedda.it\/index.php?rest_route=\/wp\/v2\/posts\/19744\/revisions"}],"predecessor-version":[{"id":19747,"href":"http:\/\/www.robertosedda.it\/index.php?rest_route=\/wp\/v2\/posts\/19744\/revisions\/19747"}],"wp:featuredmedia":[{"embeddable":true,"href":"http:\/\/www.robertosedda.it\/index.php?rest_route=\/wp\/v2\/media\/19745"}],"wp:attachment":[{"href":"http:\/\/www.robertosedda.it\/index.php?rest_route=%2Fwp%2Fv2%2Fmedia&parent=19744"}],"wp:term":[{"taxonomy":"category","embeddable":true,"href":"http:\/\/www.robertosedda.it\/index.php?rest_route=%2Fwp%2Fv2%2Fcategories&post=19744"},{"taxonomy":"post_tag","embeddable":true,"href":"http:\/\/www.robertosedda.it\/index.php?rest_route=%2Fwp%2Fv2%2Ftags&post=19744"}],"curies":[{"name":"wp","href":"https:\/\/api.w.org\/{rel}","templated":true}]}}