{"id":19606,"date":"2022-05-11T13:02:40","date_gmt":"2022-05-11T11:02:40","guid":{"rendered":"http:\/\/www.robertosedda.it\/?p=19606"},"modified":"2023-06-21T10:18:52","modified_gmt":"2023-06-21T08:18:52","slug":"diari-di-progettazione-le-cose-che-mi-sono-portato-dietro-per-parlare-di-conflitto","status":"publish","type":"post","link":"http:\/\/www.robertosedda.it\/?p=19606","title":{"rendered":"Diari di progettazione: le cose che mi sono portato dietro per parlare di conflitto"},"content":{"rendered":"\n<p>Il 30 aprile i soci di Banca Etica hanno fatto una giornata di formazione, nella sempre accogliente <em><a href=\"http:\/\/www.sadomudesacontissa.com\/\">Domu de sa Contissa<\/a><\/em> di Selegas, sul tema del <a href=\"http:\/\/www.robertosedda.it\/?p=19463\" data-type=\"post\" data-id=\"19463\">conflitto<\/a>.<\/p>\n\n\n\n<figure class=\"wp-block-image alignwide size-full\"><img data-attachment-id=\"19620\" data-permalink=\"http:\/\/www.robertosedda.it\/?attachment_id=19620\" data-orig-file=\"https:\/\/i0.wp.com\/www.robertosedda.it\/wp-content\/uploads\/2022\/05\/Sa-Contissa.jpg?fit=1875%2C666\" data-orig-size=\"1875,666\" data-comments-opened=\"1\" data-image-meta=\"{&quot;aperture&quot;:&quot;0&quot;,&quot;credit&quot;:&quot;Roberto Sedda&quot;,&quot;camera&quot;:&quot;&quot;,&quot;caption&quot;:&quot;&quot;,&quot;created_timestamp&quot;:&quot;1649865843&quot;,&quot;copyright&quot;:&quot;&quot;,&quot;focal_length&quot;:&quot;0&quot;,&quot;iso&quot;:&quot;0&quot;,&quot;shutter_speed&quot;:&quot;0&quot;,&quot;title&quot;:&quot;&quot;,&quot;orientation&quot;:&quot;0&quot;}\" data-image-title=\"Sa-Contissa\" data-image-description=\"\" data-image-caption=\"\" data-medium-file=\"https:\/\/i0.wp.com\/www.robertosedda.it\/wp-content\/uploads\/2022\/05\/Sa-Contissa.jpg?fit=300%2C107\" data-large-file=\"https:\/\/i0.wp.com\/www.robertosedda.it\/wp-content\/uploads\/2022\/05\/Sa-Contissa.jpg?fit=510%2C181\" decoding=\"async\" loading=\"lazy\" width=\"800\" height=\"284\" src=\"https:\/\/i0.wp.com\/www.robertosedda.it\/wp-content\/uploads\/2022\/05\/Sa-Contissa.jpg?resize=800%2C284\" alt=\"\" class=\"wp-image-19620\" srcset=\"https:\/\/i0.wp.com\/www.robertosedda.it\/wp-content\/uploads\/2022\/05\/Sa-Contissa.jpg?w=1875 1875w, https:\/\/i0.wp.com\/www.robertosedda.it\/wp-content\/uploads\/2022\/05\/Sa-Contissa.jpg?resize=300%2C107 300w, https:\/\/i0.wp.com\/www.robertosedda.it\/wp-content\/uploads\/2022\/05\/Sa-Contissa.jpg?resize=510%2C181 510w, https:\/\/i0.wp.com\/www.robertosedda.it\/wp-content\/uploads\/2022\/05\/Sa-Contissa.jpg?resize=150%2C53 150w, https:\/\/i0.wp.com\/www.robertosedda.it\/wp-content\/uploads\/2022\/05\/Sa-Contissa.jpg?resize=1536%2C546 1536w, https:\/\/i0.wp.com\/www.robertosedda.it\/wp-content\/uploads\/2022\/05\/Sa-Contissa.jpg?w=1600 1600w\" sizes=\"(max-width: 800px) 100vw, 800px\" data-recalc-dims=\"1\" \/><\/figure>\n\n\n\n<p>Non era, nelle intenzioni, un incontro di formazione sulla <em>gestione<\/em> del conflitto, tanto meno sulla gestione <em>nonviolenta<\/em> dei conflitti, per quanto quello fosse evidentemente il panorama culturale, esplicito o implicito, dei partecipanti. Quello che ci eravamo ripromessi di fare era di esplorare il <em>concetto<\/em> di conflitto, ponendo eventualmente le basi per un percorso successivo.<\/p>\n\n\n\n<p>E il formatore, nell&#8217;occasione, ero io. Questo articolo serve a raccontare come mi sono preparato e una serie di altre osservazioni a margine dell&#8217;incontro, senza insistere particolarmente su come si \u00e8 svolto e cosa \u00e8 stato fatto. In origine volevo semplicemente pubblicare la bibliografia dei testi utilizzati, poi l&#8217;articolo pian piano \u00e8 diventato qualcos&#8217;altro di non ben definito, come vedrete.<\/p>\n\n\n\n<h2>Un tema da dinosauri<\/h2>\n\n\n\n<figure class=\"wp-block-image alignright size-medium\"><img data-attachment-id=\"13237\" data-permalink=\"http:\/\/www.robertosedda.it\/?attachment_id=13237\" data-orig-file=\"https:\/\/i0.wp.com\/www.robertosedda.it\/wp-content\/uploads\/2017\/02\/Viaggi-in-training.jpeg?fit=274%2C374\" data-orig-size=\"274,374\" data-comments-opened=\"1\" data-image-meta=\"{&quot;aperture&quot;:&quot;0&quot;,&quot;credit&quot;:&quot;&quot;,&quot;camera&quot;:&quot;&quot;,&quot;caption&quot;:&quot;&quot;,&quot;created_timestamp&quot;:&quot;0&quot;,&quot;copyright&quot;:&quot;&quot;,&quot;focal_length&quot;:&quot;0&quot;,&quot;iso&quot;:&quot;0&quot;,&quot;shutter_speed&quot;:&quot;0&quot;,&quot;title&quot;:&quot;&quot;,&quot;orientation&quot;:&quot;0&quot;}\" data-image-title=\"Viaggi in training\" data-image-description=\"\" data-image-caption=\"\" data-medium-file=\"https:\/\/i0.wp.com\/www.robertosedda.it\/wp-content\/uploads\/2017\/02\/Viaggi-in-training.jpeg?fit=220%2C300\" data-large-file=\"https:\/\/i0.wp.com\/www.robertosedda.it\/wp-content\/uploads\/2017\/02\/Viaggi-in-training.jpeg?fit=274%2C374\" decoding=\"async\" loading=\"lazy\" width=\"220\" height=\"300\" src=\"https:\/\/i0.wp.com\/www.robertosedda.it\/wp-content\/uploads\/2017\/02\/Viaggi-in-training.jpeg?resize=220%2C300\" alt=\"\" class=\"wp-image-13237\" srcset=\"https:\/\/i0.wp.com\/www.robertosedda.it\/wp-content\/uploads\/2017\/02\/Viaggi-in-training.jpeg?resize=220%2C300 220w, https:\/\/i0.wp.com\/www.robertosedda.it\/wp-content\/uploads\/2017\/02\/Viaggi-in-training.jpeg?resize=110%2C150 110w, https:\/\/i0.wp.com\/www.robertosedda.it\/wp-content\/uploads\/2017\/02\/Viaggi-in-training.jpeg?w=274 274w\" sizes=\"(max-width: 220px) 100vw, 220px\" data-recalc-dims=\"1\" \/><figcaption class=\"wp-element-caption\">Questi erano gi\u00e0 introvabili appena pubblicati<\/figcaption><\/figure>\n\n\n\n<p>Fra tante attivit\u00e0 formative che ho condotto, prima in Azione Cattolica e poi in Banca Etica o coi <em>Fabbricastorie<\/em>, non ne avevo mai fatto una sul conflitto: decine sui gruppi e le loro dinamiche e una serie di temi collegati, e tantissime sui vari temi specifici delle diverse organizzazioni, ma sul conflitto direttamente niente. Avevo per\u00f2 partecipato a diverse attivit\u00e0 condotte da altri, pensavo di avere un&#8217;idea chiara di quello che volevo dire e, per verificarla, sapevo di avere a casa un certo numero di testi sull&#8217;argomento accumulati negli anni.<\/p>\n\n\n\n<p>Con mia sorpresa, quando ho <a href=\"http:\/\/www.robertosedda.it\/?p=19463\" data-type=\"post\" data-id=\"19463\">iniziato a studiare<\/a> mi sono reso conto che la mia bibliotechina era composta, per quanto riguardava l&#8217;argomento in s\u00e9, quasi esclusivamente da testi ormai fuori circolazione.<\/p>\n\n\n\n<p>Ohib\u00f2. <\/p>\n\n\n\n<p>Ho pensato: \u00absaranno stati sostituiti da qualcos&#8217;altro\u00bb. Ho dato un&#8217;occhiata al materiale equivalente disponibile, e in realt\u00e0 non c&#8217;\u00e8 un materiale <em>equivalente<\/em>: l&#8217;impressione \u00e8 che quell&#8217;editoria sui temi del conflitto che originava dall&#8217;attivismo sociale, e che riteneva la riflessione in materia una necessit\u00e0 per chiunque operasse dentro un&#8217;organizzazione, e un prerequisito per la conduzione di lotte sociali e politiche, si sia sostanzialmente esaurita. Il che \u00e8 sorprendente &#8211; se ci si pensa &#8211; perch\u00e9 il conflitto sociale non sembra propriamente esaurito anch&#8217;esso. Quello che \u00e8 sparito, forse, \u00e8 quel tipo di formazioni sociali che facevano attivit\u00e0 sociale e politica in un certo modo, e con loro la consapevolezza di una <em>disciplina<\/em> e un metodo necessari durante le lotte (e questo a occhio corrisponde al livello di rabbia sociale che si riscontra, che viceversa \u00e8 massima; rabbia e disciplina si negano a vicenda), ma dicendo questo magari mi sto allargando troppo e insomma, prego la Corte di non tenere conto della mia sociologia di terza mano. <\/p>\n\n\n\n<figure class=\"wp-block-image alignleft size-medium\"><img data-attachment-id=\"19610\" data-permalink=\"http:\/\/www.robertosedda.it\/?attachment_id=19610\" data-orig-file=\"https:\/\/i0.wp.com\/www.robertosedda.it\/wp-content\/uploads\/2022\/05\/Training-2.jpg?fit=400%2C552\" data-orig-size=\"400,552\" data-comments-opened=\"1\" data-image-meta=\"{&quot;aperture&quot;:&quot;0&quot;,&quot;credit&quot;:&quot;&quot;,&quot;camera&quot;:&quot;&quot;,&quot;caption&quot;:&quot;&quot;,&quot;created_timestamp&quot;:&quot;0&quot;,&quot;copyright&quot;:&quot;&quot;,&quot;focal_length&quot;:&quot;0&quot;,&quot;iso&quot;:&quot;0&quot;,&quot;shutter_speed&quot;:&quot;0&quot;,&quot;title&quot;:&quot;&quot;,&quot;orientation&quot;:&quot;0&quot;}\" data-image-title=\"Training-2\" data-image-description=\"\" data-image-caption=\"\" data-medium-file=\"https:\/\/i0.wp.com\/www.robertosedda.it\/wp-content\/uploads\/2022\/05\/Training-2.jpg?fit=217%2C300\" data-large-file=\"https:\/\/i0.wp.com\/www.robertosedda.it\/wp-content\/uploads\/2022\/05\/Training-2.jpg?fit=400%2C552\" decoding=\"async\" loading=\"lazy\" width=\"217\" height=\"300\" src=\"https:\/\/i0.wp.com\/www.robertosedda.it\/wp-content\/uploads\/2022\/05\/Training-2.jpg?resize=217%2C300\" alt=\"\" class=\"wp-image-19610\" srcset=\"https:\/\/i0.wp.com\/www.robertosedda.it\/wp-content\/uploads\/2022\/05\/Training-2.jpg?resize=217%2C300 217w, https:\/\/i0.wp.com\/www.robertosedda.it\/wp-content\/uploads\/2022\/05\/Training-2.jpg?resize=109%2C150 109w, https:\/\/i0.wp.com\/www.robertosedda.it\/wp-content\/uploads\/2022\/05\/Training-2.jpg?w=400 400w\" sizes=\"(max-width: 217px) 100vw, 217px\" data-recalc-dims=\"1\" \/><\/figure>\n\n\n\n<p>Quello che per\u00f2 mi sono portato via dalla preparazione dell&#8217;incontro, insomma, \u00e8 che parlare di conflitto e parlarne in un certo modo \u00e8 un po&#8217; roba da dinosauri &#8211; o da <em>boomer<\/em>, insomma. Il campo \u00e8 ora occupato in buona parte dagli aziendalisti, ma il materiale che producono &#8211; quello che ai tempi dell&#8217;Azione Cattolica chiamavamo <em>animazione nera<\/em> &#8211; per chi continua a fare attivit\u00e0 sociale, o vuole riflettere su lotte sociali e politica, \u00e8 sostanzialmente inutile e, spesso, direttamente controproducente..<\/p>\n\n\n\n<p>Un&#8217;ultima nota: abbiamo assistito in questi ultimi tre mesi a una grandissima crisi del pacifismo storico italiano. Se il mercato editoriale \u00e8 affidabile, vorrebbe dire che negli anni recenti l&#8217;elaborazione culturale di quest&#8217;area si \u00e8 fermata, o pi\u00f9 probabilmente ha continuato a rimasticare stancamente se stessa, e quindi forse la sconfitta brutale di questo periodo non \u00e8 sorprendente. D&#8217;altra parte, non vale solo per l&#8217;area pacifista, ma per molti altri, e gli ultimi quattro anni ci stanno mostrando una sconfitta dietro l&#8217;altra e un pezzo dei nostri mondi dopo l&#8217;altro che si rivela non all&#8217;altezza. <\/p>\n\n\n\n<p>Parentesi: riflettevo che Enrico Euli \u00e8 uno dei pochi che ha visto un sacco di roba sua uscire dal mercato e ha continuato per\u00f2 a scrivere e pubblicare, e non rimasticature ma materiale che evolveva con la sua riflessione. Massimo rispetto.<\/p>\n\n\n\n<p>Per chiudere osserver\u00f2 che a partire dall&#8217;incontro e dalle riflessioni che mi ha suscitato a me sembra che la riflessione sul conflitto, e pi\u00f9 in generale sul rapporto fra organizzazioni sociali e metodi di azione, e sul rapporto fra mezzi e fini di azione sociale, sia una campo di lavoro abbandonato, e immenso, e necessario, e mi piacerebbe continuare a frequentarlo, anche riproponendo l&#8217;incontro altrove.  <\/p>\n\n\n\n<p>Ah, e questa \u00e8 un&#8217;occasione buona come un&#8217;altra per fare <em>coming out<\/em>: sto scrivendo un libro di sei giochi di comitato sui conflitti ambientali. <\/p>\n\n\n\n<p>Sorpresona.<\/p>\n\n\n\n<h2>Studiare fa male<\/h2>\n\n\n\n<figure class=\"wp-block-image alignright size-medium\"><img data-attachment-id=\"19466\" data-permalink=\"http:\/\/www.robertosedda.it\/?attachment_id=19466\" data-orig-file=\"https:\/\/i0.wp.com\/www.robertosedda.it\/wp-content\/uploads\/2022\/04\/Novara.jpg?fit=758%2C1252\" data-orig-size=\"758,1252\" data-comments-opened=\"1\" data-image-meta=\"{&quot;aperture&quot;:&quot;0&quot;,&quot;credit&quot;:&quot;&quot;,&quot;camera&quot;:&quot;&quot;,&quot;caption&quot;:&quot;&quot;,&quot;created_timestamp&quot;:&quot;0&quot;,&quot;copyright&quot;:&quot;&quot;,&quot;focal_length&quot;:&quot;0&quot;,&quot;iso&quot;:&quot;0&quot;,&quot;shutter_speed&quot;:&quot;0&quot;,&quot;title&quot;:&quot;&quot;,&quot;orientation&quot;:&quot;0&quot;}\" data-image-title=\"Novara\" data-image-description=\"\" data-image-caption=\"\" data-medium-file=\"https:\/\/i0.wp.com\/www.robertosedda.it\/wp-content\/uploads\/2022\/04\/Novara.jpg?fit=182%2C300\" data-large-file=\"https:\/\/i0.wp.com\/www.robertosedda.it\/wp-content\/uploads\/2022\/04\/Novara.jpg?fit=510%2C842\" decoding=\"async\" loading=\"lazy\" width=\"182\" height=\"300\" src=\"https:\/\/i0.wp.com\/www.robertosedda.it\/wp-content\/uploads\/2022\/04\/Novara.jpg?resize=182%2C300\" alt=\"\" class=\"wp-image-19466\" srcset=\"https:\/\/i0.wp.com\/www.robertosedda.it\/wp-content\/uploads\/2022\/04\/Novara.jpg?resize=182%2C300 182w, https:\/\/i0.wp.com\/www.robertosedda.it\/wp-content\/uploads\/2022\/04\/Novara.jpg?resize=510%2C842 510w, https:\/\/i0.wp.com\/www.robertosedda.it\/wp-content\/uploads\/2022\/04\/Novara.jpg?resize=91%2C150 91w, https:\/\/i0.wp.com\/www.robertosedda.it\/wp-content\/uploads\/2022\/04\/Novara.jpg?w=758 758w\" sizes=\"(max-width: 182px) 100vw, 182px\" data-recalc-dims=\"1\" \/><\/figure>\n\n\n\n<p> Studiare fa molto male. Ripensandoci, avevo un mio programma in testa e un po&#8217; di cose da dire, basate sull&#8217;esperienza e sulle mie convinzioni personali e arricchite dal fatto che per gli ultimi tre o quattro mesi in tutte le mie varie riunioni e incontri e attivit\u00e0 analizzavo ogni cosa chiedendomi se potesse avere a che fare con l&#8217;argomento, aggiungendoci anche la catalogazione in sottofondo di quello che mi veniva raccontato da altri.<\/p>\n\n\n\n<p>Per\u00f2 avevo un po&#8217; di sindrome dell&#8217;impostore e quindi mi sono messo a leggere sistematicamente, facendo malissimo. Avrei dovuto spizzicare i classici per fargli fare il loro mestiere, che \u00e8 quello di farti sembrare nuove e interessantissime cose che avevi gi\u00e0 letto e sempre dato per scontate, e puntualizzare i vecchi pensieri con sangue nuovo. Invece mi sono messo a studiare, col risultato di trovarmi senza abbastanza tempo per aver fatto sedimentare e distillare le letture, e avendo cos\u00ec un gran guazzabuglio in testa, in cui il consolidato e il recente erano&#8230; in conflitto pure loro.<\/p>\n\n\n\n<p>Qualche tempo prima dell&#8217;incontro avevo scritto in una <em>chat<\/em> di <em>WhatsApp<\/em> con il mio socio e compare Andrea Salidu che i temi rilevanti, da far emergere appena possibile, mi sembravano questi (li riporto esattamente come li ho scritti l\u00e0, per dare un&#8217;idea):<\/p>\n\n\n\n<ol>\n<li>il concetto di posta in gioco (e le tre poste principali nei gruppi: potere, identit\u00e0, affetto)<\/li>\n\n\n\n<li>il concetto di agenda<\/li>\n\n\n\n<li>definizione di conflitto come posta in gioco + altro (coinvolgimento emotivo)<\/li>\n\n\n\n<li>competere a collaborare o collaborare a competere<\/li>\n\n\n\n<li>giochi senza regole e regole senza gioco<\/li>\n\n\n\n<li>il <em>framing<\/em><\/li>\n\n\n\n<li>eludere, nascondere o mascherare il conflitto; buonismi vari<\/li>\n\n\n\n<li><em>escalation <\/em>(su cui c&#8217;\u00e8 tutto un mondo di cose da dire)<\/li>\n\n\n\n<li>colpevolizzazione dell&#8217;avversario solo perch\u00e9 entra nel conflitto<\/li>\n\n\n\n<li>quando entrare in conflitto e quando no<\/li>\n\n\n\n<li>il rapporto con la violenza<\/li>\n\n\n\n<li>i tre grandi modi sbagliati di vivere il conflitto: a) opportunismo, b) eliminazione dell&#8217;avversario, c) conflitto come &#8220;problema&#8221; da risolvere o &#8220;curare&#8221;<\/li>\n\n\n\n<li>schismogenesi<\/li>\n\n\n\n<li>se le identit\u00e0 sono fisse, il conflitto ha solo soluzioni <em>win-lose<\/em><\/li>\n<\/ol>\n\n\n\n<p>Immagino che non si capisca niente, ma per me era tutto abbastanza chiaro, per quanto in ordine sparso. Per\u00f2 cercavo un qualche modo di dare una struttura ordinata alle varie suggestioni, e mi sono orientato soprattutto, erroneamente, verso la <em><strong>Grammatica dei conflitti <\/strong><\/em>di Daniele Novara (edito da Sonda, vale come prima indicazione bibliografica) che ha una impostazione totalmente diversa da quello che volevo dire. La lettura de <em>Grammatica dei conflitti<\/em>, che ho portato all&#8217;incontro e prontamente prestato &#8211; per fortuna \u00e8 uno dei pochi ancora edito, anche in <em>e-book<\/em> &#8211; si consiglia lo stesso, soprattutto per la parte sul come leggere i conflitti, ma ho l&#8217;impressione che fuori del campo familiare e pedagogico la sua utilit\u00e0 sia abbastanza limitata, anche per un certo insistito schematismo. <\/p>\n\n\n\n<h2>\u00c8 difficile avere l&#8217;occasione<\/h2>\n\n\n\n<figure class=\"wp-block-image alignright size-medium\"><img data-attachment-id=\"19613\" data-permalink=\"http:\/\/www.robertosedda.it\/?attachment_id=19613\" data-orig-file=\"https:\/\/i0.wp.com\/www.robertosedda.it\/wp-content\/uploads\/2022\/05\/i-dilemmi_sito.jpg?fit=607%2C700\" data-orig-size=\"607,700\" data-comments-opened=\"1\" data-image-meta=\"{&quot;aperture&quot;:&quot;0&quot;,&quot;credit&quot;:&quot;&quot;,&quot;camera&quot;:&quot;&quot;,&quot;caption&quot;:&quot;&quot;,&quot;created_timestamp&quot;:&quot;0&quot;,&quot;copyright&quot;:&quot;&quot;,&quot;focal_length&quot;:&quot;0&quot;,&quot;iso&quot;:&quot;0&quot;,&quot;shutter_speed&quot;:&quot;0&quot;,&quot;title&quot;:&quot;&quot;,&quot;orientation&quot;:&quot;0&quot;}\" data-image-title=\"i-dilemmi_sito\" data-image-description=\"\" data-image-caption=\"\" data-medium-file=\"https:\/\/i0.wp.com\/www.robertosedda.it\/wp-content\/uploads\/2022\/05\/i-dilemmi_sito.jpg?fit=260%2C300\" data-large-file=\"https:\/\/i0.wp.com\/www.robertosedda.it\/wp-content\/uploads\/2022\/05\/i-dilemmi_sito.jpg?fit=510%2C588\" decoding=\"async\" loading=\"lazy\" width=\"260\" height=\"300\" src=\"https:\/\/i0.wp.com\/www.robertosedda.it\/wp-content\/uploads\/2022\/05\/i-dilemmi_sito.jpg?resize=260%2C300\" alt=\"\" class=\"wp-image-19613\" srcset=\"https:\/\/i0.wp.com\/www.robertosedda.it\/wp-content\/uploads\/2022\/05\/i-dilemmi_sito.jpg?resize=260%2C300 260w, https:\/\/i0.wp.com\/www.robertosedda.it\/wp-content\/uploads\/2022\/05\/i-dilemmi_sito.jpg?resize=510%2C588 510w, https:\/\/i0.wp.com\/www.robertosedda.it\/wp-content\/uploads\/2022\/05\/i-dilemmi_sito.jpg?resize=130%2C150 130w, https:\/\/i0.wp.com\/www.robertosedda.it\/wp-content\/uploads\/2022\/05\/i-dilemmi_sito.jpg?w=607 607w\" sizes=\"(max-width: 260px) 100vw, 260px\" data-recalc-dims=\"1\" \/><\/figure>\n\n\n\n<p>Avevamo deciso di non fare nessuna attivit\u00e0 di formazione frontale, quindi mi sono portato dietro cinque giochi, con l&#8217;intenzione di far emergere almeno qualcuno dei famosi quattordici punti di cui sopra a partire dall&#8217;esperienza del gioco e dalla discussione dei partecipanti. <\/p>\n\n\n\n<p>Il primo gioco era <em>Dammi la sedia!<\/em>, una attivit\u00e0 tratta da uno dei vari libri di <em>Passaparola<\/em> o di Enrico Euli: Enrico Euli, Antonello Soriga, Piergavino Sechi, Stefano Puddu Crespellani, <em><strong>Percorsi di formazione alla Nonviolenza. Viaggi in training (1983-1991)<\/strong><\/em>, Pangea;  Enrico Euli, Antonello Soriga, Piergavino Sechi, <em><strong>Reti di formazione alla nonviolenza. Viaggi in training (1992-1998)<\/strong><\/em>, Pangea;  Enrico Euli, <em><strong>I dilemmi (diletti) del gioco. Manuale di training<\/strong><\/em>, La Meridiana; <strong><em>Enrico Euli, Casca il mondo! Giocare con la catastrofe. Una nuova pedagogia del cambiamento<\/em><\/strong>, La Meridiana; sono tutti introvabili in commercio, ma pi\u00f9 o meno ampiamenti disponibili in <a href=\"https:\/\/opac.regione.sardegna.it\/SebinaOpac\/.do\">biblioteche pubbliche<\/a>, e tutti sono letture molto consigliabili, non solo per chi \u00e8 interessato al tema del conflitto, che anzi spesso \u00e8 solo in filigrana. <\/p>\n\n\n\n<figure class=\"wp-block-image alignleft size-medium\"><img data-attachment-id=\"19615\" data-permalink=\"http:\/\/www.robertosedda.it\/?attachment_id=19615\" data-orig-file=\"https:\/\/i0.wp.com\/www.robertosedda.it\/wp-content\/uploads\/2022\/05\/casca-il-mondo_sito.jpg?fit=607%2C700\" data-orig-size=\"607,700\" data-comments-opened=\"1\" data-image-meta=\"{&quot;aperture&quot;:&quot;0&quot;,&quot;credit&quot;:&quot;&quot;,&quot;camera&quot;:&quot;&quot;,&quot;caption&quot;:&quot;&quot;,&quot;created_timestamp&quot;:&quot;0&quot;,&quot;copyright&quot;:&quot;&quot;,&quot;focal_length&quot;:&quot;0&quot;,&quot;iso&quot;:&quot;0&quot;,&quot;shutter_speed&quot;:&quot;0&quot;,&quot;title&quot;:&quot;&quot;,&quot;orientation&quot;:&quot;0&quot;}\" data-image-title=\"casca-il-mondo_sito\" data-image-description=\"\" data-image-caption=\"\" data-medium-file=\"https:\/\/i0.wp.com\/www.robertosedda.it\/wp-content\/uploads\/2022\/05\/casca-il-mondo_sito.jpg?fit=260%2C300\" data-large-file=\"https:\/\/i0.wp.com\/www.robertosedda.it\/wp-content\/uploads\/2022\/05\/casca-il-mondo_sito.jpg?fit=510%2C588\" decoding=\"async\" loading=\"lazy\" width=\"260\" height=\"300\" src=\"https:\/\/i0.wp.com\/www.robertosedda.it\/wp-content\/uploads\/2022\/05\/casca-il-mondo_sito.jpg?resize=260%2C300\" alt=\"\" class=\"wp-image-19615\" srcset=\"https:\/\/i0.wp.com\/www.robertosedda.it\/wp-content\/uploads\/2022\/05\/casca-il-mondo_sito.jpg?resize=260%2C300 260w, https:\/\/i0.wp.com\/www.robertosedda.it\/wp-content\/uploads\/2022\/05\/casca-il-mondo_sito.jpg?resize=510%2C588 510w, https:\/\/i0.wp.com\/www.robertosedda.it\/wp-content\/uploads\/2022\/05\/casca-il-mondo_sito.jpg?resize=130%2C150 130w, https:\/\/i0.wp.com\/www.robertosedda.it\/wp-content\/uploads\/2022\/05\/casca-il-mondo_sito.jpg?w=607 607w\" sizes=\"(max-width: 260px) 100vw, 260px\" data-recalc-dims=\"1\" \/><\/figure>\n\n\n\n<p>A questi, per somiglianza di argomento, si pu\u00f2 aggiungere Martin Jelfs, <strong><em>Tecniche di animazione. Per la coesione nel gruppo e un&#8217;azione sociale non-violenta<\/em><\/strong>, Elle Di Ci, di cui ho gi\u00e0 <a href=\"http:\/\/www.robertosedda.it\/?p=13203\" data-type=\"post\">parlato<\/a>, che \u00e8 anch&#8217;esso fuori commercio ma di cui l&#8217;editrice offre, curiosamente, il <em><a href=\"https:\/\/notedipastoralegiovanile.it\/images\/LIBRI_NPG\/jelfs_tecniche.pdf\">pdf<\/a><\/em> liberamente scaricabile; ho anche usato <strong>AAVV, <em>Best of communities VI: agreement, conflict and communication<\/em><\/strong>, Fellowship for international communities, una curiosa raccolta di casi pratici e articoli teorici a cura del movimento per il <em>cohousing<\/em> inglese, materiale vecchio come il cucco ma ancora in circolazione).<\/p>\n\n\n\n<p>Il secondo gioco era una variante dell&#8217;<em><a href=\"https:\/\/en.wikipedia.org\/wiki\/Dollar_auction\">asta del dollaro<\/a><\/em>, letta in un qualche testo di filosofia prestatomi da un&#8217;amica diversi anni fa e che avevo sempre desiderato riproporre (ho anche perso un sacco di tempo a chiedermi se dovessi proporre una versione del gioco dei <a href=\"https:\/\/it.wikipedia.org\/wiki\/Gioco_del_pollo\">falchi e delle colombe<\/a> e del <a href=\"https:\/\/it.wikipedia.org\/wiki\/Gioco_del_coniglio\">gioco del coniglio<\/a>, perch\u00e9 un po&#8217; avevo l&#8217;aspirazione di presentare visioni del conflitto di diverse discipline, in questo caso la teoria dei giochi).<\/p>\n\n\n\n<figure class=\"wp-block-image alignright size-medium\"><img data-attachment-id=\"19628\" data-permalink=\"http:\/\/www.robertosedda.it\/?attachment_id=19628\" data-orig-file=\"https:\/\/i0.wp.com\/www.robertosedda.it\/wp-content\/uploads\/2022\/05\/Communities.jpg?fit=290%2C375\" data-orig-size=\"290,375\" data-comments-opened=\"1\" data-image-meta=\"{&quot;aperture&quot;:&quot;0&quot;,&quot;credit&quot;:&quot;&quot;,&quot;camera&quot;:&quot;&quot;,&quot;caption&quot;:&quot;&quot;,&quot;created_timestamp&quot;:&quot;0&quot;,&quot;copyright&quot;:&quot;&quot;,&quot;focal_length&quot;:&quot;0&quot;,&quot;iso&quot;:&quot;0&quot;,&quot;shutter_speed&quot;:&quot;0&quot;,&quot;title&quot;:&quot;&quot;,&quot;orientation&quot;:&quot;0&quot;}\" data-image-title=\"Communities\" data-image-description=\"\" data-image-caption=\"\" data-medium-file=\"https:\/\/i0.wp.com\/www.robertosedda.it\/wp-content\/uploads\/2022\/05\/Communities.jpg?fit=232%2C300\" data-large-file=\"https:\/\/i0.wp.com\/www.robertosedda.it\/wp-content\/uploads\/2022\/05\/Communities.jpg?fit=290%2C375\" decoding=\"async\" loading=\"lazy\" width=\"232\" height=\"300\" src=\"https:\/\/i0.wp.com\/www.robertosedda.it\/wp-content\/uploads\/2022\/05\/Communities.jpg?resize=232%2C300\" alt=\"\" class=\"wp-image-19628\" srcset=\"https:\/\/i0.wp.com\/www.robertosedda.it\/wp-content\/uploads\/2022\/05\/Communities.jpg?resize=232%2C300 232w, https:\/\/i0.wp.com\/www.robertosedda.it\/wp-content\/uploads\/2022\/05\/Communities.jpg?resize=116%2C150 116w, https:\/\/i0.wp.com\/www.robertosedda.it\/wp-content\/uploads\/2022\/05\/Communities.jpg?w=290 290w\" sizes=\"(max-width: 232px) 100vw, 232px\" data-recalc-dims=\"1\" \/><\/figure>\n\n\n\n<p>Il terzo gioco era una variante appositamente costruita del classico e solidissimo <em>Mondi che funzionano<\/em> dei <em>Fabbricastorie<\/em>; speravo di avere tempo per fare un quarto gioco, e avevo con me le bozze di due dei giochi del libro, <em>Muro contro muro<\/em> e <em>Fammi parlare!!<\/em> fra cui scegliere al bisogno. Naturalmente il tempo a sufficienza non c&#8217;\u00e8 stato, e ci siamo fermati al terzo gioco.<\/p>\n\n\n\n<p>Io personalmente ho trovato le discussioni sui giochi molto interessanti, ma certo difficili da orientare, e quindi onestamente non so quanti dei temi che avevo in testa siano <em>passati<\/em>: i partecipanti erano contenti, ma per certi aspetti considero il seminario del 30 aprile una specie di prova generale che suggerisce dal vivo come gestire i temi, scadenzare le attivit\u00e0, quando chiedere di fermare la discussione e su quali concetti concentrarsi.<\/p>\n\n\n\n<h2>Cose fuori programma<\/h2>\n\n\n\n<figure class=\"wp-block-image alignleft size-medium\"><img data-attachment-id=\"12224\" data-permalink=\"http:\/\/www.robertosedda.it\/?attachment_id=12224\" data-orig-file=\"https:\/\/i0.wp.com\/www.robertosedda.it\/wp-content\/uploads\/2016\/07\/Laxdaela-saga-Iperborea.jpg?fit=283%2C567\" data-orig-size=\"283,567\" data-comments-opened=\"1\" data-image-meta=\"{&quot;aperture&quot;:&quot;0&quot;,&quot;credit&quot;:&quot;&quot;,&quot;camera&quot;:&quot;&quot;,&quot;caption&quot;:&quot;&quot;,&quot;created_timestamp&quot;:&quot;0&quot;,&quot;copyright&quot;:&quot;&quot;,&quot;focal_length&quot;:&quot;0&quot;,&quot;iso&quot;:&quot;0&quot;,&quot;shutter_speed&quot;:&quot;0&quot;,&quot;title&quot;:&quot;&quot;,&quot;orientation&quot;:&quot;1&quot;}\" data-image-title=\"Laxdaela saga Iperborea\" data-image-description=\"\" data-image-caption=\"\" data-medium-file=\"https:\/\/i0.wp.com\/www.robertosedda.it\/wp-content\/uploads\/2016\/07\/Laxdaela-saga-Iperborea.jpg?fit=150%2C300\" data-large-file=\"https:\/\/i0.wp.com\/www.robertosedda.it\/wp-content\/uploads\/2016\/07\/Laxdaela-saga-Iperborea.jpg?fit=283%2C567\" decoding=\"async\" loading=\"lazy\" width=\"150\" height=\"300\" src=\"https:\/\/i0.wp.com\/www.robertosedda.it\/wp-content\/uploads\/2016\/07\/Laxdaela-saga-Iperborea.jpg?resize=150%2C300\" alt=\"\" class=\"wp-image-12224\" srcset=\"https:\/\/i0.wp.com\/www.robertosedda.it\/wp-content\/uploads\/2016\/07\/Laxdaela-saga-Iperborea.jpg?resize=150%2C300 150w, https:\/\/i0.wp.com\/www.robertosedda.it\/wp-content\/uploads\/2016\/07\/Laxdaela-saga-Iperborea.jpg?resize=75%2C150 75w, https:\/\/i0.wp.com\/www.robertosedda.it\/wp-content\/uploads\/2016\/07\/Laxdaela-saga-Iperborea.jpg?w=283 283w\" sizes=\"(max-width: 150px) 100vw, 150px\" data-recalc-dims=\"1\" \/><\/figure>\n\n\n\n<p>Al seminario ho messo tutti i libri su una sedia, in esibizione per chi volesse curiosare e tastare con mano. Quello probabilmente pi\u00f9 strano era la <em><strong><a href=\"http:\/\/www.robertosedda.it\/?p=12223\" data-type=\"post\" data-id=\"12223\"><em>Laxd\u00e6la saga<\/em><\/a><\/strong><\/em> (Iperborea), una saga islandese piena di vichinghi. <\/p>\n\n\n\n<p>Ora, io so benissimo, e l&#8217;ho detto a Selegas, che le saghe vichinghe non sono adatte a tutti. Di solito hanno un titolo tipo <em>Saga di H\u00f6skuld<\/em> ma nelle prime dieci pagine si parla di un tizio di nome \u00deorgeir che vive in Norvegia. A pagina dieci \u00deorgeir se ne va in Islanda, a pagina dodici alleva pecore, a pagina tredici sposa una che si chiama Gu\u00f0r\u00fan figlia di Helgi e per dieci pagine ci raccontano che anche Helgi viveva in Norvegia ma poi se n&#8217;\u00e8 andato in Islanda a allevare pecore. Comunque finalmente a pagina venticinque nasce H\u00f6skuld ma subito ci viene presentato il personaggio di un tizio mai sentito prima che si chiama Fro\u00f0i e vive a Snagastollir (da non confondere con Stegastollir) dove, ovviamente, alleva pecore. Rimaniamo perplessi a leggere la genealogia di  Fro\u00f0i (gente che viveva in Norvegia ma si \u00e8 spostata in Islanda per divergenze con un indovino finlandese) finch\u00e9 a pagina quaranta tutto si chiarisce: durante una festa in campagna per mangiare pecora arrosto Fro\u00f0i compie un oscuro rituale che \u00e8 anche un insulto mortale nei confronti di H\u00f6skuld, il quale, per tutta risposta, pronuncia un paio di pagine di versi incomprensibili, poi prende un osso (ovviamente di pecora) e gli spacca la testa. Seguono una decina di pagine di faida sanguinosa finch\u00e9 un anziano parente di entrambi parla saggiamente al consiglio e tutti fanno la pace, tranne nei casi in cui \u00e8 tutta una finta e tutti o quasi muoiono ammazzati, a partire dal parente saggio.<\/p>\n\n\n\n<p>Va bene, scherzo, ma il punto qui non \u00e8 direttamente il valore letterario delle saghe. Il punto \u00e8 che sono, secondo me, uno dei <em>corpus<\/em> letterari pi\u00f9 rilevanti in cui una cultura si \u00e8 interrogata sui conflitti al proprio interno, sui meccanismi regolatori, sulla violenza e sul rapporto, in presenza di un conflitto, fra bene della comunit\u00e0 e diritti dei singoli. Non forniscono risposte perfette, ma pongono domande interessanti e per prepararsi a gestire un incontro sul conflitto &#8211; o per iniziare a riflettere sull&#8217;argomento &#8211; hanno un loro (secondo me grandissimo) perch\u00e9. Naturalmente in letteratura c&#8217;\u00e8 molto altro: non l&#8217;ho riletto recentemente, ma un lavoro simile si potrebbe fare, per esempio, anche con <em><strong><a href=\"http:\/\/www.robertosedda.it\/?p=16631\" data-type=\"post\" data-id=\"16631\">I duellanti<\/a><\/strong><\/em> di Conrad.<\/p>\n\n\n\n<figure class=\"wp-block-image alignright size-medium\"><img data-attachment-id=\"19622\" data-permalink=\"http:\/\/www.robertosedda.it\/?attachment_id=19622\" data-orig-file=\"https:\/\/i0.wp.com\/www.robertosedda.it\/wp-content\/uploads\/2022\/05\/Sun-Tzu.jpg?fit=536%2C831\" data-orig-size=\"536,831\" data-comments-opened=\"1\" data-image-meta=\"{&quot;aperture&quot;:&quot;0&quot;,&quot;credit&quot;:&quot;&quot;,&quot;camera&quot;:&quot;&quot;,&quot;caption&quot;:&quot;&quot;,&quot;created_timestamp&quot;:&quot;0&quot;,&quot;copyright&quot;:&quot;&quot;,&quot;focal_length&quot;:&quot;0&quot;,&quot;iso&quot;:&quot;0&quot;,&quot;shutter_speed&quot;:&quot;0&quot;,&quot;title&quot;:&quot;&quot;,&quot;orientation&quot;:&quot;0&quot;}\" data-image-title=\"Sun-Tzu\" data-image-description=\"\" data-image-caption=\"\" data-medium-file=\"https:\/\/i0.wp.com\/www.robertosedda.it\/wp-content\/uploads\/2022\/05\/Sun-Tzu.jpg?fit=194%2C300\" data-large-file=\"https:\/\/i0.wp.com\/www.robertosedda.it\/wp-content\/uploads\/2022\/05\/Sun-Tzu.jpg?fit=510%2C791\" decoding=\"async\" loading=\"lazy\" width=\"194\" height=\"300\" src=\"https:\/\/i0.wp.com\/www.robertosedda.it\/wp-content\/uploads\/2022\/05\/Sun-Tzu.jpg?resize=194%2C300\" alt=\"\" class=\"wp-image-19622\" srcset=\"https:\/\/i0.wp.com\/www.robertosedda.it\/wp-content\/uploads\/2022\/05\/Sun-Tzu.jpg?resize=194%2C300 194w, https:\/\/i0.wp.com\/www.robertosedda.it\/wp-content\/uploads\/2022\/05\/Sun-Tzu.jpg?resize=510%2C791 510w, https:\/\/i0.wp.com\/www.robertosedda.it\/wp-content\/uploads\/2022\/05\/Sun-Tzu.jpg?resize=97%2C150 97w, https:\/\/i0.wp.com\/www.robertosedda.it\/wp-content\/uploads\/2022\/05\/Sun-Tzu.jpg?w=536 536w\" sizes=\"(max-width: 194px) 100vw, 194px\" data-recalc-dims=\"1\" \/><figcaption class=\"wp-element-caption\">Comunque Sun Tzu era cinese e quello \u00e8 un <em>samurai<\/em> giapponese<\/figcaption><\/figure>\n\n\n\n<p>Un altro vichingo che avevo in mente, preparando l&#8217;incontro, era <a href=\"http:\/\/www.robertosedda.it\/?p=9284\" data-type=\"post\" data-id=\"9284\">Uhtred di Bebbaburg<\/a>, il personaggio fittizio creato da Bernard Cornwell e ora protagonista anche della serie <em>The last kingdom<\/em>, di cui mi girava in testa la frase predatoria: \u00abNella pazzia \u00e8 posto il cambiamento, nel cambiamento \u00e8 posta l&#8217;opportunit\u00e0, e nell&#8217;opportunit\u00e0 si trovano grandi ricchezze\u00bb, perch\u00e9 volevo citarlo a proposito di quelli che entrano nei conflitti per opportunismo. Poi ho visto da qualche parte che la frase echeggia una espressione simile di Sun Tzu: \u00abNel mezzo del caos, c\u2019\u00e8 anche l\u2019opportunit\u00e0\u00bb (e anche: \u00ab Le&nbsp;opportunit\u00e0&nbsp;si moltiplicano mentre vengono colte\u00bb); devo dire che mi sono riletto <em><strong>L&#8217;arte della guerra<\/strong><\/em> e, secondo me, sono due citazioni del tutto apocrife, comunque il libro l&#8217;ho portato lo stesso e messo in esposizione sulla famosa sedia, sempre per l&#8217;idea di stimolare la consapevolezza dell&#8217;esistenza di discipline diverse che si sono occupate del conflitto, fra le quali il pensiero strategico &#8211; oggigiorno nella cultura popolare soprattutto quello orientale &#8211; ha certamente un suo posto importante.<\/p>\n\n\n\n<figure class=\"wp-block-image alignleft size-medium\"><img data-attachment-id=\"17030\" data-permalink=\"http:\/\/www.robertosedda.it\/?attachment_id=17030\" data-orig-file=\"https:\/\/i0.wp.com\/www.robertosedda.it\/wp-content\/uploads\/2019\/08\/A-world-on-fire.jpg?fit=440%2C676\" data-orig-size=\"440,676\" data-comments-opened=\"1\" data-image-meta=\"{&quot;aperture&quot;:&quot;0&quot;,&quot;credit&quot;:&quot;&quot;,&quot;camera&quot;:&quot;&quot;,&quot;caption&quot;:&quot;&quot;,&quot;created_timestamp&quot;:&quot;0&quot;,&quot;copyright&quot;:&quot;&quot;,&quot;focal_length&quot;:&quot;0&quot;,&quot;iso&quot;:&quot;0&quot;,&quot;shutter_speed&quot;:&quot;0&quot;,&quot;title&quot;:&quot;&quot;,&quot;orientation&quot;:&quot;0&quot;}\" data-image-title=\"A world on fire\" data-image-description=\"\" data-image-caption=\"\" data-medium-file=\"https:\/\/i0.wp.com\/www.robertosedda.it\/wp-content\/uploads\/2019\/08\/A-world-on-fire.jpg?fit=195%2C300\" data-large-file=\"https:\/\/i0.wp.com\/www.robertosedda.it\/wp-content\/uploads\/2019\/08\/A-world-on-fire.jpg?fit=440%2C676\" decoding=\"async\" loading=\"lazy\" width=\"195\" height=\"300\" src=\"https:\/\/i0.wp.com\/www.robertosedda.it\/wp-content\/uploads\/2019\/08\/A-world-on-fire.jpg?resize=195%2C300\" alt=\"\" class=\"wp-image-17030\" srcset=\"https:\/\/i0.wp.com\/www.robertosedda.it\/wp-content\/uploads\/2019\/08\/A-world-on-fire.jpg?resize=195%2C300 195w, https:\/\/i0.wp.com\/www.robertosedda.it\/wp-content\/uploads\/2019\/08\/A-world-on-fire.jpg?resize=98%2C150 98w, https:\/\/i0.wp.com\/www.robertosedda.it\/wp-content\/uploads\/2019\/08\/A-world-on-fire.jpg?w=440 440w\" sizes=\"(max-width: 195px) 100vw, 195px\" data-recalc-dims=\"1\" \/><\/figure>\n\n\n\n<p>Sempre per l&#8217;arricchimento disciplinare durante la preparazione dell&#8217;incontro ho casualmente preso in mano il libro, curato da Antonietta De Feo, Mirella Giannini, Marco Pitzalis, <em><strong>Scienza e critica del mondo sociale. La lezione di Pierre Bordieu<\/strong><\/em> (Mimesis) e devo dire, non avendo mai saputo nulla di Bordieu, che ho trovato stimolante e pertinente l&#8217;idea di <em><a href=\"https:\/\/www.ibs.it\/sul-concetto-di-campo-in-libro-pierre-bourdieu\/e\/9788860816221?lgw_code=1122-B9788860816221&amp;gclid=CjwKCAjwve2TBhByEiwAaktM1LmPxlMQb65y1khkjQbEGUcUNnasN9bhs0VioCzqFWuTObTI1LLYXRoC6wwQAvD_BwE\">campo<\/a><\/em> e in qualche modo affine alla visione di conflitto che avevo in testa.<\/p>\n\n\n\n<p>L&#8217;ultimo libro, diciamo cos\u00ec, fuori sacco che mi sono portato era Amanda Foreman, <em><strong><a href=\"http:\/\/www.robertosedda.it\/?p=17029\">A world on fire<\/a><\/strong><\/em>, Penguin, una storia diplomatica della Guerra di Secessione, non tanto perch\u00e9 tratti direttamente di un conflitto ma perch\u00e9 pensavo che potesse venire fuori il tema della guerra russo-ucraina, volevo un libro da consigliare per riflettere sull&#8217;argomento e la Guerra di Secessione mi sembra un termine di raffronto pi\u00f9 utile e appropriata di tutti i vari dibattiti sulla II Guerra Mondiale, Hitler e le resistenze. <\/p>\n\n\n\n<h2>Violenza e non violenza<\/h2>\n\n\n\n<figure class=\"wp-block-image alignright size-medium\"><img data-attachment-id=\"19473\" data-permalink=\"http:\/\/www.robertosedda.it\/?attachment_id=19473\" data-orig-file=\"https:\/\/i0.wp.com\/www.robertosedda.it\/wp-content\/uploads\/2022\/04\/Galtung.jpg?fit=1096%2C1536\" data-orig-size=\"1096,1536\" data-comments-opened=\"1\" data-image-meta=\"{&quot;aperture&quot;:&quot;0&quot;,&quot;credit&quot;:&quot;&quot;,&quot;camera&quot;:&quot;&quot;,&quot;caption&quot;:&quot;&quot;,&quot;created_timestamp&quot;:&quot;0&quot;,&quot;copyright&quot;:&quot;&quot;,&quot;focal_length&quot;:&quot;0&quot;,&quot;iso&quot;:&quot;0&quot;,&quot;shutter_speed&quot;:&quot;0&quot;,&quot;title&quot;:&quot;&quot;,&quot;orientation&quot;:&quot;0&quot;}\" data-image-title=\"Galtung\" data-image-description=\"\" data-image-caption=\"\" data-medium-file=\"https:\/\/i0.wp.com\/www.robertosedda.it\/wp-content\/uploads\/2022\/04\/Galtung.jpg?fit=214%2C300\" data-large-file=\"https:\/\/i0.wp.com\/www.robertosedda.it\/wp-content\/uploads\/2022\/04\/Galtung.jpg?fit=510%2C715\" decoding=\"async\" loading=\"lazy\" width=\"214\" height=\"300\" src=\"https:\/\/i0.wp.com\/www.robertosedda.it\/wp-content\/uploads\/2022\/04\/Galtung.jpg?resize=214%2C300\" alt=\"\" class=\"wp-image-19473\" srcset=\"https:\/\/i0.wp.com\/www.robertosedda.it\/wp-content\/uploads\/2022\/04\/Galtung.jpg?resize=214%2C300 214w, https:\/\/i0.wp.com\/www.robertosedda.it\/wp-content\/uploads\/2022\/04\/Galtung.jpg?resize=510%2C715 510w, https:\/\/i0.wp.com\/www.robertosedda.it\/wp-content\/uploads\/2022\/04\/Galtung.jpg?resize=107%2C150 107w, https:\/\/i0.wp.com\/www.robertosedda.it\/wp-content\/uploads\/2022\/04\/Galtung.jpg?w=1096 1096w\" sizes=\"(max-width: 214px) 100vw, 214px\" data-recalc-dims=\"1\" \/><\/figure>\n\n\n\n<p>Alla fine, per dire che non volevo fare un incontro sulla gestione dei conflitti, il grosso dei testi apparteneva comunque alla riflessione su violenza e non violenza, e insomma, conoscendomi non credo sia strano. Il principale, che per me era stato fondativo molti anni fa, quando preparavo l&#8217;esame di Sociologia per l&#8217;universit\u00e0. e di cui conservavo ricordi molto precisi, \u00e8  Johan Galtung, <em><strong>Gandhi oggi. Per una alternativa politica nonviolenta<\/strong><\/em>, Edizioni Gruppo Abele; devo dire che nelle prime pagine Galtung dichiara di essere nato nel 1930 e io ho un po&#8217; avuto un sobbalzo, chiedendomi se fosse ancora vivo (lo \u00e8). A prescindere daid ati anagrafici, la lettura denuncia la distanza con quella generazione e i temi (Guerra Fredda, blocchi, minaccia di olocausto nucleare) con cui si \u00e8 dovuta confrontare &#8211; lo so che in qualche modo sono temi che oggi si ripresentano, ma in realt\u00e0 anche no. L&#8217;analisi dei conflitti, e la presentazione della figura e del pensiero di Gandhi, anche fuori di ogni facile agiografia, restano del tutto fondativi anche oggi. <\/p>\n\n\n\n<figure class=\"wp-block-image alignleft size-medium\"><img data-attachment-id=\"19633\" data-permalink=\"http:\/\/www.robertosedda.it\/?attachment_id=19633\" data-orig-file=\"https:\/\/i0.wp.com\/www.robertosedda.it\/wp-content\/uploads\/2022\/05\/Pontara.jpg?fit=1170%2C1862\" data-orig-size=\"1170,1862\" data-comments-opened=\"1\" data-image-meta=\"{&quot;aperture&quot;:&quot;0&quot;,&quot;credit&quot;:&quot;MAESTRI LUCIA&quot;,&quot;camera&quot;:&quot;&quot;,&quot;caption&quot;:&quot;&quot;,&quot;created_timestamp&quot;:&quot;1575885608&quot;,&quot;copyright&quot;:&quot;&quot;,&quot;focal_length&quot;:&quot;0&quot;,&quot;iso&quot;:&quot;0&quot;,&quot;shutter_speed&quot;:&quot;0&quot;,&quot;title&quot;:&quot;&quot;,&quot;orientation&quot;:&quot;0&quot;}\" data-image-title=\"Pontara\" data-image-description=\"\" data-image-caption=\"\" data-medium-file=\"https:\/\/i0.wp.com\/www.robertosedda.it\/wp-content\/uploads\/2022\/05\/Pontara.jpg?fit=189%2C300\" data-large-file=\"https:\/\/i0.wp.com\/www.robertosedda.it\/wp-content\/uploads\/2022\/05\/Pontara.jpg?fit=510%2C812\" decoding=\"async\" loading=\"lazy\" width=\"189\" height=\"300\" src=\"https:\/\/i0.wp.com\/www.robertosedda.it\/wp-content\/uploads\/2022\/05\/Pontara.jpg?resize=189%2C300\" alt=\"\" class=\"wp-image-19633\" srcset=\"https:\/\/i0.wp.com\/www.robertosedda.it\/wp-content\/uploads\/2022\/05\/Pontara.jpg?resize=189%2C300 189w, https:\/\/i0.wp.com\/www.robertosedda.it\/wp-content\/uploads\/2022\/05\/Pontara.jpg?resize=510%2C812 510w, https:\/\/i0.wp.com\/www.robertosedda.it\/wp-content\/uploads\/2022\/05\/Pontara.jpg?resize=94%2C150 94w, https:\/\/i0.wp.com\/www.robertosedda.it\/wp-content\/uploads\/2022\/05\/Pontara.jpg?resize=965%2C1536 965w, https:\/\/i0.wp.com\/www.robertosedda.it\/wp-content\/uploads\/2022\/05\/Pontara.jpg?w=1170 1170w\" sizes=\"(max-width: 189px) 100vw, 189px\" data-recalc-dims=\"1\" \/><\/figure>\n\n\n\n<p>Uno che tenta di aggiornare la riflessione di quella generazione all&#8217;oggi \u00e8 Giuliano Pontara, che firmava gi\u00e0 l&#8217;introduzione al libro di Galtung, con <em><strong>L\u2019antibarbarie. La concezione etico-politica di Gandhi e il XXI secolo<\/strong><\/em> (la mia edizione \u00e8 de l&#8217;Unit\u00e0, ma c&#8217;\u00e8 una edizione ampliata delle Edizioni Gruppo Abele); io peraltro, in prima battuta resterei fedele a Galtung, che per quanto datato mi sembra un filo pi\u00f9 liberante nelle riflessioni che suggerisce. <\/p>\n\n\n\n<p>Meno utile mi \u00e8 stato un altro grande vecchio di questa area di pensiero, Gene Sharp, di cui peraltro a casa avevo solo l&#8217;agilissimo (cio\u00e8: \u00e8 un libro piccolino) <em><strong>Liberatevi! Azione e strategie per sconfiggere le dittature<\/strong><\/em>, ADD. <\/p>\n\n\n\n<p>Non l&#8217;ho ripreso in mano adesso, peraltro, ma di Sharp mi sembra comunque opportuno segnalare l&#8217;ampio <em><strong>Politica dell&#8217;azione nonviolenta, <\/strong><\/em>disponibile in <em>pdf<\/em> nei tre volumi: <em><strong><a href=\"http:\/\/www.reteccp.org\/biblioteca\/disponibili\/novviolenza\/sharp\/nonviolentactionI.pdf\">Potere e lotta<\/a><\/strong><\/em>, <em><strong><a href=\"http:\/\/www.reteccp.org\/biblioteca\/disponibili\/novviolenza\/sharp\/nonviolentactionII.pdf\">Le tecniche<\/a><\/strong><\/em>, <em><strong><a href=\"http:\/\/www.reteccp.org\/biblioteca\/disponibili\/novviolenza\/sharp\/nonviolentactionIII.pdf\">La dinamica<\/a><\/strong><\/em>; a me \u00e8 capitato di tornarci sopra l&#8217;anno scorso su richiesta di un&#8217;amica insegnante e si tratta evidentemente di un manuale di riferimento molto utile, una summa delle idee di questa corrente di pensiero (con qualche travisamento, forse, o personalizzazione di troppo, ma traduttore e traditore e questo vale anche per i compilatori).<\/p>\n\n\n\n<figure class=\"wp-block-image alignright size-medium\"><img data-attachment-id=\"19637\" data-permalink=\"http:\/\/www.robertosedda.it\/?attachment_id=19637\" data-orig-file=\"https:\/\/i0.wp.com\/www.robertosedda.it\/wp-content\/uploads\/2022\/05\/sulla-violenza.jpg?fit=452%2C452\" data-orig-size=\"452,452\" data-comments-opened=\"1\" data-image-meta=\"{&quot;aperture&quot;:&quot;0&quot;,&quot;credit&quot;:&quot;&quot;,&quot;camera&quot;:&quot;&quot;,&quot;caption&quot;:&quot;&quot;,&quot;created_timestamp&quot;:&quot;0&quot;,&quot;copyright&quot;:&quot;&quot;,&quot;focal_length&quot;:&quot;0&quot;,&quot;iso&quot;:&quot;0&quot;,&quot;shutter_speed&quot;:&quot;0&quot;,&quot;title&quot;:&quot;&quot;,&quot;orientation&quot;:&quot;0&quot;}\" data-image-title=\"sulla-violenza\" data-image-description=\"\" data-image-caption=\"\" data-medium-file=\"https:\/\/i0.wp.com\/www.robertosedda.it\/wp-content\/uploads\/2022\/05\/sulla-violenza.jpg?fit=300%2C300\" data-large-file=\"https:\/\/i0.wp.com\/www.robertosedda.it\/wp-content\/uploads\/2022\/05\/sulla-violenza.jpg?fit=452%2C452\" decoding=\"async\" loading=\"lazy\" width=\"300\" height=\"300\" src=\"https:\/\/i0.wp.com\/www.robertosedda.it\/wp-content\/uploads\/2022\/05\/sulla-violenza.jpg?resize=300%2C300\" alt=\"\" class=\"wp-image-19637\" srcset=\"https:\/\/i0.wp.com\/www.robertosedda.it\/wp-content\/uploads\/2022\/05\/sulla-violenza.jpg?resize=300%2C300 300w, https:\/\/i0.wp.com\/www.robertosedda.it\/wp-content\/uploads\/2022\/05\/sulla-violenza.jpg?resize=150%2C150 150w, https:\/\/i0.wp.com\/www.robertosedda.it\/wp-content\/uploads\/2022\/05\/sulla-violenza.jpg?w=452 452w\" sizes=\"(max-width: 300px) 100vw, 300px\" data-recalc-dims=\"1\" \/><\/figure>\n\n\n\n<p>Meno utili, invece, ho trovato (a cura di) Paolo Naso, <em><strong>L\u2019altro Martin Luther King<\/strong><\/em>, Claudiana, peraltro molto stimolante nell&#8217;impostazione, e Roberto Dall\u2019Olio, <em><strong>Entro il limite: la resistenza mite di Alex Langer<\/strong><\/em>, La Meridiana. La loro natura di raccolta di testi sparsi mi sembrava promettere quel tipo di confronto coi classici di cui parlavo sopra, ma non \u00e8 scoccato il colpo di fulmine: magari voi sarete pi\u00f9 fortunati. <\/p>\n\n\n\n<p>Invece mi hanno fatto una gran compagnia due testi che non appartengono strettamente al filone della nonviolenza, tantomeno gandhiana, ma che in realt\u00e0 muovono la loro riflessione lungo linee simili: il primo \u00e8 Hannah Arendt, <em><strong>Sulla violenza<\/strong><\/em>, Guanda, un testo datatissimo rispetto agli avvenimenti che commenta fino al punto da essere respingente, e che quindi chiede di scavare un po&#8217;, ma la fatica \u00e8 ricompensata (la mia edizione \u00e8 fuori commercio, ma per fortuna l&#8217;agile libretto viene ripubblicato periodicamente da Guanda).<\/p>\n\n\n\n<figure class=\"wp-block-image alignleft size-full\"><img data-attachment-id=\"19640\" data-permalink=\"http:\/\/www.robertosedda.it\/?attachment_id=19640\" data-orig-file=\"https:\/\/i0.wp.com\/www.robertosedda.it\/wp-content\/uploads\/2022\/05\/Sen.jpg?fit=200%2C312\" data-orig-size=\"200,312\" data-comments-opened=\"1\" data-image-meta=\"{&quot;aperture&quot;:&quot;0&quot;,&quot;credit&quot;:&quot;&quot;,&quot;camera&quot;:&quot;&quot;,&quot;caption&quot;:&quot;&quot;,&quot;created_timestamp&quot;:&quot;0&quot;,&quot;copyright&quot;:&quot;&quot;,&quot;focal_length&quot;:&quot;0&quot;,&quot;iso&quot;:&quot;0&quot;,&quot;shutter_speed&quot;:&quot;0&quot;,&quot;title&quot;:&quot;&quot;,&quot;orientation&quot;:&quot;0&quot;}\" data-image-title=\"Sen\" data-image-description=\"\" data-image-caption=\"\" data-medium-file=\"https:\/\/i0.wp.com\/www.robertosedda.it\/wp-content\/uploads\/2022\/05\/Sen.jpg?fit=192%2C300\" data-large-file=\"https:\/\/i0.wp.com\/www.robertosedda.it\/wp-content\/uploads\/2022\/05\/Sen.jpg?fit=200%2C312\" decoding=\"async\" loading=\"lazy\" width=\"200\" height=\"312\" src=\"https:\/\/i0.wp.com\/www.robertosedda.it\/wp-content\/uploads\/2022\/05\/Sen.jpg?resize=200%2C312\" alt=\"\" class=\"wp-image-19640\" srcset=\"https:\/\/i0.wp.com\/www.robertosedda.it\/wp-content\/uploads\/2022\/05\/Sen.jpg?w=200 200w, https:\/\/i0.wp.com\/www.robertosedda.it\/wp-content\/uploads\/2022\/05\/Sen.jpg?resize=192%2C300 192w, https:\/\/i0.wp.com\/www.robertosedda.it\/wp-content\/uploads\/2022\/05\/Sen.jpg?resize=96%2C150 96w\" sizes=\"(max-width: 200px) 100vw, 200px\" data-recalc-dims=\"1\" \/><\/figure>\n\n\n\n<p>L&#8217;altro testo corrispondente \u00e8 Amartya Sen, <strong><em>Identit\u00e0 e violenza<\/em><\/strong>, Laterza, un altro testo esaurito nella mia edizione ma riproposto in un&#8217;altra collana, e anche un altro testo che ragiona su tematiche molto <em>occidentali<\/em> a partire da un punto di vista, anche rispetto alle cose che si vede che l&#8217;autore ha davanti agli occhi mentre scrive, che occidentali non sono per niente (o, perlomeno, non del tutto). Sia il testo di Arendt che di Sen mi hanno aiutato svolgendo quel famoso ruolo dei classici gi\u00e0 citato pi\u00f9 volte: peccato che nella preparazione finale li abbia molto trascurati a favore di altre letture, maledetta sindrome dell&#8217;impostore.<\/p>\n\n\n\n<p>L&#8217;ultimo testo del quale mi sembra utile riferire \u00e8 Pat Patfoort, <em><strong>Difendersi senza aggredire. La potenza della nonviolenza<\/strong><\/em>, ai miei tempie dito dalle Edizioni Gruppo Abele e oggi dalla<em> <\/em>Pisa University Press (in realt\u00e0 ho utilizzato anche un pi\u00f9 breve pdf estratto da <em>Pedagogia oggi <\/em>trovato in rete &#8211; purtroppo in inglese &#8211; e intitolato <em><strong><a href=\"https:\/\/www.siped.it\/wp-content\/uploads\/2013\/12\/Pagine-da-pedagogia_oggi_2-2013-26092013-6.pdf\">Nonviolent education<\/a><\/strong><\/em>). <\/p>\n\n\n\n<figure class=\"wp-block-image alignright size-medium\"><img data-attachment-id=\"19646\" data-permalink=\"http:\/\/www.robertosedda.it\/?attachment_id=19646\" data-orig-file=\"https:\/\/i0.wp.com\/www.robertosedda.it\/wp-content\/uploads\/2022\/05\/Patfoort.jpg?fit=334%2C499\" data-orig-size=\"334,499\" data-comments-opened=\"1\" data-image-meta=\"{&quot;aperture&quot;:&quot;0&quot;,&quot;credit&quot;:&quot;&quot;,&quot;camera&quot;:&quot;&quot;,&quot;caption&quot;:&quot;&quot;,&quot;created_timestamp&quot;:&quot;0&quot;,&quot;copyright&quot;:&quot;&quot;,&quot;focal_length&quot;:&quot;0&quot;,&quot;iso&quot;:&quot;0&quot;,&quot;shutter_speed&quot;:&quot;0&quot;,&quot;title&quot;:&quot;&quot;,&quot;orientation&quot;:&quot;0&quot;}\" data-image-title=\"Patfoort\" data-image-description=\"\" data-image-caption=\"\" data-medium-file=\"https:\/\/i0.wp.com\/www.robertosedda.it\/wp-content\/uploads\/2022\/05\/Patfoort.jpg?fit=201%2C300\" data-large-file=\"https:\/\/i0.wp.com\/www.robertosedda.it\/wp-content\/uploads\/2022\/05\/Patfoort.jpg?fit=334%2C499\" decoding=\"async\" loading=\"lazy\" width=\"201\" height=\"300\" src=\"https:\/\/i0.wp.com\/www.robertosedda.it\/wp-content\/uploads\/2022\/05\/Patfoort.jpg?resize=201%2C300\" alt=\"\" class=\"wp-image-19646\" srcset=\"https:\/\/i0.wp.com\/www.robertosedda.it\/wp-content\/uploads\/2022\/05\/Patfoort.jpg?resize=201%2C300 201w, https:\/\/i0.wp.com\/www.robertosedda.it\/wp-content\/uploads\/2022\/05\/Patfoort.jpg?resize=100%2C150 100w, https:\/\/i0.wp.com\/www.robertosedda.it\/wp-content\/uploads\/2022\/05\/Patfoort.jpg?w=334 334w\" sizes=\"(max-width: 201px) 100vw, 201px\" data-recalc-dims=\"1\" \/><\/figure>\n\n\n\n<p>A me Patfoort piace molto, ha il merito di presentare un modello di analisi dei conflitti e delle loro cause originale e coerente, il cosiddetto <em>modello Maggiore\/minore<\/em> o, pi\u00f9 propriamente, <em>Maggiore\/minore\/Equivalenza<\/em>, e mi sembra un punto di riferimento migliore su temi come l&#8217;<em>escalation<\/em> dei conflitti e le strategie per una comunicazione nonviolenta o, come direbbe Pino De Sario, una <em>comunicazione ecologica<\/em>. Ha un po&#8217; il difetto, come peraltro Novara, di partire da un&#8217;ottica di pedagogista e quindi di voler <em>risolvere<\/em> i conflitti preventivamente, per\u00f2 insomma, a fronte dei danni di milioni di altri pedagogisti sono peccati lievi e il suo modello, al contrario di quello di Novara, incorpora coerentemente il tema della violenza &#8211; anche aiutando a distinguerne tipi diversi e cause diverse che la originano &#8211; e non lo risolve semplicemente spostandolo da qualche altra parte, e questo \u00e8 un gran punto di vantaggio. <\/p>\n\n\n\n<p>A questo punto siamo arrivati alla fine: buone letture!<\/p>\n","protected":false},"excerpt":{"rendered":"<p>Il 30 aprile i soci di Banca Etica hanno fatto una giornata di formazione, nella sempre accogliente Domu de sa<\/p>\n","protected":false},"author":1,"featured_media":19610,"comment_status":"open","ping_status":"open","sticky":false,"template":"","format":"standard","meta":{"_mi_skip_tracking":false,"_monsterinsights_sitenote_active":false,"_monsterinsights_sitenote_note":"","_monsterinsights_sitenote_category":0,"jetpack_post_was_ever_published":false,"_jetpack_newsletter_access":"","jetpack_publicize_message":"Una bibliografia ragionata (e piuttosto anticonvenzionale) sui temi del #conflitto e, indirettamente, della #nonviolenza.","jetpack_is_tweetstorm":false,"jetpack_publicize_feature_enabled":true,"jetpack_social_post_already_shared":true,"jetpack_social_options":{"image_generator_settings":{"template":"highway","enabled":false}}},"categories":[52,60,57,13,12],"tags":[],"jetpack_publicize_connections":[],"jetpack_featured_media_url":"https:\/\/i0.wp.com\/www.robertosedda.it\/wp-content\/uploads\/2022\/05\/Training-2.jpg?fit=400%2C552","jetpack_sharing_enabled":true,"jetpack_shortlink":"https:\/\/wp.me\/p4jV2T-56e","jetpack_likes_enabled":true,"jetpack-related-posts":[{"id":19463,"url":"http:\/\/www.robertosedda.it\/?p=19463","url_meta":{"origin":19606,"position":0},"title":"Diari di progettazione: parlare di conflitto","author":"Rufus","date":"07\/04\/2022","format":false,"excerpt":"Il 30 aprile, a Selegas, i soci di Banca Etica organizzano un seminario sul tema del conflitto, che fa seguito a una attivit\u00e0 precedente sulla gestione delle reti di lavoro. Il seminario lo conduco io, e sono molto in tensione. Intanto perch\u00e9, evidentemente, parlare di conflitto in questo periodo non\u2026","rel":"","context":"In &quot;Coordinate&quot;","block_context":{"text":"Coordinate","link":"http:\/\/www.robertosedda.it\/?cat=52"},"img":{"alt_text":"","src":"https:\/\/i0.wp.com\/www.robertosedda.it\/wp-content\/uploads\/2022\/04\/Galtung.jpg?fit=856%2C1200&resize=350%2C200","width":350,"height":200,"srcset":"https:\/\/i0.wp.com\/www.robertosedda.it\/wp-content\/uploads\/2022\/04\/Galtung.jpg?fit=856%2C1200&resize=350%2C200 1x, https:\/\/i0.wp.com\/www.robertosedda.it\/wp-content\/uploads\/2022\/04\/Galtung.jpg?fit=856%2C1200&resize=700%2C400 2x"},"classes":[]},{"id":5836,"url":"http:\/\/www.robertosedda.it\/?p=5836","url_meta":{"origin":19606,"position":1},"title":"I corsi di formazione di Poliste per il 2014","author":"Rufus","date":"12\/01\/2014","format":false,"excerpt":"La mia amica e vicina di casa Rossana Moro mi ha mandato per mail la segnalazione dei corsi di formazione di\u00a0Poliste\u00a0 per il 2014 chiedendomi di passare parola, cosa che faccio volentieri qui sul blog. A parte Rossana fra i docenti e i soci di Poliste c'\u00e8 Serenella Paci, dalla\u2026","rel":"","context":"In &quot;Coordinate&quot;","block_context":{"text":"Coordinate","link":"http:\/\/www.robertosedda.it\/?cat=52"},"img":{"alt_text":"","src":"https:\/\/i0.wp.com\/www.robertosedda.it\/wp-content\/uploads\/2014\/01\/poliste-conflitto.jpg?resize=350%2C200","width":350,"height":200},"classes":[]},{"id":8746,"url":"http:\/\/www.robertosedda.it\/?p=8746","url_meta":{"origin":19606,"position":2},"title":"Romeo e Giulietta, i conflitti e gli adolescenti inconsapevoli","author":"Rufus","date":"23\/10\/2014","format":"video","excerpt":"Quel che in trasmissione c'era Sono abbastanza soddisfatto della puntata su\u00a0Romeo e Giulietta di\u00a0Oggi parliamo di libri, soprattutto perch\u00e9 sono convinto che la chiave di lettura proposta, nel mio piccolo di critico dilettante, \u00e8 corretta o perlomeno interessante: l'idea di leggere il dramma come se fosse una\u00a0storia che parla dei\u2026","rel":"","context":"In &quot;Coordinate&quot;","block_context":{"text":"Coordinate","link":"http:\/\/www.robertosedda.it\/?cat=52"},"img":{"alt_text":"","src":"https:\/\/i0.wp.com\/img.youtube.com\/vi\/mMipcfjp6AY\/0.jpg?resize=350%2C200","width":350,"height":200},"classes":[]},{"id":20439,"url":"http:\/\/www.robertosedda.it\/?p=20439","url_meta":{"origin":19606,"position":3},"title":"Intorno al politicamente corretto","author":"Rufus","date":"13\/12\/2023","format":false,"excerpt":"Ho visto l'altro giorno su Twitter - e questo dimostra che Twitter serve ancora a qualcosa - la segnalazione di una bella intervista di Alessandro Lolli a Raffaele Alberto Ventura, formalmente sul politicamente corretto ma in realt\u00e0, direi, sui limiti della libert\u00e0 di espressione in tempi di guerra civile permanente\u2026","rel":"","context":"In &quot;Coordinate&quot;","block_context":{"text":"Coordinate","link":"http:\/\/www.robertosedda.it\/?cat=52"},"img":{"alt_text":"","src":"https:\/\/i0.wp.com\/www.robertosedda.it\/wp-content\/uploads\/2023\/12\/Raffaele-Alberto-Ventura-1.jpg?fit=933%2C468&resize=350%2C200","width":350,"height":200,"srcset":"https:\/\/i0.wp.com\/www.robertosedda.it\/wp-content\/uploads\/2023\/12\/Raffaele-Alberto-Ventura-1.jpg?fit=933%2C468&resize=350%2C200 1x, https:\/\/i0.wp.com\/www.robertosedda.it\/wp-content\/uploads\/2023\/12\/Raffaele-Alberto-Ventura-1.jpg?fit=933%2C468&resize=700%2C400 2x"},"classes":[]},{"id":11638,"url":"http:\/\/www.robertosedda.it\/?p=11638","url_meta":{"origin":19606,"position":4},"title":"Tutte le battaglie della storia","author":"Rufus","date":"08\/03\/2016","format":false,"excerpt":"Sapete che mi piacciono le infografiche e le mappe: seguendo questa passione ho trovato sul sito della BBC\u00a0la\u00a0notizia del progetto di una societ\u00e0 olandese che prova a\u00a0geolocalizzare tutte le battaglie delle quali riesce a trovare documentazione e a riportarle su un'unica mappa. Il progetto \u00e8 interessante (la mappa \u00e8 passata\u2026","rel":"","context":"In &quot;Coordinate&quot;","block_context":{"text":"Coordinate","link":"http:\/\/www.robertosedda.it\/?cat=52"},"img":{"alt_text":"","src":"https:\/\/i0.wp.com\/www.robertosedda.it\/wp-content\/uploads\/2016\/03\/Tutte-le-battaglie-del-mondo.jpg?fit=1200%2C644&resize=350%2C200","width":350,"height":200,"srcset":"https:\/\/i0.wp.com\/www.robertosedda.it\/wp-content\/uploads\/2016\/03\/Tutte-le-battaglie-del-mondo.jpg?fit=1200%2C644&resize=350%2C200 1x, https:\/\/i0.wp.com\/www.robertosedda.it\/wp-content\/uploads\/2016\/03\/Tutte-le-battaglie-del-mondo.jpg?fit=1200%2C644&resize=700%2C400 2x, https:\/\/i0.wp.com\/www.robertosedda.it\/wp-content\/uploads\/2016\/03\/Tutte-le-battaglie-del-mondo.jpg?fit=1200%2C644&resize=1050%2C600 3x"},"classes":[]},{"id":6715,"url":"http:\/\/www.robertosedda.it\/?p=6715","url_meta":{"origin":19606,"position":5},"title":"Cosa c&#8217;entra la noviolenza col Museo Nivola di Orani?","author":"Rufus","date":"17\/03\/2014","format":false,"excerpt":"Un'ascendenza fortemente sentita Non so se ho mai raccontato qui sul blog di essere mezzo oranese - Delitala da parte di madre, e fierissimo di questa ascendenza - e quindi dotato di solidissime radici barbaricine. Se Cagliari \u00e8 la mia citt\u00e0 del cuore, senza merito perch\u00e9 vi sono nato e\u2026","rel":"","context":"In &quot;Coordinate&quot;","block_context":{"text":"Coordinate","link":"http:\/\/www.robertosedda.it\/?cat=52"},"img":{"alt_text":"","src":"https:\/\/i0.wp.com\/www.robertosedda.it\/wp-content\/uploads\/2014\/03\/Davanti-Sa-Itria-a-Orani.jpg?fit=960%2C720&resize=350%2C200","width":350,"height":200,"srcset":"https:\/\/i0.wp.com\/www.robertosedda.it\/wp-content\/uploads\/2014\/03\/Davanti-Sa-Itria-a-Orani.jpg?fit=960%2C720&resize=350%2C200 1x, https:\/\/i0.wp.com\/www.robertosedda.it\/wp-content\/uploads\/2014\/03\/Davanti-Sa-Itria-a-Orani.jpg?fit=960%2C720&resize=700%2C400 2x"},"classes":[]}],"_links":{"self":[{"href":"http:\/\/www.robertosedda.it\/index.php?rest_route=\/wp\/v2\/posts\/19606"}],"collection":[{"href":"http:\/\/www.robertosedda.it\/index.php?rest_route=\/wp\/v2\/posts"}],"about":[{"href":"http:\/\/www.robertosedda.it\/index.php?rest_route=\/wp\/v2\/types\/post"}],"author":[{"embeddable":true,"href":"http:\/\/www.robertosedda.it\/index.php?rest_route=\/wp\/v2\/users\/1"}],"replies":[{"embeddable":true,"href":"http:\/\/www.robertosedda.it\/index.php?rest_route=%2Fwp%2Fv2%2Fcomments&post=19606"}],"version-history":[{"count":30,"href":"http:\/\/www.robertosedda.it\/index.php?rest_route=\/wp\/v2\/posts\/19606\/revisions"}],"predecessor-version":[{"id":19942,"href":"http:\/\/www.robertosedda.it\/index.php?rest_route=\/wp\/v2\/posts\/19606\/revisions\/19942"}],"wp:featuredmedia":[{"embeddable":true,"href":"http:\/\/www.robertosedda.it\/index.php?rest_route=\/wp\/v2\/media\/19610"}],"wp:attachment":[{"href":"http:\/\/www.robertosedda.it\/index.php?rest_route=%2Fwp%2Fv2%2Fmedia&parent=19606"}],"wp:term":[{"taxonomy":"category","embeddable":true,"href":"http:\/\/www.robertosedda.it\/index.php?rest_route=%2Fwp%2Fv2%2Fcategories&post=19606"},{"taxonomy":"post_tag","embeddable":true,"href":"http:\/\/www.robertosedda.it\/index.php?rest_route=%2Fwp%2Fv2%2Ftags&post=19606"}],"curies":[{"name":"wp","href":"https:\/\/api.w.org\/{rel}","templated":true}]}}